{"id":20,"date":"2015-02-25T12:32:10","date_gmt":"2015-02-25T11:32:10","guid":{"rendered":"http:\/\/blogg.svenskakyrkan.se\/fastebloggen\/?p=20"},"modified":"2015-02-25T12:32:10","modified_gmt":"2015-02-25T11:32:10","slug":"tisdag-242","status":"publish","type":"post","link":"https:\/\/blogg.svenskakyrkan.se\/fastebloggen\/2015\/02\/25\/tisdag-242\/","title":{"rendered":"Tisdag 24\/2"},"content":{"rendered":"<p><strong>1 Mos 16\u00a0<\/strong><\/p>\n<p><em>Abrams hustru Saraj hade inte f\u00f6tt honom n\u00e5gra barn. Hon hade en egyptisk slavflicka som hette Hagar, och en dag sade Saraj till Abram: \u201dHerren har gjort mig ofruktsam. G\u00e5 till min slavflicka, kanske kan jag f\u00e5 barn genom henne.\u201d Abram samtyckte, och s\u00e5 tog Saraj, Abrams hustru, sin egyptiska slavflicka Hagar och gav henne \u00e5t sin man. Abram hade d\u00e5 bott tio \u00e5r i Kanaan. Abram l\u00e5g med Hagar, och hon blev havande. Men n\u00e4r hon m\u00e4rkte att hon v\u00e4ntade barn b\u00f6rjade hon se ner p\u00e5 sin matmor. D\u00e5 sade Saraj till Abram: \u201dDenna skymf \u00e4r ditt fel! Jag lade sj\u00e4lv min slavflicka i din famn, men n\u00e4r hon m\u00e4rkte att hon v\u00e4ntade barn b\u00f6rjade hon se ner p\u00e5 mig. Herren m\u00e5 d\u00f6ma mellan mig och dig!\u201d Abram svarade Saraj: \u201dDu best\u00e4mmer sj\u00e4lv \u00f6ver din slavflicka \u2013 g\u00f6r vad du vill med henne!\u201d Saraj bestraffade henne, men d\u00e5 rymde hon. Herrens \u00e4ngel fann henne vid en k\u00e4lla i \u00f6knen, k\u00e4llan p\u00e5 v\u00e4gen till Shur. &#8221;Hagar\u201d, sade han, \u201dSarajs slavflicka, varifr\u00e5n kommer du och vart \u00e4r du p\u00e5 v\u00e4g?\u201d Hon svarade: \u201dJag har rymt fr\u00e5n min matmor Saraj.\u201d D\u00e5 sade han till henne: \u201dV\u00e4nd tillbaka till din matmor och underkasta dig henne.\u201d Och Herrens \u00e4ngel sade: \u201dJag skall g\u00f6ra dina \u00e4ttlingar mycket talrika, s\u00e5 talrika att ingen kan r\u00e4kna dem.\u201d Herrens \u00e4ngel sade till henne: \u201dDu \u00e4r havande och skall f\u00f6da en son, och du skall ge honom namnet Ismael, ty Herren har h\u00f6rt din klagan. Mer vild\u00e5sna \u00e4n m\u00e4nniska skall han vara, han skall sl\u00e5ss mot alla och alla mot honom. \u00d6ster om alla sina br\u00f6der skall han bo.\u201d Hagar gav Herren, som hade talat till henne, ett namn: \u201dDu \u00e4r Seendets Gud.\u201d Ty hon t\u00e4nkte: \u201dHar jag verkligen sett Gud och f\u00f6rblivit vid liv?\u201d <\/em><\/p>\n<p><strong>\u00a0Jenny skriver:<\/strong><\/p>\n<p>Det \u00e4r en mycket inneh\u00e5llsfylld text vi l\u00e4ser ur Gamla testamentet s\u00e5 h\u00e4r efter den f\u00f6rsta s\u00f6ndagen i fastan. Saraj, som senare f\u00e5r namnet som hon \u00e4r mer k\u00e4nd under, Sara, s\u00e4ger \u00e5t sin man Abram, som senare blir Abraham, att han ska g\u00e5 och g\u00f6ra hennes slavkvinna Hagar med barn. Barnet blir Abrahams f\u00f6rstf\u00f6dde son Ismael, som i tystnad f\u00f6rsvinner ut ur historien n\u00e4r Abraham f\u00e5r ett \u201driktigt\u201d barn med Sara, Isak, alla judars ursprung.<\/p>\n<p>F\u00f6r ett modernt \u00f6ra finns s\u00e5 m\u00e5nga fel i den h\u00e4r texten att det skulle kr\u00e4vas en bok f\u00f6r att reda ut det. Vad \u00e4r det f\u00f6r m\u00e4nniskosyn som visar sig h\u00e4r? Bara existensen av en slavkvinna f\u00e5r det att sl\u00e5 knutar i min mage. Och Saraj, hon \u201dger bort\u201d sin slavkvinna till sin make och s\u00e4ger att han ska skaffa barn med henne. \u00c4r det ens troligt eller har denna del av GT:s f\u00f6rfattare h\u00e4r gjort som s\u00e5 m\u00e5nga andra och lagt ett ansvar p\u00e5 kvinnan som hon inte bett om? Fr\u00e5gorna f\u00e5r f\u00f6r tillf\u00e4llet vila till f\u00f6rm\u00e5n till en kort kommentar om unge Ismael. Vad h\u00e4nder egentligen med honom, n\u00e4r pappa Abraham f\u00e5r sin Isak och gl\u00f6mmer att han redan har en son?<\/p>\n<p>I 1 Mos. 21:8-21 blir Ismael f\u00f6rdriven tillsammans med sin mor d\u00e4rf\u00f6r att \u00a0Sara inte vill att Ismael ska \u00e4rva tillsammans med Isak. Ismael f\u00f6rsvinner d\u00e4r ut ur Gamla testamentet, men dyker upp tolv g\u00e5nger i Koranen ist\u00e4llet. Han \u00e4r enligt den muslimska traditionen f\u00f6rfader till profeten Muhammed. Kanske vill den h\u00e4r texten p\u00e5minna oss, s\u00e5 h\u00e4r i fastans tid, om hur brott beg\u00e5tts i alla sl\u00e4kten och att m\u00e4nniskor f\u00e5tt betydelse p\u00e5 olika s\u00e4tt i olika traditioner, men att vi alla h\u00f6r ihop. I v\u00e5r tid kan vi beh\u00f6va p\u00e5minnelsen om att judar, kristna och muslimer inte fr\u00e4mst \u00e4r olika, vad \u00e4n mediev\u00e4rldens dramaturgi l\u00e4r ut.<\/p>\n","protected":false},"excerpt":{"rendered":"<p>1 Mos 16\u00a0 Abrams hustru Saraj hade inte f\u00f6tt honom n\u00e5gra barn. Hon hade en egyptisk slavflicka som hette Hagar, och en dag sade Saraj till Abram: \u201dHerren har gjort mig ofruktsam. G\u00e5 till min slavflicka, kanske kan jag f\u00e5 barn genom henne.\u201d Abram samtyckte, och s\u00e5 tog Saraj, Abrams hustru, sin egyptiska slavflicka Hagar [&hellip;]<\/p>\n","protected":false},"author":480,"featured_media":0,"comment_status":"open","ping_status":"open","sticky":false,"template":"","format":"standard","meta":{"_acf_changed":false,"footnotes":""},"categories":[99406],"tags":[],"class_list":["post-20","post","type-post","status-publish","format-standard","hentry","category-forsta-sondagen-i-fastan"],"acf":[],"yoast_head":"<!-- This site is optimized with the Yoast SEO plugin v27.1.1 - https:\/\/yoast.com\/product\/yoast-seo-wordpress\/ -->\n<title>Tisdag 24\/2 - Johans och Jennys fasteblogg<\/title>\n<meta name=\"robots\" content=\"index, follow, max-snippet:-1, max-image-preview:large, max-video-preview:-1\" \/>\n<link rel=\"canonical\" href=\"https:\/\/blogg.svenskakyrkan.se\/fastebloggen\/2015\/02\/25\/tisdag-242\/\" \/>\n<meta property=\"og:locale\" content=\"sv_SE\" \/>\n<meta property=\"og:type\" content=\"article\" \/>\n<meta property=\"og:title\" content=\"Tisdag 24\/2 - Johans och Jennys fasteblogg\" \/>\n<meta property=\"og:description\" content=\"1 Mos 16\u00a0 Abrams hustru Saraj hade inte f\u00f6tt honom n\u00e5gra barn. Hon hade en egyptisk slavflicka som hette Hagar, och en dag sade Saraj till Abram: \u201dHerren har gjort mig ofruktsam. G\u00e5 till min slavflicka, kanske kan jag f\u00e5 barn genom henne.\u201d Abram samtyckte, och s\u00e5 tog Saraj, Abrams hustru, sin egyptiska slavflicka Hagar [&hellip;]\" \/>\n<meta property=\"og:url\" content=\"https:\/\/blogg.svenskakyrkan.se\/fastebloggen\/2015\/02\/25\/tisdag-242\/\" \/>\n<meta property=\"og:site_name\" content=\"Johans och Jennys fasteblogg\" \/>\n<meta property=\"article:published_time\" content=\"2015-02-25T11:32:10+00:00\" \/>\n<meta name=\"author\" content=\"fastebloggen\" \/>\n<meta name=\"twitter:card\" content=\"summary_large_image\" \/>\n<meta name=\"twitter:label1\" content=\"Skriven av\" \/>\n\t<meta name=\"twitter:data1\" content=\"fastebloggen\" \/>\n\t<meta name=\"twitter:label2\" content=\"Ber\u00e4knad l\u00e4stid\" \/>\n\t<meta name=\"twitter:data2\" content=\"3 minuter\" \/>\n<script type=\"application\/ld+json\" class=\"yoast-schema-graph\">{\"@context\":\"https:\/\/schema.org\",\"@graph\":[{\"@type\":\"Article\",\"@id\":\"https:\/\/blogg.svenskakyrkan.se\/fastebloggen\/2015\/02\/25\/tisdag-242\/#article\",\"isPartOf\":{\"@id\":\"https:\/\/blogg.svenskakyrkan.se\/fastebloggen\/2015\/02\/25\/tisdag-242\/\"},\"author\":{\"name\":\"fastebloggen\",\"@id\":\"https:\/\/blogg.svenskakyrkan.se\/fastebloggen\/#\/schema\/person\/f3d5fb80dd4d71eac466dcbaf59128ee\"},\"headline\":\"Tisdag 24\/2\",\"datePublished\":\"2015-02-25T11:32:10+00:00\",\"mainEntityOfPage\":{\"@id\":\"https:\/\/blogg.svenskakyrkan.se\/fastebloggen\/2015\/02\/25\/tisdag-242\/\"},\"wordCount\":700,\"commentCount\":1,\"articleSection\":[\"F\u00f6rsta s\u00f6ndagen i fastan\"],\"inLanguage\":\"sv-SE\",\"potentialAction\":[{\"@type\":\"CommentAction\",\"name\":\"Comment\",\"target\":[\"https:\/\/blogg.svenskakyrkan.se\/fastebloggen\/2015\/02\/25\/tisdag-242\/#respond\"]}]},{\"@type\":\"WebPage\",\"@id\":\"https:\/\/blogg.svenskakyrkan.se\/fastebloggen\/2015\/02\/25\/tisdag-242\/\",\"url\":\"https:\/\/blogg.svenskakyrkan.se\/fastebloggen\/2015\/02\/25\/tisdag-242\/\",\"name\":\"Tisdag 24\/2 - Johans och Jennys fasteblogg\",\"isPartOf\":{\"@id\":\"https:\/\/blogg.svenskakyrkan.se\/fastebloggen\/#website\"},\"datePublished\":\"2015-02-25T11:32:10+00:00\",\"author\":{\"@id\":\"https:\/\/blogg.svenskakyrkan.se\/fastebloggen\/#\/schema\/person\/f3d5fb80dd4d71eac466dcbaf59128ee\"},\"breadcrumb\":{\"@id\":\"https:\/\/blogg.svenskakyrkan.se\/fastebloggen\/2015\/02\/25\/tisdag-242\/#breadcrumb\"},\"inLanguage\":\"sv-SE\",\"potentialAction\":[{\"@type\":\"ReadAction\",\"target\":[\"https:\/\/blogg.svenskakyrkan.se\/fastebloggen\/2015\/02\/25\/tisdag-242\/\"]}]},{\"@type\":\"BreadcrumbList\",\"@id\":\"https:\/\/blogg.svenskakyrkan.se\/fastebloggen\/2015\/02\/25\/tisdag-242\/#breadcrumb\",\"itemListElement\":[{\"@type\":\"ListItem\",\"position\":1,\"name\":\"Hem\",\"item\":\"https:\/\/blogg.svenskakyrkan.se\/fastebloggen\/\"},{\"@type\":\"ListItem\",\"position\":2,\"name\":\"Tisdag 24\/2\"}]},{\"@type\":\"WebSite\",\"@id\":\"https:\/\/blogg.svenskakyrkan.se\/fastebloggen\/#website\",\"url\":\"https:\/\/blogg.svenskakyrkan.se\/fastebloggen\/\",\"name\":\"Johans och Jennys fasteblogg\",\"description\":\"Johan och Jenny brevv\u00e4xlar om livet och f\u00f6rs\u00f6ker f\u00f6rst\u00e5 fastan 2021\",\"potentialAction\":[{\"@type\":\"SearchAction\",\"target\":{\"@type\":\"EntryPoint\",\"urlTemplate\":\"https:\/\/blogg.svenskakyrkan.se\/fastebloggen\/?s={search_term_string}\"},\"query-input\":{\"@type\":\"PropertyValueSpecification\",\"valueRequired\":true,\"valueName\":\"search_term_string\"}}],\"inLanguage\":\"sv-SE\"},{\"@type\":\"Person\",\"@id\":\"https:\/\/blogg.svenskakyrkan.se\/fastebloggen\/#\/schema\/person\/f3d5fb80dd4d71eac466dcbaf59128ee\",\"name\":\"fastebloggen\",\"image\":{\"@type\":\"ImageObject\",\"inLanguage\":\"sv-SE\",\"@id\":\"https:\/\/blogg.svenskakyrkan.se\/fastebloggen\/#\/schema\/person\/image\/\",\"url\":\"https:\/\/secure.gravatar.com\/avatar\/32fa98ef687580ad8b70ab86cd15809f008499d4d0e3d1a4142048c4ef0e1667?s=96&d=mm&r=g\",\"contentUrl\":\"https:\/\/secure.gravatar.com\/avatar\/32fa98ef687580ad8b70ab86cd15809f008499d4d0e3d1a4142048c4ef0e1667?s=96&d=mm&r=g\",\"caption\":\"fastebloggen\"},\"url\":\"https:\/\/blogg.svenskakyrkan.se\/fastebloggen\/author\/fastebloggen\/\"}]}<\/script>\n<!-- \/ Yoast SEO plugin. -->","yoast_head_json":{"title":"Tisdag 24\/2 - Johans och Jennys fasteblogg","robots":{"index":"index","follow":"follow","max-snippet":"max-snippet:-1","max-image-preview":"max-image-preview:large","max-video-preview":"max-video-preview:-1"},"canonical":"https:\/\/blogg.svenskakyrkan.se\/fastebloggen\/2015\/02\/25\/tisdag-242\/","og_locale":"sv_SE","og_type":"article","og_title":"Tisdag 24\/2 - Johans och Jennys fasteblogg","og_description":"1 Mos 16\u00a0 Abrams hustru Saraj hade inte f\u00f6tt honom n\u00e5gra barn. Hon hade en egyptisk slavflicka som hette Hagar, och en dag sade Saraj till Abram: \u201dHerren har gjort mig ofruktsam. G\u00e5 till min slavflicka, kanske kan jag f\u00e5 barn genom henne.\u201d Abram samtyckte, och s\u00e5 tog Saraj, Abrams hustru, sin egyptiska slavflicka Hagar [&hellip;]","og_url":"https:\/\/blogg.svenskakyrkan.se\/fastebloggen\/2015\/02\/25\/tisdag-242\/","og_site_name":"Johans och Jennys fasteblogg","article_published_time":"2015-02-25T11:32:10+00:00","author":"fastebloggen","twitter_card":"summary_large_image","twitter_misc":{"Skriven av":"fastebloggen","Ber\u00e4knad l\u00e4stid":"3 minuter"},"schema":{"@context":"https:\/\/schema.org","@graph":[{"@type":"Article","@id":"https:\/\/blogg.svenskakyrkan.se\/fastebloggen\/2015\/02\/25\/tisdag-242\/#article","isPartOf":{"@id":"https:\/\/blogg.svenskakyrkan.se\/fastebloggen\/2015\/02\/25\/tisdag-242\/"},"author":{"name":"fastebloggen","@id":"https:\/\/blogg.svenskakyrkan.se\/fastebloggen\/#\/schema\/person\/f3d5fb80dd4d71eac466dcbaf59128ee"},"headline":"Tisdag 24\/2","datePublished":"2015-02-25T11:32:10+00:00","mainEntityOfPage":{"@id":"https:\/\/blogg.svenskakyrkan.se\/fastebloggen\/2015\/02\/25\/tisdag-242\/"},"wordCount":700,"commentCount":1,"articleSection":["F\u00f6rsta s\u00f6ndagen i fastan"],"inLanguage":"sv-SE","potentialAction":[{"@type":"CommentAction","name":"Comment","target":["https:\/\/blogg.svenskakyrkan.se\/fastebloggen\/2015\/02\/25\/tisdag-242\/#respond"]}]},{"@type":"WebPage","@id":"https:\/\/blogg.svenskakyrkan.se\/fastebloggen\/2015\/02\/25\/tisdag-242\/","url":"https:\/\/blogg.svenskakyrkan.se\/fastebloggen\/2015\/02\/25\/tisdag-242\/","name":"Tisdag 24\/2 - Johans och Jennys fasteblogg","isPartOf":{"@id":"https:\/\/blogg.svenskakyrkan.se\/fastebloggen\/#website"},"datePublished":"2015-02-25T11:32:10+00:00","author":{"@id":"https:\/\/blogg.svenskakyrkan.se\/fastebloggen\/#\/schema\/person\/f3d5fb80dd4d71eac466dcbaf59128ee"},"breadcrumb":{"@id":"https:\/\/blogg.svenskakyrkan.se\/fastebloggen\/2015\/02\/25\/tisdag-242\/#breadcrumb"},"inLanguage":"sv-SE","potentialAction":[{"@type":"ReadAction","target":["https:\/\/blogg.svenskakyrkan.se\/fastebloggen\/2015\/02\/25\/tisdag-242\/"]}]},{"@type":"BreadcrumbList","@id":"https:\/\/blogg.svenskakyrkan.se\/fastebloggen\/2015\/02\/25\/tisdag-242\/#breadcrumb","itemListElement":[{"@type":"ListItem","position":1,"name":"Hem","item":"https:\/\/blogg.svenskakyrkan.se\/fastebloggen\/"},{"@type":"ListItem","position":2,"name":"Tisdag 24\/2"}]},{"@type":"WebSite","@id":"https:\/\/blogg.svenskakyrkan.se\/fastebloggen\/#website","url":"https:\/\/blogg.svenskakyrkan.se\/fastebloggen\/","name":"Johans och Jennys fasteblogg","description":"Johan och Jenny brevv\u00e4xlar om livet och f\u00f6rs\u00f6ker f\u00f6rst\u00e5 fastan 2021","potentialAction":[{"@type":"SearchAction","target":{"@type":"EntryPoint","urlTemplate":"https:\/\/blogg.svenskakyrkan.se\/fastebloggen\/?s={search_term_string}"},"query-input":{"@type":"PropertyValueSpecification","valueRequired":true,"valueName":"search_term_string"}}],"inLanguage":"sv-SE"},{"@type":"Person","@id":"https:\/\/blogg.svenskakyrkan.se\/fastebloggen\/#\/schema\/person\/f3d5fb80dd4d71eac466dcbaf59128ee","name":"fastebloggen","image":{"@type":"ImageObject","inLanguage":"sv-SE","@id":"https:\/\/blogg.svenskakyrkan.se\/fastebloggen\/#\/schema\/person\/image\/","url":"https:\/\/secure.gravatar.com\/avatar\/32fa98ef687580ad8b70ab86cd15809f008499d4d0e3d1a4142048c4ef0e1667?s=96&d=mm&r=g","contentUrl":"https:\/\/secure.gravatar.com\/avatar\/32fa98ef687580ad8b70ab86cd15809f008499d4d0e3d1a4142048c4ef0e1667?s=96&d=mm&r=g","caption":"fastebloggen"},"url":"https:\/\/blogg.svenskakyrkan.se\/fastebloggen\/author\/fastebloggen\/"}]}},"author_meta":{"ID":"480","user_nicename":"fastebloggen","user_registered":"2015-02-25 10:06:38","display_name":"fastebloggen","avatar":"https:\/\/secure.gravatar.com\/avatar\/32fa98ef687580ad8b70ab86cd15809f008499d4d0e3d1a4142048c4ef0e1667?s=96&d=mm&r=g"},"featured_image":false,"bloginfo":{"name":"Johans och Jennys fasteblogg","url":"https:\/\/blogg.svenskakyrkan.se\/fastebloggen"},"_links":{"self":[{"href":"https:\/\/blogg.svenskakyrkan.se\/fastebloggen\/wp-json\/wp\/v2\/posts\/20","targetHints":{"allow":["GET"]}}],"collection":[{"href":"https:\/\/blogg.svenskakyrkan.se\/fastebloggen\/wp-json\/wp\/v2\/posts"}],"about":[{"href":"https:\/\/blogg.svenskakyrkan.se\/fastebloggen\/wp-json\/wp\/v2\/types\/post"}],"author":[{"embeddable":true,"href":"https:\/\/blogg.svenskakyrkan.se\/fastebloggen\/wp-json\/wp\/v2\/users\/480"}],"replies":[{"embeddable":true,"href":"https:\/\/blogg.svenskakyrkan.se\/fastebloggen\/wp-json\/wp\/v2\/comments?post=20"}],"version-history":[{"count":1,"href":"https:\/\/blogg.svenskakyrkan.se\/fastebloggen\/wp-json\/wp\/v2\/posts\/20\/revisions"}],"predecessor-version":[{"id":21,"href":"https:\/\/blogg.svenskakyrkan.se\/fastebloggen\/wp-json\/wp\/v2\/posts\/20\/revisions\/21"}],"wp:attachment":[{"href":"https:\/\/blogg.svenskakyrkan.se\/fastebloggen\/wp-json\/wp\/v2\/media?parent=20"}],"wp:term":[{"taxonomy":"category","embeddable":true,"href":"https:\/\/blogg.svenskakyrkan.se\/fastebloggen\/wp-json\/wp\/v2\/categories?post=20"},{"taxonomy":"post_tag","embeddable":true,"href":"https:\/\/blogg.svenskakyrkan.se\/fastebloggen\/wp-json\/wp\/v2\/tags?post=20"}],"curies":[{"name":"wp","href":"https:\/\/api.w.org\/{rel}","templated":true}]}}