{"id":212,"date":"2021-03-22T08:00:24","date_gmt":"2021-03-22T07:00:24","guid":{"rendered":"http:\/\/blogg.svenskakyrkan.se\/fastebloggen\/?p=212"},"modified":"2021-03-21T14:58:28","modified_gmt":"2021-03-21T13:58:28","slug":"gud-med-oss","status":"publish","type":"post","link":"https:\/\/blogg.svenskakyrkan.se\/fastebloggen\/2021\/03\/22\/gud-med-oss\/","title":{"rendered":"Gud med oss"},"content":{"rendered":"\n\n\n<p>K\u00e4ra Jenny!<\/p>\n\n\n\n<p>Ja det \u00e4r inte l\u00e4tt att hitta den verkliga Maria, Jesus mamma, under alla lagar av glasyr som historien lagt p\u00e5 henne. Hon har f\u00e5tt fylla s\u00e5 m\u00e5nga roller, inte minst s\u00e5dan som m\u00e4n som jag lagt p\u00e5 henne.<\/p>\n\n\n\n<p>Det fantastiska med kyrko\u00e5ret \u00e4r att allt n\u00e4stan p\u00e5g\u00e5r samtidigt. I slutet av fastan p\u00e5minns vi pl\u00f6tsligt om julen, ja hela tiden kommer vi tillbaka till Jesus b\u00f6rjan och hans slut. Fast med trons \u00f6gon s\u00e5 \u00e4r ju slutet bara en ny b\u00f6rjan.<\/p>\n\n\n\n<p>Som en kuriositet s\u00e5 \u00e4r det ovanligt m\u00e5nga som f\u00f6ds i dag runt beb\u00e5delsedagen, eller r\u00e4ttare sagt s\u00e5 toppen idag den 22 mars. Det r\u00e5kar ju vara 9 m\u00e5nader efter midsommar s\u00e5 kanske finns det fortfarande n\u00e5got magiskt med den helgen.<\/p>\n\n\n\n<p>F\u00f6r mig k\u00e4nns det nu s\u00e5 l\u00e4nge sedan vi var i v\u00e4ntans tider f\u00f6r ett nytt barn men jag minns starkt de blandade k\u00e4nslorna. B\u00e5de oro och f\u00f6rv\u00e4ntan fanns d\u00e4r. Men \u00e5ren har g\u00e5tt fort och nu v\u00e4xer nog mer l\u00e4ngtan att efter n\u00e5gon g\u00e5ng kanske bli morfar eller farfar (fast det l\u00e5ter ruggigt gammalt).<\/p>\n\n\n\n<p>Idag har jag annars lite ont b\u00e5de h\u00e4r och var efter att ha g\u00e5tt \u00f6ver en mil i sv\u00e5r terr\u00e4ng i Fasaskogen (det heter s\u00e5 naturomr\u00e5det n\u00e4ra Degerfors). Men det \u00e4r n\u00e5got alldeles speciellt med att bli helt slut fysiskt av en skogsvandring. Att inte k\u00e4nna hj\u00e4rnans tr\u00f6tthet utan f\u00f6tternas och benmusklernas.<\/p>\n\n\n\n<p>Dagens bibeltext fr\u00e5n Jesaja talar ocks\u00e5 om Maria, i alla fall har kyrkan alltid l\u00e4st texten som att det \u00e4r vad Jesaja talar om. \u201d<em>D\u00e5 skall Herren sj\u00e4lv ge ett tecken: Den unga kvinnan \u00e4r havande och skall f\u00f6da en son, och hon skall ge honom namnet Immanu El, \u2019Gud med oss\u2019<\/em>.\u201d<\/p>\n\n\n\n<p>D\u00e4r n\u00e5gonstans blir inkarnationen viktig f\u00f6r mig, fast vi vet s\u00e5 lite om Maria egentligen. F\u00f6r barnet som hon f\u00f6der till v\u00e4rlden \u00e4r <em>Gud med oss. <\/em>Inte som de antika gudarnas barn som fr\u00e4mst framstod som superhj\u00e4ltar, utan detta att Gud \u00e4r med oss, en av oss. En Gud som ocks\u00e5 hade tr\u00f6tta f\u00f6tter efter l\u00e5nga vandringar f\u00f6r han \u00e4r en av oss.<\/p>\n\n\n\n<p>Varma h\u00e4lsningar fr\u00e5n en lite tr\u00f6tt vandrare p\u00e5 skogens stig!<\/p>\n\n\n\n<p>Johan<\/p>\n\n\n\n<p>Jesaja kapitel 7, vers 10-14<\/p>\n\n\n\n<p>Vidare sade Herren till Achas:<br>\u201dBeg\u00e4r ett tecken av Herren, din Gud, nerifr\u00e5n d\u00f6dsriket eller uppifr\u00e5n h\u00f6jden.\u201d<br>Men Achas svarade: \u201dNej. Jag vill inte s\u00e4tta Herren p\u00e5 prov.\u201d<br>D\u00e5 sade Jesaja: \u201dLyssna nu, Davids \u00e4tt! \u00c4r det inte nog att ni misstror m\u00e4nniskors f\u00f6rm\u00e5ga, skall ni ocks\u00e5 misstro min Guds f\u00f6rm\u00e5ga?<br>D\u00e5 skall Herren sj\u00e4lv ge er ett tecken: Den unga kvinnan \u00e4r havande och skall f\u00f6da en son, och hon skall ge honom namnet Immanu El, \u2019Gud med oss\u2019.<\/p>\n","protected":false},"excerpt":{"rendered":"<p>K\u00e4ra Jenny! Ja det \u00e4r inte l\u00e4tt att hitta den verkliga Maria, Jesus mamma, under alla lagar av glasyr som historien lagt p\u00e5 henne. Hon har f\u00e5tt fylla s\u00e5 m\u00e5nga roller, inte minst s\u00e5dan som m\u00e4n som jag lagt p\u00e5 henne. Det fantastiska med kyrko\u00e5ret \u00e4r att allt n\u00e4stan p\u00e5g\u00e5r samtidigt. I slutet av fastan [&hellip;]<\/p>\n","protected":false},"author":480,"featured_media":0,"comment_status":"open","ping_status":"open","sticky":false,"template":"","format":"standard","meta":{"_acf_changed":false,"footnotes":""},"categories":[9],"tags":[],"class_list":["post-212","post","type-post","status-publish","format-standard","hentry","category-okategoriserade"],"acf":[],"yoast_head":"<!-- This site is optimized with the Yoast SEO plugin v27.1.1 - https:\/\/yoast.com\/product\/yoast-seo-wordpress\/ -->\n<title>Gud med oss - Johans och Jennys fasteblogg<\/title>\n<meta name=\"robots\" content=\"index, follow, max-snippet:-1, max-image-preview:large, max-video-preview:-1\" \/>\n<link rel=\"canonical\" href=\"https:\/\/blogg.svenskakyrkan.se\/fastebloggen\/2021\/03\/22\/gud-med-oss\/\" \/>\n<meta property=\"og:locale\" content=\"sv_SE\" \/>\n<meta property=\"og:type\" content=\"article\" \/>\n<meta property=\"og:title\" content=\"Gud med oss - Johans och Jennys fasteblogg\" \/>\n<meta property=\"og:description\" content=\"K\u00e4ra Jenny! Ja det \u00e4r inte l\u00e4tt att hitta den verkliga Maria, Jesus mamma, under alla lagar av glasyr som historien lagt p\u00e5 henne. Hon har f\u00e5tt fylla s\u00e5 m\u00e5nga roller, inte minst s\u00e5dan som m\u00e4n som jag lagt p\u00e5 henne. Det fantastiska med kyrko\u00e5ret \u00e4r att allt n\u00e4stan p\u00e5g\u00e5r samtidigt. I slutet av fastan [&hellip;]\" \/>\n<meta property=\"og:url\" content=\"https:\/\/blogg.svenskakyrkan.se\/fastebloggen\/2021\/03\/22\/gud-med-oss\/\" \/>\n<meta property=\"og:site_name\" content=\"Johans och Jennys fasteblogg\" \/>\n<meta property=\"article:published_time\" content=\"2021-03-22T07:00:24+00:00\" \/>\n<meta name=\"author\" content=\"fastebloggen\" \/>\n<meta name=\"twitter:card\" content=\"summary_large_image\" \/>\n<meta name=\"twitter:label1\" content=\"Skriven av\" \/>\n\t<meta name=\"twitter:data1\" content=\"fastebloggen\" \/>\n\t<meta name=\"twitter:label2\" content=\"Ber\u00e4knad l\u00e4stid\" \/>\n\t<meta name=\"twitter:data2\" content=\"3 minuter\" \/>\n<script type=\"application\/ld+json\" class=\"yoast-schema-graph\">{\"@context\":\"https:\/\/schema.org\",\"@graph\":[{\"@type\":\"Article\",\"@id\":\"https:\/\/blogg.svenskakyrkan.se\/fastebloggen\/2021\/03\/22\/gud-med-oss\/#article\",\"isPartOf\":{\"@id\":\"https:\/\/blogg.svenskakyrkan.se\/fastebloggen\/2021\/03\/22\/gud-med-oss\/\"},\"author\":{\"name\":\"fastebloggen\",\"@id\":\"https:\/\/blogg.svenskakyrkan.se\/fastebloggen\/#\/schema\/person\/f3d5fb80dd4d71eac466dcbaf59128ee\"},\"headline\":\"Gud med oss\",\"datePublished\":\"2021-03-22T07:00:24+00:00\",\"mainEntityOfPage\":{\"@id\":\"https:\/\/blogg.svenskakyrkan.se\/fastebloggen\/2021\/03\/22\/gud-med-oss\/\"},\"wordCount\":524,\"commentCount\":0,\"inLanguage\":\"sv-SE\",\"potentialAction\":[{\"@type\":\"CommentAction\",\"name\":\"Comment\",\"target\":[\"https:\/\/blogg.svenskakyrkan.se\/fastebloggen\/2021\/03\/22\/gud-med-oss\/#respond\"]}]},{\"@type\":\"WebPage\",\"@id\":\"https:\/\/blogg.svenskakyrkan.se\/fastebloggen\/2021\/03\/22\/gud-med-oss\/\",\"url\":\"https:\/\/blogg.svenskakyrkan.se\/fastebloggen\/2021\/03\/22\/gud-med-oss\/\",\"name\":\"Gud med oss - Johans och Jennys fasteblogg\",\"isPartOf\":{\"@id\":\"https:\/\/blogg.svenskakyrkan.se\/fastebloggen\/#website\"},\"datePublished\":\"2021-03-22T07:00:24+00:00\",\"author\":{\"@id\":\"https:\/\/blogg.svenskakyrkan.se\/fastebloggen\/#\/schema\/person\/f3d5fb80dd4d71eac466dcbaf59128ee\"},\"breadcrumb\":{\"@id\":\"https:\/\/blogg.svenskakyrkan.se\/fastebloggen\/2021\/03\/22\/gud-med-oss\/#breadcrumb\"},\"inLanguage\":\"sv-SE\",\"potentialAction\":[{\"@type\":\"ReadAction\",\"target\":[\"https:\/\/blogg.svenskakyrkan.se\/fastebloggen\/2021\/03\/22\/gud-med-oss\/\"]}]},{\"@type\":\"BreadcrumbList\",\"@id\":\"https:\/\/blogg.svenskakyrkan.se\/fastebloggen\/2021\/03\/22\/gud-med-oss\/#breadcrumb\",\"itemListElement\":[{\"@type\":\"ListItem\",\"position\":1,\"name\":\"Hem\",\"item\":\"https:\/\/blogg.svenskakyrkan.se\/fastebloggen\/\"},{\"@type\":\"ListItem\",\"position\":2,\"name\":\"Gud med oss\"}]},{\"@type\":\"WebSite\",\"@id\":\"https:\/\/blogg.svenskakyrkan.se\/fastebloggen\/#website\",\"url\":\"https:\/\/blogg.svenskakyrkan.se\/fastebloggen\/\",\"name\":\"Johans och Jennys fasteblogg\",\"description\":\"Johan och Jenny brevv\u00e4xlar om livet och f\u00f6rs\u00f6ker f\u00f6rst\u00e5 fastan 2021\",\"potentialAction\":[{\"@type\":\"SearchAction\",\"target\":{\"@type\":\"EntryPoint\",\"urlTemplate\":\"https:\/\/blogg.svenskakyrkan.se\/fastebloggen\/?s={search_term_string}\"},\"query-input\":{\"@type\":\"PropertyValueSpecification\",\"valueRequired\":true,\"valueName\":\"search_term_string\"}}],\"inLanguage\":\"sv-SE\"},{\"@type\":\"Person\",\"@id\":\"https:\/\/blogg.svenskakyrkan.se\/fastebloggen\/#\/schema\/person\/f3d5fb80dd4d71eac466dcbaf59128ee\",\"name\":\"fastebloggen\",\"image\":{\"@type\":\"ImageObject\",\"inLanguage\":\"sv-SE\",\"@id\":\"https:\/\/blogg.svenskakyrkan.se\/fastebloggen\/#\/schema\/person\/image\/\",\"url\":\"https:\/\/secure.gravatar.com\/avatar\/32fa98ef687580ad8b70ab86cd15809f008499d4d0e3d1a4142048c4ef0e1667?s=96&d=mm&r=g\",\"contentUrl\":\"https:\/\/secure.gravatar.com\/avatar\/32fa98ef687580ad8b70ab86cd15809f008499d4d0e3d1a4142048c4ef0e1667?s=96&d=mm&r=g\",\"caption\":\"fastebloggen\"},\"url\":\"https:\/\/blogg.svenskakyrkan.se\/fastebloggen\/author\/fastebloggen\/\"}]}<\/script>\n<!-- \/ Yoast SEO plugin. -->","yoast_head_json":{"title":"Gud med oss - Johans och Jennys fasteblogg","robots":{"index":"index","follow":"follow","max-snippet":"max-snippet:-1","max-image-preview":"max-image-preview:large","max-video-preview":"max-video-preview:-1"},"canonical":"https:\/\/blogg.svenskakyrkan.se\/fastebloggen\/2021\/03\/22\/gud-med-oss\/","og_locale":"sv_SE","og_type":"article","og_title":"Gud med oss - Johans och Jennys fasteblogg","og_description":"K\u00e4ra Jenny! Ja det \u00e4r inte l\u00e4tt att hitta den verkliga Maria, Jesus mamma, under alla lagar av glasyr som historien lagt p\u00e5 henne. Hon har f\u00e5tt fylla s\u00e5 m\u00e5nga roller, inte minst s\u00e5dan som m\u00e4n som jag lagt p\u00e5 henne. Det fantastiska med kyrko\u00e5ret \u00e4r att allt n\u00e4stan p\u00e5g\u00e5r samtidigt. I slutet av fastan [&hellip;]","og_url":"https:\/\/blogg.svenskakyrkan.se\/fastebloggen\/2021\/03\/22\/gud-med-oss\/","og_site_name":"Johans och Jennys fasteblogg","article_published_time":"2021-03-22T07:00:24+00:00","author":"fastebloggen","twitter_card":"summary_large_image","twitter_misc":{"Skriven av":"fastebloggen","Ber\u00e4knad l\u00e4stid":"3 minuter"},"schema":{"@context":"https:\/\/schema.org","@graph":[{"@type":"Article","@id":"https:\/\/blogg.svenskakyrkan.se\/fastebloggen\/2021\/03\/22\/gud-med-oss\/#article","isPartOf":{"@id":"https:\/\/blogg.svenskakyrkan.se\/fastebloggen\/2021\/03\/22\/gud-med-oss\/"},"author":{"name":"fastebloggen","@id":"https:\/\/blogg.svenskakyrkan.se\/fastebloggen\/#\/schema\/person\/f3d5fb80dd4d71eac466dcbaf59128ee"},"headline":"Gud med oss","datePublished":"2021-03-22T07:00:24+00:00","mainEntityOfPage":{"@id":"https:\/\/blogg.svenskakyrkan.se\/fastebloggen\/2021\/03\/22\/gud-med-oss\/"},"wordCount":524,"commentCount":0,"inLanguage":"sv-SE","potentialAction":[{"@type":"CommentAction","name":"Comment","target":["https:\/\/blogg.svenskakyrkan.se\/fastebloggen\/2021\/03\/22\/gud-med-oss\/#respond"]}]},{"@type":"WebPage","@id":"https:\/\/blogg.svenskakyrkan.se\/fastebloggen\/2021\/03\/22\/gud-med-oss\/","url":"https:\/\/blogg.svenskakyrkan.se\/fastebloggen\/2021\/03\/22\/gud-med-oss\/","name":"Gud med oss - Johans och Jennys fasteblogg","isPartOf":{"@id":"https:\/\/blogg.svenskakyrkan.se\/fastebloggen\/#website"},"datePublished":"2021-03-22T07:00:24+00:00","author":{"@id":"https:\/\/blogg.svenskakyrkan.se\/fastebloggen\/#\/schema\/person\/f3d5fb80dd4d71eac466dcbaf59128ee"},"breadcrumb":{"@id":"https:\/\/blogg.svenskakyrkan.se\/fastebloggen\/2021\/03\/22\/gud-med-oss\/#breadcrumb"},"inLanguage":"sv-SE","potentialAction":[{"@type":"ReadAction","target":["https:\/\/blogg.svenskakyrkan.se\/fastebloggen\/2021\/03\/22\/gud-med-oss\/"]}]},{"@type":"BreadcrumbList","@id":"https:\/\/blogg.svenskakyrkan.se\/fastebloggen\/2021\/03\/22\/gud-med-oss\/#breadcrumb","itemListElement":[{"@type":"ListItem","position":1,"name":"Hem","item":"https:\/\/blogg.svenskakyrkan.se\/fastebloggen\/"},{"@type":"ListItem","position":2,"name":"Gud med oss"}]},{"@type":"WebSite","@id":"https:\/\/blogg.svenskakyrkan.se\/fastebloggen\/#website","url":"https:\/\/blogg.svenskakyrkan.se\/fastebloggen\/","name":"Johans och Jennys fasteblogg","description":"Johan och Jenny brevv\u00e4xlar om livet och f\u00f6rs\u00f6ker f\u00f6rst\u00e5 fastan 2021","potentialAction":[{"@type":"SearchAction","target":{"@type":"EntryPoint","urlTemplate":"https:\/\/blogg.svenskakyrkan.se\/fastebloggen\/?s={search_term_string}"},"query-input":{"@type":"PropertyValueSpecification","valueRequired":true,"valueName":"search_term_string"}}],"inLanguage":"sv-SE"},{"@type":"Person","@id":"https:\/\/blogg.svenskakyrkan.se\/fastebloggen\/#\/schema\/person\/f3d5fb80dd4d71eac466dcbaf59128ee","name":"fastebloggen","image":{"@type":"ImageObject","inLanguage":"sv-SE","@id":"https:\/\/blogg.svenskakyrkan.se\/fastebloggen\/#\/schema\/person\/image\/","url":"https:\/\/secure.gravatar.com\/avatar\/32fa98ef687580ad8b70ab86cd15809f008499d4d0e3d1a4142048c4ef0e1667?s=96&d=mm&r=g","contentUrl":"https:\/\/secure.gravatar.com\/avatar\/32fa98ef687580ad8b70ab86cd15809f008499d4d0e3d1a4142048c4ef0e1667?s=96&d=mm&r=g","caption":"fastebloggen"},"url":"https:\/\/blogg.svenskakyrkan.se\/fastebloggen\/author\/fastebloggen\/"}]}},"author_meta":{"ID":"480","user_nicename":"fastebloggen","user_registered":"2015-02-25 10:06:38","display_name":"fastebloggen","avatar":"https:\/\/secure.gravatar.com\/avatar\/32fa98ef687580ad8b70ab86cd15809f008499d4d0e3d1a4142048c4ef0e1667?s=96&d=mm&r=g"},"featured_image":false,"bloginfo":{"name":"Johans och Jennys fasteblogg","url":"https:\/\/blogg.svenskakyrkan.se\/fastebloggen"},"_links":{"self":[{"href":"https:\/\/blogg.svenskakyrkan.se\/fastebloggen\/wp-json\/wp\/v2\/posts\/212","targetHints":{"allow":["GET"]}}],"collection":[{"href":"https:\/\/blogg.svenskakyrkan.se\/fastebloggen\/wp-json\/wp\/v2\/posts"}],"about":[{"href":"https:\/\/blogg.svenskakyrkan.se\/fastebloggen\/wp-json\/wp\/v2\/types\/post"}],"author":[{"embeddable":true,"href":"https:\/\/blogg.svenskakyrkan.se\/fastebloggen\/wp-json\/wp\/v2\/users\/480"}],"replies":[{"embeddable":true,"href":"https:\/\/blogg.svenskakyrkan.se\/fastebloggen\/wp-json\/wp\/v2\/comments?post=212"}],"version-history":[{"count":1,"href":"https:\/\/blogg.svenskakyrkan.se\/fastebloggen\/wp-json\/wp\/v2\/posts\/212\/revisions"}],"predecessor-version":[{"id":213,"href":"https:\/\/blogg.svenskakyrkan.se\/fastebloggen\/wp-json\/wp\/v2\/posts\/212\/revisions\/213"}],"wp:attachment":[{"href":"https:\/\/blogg.svenskakyrkan.se\/fastebloggen\/wp-json\/wp\/v2\/media?parent=212"}],"wp:term":[{"taxonomy":"category","embeddable":true,"href":"https:\/\/blogg.svenskakyrkan.se\/fastebloggen\/wp-json\/wp\/v2\/categories?post=212"},{"taxonomy":"post_tag","embeddable":true,"href":"https:\/\/blogg.svenskakyrkan.se\/fastebloggen\/wp-json\/wp\/v2\/tags?post=212"}],"curies":[{"name":"wp","href":"https:\/\/api.w.org\/{rel}","templated":true}]}}