{"id":214,"date":"2021-03-23T08:00:13","date_gmt":"2021-03-23T07:00:13","guid":{"rendered":"http:\/\/blogg.svenskakyrkan.se\/fastebloggen\/?p=214"},"modified":"2021-03-21T15:21:13","modified_gmt":"2021-03-21T14:21:13","slug":"ett-pling-for-samtal-med-gud","status":"publish","type":"post","link":"https:\/\/blogg.svenskakyrkan.se\/fastebloggen\/2021\/03\/23\/ett-pling-for-samtal-med-gud\/","title":{"rendered":"Ett pling f\u00f6r samtal med Gud"},"content":{"rendered":"\n\n\n<p>K\u00e4re Johan!<br><br><\/p>\n\n\n\n<p>Ack, att f\u00e5 vandra! Och att sedan f\u00e5 vila, med vandrarens tr\u00f6tta f\u00f6tter och det p\u00e5 n\u00e5got s\u00e4tt renade, upplyfta inombords. Jag saknar mina vandringar och mina promenader. De kommer tillbaka, n\u00e4r foglossningen har sl\u00e4ppt sitt grepp om kroppen, men det \u00e4r sv\u00e5rt att hitta andra pauser i tillvaron som ger samma vila f\u00f6r tankarna och r\u00f6relsegl\u00e4dje, tycker jag. Det \u00e4r inte konstigt att meditativa vandringar, andaktsvandringar och korta och l\u00e4ngre pilgrimsvandringar \u00e4r s\u00e5 popul\u00e4ra och har varit det i alla tider. I naturen och i kroppens r\u00f6relse finns gudsn\u00e4rvaron n\u00e4ra och p\u00e5taglig. Och i skoskaven det djupt m\u00e4nskliga.<\/p>\n\n\n\n<p>Idag funderar jag kring forts\u00e4ttningen p\u00e5 bibelordet d\u00e4r Maria f\u00e5r veta att hon v\u00e4ntar Jesus. \u00c4ngeln ber\u00e4ttar ocks\u00e5 f\u00f6r henne att hennes sl\u00e4kting Elisabet ska f\u00e5 ett barn, fast allt ju pekat p\u00e5 att det \u00e4r om\u00f6jligt f\u00f6r henne, efter alla \u00e5r av f\u00f6rs\u00f6k och efter att nu ha passerat barnaf\u00f6dandets \u00e5lder. Men f\u00f6r Gud \u00e4r ingenting om\u00f6jligt.<\/p>\n\n\n\n<p>Jag tycker att det \u00e4r det mest lugnande \u00e4ngeln f\u00e5r s\u00e4ga till Maria. \u201dVar inte r\u00e4dd\u201d \u00e4r ju m\u00f6jligen en bra uppmaning, men jag har s\u00e5 oerh\u00f6rt sv\u00e5rt att se en ung flicka i den situationen kunna ta till sig den: \u201dJaha, jag ska inte vara r\u00e4dd, nej men d\u00e5 s\u00e5\u201d.<\/p>\n\n\n\n<p>Men att hennes sl\u00e4kting ocks\u00e5 har blivit vidr\u00f6rd av ett under m\u00e5ste vara lugnande f\u00f6r Maria. Att inte vara den enda utvalda. Att ha n\u00e5gon som man kanske kan prata med och dela oro med. Elisabets son, Johannes d\u00f6paren, g\u00e5r ju inte heller n\u00e5got l\u00e4tt liv till m\u00f6tes, i det kan de tv\u00e5 sl\u00e4ktingarna s\u00e4kert finna varandra och kanske lite tr\u00f6st, oavsett \u00e5ldersskillnader.<\/p>\n\n\n\n<p>Det har blivit gr\u00e5tt ute igen, v\u00e4dret skiftar hastigt och v\u00e5ren tvekar, all v\u00e5r heta l\u00e4ngtan ska \u00e5ter bindas i det frusna bitterbleka, som Karin Boye skrev. Varje \u00e5r, denna l\u00e4ngtan, dessa bakslag; tussilago i dikeskanterna, sm\u00e5 h\u00e5rda sn\u00f6korn i vindbyarna. Fastan har k\u00e4nts l\u00e5ng i \u00e5r. Jag tog i dess inledning fasta p\u00e5 Jesu ord om att vi inte ska st\u00e5 i gatuh\u00f6rnen och be f\u00f6r att m\u00e4nniskor ska se hur fromma vi \u00e4r, inte h\u00f6gljutt bevisa f\u00f6r alla vad vi lyckas avst\u00e5 under fastans tid. Fastan \u00e4r mellan mig och Gud, min chans till att umg\u00e5s p\u00e5 ett avskalat och n\u00e4ra s\u00e4tt som kanske bara erbjuds just under denna del av kyrko\u00e5ret. Det jag avst\u00e5r fr\u00e5n, inte mat eller dryck eftersom jag b\u00e4r ett liv till under mitt hj\u00e4rta, utan n\u00e5got annat som annars roar mig och upptar en del av min tid, k\u00e4nns avl\u00e4gset vid det h\u00e4r laget. Det \u00e4r l\u00e4tt att t\u00e4nka att jag nog aldrig kommer att plocka upp denna (o)vana, men jag vet ju hur det \u00e4r, n\u00e4r motivationen slirar och den uppm\u00e4tta tiden \u00e4r slut s\u00e5 \u00e4r det snart som f\u00f6rr igen. Men det jag lagt till under fastan, den extra b\u00f6nen, tiden f\u00f6r samtal med Gud som jag f\u00e5r en p\u00e5minnelse om genom ett pling i min telefon, den tror jag att jag kommer att beh\u00e5lla. Jag har s\u00e5 l\u00e5ngt till biskop Johans sj\u00e4lvdisciplin, att stiga upp extra tidigt p\u00e5 morgonen f\u00f6r att hinna med alla b\u00f6ner jag \u00f6nskar, till exempel, att mitt lilla extrapling nog \u00e4r v\u00e4rt att l\u00e5ta vara kvar. F\u00f6r samtal \u00e4r viktiga, samtal mellan m\u00e4nniskor, och samtal med Gud.<\/p>\n\n\n\n<p>Och brev, Johan, visst kan de vara viktiga ocks\u00e5? Uppr\u00e4tth\u00e5lla och till och med utveckla en hel relation i Coronavirustider, till exempel.<\/p>\n\n\n\n<p>Med \u00f6nskan om att dina f\u00f6tter l\u00e4ker,<\/p>\n\n\n\n<p>Jenny<\/p>\n\n\n\n<p>Luk 1:31<\/p>\n\n\n\n<p>Elisabet, din sl\u00e4kting, v\u00e4ntar ocks\u00e5 en son, nu p\u00e5 sin \u00e5lderdom. Hon som sades vara ofruktsam \u00e4r nu i sj\u00e4tte m\u00e5naden.<br>Ty ingenting \u00e4r om\u00f6jligt f\u00f6r Gud.\u201d<br>Maria sade: \u201dJag \u00e4r Herrens tj\u00e4narinna. M\u00e5 det ske med mig som du har sagt.\u201d Och \u00e4ngeln l\u00e4mnade henne.<\/p>\n","protected":false},"excerpt":{"rendered":"<p>K\u00e4re Johan! Ack, att f\u00e5 vandra! Och att sedan f\u00e5 vila, med vandrarens tr\u00f6tta f\u00f6tter och det p\u00e5 n\u00e5got s\u00e4tt renade, upplyfta inombords. Jag saknar mina vandringar och mina promenader. De kommer tillbaka, n\u00e4r foglossningen har sl\u00e4ppt sitt grepp om kroppen, men det \u00e4r sv\u00e5rt att hitta andra pauser i tillvaron som ger samma vila [&hellip;]<\/p>\n","protected":false},"author":480,"featured_media":0,"comment_status":"open","ping_status":"open","sticky":false,"template":"","format":"standard","meta":{"_acf_changed":false,"footnotes":""},"categories":[9],"tags":[],"class_list":["post-214","post","type-post","status-publish","format-standard","hentry","category-okategoriserade"],"acf":[],"yoast_head":"<!-- This site is optimized with the Yoast SEO plugin v27.1.1 - https:\/\/yoast.com\/product\/yoast-seo-wordpress\/ -->\n<title>Ett pling f\u00f6r samtal med Gud - Johans och Jennys fasteblogg<\/title>\n<meta name=\"robots\" content=\"index, follow, max-snippet:-1, max-image-preview:large, max-video-preview:-1\" \/>\n<link rel=\"canonical\" href=\"https:\/\/blogg.svenskakyrkan.se\/fastebloggen\/2021\/03\/23\/ett-pling-for-samtal-med-gud\/\" \/>\n<meta property=\"og:locale\" content=\"sv_SE\" \/>\n<meta property=\"og:type\" content=\"article\" \/>\n<meta property=\"og:title\" content=\"Ett pling f\u00f6r samtal med Gud - Johans och Jennys fasteblogg\" \/>\n<meta property=\"og:description\" content=\"K\u00e4re Johan! Ack, att f\u00e5 vandra! Och att sedan f\u00e5 vila, med vandrarens tr\u00f6tta f\u00f6tter och det p\u00e5 n\u00e5got s\u00e4tt renade, upplyfta inombords. Jag saknar mina vandringar och mina promenader. De kommer tillbaka, n\u00e4r foglossningen har sl\u00e4ppt sitt grepp om kroppen, men det \u00e4r sv\u00e5rt att hitta andra pauser i tillvaron som ger samma vila [&hellip;]\" \/>\n<meta property=\"og:url\" content=\"https:\/\/blogg.svenskakyrkan.se\/fastebloggen\/2021\/03\/23\/ett-pling-for-samtal-med-gud\/\" \/>\n<meta property=\"og:site_name\" content=\"Johans och Jennys fasteblogg\" \/>\n<meta property=\"article:published_time\" content=\"2021-03-23T07:00:13+00:00\" \/>\n<meta name=\"author\" content=\"fastebloggen\" \/>\n<meta name=\"twitter:card\" content=\"summary_large_image\" \/>\n<meta name=\"twitter:label1\" content=\"Skriven av\" \/>\n\t<meta name=\"twitter:data1\" content=\"fastebloggen\" \/>\n\t<meta name=\"twitter:label2\" content=\"Ber\u00e4knad l\u00e4stid\" \/>\n\t<meta name=\"twitter:data2\" content=\"4 minuter\" \/>\n<script type=\"application\/ld+json\" class=\"yoast-schema-graph\">{\"@context\":\"https:\/\/schema.org\",\"@graph\":[{\"@type\":\"Article\",\"@id\":\"https:\/\/blogg.svenskakyrkan.se\/fastebloggen\/2021\/03\/23\/ett-pling-for-samtal-med-gud\/#article\",\"isPartOf\":{\"@id\":\"https:\/\/blogg.svenskakyrkan.se\/fastebloggen\/2021\/03\/23\/ett-pling-for-samtal-med-gud\/\"},\"author\":{\"name\":\"fastebloggen\",\"@id\":\"https:\/\/blogg.svenskakyrkan.se\/fastebloggen\/#\/schema\/person\/f3d5fb80dd4d71eac466dcbaf59128ee\"},\"headline\":\"Ett pling f\u00f6r samtal med Gud\",\"datePublished\":\"2021-03-23T07:00:13+00:00\",\"mainEntityOfPage\":{\"@id\":\"https:\/\/blogg.svenskakyrkan.se\/fastebloggen\/2021\/03\/23\/ett-pling-for-samtal-med-gud\/\"},\"wordCount\":738,\"commentCount\":0,\"inLanguage\":\"sv-SE\",\"potentialAction\":[{\"@type\":\"CommentAction\",\"name\":\"Comment\",\"target\":[\"https:\/\/blogg.svenskakyrkan.se\/fastebloggen\/2021\/03\/23\/ett-pling-for-samtal-med-gud\/#respond\"]}]},{\"@type\":\"WebPage\",\"@id\":\"https:\/\/blogg.svenskakyrkan.se\/fastebloggen\/2021\/03\/23\/ett-pling-for-samtal-med-gud\/\",\"url\":\"https:\/\/blogg.svenskakyrkan.se\/fastebloggen\/2021\/03\/23\/ett-pling-for-samtal-med-gud\/\",\"name\":\"Ett pling f\u00f6r samtal med Gud - Johans och Jennys fasteblogg\",\"isPartOf\":{\"@id\":\"https:\/\/blogg.svenskakyrkan.se\/fastebloggen\/#website\"},\"datePublished\":\"2021-03-23T07:00:13+00:00\",\"author\":{\"@id\":\"https:\/\/blogg.svenskakyrkan.se\/fastebloggen\/#\/schema\/person\/f3d5fb80dd4d71eac466dcbaf59128ee\"},\"breadcrumb\":{\"@id\":\"https:\/\/blogg.svenskakyrkan.se\/fastebloggen\/2021\/03\/23\/ett-pling-for-samtal-med-gud\/#breadcrumb\"},\"inLanguage\":\"sv-SE\",\"potentialAction\":[{\"@type\":\"ReadAction\",\"target\":[\"https:\/\/blogg.svenskakyrkan.se\/fastebloggen\/2021\/03\/23\/ett-pling-for-samtal-med-gud\/\"]}]},{\"@type\":\"BreadcrumbList\",\"@id\":\"https:\/\/blogg.svenskakyrkan.se\/fastebloggen\/2021\/03\/23\/ett-pling-for-samtal-med-gud\/#breadcrumb\",\"itemListElement\":[{\"@type\":\"ListItem\",\"position\":1,\"name\":\"Hem\",\"item\":\"https:\/\/blogg.svenskakyrkan.se\/fastebloggen\/\"},{\"@type\":\"ListItem\",\"position\":2,\"name\":\"Ett pling f\u00f6r samtal med Gud\"}]},{\"@type\":\"WebSite\",\"@id\":\"https:\/\/blogg.svenskakyrkan.se\/fastebloggen\/#website\",\"url\":\"https:\/\/blogg.svenskakyrkan.se\/fastebloggen\/\",\"name\":\"Johans och Jennys fasteblogg\",\"description\":\"Johan och Jenny brevv\u00e4xlar om livet och f\u00f6rs\u00f6ker f\u00f6rst\u00e5 fastan 2021\",\"potentialAction\":[{\"@type\":\"SearchAction\",\"target\":{\"@type\":\"EntryPoint\",\"urlTemplate\":\"https:\/\/blogg.svenskakyrkan.se\/fastebloggen\/?s={search_term_string}\"},\"query-input\":{\"@type\":\"PropertyValueSpecification\",\"valueRequired\":true,\"valueName\":\"search_term_string\"}}],\"inLanguage\":\"sv-SE\"},{\"@type\":\"Person\",\"@id\":\"https:\/\/blogg.svenskakyrkan.se\/fastebloggen\/#\/schema\/person\/f3d5fb80dd4d71eac466dcbaf59128ee\",\"name\":\"fastebloggen\",\"image\":{\"@type\":\"ImageObject\",\"inLanguage\":\"sv-SE\",\"@id\":\"https:\/\/blogg.svenskakyrkan.se\/fastebloggen\/#\/schema\/person\/image\/\",\"url\":\"https:\/\/secure.gravatar.com\/avatar\/32fa98ef687580ad8b70ab86cd15809f008499d4d0e3d1a4142048c4ef0e1667?s=96&d=mm&r=g\",\"contentUrl\":\"https:\/\/secure.gravatar.com\/avatar\/32fa98ef687580ad8b70ab86cd15809f008499d4d0e3d1a4142048c4ef0e1667?s=96&d=mm&r=g\",\"caption\":\"fastebloggen\"},\"url\":\"https:\/\/blogg.svenskakyrkan.se\/fastebloggen\/author\/fastebloggen\/\"}]}<\/script>\n<!-- \/ Yoast SEO plugin. -->","yoast_head_json":{"title":"Ett pling f\u00f6r samtal med Gud - Johans och Jennys fasteblogg","robots":{"index":"index","follow":"follow","max-snippet":"max-snippet:-1","max-image-preview":"max-image-preview:large","max-video-preview":"max-video-preview:-1"},"canonical":"https:\/\/blogg.svenskakyrkan.se\/fastebloggen\/2021\/03\/23\/ett-pling-for-samtal-med-gud\/","og_locale":"sv_SE","og_type":"article","og_title":"Ett pling f\u00f6r samtal med Gud - Johans och Jennys fasteblogg","og_description":"K\u00e4re Johan! Ack, att f\u00e5 vandra! Och att sedan f\u00e5 vila, med vandrarens tr\u00f6tta f\u00f6tter och det p\u00e5 n\u00e5got s\u00e4tt renade, upplyfta inombords. Jag saknar mina vandringar och mina promenader. De kommer tillbaka, n\u00e4r foglossningen har sl\u00e4ppt sitt grepp om kroppen, men det \u00e4r sv\u00e5rt att hitta andra pauser i tillvaron som ger samma vila [&hellip;]","og_url":"https:\/\/blogg.svenskakyrkan.se\/fastebloggen\/2021\/03\/23\/ett-pling-for-samtal-med-gud\/","og_site_name":"Johans och Jennys fasteblogg","article_published_time":"2021-03-23T07:00:13+00:00","author":"fastebloggen","twitter_card":"summary_large_image","twitter_misc":{"Skriven av":"fastebloggen","Ber\u00e4knad l\u00e4stid":"4 minuter"},"schema":{"@context":"https:\/\/schema.org","@graph":[{"@type":"Article","@id":"https:\/\/blogg.svenskakyrkan.se\/fastebloggen\/2021\/03\/23\/ett-pling-for-samtal-med-gud\/#article","isPartOf":{"@id":"https:\/\/blogg.svenskakyrkan.se\/fastebloggen\/2021\/03\/23\/ett-pling-for-samtal-med-gud\/"},"author":{"name":"fastebloggen","@id":"https:\/\/blogg.svenskakyrkan.se\/fastebloggen\/#\/schema\/person\/f3d5fb80dd4d71eac466dcbaf59128ee"},"headline":"Ett pling f\u00f6r samtal med Gud","datePublished":"2021-03-23T07:00:13+00:00","mainEntityOfPage":{"@id":"https:\/\/blogg.svenskakyrkan.se\/fastebloggen\/2021\/03\/23\/ett-pling-for-samtal-med-gud\/"},"wordCount":738,"commentCount":0,"inLanguage":"sv-SE","potentialAction":[{"@type":"CommentAction","name":"Comment","target":["https:\/\/blogg.svenskakyrkan.se\/fastebloggen\/2021\/03\/23\/ett-pling-for-samtal-med-gud\/#respond"]}]},{"@type":"WebPage","@id":"https:\/\/blogg.svenskakyrkan.se\/fastebloggen\/2021\/03\/23\/ett-pling-for-samtal-med-gud\/","url":"https:\/\/blogg.svenskakyrkan.se\/fastebloggen\/2021\/03\/23\/ett-pling-for-samtal-med-gud\/","name":"Ett pling f\u00f6r samtal med Gud - Johans och Jennys fasteblogg","isPartOf":{"@id":"https:\/\/blogg.svenskakyrkan.se\/fastebloggen\/#website"},"datePublished":"2021-03-23T07:00:13+00:00","author":{"@id":"https:\/\/blogg.svenskakyrkan.se\/fastebloggen\/#\/schema\/person\/f3d5fb80dd4d71eac466dcbaf59128ee"},"breadcrumb":{"@id":"https:\/\/blogg.svenskakyrkan.se\/fastebloggen\/2021\/03\/23\/ett-pling-for-samtal-med-gud\/#breadcrumb"},"inLanguage":"sv-SE","potentialAction":[{"@type":"ReadAction","target":["https:\/\/blogg.svenskakyrkan.se\/fastebloggen\/2021\/03\/23\/ett-pling-for-samtal-med-gud\/"]}]},{"@type":"BreadcrumbList","@id":"https:\/\/blogg.svenskakyrkan.se\/fastebloggen\/2021\/03\/23\/ett-pling-for-samtal-med-gud\/#breadcrumb","itemListElement":[{"@type":"ListItem","position":1,"name":"Hem","item":"https:\/\/blogg.svenskakyrkan.se\/fastebloggen\/"},{"@type":"ListItem","position":2,"name":"Ett pling f\u00f6r samtal med Gud"}]},{"@type":"WebSite","@id":"https:\/\/blogg.svenskakyrkan.se\/fastebloggen\/#website","url":"https:\/\/blogg.svenskakyrkan.se\/fastebloggen\/","name":"Johans och Jennys fasteblogg","description":"Johan och Jenny brevv\u00e4xlar om livet och f\u00f6rs\u00f6ker f\u00f6rst\u00e5 fastan 2021","potentialAction":[{"@type":"SearchAction","target":{"@type":"EntryPoint","urlTemplate":"https:\/\/blogg.svenskakyrkan.se\/fastebloggen\/?s={search_term_string}"},"query-input":{"@type":"PropertyValueSpecification","valueRequired":true,"valueName":"search_term_string"}}],"inLanguage":"sv-SE"},{"@type":"Person","@id":"https:\/\/blogg.svenskakyrkan.se\/fastebloggen\/#\/schema\/person\/f3d5fb80dd4d71eac466dcbaf59128ee","name":"fastebloggen","image":{"@type":"ImageObject","inLanguage":"sv-SE","@id":"https:\/\/blogg.svenskakyrkan.se\/fastebloggen\/#\/schema\/person\/image\/","url":"https:\/\/secure.gravatar.com\/avatar\/32fa98ef687580ad8b70ab86cd15809f008499d4d0e3d1a4142048c4ef0e1667?s=96&d=mm&r=g","contentUrl":"https:\/\/secure.gravatar.com\/avatar\/32fa98ef687580ad8b70ab86cd15809f008499d4d0e3d1a4142048c4ef0e1667?s=96&d=mm&r=g","caption":"fastebloggen"},"url":"https:\/\/blogg.svenskakyrkan.se\/fastebloggen\/author\/fastebloggen\/"}]}},"author_meta":{"ID":"480","user_nicename":"fastebloggen","user_registered":"2015-02-25 10:06:38","display_name":"fastebloggen","avatar":"https:\/\/secure.gravatar.com\/avatar\/32fa98ef687580ad8b70ab86cd15809f008499d4d0e3d1a4142048c4ef0e1667?s=96&d=mm&r=g"},"featured_image":false,"bloginfo":{"name":"Johans och Jennys fasteblogg","url":"https:\/\/blogg.svenskakyrkan.se\/fastebloggen"},"_links":{"self":[{"href":"https:\/\/blogg.svenskakyrkan.se\/fastebloggen\/wp-json\/wp\/v2\/posts\/214","targetHints":{"allow":["GET"]}}],"collection":[{"href":"https:\/\/blogg.svenskakyrkan.se\/fastebloggen\/wp-json\/wp\/v2\/posts"}],"about":[{"href":"https:\/\/blogg.svenskakyrkan.se\/fastebloggen\/wp-json\/wp\/v2\/types\/post"}],"author":[{"embeddable":true,"href":"https:\/\/blogg.svenskakyrkan.se\/fastebloggen\/wp-json\/wp\/v2\/users\/480"}],"replies":[{"embeddable":true,"href":"https:\/\/blogg.svenskakyrkan.se\/fastebloggen\/wp-json\/wp\/v2\/comments?post=214"}],"version-history":[{"count":1,"href":"https:\/\/blogg.svenskakyrkan.se\/fastebloggen\/wp-json\/wp\/v2\/posts\/214\/revisions"}],"predecessor-version":[{"id":215,"href":"https:\/\/blogg.svenskakyrkan.se\/fastebloggen\/wp-json\/wp\/v2\/posts\/214\/revisions\/215"}],"wp:attachment":[{"href":"https:\/\/blogg.svenskakyrkan.se\/fastebloggen\/wp-json\/wp\/v2\/media?parent=214"}],"wp:term":[{"taxonomy":"category","embeddable":true,"href":"https:\/\/blogg.svenskakyrkan.se\/fastebloggen\/wp-json\/wp\/v2\/categories?post=214"},{"taxonomy":"post_tag","embeddable":true,"href":"https:\/\/blogg.svenskakyrkan.se\/fastebloggen\/wp-json\/wp\/v2\/tags?post=214"}],"curies":[{"name":"wp","href":"https:\/\/api.w.org\/{rel}","templated":true}]}}