{"id":216,"date":"2021-03-24T08:00:00","date_gmt":"2021-03-24T07:00:00","guid":{"rendered":"http:\/\/blogg.svenskakyrkan.se\/fastebloggen\/?p=216"},"modified":"2021-03-23T20:08:53","modified_gmt":"2021-03-23T19:08:53","slug":"tiden-ar-ingenting","status":"publish","type":"post","link":"https:\/\/blogg.svenskakyrkan.se\/fastebloggen\/2021\/03\/24\/tiden-ar-ingenting\/","title":{"rendered":"Tiden \u00e4r ingenting"},"content":{"rendered":"\n\n\n<p>K\u00e4ra Jenny!<\/p>\n\n\n\n<p>Det d\u00e4r med pling i telefonen lever ibland sitt eget liv. Min hustru har liksom jag appen kyrko\u00e5ret i sin telefon, men f\u00f6r henne s\u00e5 startar alltid en helgsm\u00e5lsringning av sig sj\u00e4lv p\u00e5 l\u00f6rdagar kl. 18. Det blir som stereo f\u00f6r samtidigt s\u00e4tter kyrkklockorna ig\u00e5ng uppe i kyrkan. Det \u00e4r en del av f\u00f6rm\u00e5nen med att bo alldeles intill en kyrka, att klockorna till och med g\u00e5r igenom ett p\u00e5slagen radio eller TV.<\/p>\n\n\n\n<p>Det d\u00e4r med fasta tider f\u00f6r b\u00f6n ska jag erk\u00e4nna inte \u00e4r min starkaste sida \u00e4ven om jag i olika tider har f\u00f6rs\u00f6kt att f\u00f6lja n\u00e5gon form av daglig b\u00f6nestund, som t.ex. tideg\u00e4rden. Men en plats som f\u00e5r h\u00f6ra m\u00e5nga b\u00f6ner \u00e4r min bil. Ig\u00e5r \u00e5kte jag runt i hela f\u00f6rsamlingens s\u00f6dra del f\u00f6r l\u00e4gga f\u00f6rsamlingsblad i brevl\u00e5dorna, d\u00e5 blev det naturligt att ocks\u00e5 be f\u00f6r de m\u00e4nniskor och platser jag passerade. Och vad \u00e4r det som s\u00e4ger att bilen \u00e4r ett s\u00e4mre b\u00f6nerum \u00e4n n\u00e5got annat?<\/p>\n\n\n\n<p>Annars b\u00e4r jag med mig en skr\u00f6na som v\u00e5r guide i skogen ber\u00e4ttade. N\u00e4r vi gick mitt p\u00e5 den lilla skogsv\u00e4gen sa han att d\u00e4r ska m\u00e4nniskor inte g\u00e5. F\u00f6r p\u00e5 natten g\u00e5r gastarna mitt i v\u00e4gen, n\u00e4r det blir ljust m\u00e5ste de stanna och kvar p\u00e5 v\u00e4gen st\u00e5r en dagst\u00e5ndare, g\u00e5r jag igenom den kommer jag att drabbas av n\u00e5got el\u00e4nde.<\/p>\n\n\n\n<p>Ibland saknar jag den befolkade naturen, innan avf\u00f6rtrollningen. Jag kan inte tro att ljusr\u00e4dda sp\u00f6ken st\u00e5r och v\u00e4ntar in natten mitt i v\u00e4gen, men att allt och alla, b\u00e5de de levande och d\u00f6da fick en plats i det gamla t\u00e4nkandet har en tjusning f\u00f6r mig.<\/p>\n\n\n\n<p>Och kanske beh\u00f6ver vi f\u00f6rtrolla naturen igen, eller i vart fall se den som levande liksom vi sj\u00e4lva. Jag tror att det beh\u00f6vs f\u00f6r att vi ska f\u00f6rst\u00e5 klimatkrisens allvar och ge oss motivation att agera.<\/p>\n\n\n\n<p>Det du skriver om Elisabet som v\u00e4ntar Johannes tr\u00e4ffar n\u00e5gonting inom mig. I bibelber\u00e4ttelserna anv\u00e4nds ofta en slags paralleller i ber\u00e4ttandet, men ofta ocks\u00e5 med tydlig motats eller sp\u00e4nning. Den unga Maria och den gamla Elisabet delar samma erfarenhet, men p\u00e5 olika s\u00e4tt. B\u00e5da omsluts av Guds under men ur olika perspektiv.<\/p>\n\n\n\n<p>Det d\u00e4r p\u00e5minner mig om en h\u00e4ndelse n\u00e4r min dotter f\u00f6ddes. Efter en utdragen f\u00f6rlossning fick jag mitt i natten l\u00e4mna BB i Link\u00f6ping och \u00e5ka hem. Det fanns ingen plats p\u00e5 BB f\u00f6r vilsna pappor p\u00e5 den tiden. Tr\u00f6tt som jag var gick jag fel i kulverten och hamnade p\u00e5 en avdelning med mycket gamla och sv\u00e5rt sjuka m\u00e4nniskor. Jag gick f\u00f6rbi en gammal dam och k\u00e4nde pl\u00f6tsligt s\u00e5 stark att det fanns ingen tid mellan denna mycket gamla person och min nyf\u00f6dda som jag just h\u00e5llit i famnen.<\/p>\n\n\n\n<p>Jag var helt of\u00f6rberedd p\u00e5 k\u00e4nslan men upplevelsen har levt kvar sen dess \u2013 upplevelsen av att tiden \u00e4r ingenting. Det m\u00e4rkliga var att det fanns ett stort lugn i det hela, det var ingen skr\u00e4mmande tanke utan mer ett konstaterande och n\u00e5got att vila i. Tiden \u00e4r ingenting!<\/p>\n\n\n\n<p>Tidsl\u00f6sa h\u00e4lsningar fr\u00e5n Johan<\/p>\n\n\n\n<p>Romarbrevet kapitel 8, vers 1-4<\/p>\n\n\n\n<p>Nu blir det allts\u00e5 ingen f\u00e4llande dom f\u00f6r dem som tillh\u00f6r Kristus Jesus.<br>Ty den andliga lag som g\u00e4ller f\u00f6r livet i Kristus Jesus har gjort mig fri fr\u00e5n syndens och d\u00f6dens lag.<\/p>\n","protected":false},"excerpt":{"rendered":"<p>K\u00e4ra Jenny! Det d\u00e4r med pling i telefonen lever ibland sitt eget liv. Min hustru har liksom jag appen kyrko\u00e5ret i sin telefon, men f\u00f6r henne s\u00e5 startar alltid en helgsm\u00e5lsringning av sig sj\u00e4lv p\u00e5 l\u00f6rdagar kl. 18. Det blir som stereo f\u00f6r samtidigt s\u00e4tter kyrkklockorna ig\u00e5ng uppe i kyrkan. Det \u00e4r en del av [&hellip;]<\/p>\n","protected":false},"author":480,"featured_media":0,"comment_status":"open","ping_status":"open","sticky":false,"template":"","format":"standard","meta":{"_acf_changed":false,"footnotes":""},"categories":[9],"tags":[],"class_list":["post-216","post","type-post","status-publish","format-standard","hentry","category-okategoriserade"],"acf":[],"yoast_head":"<!-- This site is optimized with the Yoast SEO plugin v27.1.1 - https:\/\/yoast.com\/product\/yoast-seo-wordpress\/ -->\n<title>Tiden \u00e4r ingenting - Johans och Jennys fasteblogg<\/title>\n<meta name=\"robots\" content=\"index, follow, max-snippet:-1, max-image-preview:large, max-video-preview:-1\" \/>\n<link rel=\"canonical\" href=\"https:\/\/blogg.svenskakyrkan.se\/fastebloggen\/2021\/03\/24\/tiden-ar-ingenting\/\" \/>\n<meta property=\"og:locale\" content=\"sv_SE\" \/>\n<meta property=\"og:type\" content=\"article\" \/>\n<meta property=\"og:title\" content=\"Tiden \u00e4r ingenting - Johans och Jennys fasteblogg\" \/>\n<meta property=\"og:description\" content=\"K\u00e4ra Jenny! Det d\u00e4r med pling i telefonen lever ibland sitt eget liv. Min hustru har liksom jag appen kyrko\u00e5ret i sin telefon, men f\u00f6r henne s\u00e5 startar alltid en helgsm\u00e5lsringning av sig sj\u00e4lv p\u00e5 l\u00f6rdagar kl. 18. Det blir som stereo f\u00f6r samtidigt s\u00e4tter kyrkklockorna ig\u00e5ng uppe i kyrkan. Det \u00e4r en del av [&hellip;]\" \/>\n<meta property=\"og:url\" content=\"https:\/\/blogg.svenskakyrkan.se\/fastebloggen\/2021\/03\/24\/tiden-ar-ingenting\/\" \/>\n<meta property=\"og:site_name\" content=\"Johans och Jennys fasteblogg\" \/>\n<meta property=\"article:published_time\" content=\"2021-03-24T07:00:00+00:00\" \/>\n<meta name=\"author\" content=\"fastebloggen\" \/>\n<meta name=\"twitter:card\" content=\"summary_large_image\" \/>\n<meta name=\"twitter:label1\" content=\"Skriven av\" \/>\n\t<meta name=\"twitter:data1\" content=\"fastebloggen\" \/>\n\t<meta name=\"twitter:label2\" content=\"Ber\u00e4knad l\u00e4stid\" \/>\n\t<meta name=\"twitter:data2\" content=\"3 minuter\" \/>\n<script type=\"application\/ld+json\" class=\"yoast-schema-graph\">{\"@context\":\"https:\/\/schema.org\",\"@graph\":[{\"@type\":\"Article\",\"@id\":\"https:\/\/blogg.svenskakyrkan.se\/fastebloggen\/2021\/03\/24\/tiden-ar-ingenting\/#article\",\"isPartOf\":{\"@id\":\"https:\/\/blogg.svenskakyrkan.se\/fastebloggen\/2021\/03\/24\/tiden-ar-ingenting\/\"},\"author\":{\"name\":\"fastebloggen\",\"@id\":\"https:\/\/blogg.svenskakyrkan.se\/fastebloggen\/#\/schema\/person\/f3d5fb80dd4d71eac466dcbaf59128ee\"},\"headline\":\"Tiden \u00e4r ingenting\",\"datePublished\":\"2021-03-24T07:00:00+00:00\",\"mainEntityOfPage\":{\"@id\":\"https:\/\/blogg.svenskakyrkan.se\/fastebloggen\/2021\/03\/24\/tiden-ar-ingenting\/\"},\"wordCount\":656,\"commentCount\":0,\"inLanguage\":\"sv-SE\",\"potentialAction\":[{\"@type\":\"CommentAction\",\"name\":\"Comment\",\"target\":[\"https:\/\/blogg.svenskakyrkan.se\/fastebloggen\/2021\/03\/24\/tiden-ar-ingenting\/#respond\"]}]},{\"@type\":\"WebPage\",\"@id\":\"https:\/\/blogg.svenskakyrkan.se\/fastebloggen\/2021\/03\/24\/tiden-ar-ingenting\/\",\"url\":\"https:\/\/blogg.svenskakyrkan.se\/fastebloggen\/2021\/03\/24\/tiden-ar-ingenting\/\",\"name\":\"Tiden \u00e4r ingenting - Johans och Jennys fasteblogg\",\"isPartOf\":{\"@id\":\"https:\/\/blogg.svenskakyrkan.se\/fastebloggen\/#website\"},\"datePublished\":\"2021-03-24T07:00:00+00:00\",\"author\":{\"@id\":\"https:\/\/blogg.svenskakyrkan.se\/fastebloggen\/#\/schema\/person\/f3d5fb80dd4d71eac466dcbaf59128ee\"},\"breadcrumb\":{\"@id\":\"https:\/\/blogg.svenskakyrkan.se\/fastebloggen\/2021\/03\/24\/tiden-ar-ingenting\/#breadcrumb\"},\"inLanguage\":\"sv-SE\",\"potentialAction\":[{\"@type\":\"ReadAction\",\"target\":[\"https:\/\/blogg.svenskakyrkan.se\/fastebloggen\/2021\/03\/24\/tiden-ar-ingenting\/\"]}]},{\"@type\":\"BreadcrumbList\",\"@id\":\"https:\/\/blogg.svenskakyrkan.se\/fastebloggen\/2021\/03\/24\/tiden-ar-ingenting\/#breadcrumb\",\"itemListElement\":[{\"@type\":\"ListItem\",\"position\":1,\"name\":\"Hem\",\"item\":\"https:\/\/blogg.svenskakyrkan.se\/fastebloggen\/\"},{\"@type\":\"ListItem\",\"position\":2,\"name\":\"Tiden \u00e4r ingenting\"}]},{\"@type\":\"WebSite\",\"@id\":\"https:\/\/blogg.svenskakyrkan.se\/fastebloggen\/#website\",\"url\":\"https:\/\/blogg.svenskakyrkan.se\/fastebloggen\/\",\"name\":\"Johans och Jennys fasteblogg\",\"description\":\"Johan och Jenny brevv\u00e4xlar om livet och f\u00f6rs\u00f6ker f\u00f6rst\u00e5 fastan 2021\",\"potentialAction\":[{\"@type\":\"SearchAction\",\"target\":{\"@type\":\"EntryPoint\",\"urlTemplate\":\"https:\/\/blogg.svenskakyrkan.se\/fastebloggen\/?s={search_term_string}\"},\"query-input\":{\"@type\":\"PropertyValueSpecification\",\"valueRequired\":true,\"valueName\":\"search_term_string\"}}],\"inLanguage\":\"sv-SE\"},{\"@type\":\"Person\",\"@id\":\"https:\/\/blogg.svenskakyrkan.se\/fastebloggen\/#\/schema\/person\/f3d5fb80dd4d71eac466dcbaf59128ee\",\"name\":\"fastebloggen\",\"image\":{\"@type\":\"ImageObject\",\"inLanguage\":\"sv-SE\",\"@id\":\"https:\/\/blogg.svenskakyrkan.se\/fastebloggen\/#\/schema\/person\/image\/\",\"url\":\"https:\/\/secure.gravatar.com\/avatar\/32fa98ef687580ad8b70ab86cd15809f008499d4d0e3d1a4142048c4ef0e1667?s=96&d=mm&r=g\",\"contentUrl\":\"https:\/\/secure.gravatar.com\/avatar\/32fa98ef687580ad8b70ab86cd15809f008499d4d0e3d1a4142048c4ef0e1667?s=96&d=mm&r=g\",\"caption\":\"fastebloggen\"},\"url\":\"https:\/\/blogg.svenskakyrkan.se\/fastebloggen\/author\/fastebloggen\/\"}]}<\/script>\n<!-- \/ Yoast SEO plugin. -->","yoast_head_json":{"title":"Tiden \u00e4r ingenting - Johans och Jennys fasteblogg","robots":{"index":"index","follow":"follow","max-snippet":"max-snippet:-1","max-image-preview":"max-image-preview:large","max-video-preview":"max-video-preview:-1"},"canonical":"https:\/\/blogg.svenskakyrkan.se\/fastebloggen\/2021\/03\/24\/tiden-ar-ingenting\/","og_locale":"sv_SE","og_type":"article","og_title":"Tiden \u00e4r ingenting - Johans och Jennys fasteblogg","og_description":"K\u00e4ra Jenny! Det d\u00e4r med pling i telefonen lever ibland sitt eget liv. Min hustru har liksom jag appen kyrko\u00e5ret i sin telefon, men f\u00f6r henne s\u00e5 startar alltid en helgsm\u00e5lsringning av sig sj\u00e4lv p\u00e5 l\u00f6rdagar kl. 18. Det blir som stereo f\u00f6r samtidigt s\u00e4tter kyrkklockorna ig\u00e5ng uppe i kyrkan. Det \u00e4r en del av [&hellip;]","og_url":"https:\/\/blogg.svenskakyrkan.se\/fastebloggen\/2021\/03\/24\/tiden-ar-ingenting\/","og_site_name":"Johans och Jennys fasteblogg","article_published_time":"2021-03-24T07:00:00+00:00","author":"fastebloggen","twitter_card":"summary_large_image","twitter_misc":{"Skriven av":"fastebloggen","Ber\u00e4knad l\u00e4stid":"3 minuter"},"schema":{"@context":"https:\/\/schema.org","@graph":[{"@type":"Article","@id":"https:\/\/blogg.svenskakyrkan.se\/fastebloggen\/2021\/03\/24\/tiden-ar-ingenting\/#article","isPartOf":{"@id":"https:\/\/blogg.svenskakyrkan.se\/fastebloggen\/2021\/03\/24\/tiden-ar-ingenting\/"},"author":{"name":"fastebloggen","@id":"https:\/\/blogg.svenskakyrkan.se\/fastebloggen\/#\/schema\/person\/f3d5fb80dd4d71eac466dcbaf59128ee"},"headline":"Tiden \u00e4r ingenting","datePublished":"2021-03-24T07:00:00+00:00","mainEntityOfPage":{"@id":"https:\/\/blogg.svenskakyrkan.se\/fastebloggen\/2021\/03\/24\/tiden-ar-ingenting\/"},"wordCount":656,"commentCount":0,"inLanguage":"sv-SE","potentialAction":[{"@type":"CommentAction","name":"Comment","target":["https:\/\/blogg.svenskakyrkan.se\/fastebloggen\/2021\/03\/24\/tiden-ar-ingenting\/#respond"]}]},{"@type":"WebPage","@id":"https:\/\/blogg.svenskakyrkan.se\/fastebloggen\/2021\/03\/24\/tiden-ar-ingenting\/","url":"https:\/\/blogg.svenskakyrkan.se\/fastebloggen\/2021\/03\/24\/tiden-ar-ingenting\/","name":"Tiden \u00e4r ingenting - Johans och Jennys fasteblogg","isPartOf":{"@id":"https:\/\/blogg.svenskakyrkan.se\/fastebloggen\/#website"},"datePublished":"2021-03-24T07:00:00+00:00","author":{"@id":"https:\/\/blogg.svenskakyrkan.se\/fastebloggen\/#\/schema\/person\/f3d5fb80dd4d71eac466dcbaf59128ee"},"breadcrumb":{"@id":"https:\/\/blogg.svenskakyrkan.se\/fastebloggen\/2021\/03\/24\/tiden-ar-ingenting\/#breadcrumb"},"inLanguage":"sv-SE","potentialAction":[{"@type":"ReadAction","target":["https:\/\/blogg.svenskakyrkan.se\/fastebloggen\/2021\/03\/24\/tiden-ar-ingenting\/"]}]},{"@type":"BreadcrumbList","@id":"https:\/\/blogg.svenskakyrkan.se\/fastebloggen\/2021\/03\/24\/tiden-ar-ingenting\/#breadcrumb","itemListElement":[{"@type":"ListItem","position":1,"name":"Hem","item":"https:\/\/blogg.svenskakyrkan.se\/fastebloggen\/"},{"@type":"ListItem","position":2,"name":"Tiden \u00e4r ingenting"}]},{"@type":"WebSite","@id":"https:\/\/blogg.svenskakyrkan.se\/fastebloggen\/#website","url":"https:\/\/blogg.svenskakyrkan.se\/fastebloggen\/","name":"Johans och Jennys fasteblogg","description":"Johan och Jenny brevv\u00e4xlar om livet och f\u00f6rs\u00f6ker f\u00f6rst\u00e5 fastan 2021","potentialAction":[{"@type":"SearchAction","target":{"@type":"EntryPoint","urlTemplate":"https:\/\/blogg.svenskakyrkan.se\/fastebloggen\/?s={search_term_string}"},"query-input":{"@type":"PropertyValueSpecification","valueRequired":true,"valueName":"search_term_string"}}],"inLanguage":"sv-SE"},{"@type":"Person","@id":"https:\/\/blogg.svenskakyrkan.se\/fastebloggen\/#\/schema\/person\/f3d5fb80dd4d71eac466dcbaf59128ee","name":"fastebloggen","image":{"@type":"ImageObject","inLanguage":"sv-SE","@id":"https:\/\/blogg.svenskakyrkan.se\/fastebloggen\/#\/schema\/person\/image\/","url":"https:\/\/secure.gravatar.com\/avatar\/32fa98ef687580ad8b70ab86cd15809f008499d4d0e3d1a4142048c4ef0e1667?s=96&d=mm&r=g","contentUrl":"https:\/\/secure.gravatar.com\/avatar\/32fa98ef687580ad8b70ab86cd15809f008499d4d0e3d1a4142048c4ef0e1667?s=96&d=mm&r=g","caption":"fastebloggen"},"url":"https:\/\/blogg.svenskakyrkan.se\/fastebloggen\/author\/fastebloggen\/"}]}},"author_meta":{"ID":"480","user_nicename":"fastebloggen","user_registered":"2015-02-25 10:06:38","display_name":"fastebloggen","avatar":"https:\/\/secure.gravatar.com\/avatar\/32fa98ef687580ad8b70ab86cd15809f008499d4d0e3d1a4142048c4ef0e1667?s=96&d=mm&r=g"},"featured_image":false,"bloginfo":{"name":"Johans och Jennys fasteblogg","url":"https:\/\/blogg.svenskakyrkan.se\/fastebloggen"},"_links":{"self":[{"href":"https:\/\/blogg.svenskakyrkan.se\/fastebloggen\/wp-json\/wp\/v2\/posts\/216","targetHints":{"allow":["GET"]}}],"collection":[{"href":"https:\/\/blogg.svenskakyrkan.se\/fastebloggen\/wp-json\/wp\/v2\/posts"}],"about":[{"href":"https:\/\/blogg.svenskakyrkan.se\/fastebloggen\/wp-json\/wp\/v2\/types\/post"}],"author":[{"embeddable":true,"href":"https:\/\/blogg.svenskakyrkan.se\/fastebloggen\/wp-json\/wp\/v2\/users\/480"}],"replies":[{"embeddable":true,"href":"https:\/\/blogg.svenskakyrkan.se\/fastebloggen\/wp-json\/wp\/v2\/comments?post=216"}],"version-history":[{"count":1,"href":"https:\/\/blogg.svenskakyrkan.se\/fastebloggen\/wp-json\/wp\/v2\/posts\/216\/revisions"}],"predecessor-version":[{"id":217,"href":"https:\/\/blogg.svenskakyrkan.se\/fastebloggen\/wp-json\/wp\/v2\/posts\/216\/revisions\/217"}],"wp:attachment":[{"href":"https:\/\/blogg.svenskakyrkan.se\/fastebloggen\/wp-json\/wp\/v2\/media?parent=216"}],"wp:term":[{"taxonomy":"category","embeddable":true,"href":"https:\/\/blogg.svenskakyrkan.se\/fastebloggen\/wp-json\/wp\/v2\/categories?post=216"},{"taxonomy":"post_tag","embeddable":true,"href":"https:\/\/blogg.svenskakyrkan.se\/fastebloggen\/wp-json\/wp\/v2\/tags?post=216"}],"curies":[{"name":"wp","href":"https:\/\/api.w.org\/{rel}","templated":true}]}}