{"id":22,"date":"2015-02-25T12:32:43","date_gmt":"2015-02-25T11:32:43","guid":{"rendered":"http:\/\/blogg.svenskakyrkan.se\/fastebloggen\/?p=22"},"modified":"2015-02-25T12:32:43","modified_gmt":"2015-02-25T11:32:43","slug":"onsdag-252","status":"publish","type":"post","link":"https:\/\/blogg.svenskakyrkan.se\/fastebloggen\/2015\/02\/25\/onsdag-252\/","title":{"rendered":"Onsdag 25\/2"},"content":{"rendered":"<p><strong>\u00a0<\/strong><\/p>\n<p><strong>Psaltaren 31:2-6 <\/strong><\/p>\n<p><em>Till dig, Herre, tar jag min tillflykt, svik mig aldrig! Du som \u00e4r trofast, r\u00e4dda mig, lyssna p\u00e5 mig, skynda till min hj\u00e4lp. Var min klippa dit jag kan fly, borgen d\u00e4r jag finner r\u00e4ddning. Ja, du \u00e4r min klippa och min borg. Du skall leda och styra mig, ditt namn till \u00e4ra. Du skall l\u00f6sa mig ur snaran de gillrat, du \u00e4r min tillflykt. Jag \u00f6verl\u00e4mnar mig i dina h\u00e4nder. Du befriar mig, Herre, du sanne Gud. \u00a0<\/em><\/p>\n<p><strong>\u00a0Johan skriver:<\/strong><\/p>\n<p>Ton\u00e5ren \u00e4r f\u00f6r m\u00e5nga en jobbig tid och mitt liv var inget undantag. Familjen hade \u00e4n en g\u00e5ng f\u00e5tt flytta f\u00f6r att min far skulle avancera i de milit\u00e4ra graderna och jag trivdes inte alls i mina nya skola. Men bortanf\u00f6r skolan l\u00e5g en sj\u00f6 och bredvid sj\u00f6n en kulle med stora ekar. Dom blev min tillflyktsplats. D\u00e4r under tr\u00e4dens skugga kunde jag s\u00f6ka skydd, kunde jag fly bort ifr\u00e5n allt och alla som pl\u00e5gade mig. \u00a0 Jag t\u00e4nker p\u00e5 den upplevelsen n\u00e4r jag l\u00e4ser psaltarpsalmen. Vi beh\u00f6ver ibland en tillflyktort, en asyl d\u00e4r vi kan s\u00f6ka skydd, f\u00f6r det \u00e4r just det som ordet asyl betyder p\u00e5 latin. En plats d\u00e4r vi kan vara s\u00e4kra fr\u00e5n livets stormar f\u00f6r en stund. \u00a0 Jag hade mitt tr\u00e4d som ton\u00e5ring. Flyktingarna som s\u00f6ker sig till Sverige undan krig och f\u00f6rf\u00f6ljelse ser Sverige som sin tillflykt. Men psaltarpsalmen talar om \u00e4nnu ett s\u00e4tt att se p\u00e5 detta med asyl. En asyl som \u00e4r oberoende av plats eller fysiskt rum &#8211; att ta sin tillflykt i Gud sj\u00e4lv. \u201dVar min klippa dit jag kan fly, borgen d\u00e4r jag finner r\u00e4ddning\u201d. Vilken underbar bild av Gud! En klippa, en borg, en tillflykt mitt i livets stormar. I denna fasta vill jag be: Gud hj\u00e4lp mig att v\u00e5ga fly till dig n\u00e4r livet pressar mig. Hj\u00e4lp mig att finna ro din n\u00e4rhet. \u00a0 \u200b<\/p>\n","protected":false},"excerpt":{"rendered":"<p>\u00a0 Psaltaren 31:2-6 Till dig, Herre, tar jag min tillflykt, svik mig aldrig! Du som \u00e4r trofast, r\u00e4dda mig, lyssna p\u00e5 mig, skynda till min hj\u00e4lp. Var min klippa dit jag kan fly, borgen d\u00e4r jag finner r\u00e4ddning. Ja, du \u00e4r min klippa och min borg. Du skall leda och styra mig, ditt namn till [&hellip;]<\/p>\n","protected":false},"author":480,"featured_media":0,"comment_status":"open","ping_status":"open","sticky":false,"template":"","format":"standard","meta":{"_acf_changed":false,"footnotes":""},"categories":[99406],"tags":[],"class_list":["post-22","post","type-post","status-publish","format-standard","hentry","category-forsta-sondagen-i-fastan"],"acf":[],"yoast_head":"<!-- This site is optimized with the Yoast SEO plugin v27.1.1 - https:\/\/yoast.com\/product\/yoast-seo-wordpress\/ -->\n<title>Onsdag 25\/2  - Johans och Jennys fasteblogg<\/title>\n<meta name=\"robots\" content=\"index, follow, max-snippet:-1, max-image-preview:large, max-video-preview:-1\" \/>\n<link rel=\"canonical\" href=\"https:\/\/blogg.svenskakyrkan.se\/fastebloggen\/2015\/02\/25\/onsdag-252\/\" \/>\n<meta property=\"og:locale\" content=\"sv_SE\" \/>\n<meta property=\"og:type\" content=\"article\" \/>\n<meta property=\"og:title\" content=\"Onsdag 25\/2  - Johans och Jennys fasteblogg\" \/>\n<meta property=\"og:description\" content=\"\u00a0 Psaltaren 31:2-6 Till dig, Herre, tar jag min tillflykt, svik mig aldrig! Du som \u00e4r trofast, r\u00e4dda mig, lyssna p\u00e5 mig, skynda till min hj\u00e4lp. Var min klippa dit jag kan fly, borgen d\u00e4r jag finner r\u00e4ddning. Ja, du \u00e4r min klippa och min borg. Du skall leda och styra mig, ditt namn till [&hellip;]\" \/>\n<meta property=\"og:url\" content=\"https:\/\/blogg.svenskakyrkan.se\/fastebloggen\/2015\/02\/25\/onsdag-252\/\" \/>\n<meta property=\"og:site_name\" content=\"Johans och Jennys fasteblogg\" \/>\n<meta property=\"article:published_time\" content=\"2015-02-25T11:32:43+00:00\" \/>\n<meta name=\"author\" content=\"fastebloggen\" \/>\n<meta name=\"twitter:card\" content=\"summary_large_image\" \/>\n<meta name=\"twitter:label1\" content=\"Skriven av\" \/>\n\t<meta name=\"twitter:data1\" content=\"fastebloggen\" \/>\n\t<meta name=\"twitter:label2\" content=\"Ber\u00e4knad l\u00e4stid\" \/>\n\t<meta name=\"twitter:data2\" content=\"2 minuter\" \/>\n<script type=\"application\/ld+json\" class=\"yoast-schema-graph\">{\"@context\":\"https:\/\/schema.org\",\"@graph\":[{\"@type\":\"Article\",\"@id\":\"https:\/\/blogg.svenskakyrkan.se\/fastebloggen\/2015\/02\/25\/onsdag-252\/#article\",\"isPartOf\":{\"@id\":\"https:\/\/blogg.svenskakyrkan.se\/fastebloggen\/2015\/02\/25\/onsdag-252\/\"},\"author\":{\"name\":\"fastebloggen\",\"@id\":\"https:\/\/blogg.svenskakyrkan.se\/fastebloggen\/#\/schema\/person\/f3d5fb80dd4d71eac466dcbaf59128ee\"},\"headline\":\"Onsdag 25\/2\",\"datePublished\":\"2015-02-25T11:32:43+00:00\",\"mainEntityOfPage\":{\"@id\":\"https:\/\/blogg.svenskakyrkan.se\/fastebloggen\/2015\/02\/25\/onsdag-252\/\"},\"wordCount\":355,\"commentCount\":0,\"articleSection\":[\"F\u00f6rsta s\u00f6ndagen i fastan\"],\"inLanguage\":\"sv-SE\",\"potentialAction\":[{\"@type\":\"CommentAction\",\"name\":\"Comment\",\"target\":[\"https:\/\/blogg.svenskakyrkan.se\/fastebloggen\/2015\/02\/25\/onsdag-252\/#respond\"]}]},{\"@type\":\"WebPage\",\"@id\":\"https:\/\/blogg.svenskakyrkan.se\/fastebloggen\/2015\/02\/25\/onsdag-252\/\",\"url\":\"https:\/\/blogg.svenskakyrkan.se\/fastebloggen\/2015\/02\/25\/onsdag-252\/\",\"name\":\"Onsdag 25\/2 - Johans och Jennys fasteblogg\",\"isPartOf\":{\"@id\":\"https:\/\/blogg.svenskakyrkan.se\/fastebloggen\/#website\"},\"datePublished\":\"2015-02-25T11:32:43+00:00\",\"author\":{\"@id\":\"https:\/\/blogg.svenskakyrkan.se\/fastebloggen\/#\/schema\/person\/f3d5fb80dd4d71eac466dcbaf59128ee\"},\"breadcrumb\":{\"@id\":\"https:\/\/blogg.svenskakyrkan.se\/fastebloggen\/2015\/02\/25\/onsdag-252\/#breadcrumb\"},\"inLanguage\":\"sv-SE\",\"potentialAction\":[{\"@type\":\"ReadAction\",\"target\":[\"https:\/\/blogg.svenskakyrkan.se\/fastebloggen\/2015\/02\/25\/onsdag-252\/\"]}]},{\"@type\":\"BreadcrumbList\",\"@id\":\"https:\/\/blogg.svenskakyrkan.se\/fastebloggen\/2015\/02\/25\/onsdag-252\/#breadcrumb\",\"itemListElement\":[{\"@type\":\"ListItem\",\"position\":1,\"name\":\"Hem\",\"item\":\"https:\/\/blogg.svenskakyrkan.se\/fastebloggen\/\"},{\"@type\":\"ListItem\",\"position\":2,\"name\":\"Onsdag 25\/2\"}]},{\"@type\":\"WebSite\",\"@id\":\"https:\/\/blogg.svenskakyrkan.se\/fastebloggen\/#website\",\"url\":\"https:\/\/blogg.svenskakyrkan.se\/fastebloggen\/\",\"name\":\"Johans och Jennys fasteblogg\",\"description\":\"Johan och Jenny brevv\u00e4xlar om livet och f\u00f6rs\u00f6ker f\u00f6rst\u00e5 fastan 2021\",\"potentialAction\":[{\"@type\":\"SearchAction\",\"target\":{\"@type\":\"EntryPoint\",\"urlTemplate\":\"https:\/\/blogg.svenskakyrkan.se\/fastebloggen\/?s={search_term_string}\"},\"query-input\":{\"@type\":\"PropertyValueSpecification\",\"valueRequired\":true,\"valueName\":\"search_term_string\"}}],\"inLanguage\":\"sv-SE\"},{\"@type\":\"Person\",\"@id\":\"https:\/\/blogg.svenskakyrkan.se\/fastebloggen\/#\/schema\/person\/f3d5fb80dd4d71eac466dcbaf59128ee\",\"name\":\"fastebloggen\",\"image\":{\"@type\":\"ImageObject\",\"inLanguage\":\"sv-SE\",\"@id\":\"https:\/\/blogg.svenskakyrkan.se\/fastebloggen\/#\/schema\/person\/image\/\",\"url\":\"https:\/\/secure.gravatar.com\/avatar\/32fa98ef687580ad8b70ab86cd15809f008499d4d0e3d1a4142048c4ef0e1667?s=96&d=mm&r=g\",\"contentUrl\":\"https:\/\/secure.gravatar.com\/avatar\/32fa98ef687580ad8b70ab86cd15809f008499d4d0e3d1a4142048c4ef0e1667?s=96&d=mm&r=g\",\"caption\":\"fastebloggen\"},\"url\":\"https:\/\/blogg.svenskakyrkan.se\/fastebloggen\/author\/fastebloggen\/\"}]}<\/script>\n<!-- \/ Yoast SEO plugin. -->","yoast_head_json":{"title":"Onsdag 25\/2  - Johans och Jennys fasteblogg","robots":{"index":"index","follow":"follow","max-snippet":"max-snippet:-1","max-image-preview":"max-image-preview:large","max-video-preview":"max-video-preview:-1"},"canonical":"https:\/\/blogg.svenskakyrkan.se\/fastebloggen\/2015\/02\/25\/onsdag-252\/","og_locale":"sv_SE","og_type":"article","og_title":"Onsdag 25\/2  - Johans och Jennys fasteblogg","og_description":"\u00a0 Psaltaren 31:2-6 Till dig, Herre, tar jag min tillflykt, svik mig aldrig! Du som \u00e4r trofast, r\u00e4dda mig, lyssna p\u00e5 mig, skynda till min hj\u00e4lp. Var min klippa dit jag kan fly, borgen d\u00e4r jag finner r\u00e4ddning. Ja, du \u00e4r min klippa och min borg. Du skall leda och styra mig, ditt namn till [&hellip;]","og_url":"https:\/\/blogg.svenskakyrkan.se\/fastebloggen\/2015\/02\/25\/onsdag-252\/","og_site_name":"Johans och Jennys fasteblogg","article_published_time":"2015-02-25T11:32:43+00:00","author":"fastebloggen","twitter_card":"summary_large_image","twitter_misc":{"Skriven av":"fastebloggen","Ber\u00e4knad l\u00e4stid":"2 minuter"},"schema":{"@context":"https:\/\/schema.org","@graph":[{"@type":"Article","@id":"https:\/\/blogg.svenskakyrkan.se\/fastebloggen\/2015\/02\/25\/onsdag-252\/#article","isPartOf":{"@id":"https:\/\/blogg.svenskakyrkan.se\/fastebloggen\/2015\/02\/25\/onsdag-252\/"},"author":{"name":"fastebloggen","@id":"https:\/\/blogg.svenskakyrkan.se\/fastebloggen\/#\/schema\/person\/f3d5fb80dd4d71eac466dcbaf59128ee"},"headline":"Onsdag 25\/2","datePublished":"2015-02-25T11:32:43+00:00","mainEntityOfPage":{"@id":"https:\/\/blogg.svenskakyrkan.se\/fastebloggen\/2015\/02\/25\/onsdag-252\/"},"wordCount":355,"commentCount":0,"articleSection":["F\u00f6rsta s\u00f6ndagen i fastan"],"inLanguage":"sv-SE","potentialAction":[{"@type":"CommentAction","name":"Comment","target":["https:\/\/blogg.svenskakyrkan.se\/fastebloggen\/2015\/02\/25\/onsdag-252\/#respond"]}]},{"@type":"WebPage","@id":"https:\/\/blogg.svenskakyrkan.se\/fastebloggen\/2015\/02\/25\/onsdag-252\/","url":"https:\/\/blogg.svenskakyrkan.se\/fastebloggen\/2015\/02\/25\/onsdag-252\/","name":"Onsdag 25\/2 - Johans och Jennys fasteblogg","isPartOf":{"@id":"https:\/\/blogg.svenskakyrkan.se\/fastebloggen\/#website"},"datePublished":"2015-02-25T11:32:43+00:00","author":{"@id":"https:\/\/blogg.svenskakyrkan.se\/fastebloggen\/#\/schema\/person\/f3d5fb80dd4d71eac466dcbaf59128ee"},"breadcrumb":{"@id":"https:\/\/blogg.svenskakyrkan.se\/fastebloggen\/2015\/02\/25\/onsdag-252\/#breadcrumb"},"inLanguage":"sv-SE","potentialAction":[{"@type":"ReadAction","target":["https:\/\/blogg.svenskakyrkan.se\/fastebloggen\/2015\/02\/25\/onsdag-252\/"]}]},{"@type":"BreadcrumbList","@id":"https:\/\/blogg.svenskakyrkan.se\/fastebloggen\/2015\/02\/25\/onsdag-252\/#breadcrumb","itemListElement":[{"@type":"ListItem","position":1,"name":"Hem","item":"https:\/\/blogg.svenskakyrkan.se\/fastebloggen\/"},{"@type":"ListItem","position":2,"name":"Onsdag 25\/2"}]},{"@type":"WebSite","@id":"https:\/\/blogg.svenskakyrkan.se\/fastebloggen\/#website","url":"https:\/\/blogg.svenskakyrkan.se\/fastebloggen\/","name":"Johans och Jennys fasteblogg","description":"Johan och Jenny brevv\u00e4xlar om livet och f\u00f6rs\u00f6ker f\u00f6rst\u00e5 fastan 2021","potentialAction":[{"@type":"SearchAction","target":{"@type":"EntryPoint","urlTemplate":"https:\/\/blogg.svenskakyrkan.se\/fastebloggen\/?s={search_term_string}"},"query-input":{"@type":"PropertyValueSpecification","valueRequired":true,"valueName":"search_term_string"}}],"inLanguage":"sv-SE"},{"@type":"Person","@id":"https:\/\/blogg.svenskakyrkan.se\/fastebloggen\/#\/schema\/person\/f3d5fb80dd4d71eac466dcbaf59128ee","name":"fastebloggen","image":{"@type":"ImageObject","inLanguage":"sv-SE","@id":"https:\/\/blogg.svenskakyrkan.se\/fastebloggen\/#\/schema\/person\/image\/","url":"https:\/\/secure.gravatar.com\/avatar\/32fa98ef687580ad8b70ab86cd15809f008499d4d0e3d1a4142048c4ef0e1667?s=96&d=mm&r=g","contentUrl":"https:\/\/secure.gravatar.com\/avatar\/32fa98ef687580ad8b70ab86cd15809f008499d4d0e3d1a4142048c4ef0e1667?s=96&d=mm&r=g","caption":"fastebloggen"},"url":"https:\/\/blogg.svenskakyrkan.se\/fastebloggen\/author\/fastebloggen\/"}]}},"author_meta":{"ID":"480","user_nicename":"fastebloggen","user_registered":"2015-02-25 10:06:38","display_name":"fastebloggen","avatar":"https:\/\/secure.gravatar.com\/avatar\/32fa98ef687580ad8b70ab86cd15809f008499d4d0e3d1a4142048c4ef0e1667?s=96&d=mm&r=g"},"featured_image":false,"bloginfo":{"name":"Johans och Jennys fasteblogg","url":"https:\/\/blogg.svenskakyrkan.se\/fastebloggen"},"_links":{"self":[{"href":"https:\/\/blogg.svenskakyrkan.se\/fastebloggen\/wp-json\/wp\/v2\/posts\/22","targetHints":{"allow":["GET"]}}],"collection":[{"href":"https:\/\/blogg.svenskakyrkan.se\/fastebloggen\/wp-json\/wp\/v2\/posts"}],"about":[{"href":"https:\/\/blogg.svenskakyrkan.se\/fastebloggen\/wp-json\/wp\/v2\/types\/post"}],"author":[{"embeddable":true,"href":"https:\/\/blogg.svenskakyrkan.se\/fastebloggen\/wp-json\/wp\/v2\/users\/480"}],"replies":[{"embeddable":true,"href":"https:\/\/blogg.svenskakyrkan.se\/fastebloggen\/wp-json\/wp\/v2\/comments?post=22"}],"version-history":[{"count":1,"href":"https:\/\/blogg.svenskakyrkan.se\/fastebloggen\/wp-json\/wp\/v2\/posts\/22\/revisions"}],"predecessor-version":[{"id":23,"href":"https:\/\/blogg.svenskakyrkan.se\/fastebloggen\/wp-json\/wp\/v2\/posts\/22\/revisions\/23"}],"wp:attachment":[{"href":"https:\/\/blogg.svenskakyrkan.se\/fastebloggen\/wp-json\/wp\/v2\/media?parent=22"}],"wp:term":[{"taxonomy":"category","embeddable":true,"href":"https:\/\/blogg.svenskakyrkan.se\/fastebloggen\/wp-json\/wp\/v2\/categories?post=22"},{"taxonomy":"post_tag","embeddable":true,"href":"https:\/\/blogg.svenskakyrkan.se\/fastebloggen\/wp-json\/wp\/v2\/tags?post=22"}],"curies":[{"name":"wp","href":"https:\/\/api.w.org\/{rel}","templated":true}]}}