{"id":52,"date":"2015-03-04T15:39:03","date_gmt":"2015-03-04T14:39:03","guid":{"rendered":"http:\/\/blogg.svenskakyrkan.se\/fastebloggen\/?p=52"},"modified":"2015-03-04T15:39:03","modified_gmt":"2015-03-04T14:39:03","slug":"allas-slav","status":"publish","type":"post","link":"https:\/\/blogg.svenskakyrkan.se\/fastebloggen\/2015\/03\/04\/allas-slav\/","title":{"rendered":"Allas slav"},"content":{"rendered":"<p>Mark 10:43<\/p>\n<p><em>\u201dMen s\u00e5 \u00e4r det inte hos er. Den som vill vara stor bland er skall vara de andras tj\u00e4nare, och den som vill vara den f\u00f6rste bland er skall vara allas slav. M\u00e4nniskosonen har inte kommit f\u00f6r att bli tj\u00e4nad utan f\u00f6r att tj\u00e4na och ge sitt liv till l\u00f6sen f\u00f6r m\u00e5nga.\u201d<\/em><\/p>\n<p>&nbsp;<\/p>\n<div id=\"attachment_29\" style=\"width: 210px\" class=\"wp-caption alignnone\"><a href=\"http:\/\/blogg.svenskakyrkan.se\/fastebloggen\/files\/2015\/02\/Johan-Bremer.jpg\"><img loading=\"lazy\" decoding=\"async\" aria-describedby=\"caption-attachment-29\" class=\"size-medium wp-image-29\" src=\"http:\/\/blogg.svenskakyrkan.se\/fastebloggen\/files\/2015\/02\/Johan-Bremer-200x300.jpg\" alt=\"Johan Bremer\" width=\"200\" height=\"300\" srcset=\"https:\/\/blogg.svenskakyrkan.se\/fastebloggen\/files\/2015\/02\/Johan-Bremer-200x300.jpg 200w, https:\/\/blogg.svenskakyrkan.se\/fastebloggen\/files\/2015\/02\/Johan-Bremer-682x1024.jpg 682w, https:\/\/blogg.svenskakyrkan.se\/fastebloggen\/files\/2015\/02\/Johan-Bremer.jpg 1536w\" sizes=\"auto, (max-width: 200px) 100vw, 200px\" \/><\/a><p id=\"caption-attachment-29\" class=\"wp-caption-text\">Johan Bremer<\/p><\/div>\n<p>Johan skriver:<\/p>\n<p>Det Jesus sa till l\u00e4rjungarna var v\u00e4ldigt radikalt f\u00f6r 2000 \u00e5r sedan och jag tror att det \u00e4r lika radikalt idag. Han v\u00e4nder r\u00e4tt upp och ner p\u00e5 v\u00e5ra vanliga perspektiv och v\u00e5ra hierarkier.<\/p>\n<p>Det \u00e4r fint att bli betj\u00e4nad och ompysslad, det \u00e4r inte lika fint att vara den som st\u00e5r f\u00f6r omsorgen. Det visar sig i l\u00f6nekuverten f\u00f6r lokalv\u00e5rdare och undersk\u00f6terskor och de h\u00f6gsta cheferna i n\u00e4ringslivet lever efter sin egen norm som avsl\u00f6jandet av SCA-topparna visade.<\/p>\n<p>S\u00e5 kommer Jesu ord r\u00e4tt in i mitt liv denna fasta, \u201dden som vill vara den f\u00f6rste bland er skall vara allas slav!\u201d Jag beh\u00f6ver inte \u00e4ngsligt navelsk\u00e5da mig sj\u00e4lv, jag beh\u00f6ver bara se min medm\u00e4nniska och agera. Det \u00e4r nu inte ett litet \u201dbara\u201d, men det \u00e4r en befrielse fr\u00e5n narcissismen, ni vet den sk\u00f6ne ynglingen Narcissus som blev s\u00e5 betagen i sin egen spegelbild att han inte lade m\u00e4rke till n\u00e5got annat. Narcissus s\u00e4gs vara bilden f\u00f6r den moderna m\u00e4nniskan men Jesus kallar oss att l\u00e4mna oss sj\u00e4lva och finnas till f\u00f6r varandra.<\/p>\n<p>Ett leende, ett v\u00e4nligt ord, en fr\u00e5ga: \u201dHur m\u00e5r du?\u201d. Det finns s\u00e5 m\u00e5nga s\u00e4tt att tj\u00e4na varandra som medm\u00e4nniskor. Det enda som begr\u00e4nsar oss \u00e4r v\u00e5r fantasi.<\/p>\n","protected":false},"excerpt":{"rendered":"<p>Mark 10:43 \u201dMen s\u00e5 \u00e4r det inte hos er. Den som vill vara stor bland er skall vara de andras tj\u00e4nare, och den som vill vara den f\u00f6rste bland er skall vara allas slav. M\u00e4nniskosonen har inte kommit f\u00f6r att bli tj\u00e4nad utan f\u00f6r att tj\u00e4na och ge sitt liv till l\u00f6sen f\u00f6r m\u00e5nga.\u201d &nbsp; [&hellip;]<\/p>\n","protected":false},"author":480,"featured_media":0,"comment_status":"open","ping_status":"open","sticky":false,"template":"","format":"standard","meta":{"_acf_changed":false,"footnotes":""},"categories":[99409,99407],"tags":[],"class_list":["post-52","post","type-post","status-publish","format-standard","hentry","category-andra-sondagen-i-fastan","category-johan-skriver"],"acf":[],"yoast_head":"<!-- This site is optimized with the Yoast SEO plugin v27.1.1 - https:\/\/yoast.com\/product\/yoast-seo-wordpress\/ -->\n<title>Allas slav - Johans och Jennys fasteblogg<\/title>\n<meta name=\"robots\" content=\"index, follow, max-snippet:-1, max-image-preview:large, max-video-preview:-1\" \/>\n<link rel=\"canonical\" href=\"https:\/\/blogg.svenskakyrkan.se\/fastebloggen\/2015\/03\/04\/allas-slav\/\" \/>\n<meta property=\"og:locale\" content=\"sv_SE\" \/>\n<meta property=\"og:type\" content=\"article\" \/>\n<meta property=\"og:title\" content=\"Allas slav - Johans och Jennys fasteblogg\" \/>\n<meta property=\"og:description\" content=\"Mark 10:43 \u201dMen s\u00e5 \u00e4r det inte hos er. Den som vill vara stor bland er skall vara de andras tj\u00e4nare, och den som vill vara den f\u00f6rste bland er skall vara allas slav. M\u00e4nniskosonen har inte kommit f\u00f6r att bli tj\u00e4nad utan f\u00f6r att tj\u00e4na och ge sitt liv till l\u00f6sen f\u00f6r m\u00e5nga.\u201d &nbsp; [&hellip;]\" \/>\n<meta property=\"og:url\" content=\"https:\/\/blogg.svenskakyrkan.se\/fastebloggen\/2015\/03\/04\/allas-slav\/\" \/>\n<meta property=\"og:site_name\" content=\"Johans och Jennys fasteblogg\" \/>\n<meta property=\"article:published_time\" content=\"2015-03-04T14:39:03+00:00\" \/>\n<meta property=\"og:image\" content=\"http:\/\/blogg.svenskakyrkan.se\/fastebloggen\/files\/2015\/02\/Johan-Bremer-200x300.jpg\" \/>\n<meta name=\"author\" content=\"fastebloggen\" \/>\n<meta name=\"twitter:card\" content=\"summary_large_image\" \/>\n<meta name=\"twitter:label1\" content=\"Skriven av\" \/>\n\t<meta name=\"twitter:data1\" content=\"fastebloggen\" \/>\n\t<meta name=\"twitter:label2\" content=\"Ber\u00e4knad l\u00e4stid\" \/>\n\t<meta name=\"twitter:data2\" content=\"2 minuter\" \/>\n<script type=\"application\/ld+json\" class=\"yoast-schema-graph\">{\"@context\":\"https:\/\/schema.org\",\"@graph\":[{\"@type\":\"Article\",\"@id\":\"https:\/\/blogg.svenskakyrkan.se\/fastebloggen\/2015\/03\/04\/allas-slav\/#article\",\"isPartOf\":{\"@id\":\"https:\/\/blogg.svenskakyrkan.se\/fastebloggen\/2015\/03\/04\/allas-slav\/\"},\"author\":{\"name\":\"fastebloggen\",\"@id\":\"https:\/\/blogg.svenskakyrkan.se\/fastebloggen\/#\/schema\/person\/f3d5fb80dd4d71eac466dcbaf59128ee\"},\"headline\":\"Allas slav\",\"datePublished\":\"2015-03-04T14:39:03+00:00\",\"mainEntityOfPage\":{\"@id\":\"https:\/\/blogg.svenskakyrkan.se\/fastebloggen\/2015\/03\/04\/allas-slav\/\"},\"wordCount\":321,\"commentCount\":0,\"image\":{\"@id\":\"https:\/\/blogg.svenskakyrkan.se\/fastebloggen\/2015\/03\/04\/allas-slav\/#primaryimage\"},\"thumbnailUrl\":\"http:\/\/blogg.svenskakyrkan.se\/fastebloggen\/files\/2015\/02\/Johan-Bremer-200x300.jpg\",\"articleSection\":[\"Andra s\u00f6ndagen i fastan\",\"Johan skriver\"],\"inLanguage\":\"sv-SE\",\"potentialAction\":[{\"@type\":\"CommentAction\",\"name\":\"Comment\",\"target\":[\"https:\/\/blogg.svenskakyrkan.se\/fastebloggen\/2015\/03\/04\/allas-slav\/#respond\"]}]},{\"@type\":\"WebPage\",\"@id\":\"https:\/\/blogg.svenskakyrkan.se\/fastebloggen\/2015\/03\/04\/allas-slav\/\",\"url\":\"https:\/\/blogg.svenskakyrkan.se\/fastebloggen\/2015\/03\/04\/allas-slav\/\",\"name\":\"Allas slav - Johans och Jennys fasteblogg\",\"isPartOf\":{\"@id\":\"https:\/\/blogg.svenskakyrkan.se\/fastebloggen\/#website\"},\"primaryImageOfPage\":{\"@id\":\"https:\/\/blogg.svenskakyrkan.se\/fastebloggen\/2015\/03\/04\/allas-slav\/#primaryimage\"},\"image\":{\"@id\":\"https:\/\/blogg.svenskakyrkan.se\/fastebloggen\/2015\/03\/04\/allas-slav\/#primaryimage\"},\"thumbnailUrl\":\"http:\/\/blogg.svenskakyrkan.se\/fastebloggen\/files\/2015\/02\/Johan-Bremer-200x300.jpg\",\"datePublished\":\"2015-03-04T14:39:03+00:00\",\"author\":{\"@id\":\"https:\/\/blogg.svenskakyrkan.se\/fastebloggen\/#\/schema\/person\/f3d5fb80dd4d71eac466dcbaf59128ee\"},\"breadcrumb\":{\"@id\":\"https:\/\/blogg.svenskakyrkan.se\/fastebloggen\/2015\/03\/04\/allas-slav\/#breadcrumb\"},\"inLanguage\":\"sv-SE\",\"potentialAction\":[{\"@type\":\"ReadAction\",\"target\":[\"https:\/\/blogg.svenskakyrkan.se\/fastebloggen\/2015\/03\/04\/allas-slav\/\"]}]},{\"@type\":\"ImageObject\",\"inLanguage\":\"sv-SE\",\"@id\":\"https:\/\/blogg.svenskakyrkan.se\/fastebloggen\/2015\/03\/04\/allas-slav\/#primaryimage\",\"url\":\"https:\/\/blogg.svenskakyrkan.se\/fastebloggen\/files\/2015\/02\/Johan-Bremer.jpg\",\"contentUrl\":\"https:\/\/blogg.svenskakyrkan.se\/fastebloggen\/files\/2015\/02\/Johan-Bremer.jpg\",\"width\":1536,\"height\":2304,\"caption\":\"Johan Bremer\"},{\"@type\":\"BreadcrumbList\",\"@id\":\"https:\/\/blogg.svenskakyrkan.se\/fastebloggen\/2015\/03\/04\/allas-slav\/#breadcrumb\",\"itemListElement\":[{\"@type\":\"ListItem\",\"position\":1,\"name\":\"Hem\",\"item\":\"https:\/\/blogg.svenskakyrkan.se\/fastebloggen\/\"},{\"@type\":\"ListItem\",\"position\":2,\"name\":\"Allas slav\"}]},{\"@type\":\"WebSite\",\"@id\":\"https:\/\/blogg.svenskakyrkan.se\/fastebloggen\/#website\",\"url\":\"https:\/\/blogg.svenskakyrkan.se\/fastebloggen\/\",\"name\":\"Johans och Jennys fasteblogg\",\"description\":\"Johan och Jenny brevv\u00e4xlar om livet och f\u00f6rs\u00f6ker f\u00f6rst\u00e5 fastan 2021\",\"potentialAction\":[{\"@type\":\"SearchAction\",\"target\":{\"@type\":\"EntryPoint\",\"urlTemplate\":\"https:\/\/blogg.svenskakyrkan.se\/fastebloggen\/?s={search_term_string}\"},\"query-input\":{\"@type\":\"PropertyValueSpecification\",\"valueRequired\":true,\"valueName\":\"search_term_string\"}}],\"inLanguage\":\"sv-SE\"},{\"@type\":\"Person\",\"@id\":\"https:\/\/blogg.svenskakyrkan.se\/fastebloggen\/#\/schema\/person\/f3d5fb80dd4d71eac466dcbaf59128ee\",\"name\":\"fastebloggen\",\"image\":{\"@type\":\"ImageObject\",\"inLanguage\":\"sv-SE\",\"@id\":\"https:\/\/blogg.svenskakyrkan.se\/fastebloggen\/#\/schema\/person\/image\/\",\"url\":\"https:\/\/secure.gravatar.com\/avatar\/32fa98ef687580ad8b70ab86cd15809f008499d4d0e3d1a4142048c4ef0e1667?s=96&d=mm&r=g\",\"contentUrl\":\"https:\/\/secure.gravatar.com\/avatar\/32fa98ef687580ad8b70ab86cd15809f008499d4d0e3d1a4142048c4ef0e1667?s=96&d=mm&r=g\",\"caption\":\"fastebloggen\"},\"url\":\"https:\/\/blogg.svenskakyrkan.se\/fastebloggen\/author\/fastebloggen\/\"}]}<\/script>\n<!-- \/ Yoast SEO plugin. -->","yoast_head_json":{"title":"Allas slav - Johans och Jennys fasteblogg","robots":{"index":"index","follow":"follow","max-snippet":"max-snippet:-1","max-image-preview":"max-image-preview:large","max-video-preview":"max-video-preview:-1"},"canonical":"https:\/\/blogg.svenskakyrkan.se\/fastebloggen\/2015\/03\/04\/allas-slav\/","og_locale":"sv_SE","og_type":"article","og_title":"Allas slav - Johans och Jennys fasteblogg","og_description":"Mark 10:43 \u201dMen s\u00e5 \u00e4r det inte hos er. Den som vill vara stor bland er skall vara de andras tj\u00e4nare, och den som vill vara den f\u00f6rste bland er skall vara allas slav. M\u00e4nniskosonen har inte kommit f\u00f6r att bli tj\u00e4nad utan f\u00f6r att tj\u00e4na och ge sitt liv till l\u00f6sen f\u00f6r m\u00e5nga.\u201d &nbsp; [&hellip;]","og_url":"https:\/\/blogg.svenskakyrkan.se\/fastebloggen\/2015\/03\/04\/allas-slav\/","og_site_name":"Johans och Jennys fasteblogg","article_published_time":"2015-03-04T14:39:03+00:00","og_image":[{"url":"http:\/\/blogg.svenskakyrkan.se\/fastebloggen\/files\/2015\/02\/Johan-Bremer-200x300.jpg","type":"","width":"","height":""}],"author":"fastebloggen","twitter_card":"summary_large_image","twitter_misc":{"Skriven av":"fastebloggen","Ber\u00e4knad l\u00e4stid":"2 minuter"},"schema":{"@context":"https:\/\/schema.org","@graph":[{"@type":"Article","@id":"https:\/\/blogg.svenskakyrkan.se\/fastebloggen\/2015\/03\/04\/allas-slav\/#article","isPartOf":{"@id":"https:\/\/blogg.svenskakyrkan.se\/fastebloggen\/2015\/03\/04\/allas-slav\/"},"author":{"name":"fastebloggen","@id":"https:\/\/blogg.svenskakyrkan.se\/fastebloggen\/#\/schema\/person\/f3d5fb80dd4d71eac466dcbaf59128ee"},"headline":"Allas slav","datePublished":"2015-03-04T14:39:03+00:00","mainEntityOfPage":{"@id":"https:\/\/blogg.svenskakyrkan.se\/fastebloggen\/2015\/03\/04\/allas-slav\/"},"wordCount":321,"commentCount":0,"image":{"@id":"https:\/\/blogg.svenskakyrkan.se\/fastebloggen\/2015\/03\/04\/allas-slav\/#primaryimage"},"thumbnailUrl":"http:\/\/blogg.svenskakyrkan.se\/fastebloggen\/files\/2015\/02\/Johan-Bremer-200x300.jpg","articleSection":["Andra s\u00f6ndagen i fastan","Johan skriver"],"inLanguage":"sv-SE","potentialAction":[{"@type":"CommentAction","name":"Comment","target":["https:\/\/blogg.svenskakyrkan.se\/fastebloggen\/2015\/03\/04\/allas-slav\/#respond"]}]},{"@type":"WebPage","@id":"https:\/\/blogg.svenskakyrkan.se\/fastebloggen\/2015\/03\/04\/allas-slav\/","url":"https:\/\/blogg.svenskakyrkan.se\/fastebloggen\/2015\/03\/04\/allas-slav\/","name":"Allas slav - Johans och Jennys fasteblogg","isPartOf":{"@id":"https:\/\/blogg.svenskakyrkan.se\/fastebloggen\/#website"},"primaryImageOfPage":{"@id":"https:\/\/blogg.svenskakyrkan.se\/fastebloggen\/2015\/03\/04\/allas-slav\/#primaryimage"},"image":{"@id":"https:\/\/blogg.svenskakyrkan.se\/fastebloggen\/2015\/03\/04\/allas-slav\/#primaryimage"},"thumbnailUrl":"http:\/\/blogg.svenskakyrkan.se\/fastebloggen\/files\/2015\/02\/Johan-Bremer-200x300.jpg","datePublished":"2015-03-04T14:39:03+00:00","author":{"@id":"https:\/\/blogg.svenskakyrkan.se\/fastebloggen\/#\/schema\/person\/f3d5fb80dd4d71eac466dcbaf59128ee"},"breadcrumb":{"@id":"https:\/\/blogg.svenskakyrkan.se\/fastebloggen\/2015\/03\/04\/allas-slav\/#breadcrumb"},"inLanguage":"sv-SE","potentialAction":[{"@type":"ReadAction","target":["https:\/\/blogg.svenskakyrkan.se\/fastebloggen\/2015\/03\/04\/allas-slav\/"]}]},{"@type":"ImageObject","inLanguage":"sv-SE","@id":"https:\/\/blogg.svenskakyrkan.se\/fastebloggen\/2015\/03\/04\/allas-slav\/#primaryimage","url":"https:\/\/blogg.svenskakyrkan.se\/fastebloggen\/files\/2015\/02\/Johan-Bremer.jpg","contentUrl":"https:\/\/blogg.svenskakyrkan.se\/fastebloggen\/files\/2015\/02\/Johan-Bremer.jpg","width":1536,"height":2304,"caption":"Johan Bremer"},{"@type":"BreadcrumbList","@id":"https:\/\/blogg.svenskakyrkan.se\/fastebloggen\/2015\/03\/04\/allas-slav\/#breadcrumb","itemListElement":[{"@type":"ListItem","position":1,"name":"Hem","item":"https:\/\/blogg.svenskakyrkan.se\/fastebloggen\/"},{"@type":"ListItem","position":2,"name":"Allas slav"}]},{"@type":"WebSite","@id":"https:\/\/blogg.svenskakyrkan.se\/fastebloggen\/#website","url":"https:\/\/blogg.svenskakyrkan.se\/fastebloggen\/","name":"Johans och Jennys fasteblogg","description":"Johan och Jenny brevv\u00e4xlar om livet och f\u00f6rs\u00f6ker f\u00f6rst\u00e5 fastan 2021","potentialAction":[{"@type":"SearchAction","target":{"@type":"EntryPoint","urlTemplate":"https:\/\/blogg.svenskakyrkan.se\/fastebloggen\/?s={search_term_string}"},"query-input":{"@type":"PropertyValueSpecification","valueRequired":true,"valueName":"search_term_string"}}],"inLanguage":"sv-SE"},{"@type":"Person","@id":"https:\/\/blogg.svenskakyrkan.se\/fastebloggen\/#\/schema\/person\/f3d5fb80dd4d71eac466dcbaf59128ee","name":"fastebloggen","image":{"@type":"ImageObject","inLanguage":"sv-SE","@id":"https:\/\/blogg.svenskakyrkan.se\/fastebloggen\/#\/schema\/person\/image\/","url":"https:\/\/secure.gravatar.com\/avatar\/32fa98ef687580ad8b70ab86cd15809f008499d4d0e3d1a4142048c4ef0e1667?s=96&d=mm&r=g","contentUrl":"https:\/\/secure.gravatar.com\/avatar\/32fa98ef687580ad8b70ab86cd15809f008499d4d0e3d1a4142048c4ef0e1667?s=96&d=mm&r=g","caption":"fastebloggen"},"url":"https:\/\/blogg.svenskakyrkan.se\/fastebloggen\/author\/fastebloggen\/"}]}},"author_meta":{"ID":"480","user_nicename":"fastebloggen","user_registered":"2015-02-25 10:06:38","display_name":"fastebloggen","avatar":"https:\/\/secure.gravatar.com\/avatar\/32fa98ef687580ad8b70ab86cd15809f008499d4d0e3d1a4142048c4ef0e1667?s=96&d=mm&r=g"},"featured_image":false,"bloginfo":{"name":"Johans och Jennys fasteblogg","url":"https:\/\/blogg.svenskakyrkan.se\/fastebloggen"},"_links":{"self":[{"href":"https:\/\/blogg.svenskakyrkan.se\/fastebloggen\/wp-json\/wp\/v2\/posts\/52","targetHints":{"allow":["GET"]}}],"collection":[{"href":"https:\/\/blogg.svenskakyrkan.se\/fastebloggen\/wp-json\/wp\/v2\/posts"}],"about":[{"href":"https:\/\/blogg.svenskakyrkan.se\/fastebloggen\/wp-json\/wp\/v2\/types\/post"}],"author":[{"embeddable":true,"href":"https:\/\/blogg.svenskakyrkan.se\/fastebloggen\/wp-json\/wp\/v2\/users\/480"}],"replies":[{"embeddable":true,"href":"https:\/\/blogg.svenskakyrkan.se\/fastebloggen\/wp-json\/wp\/v2\/comments?post=52"}],"version-history":[{"count":1,"href":"https:\/\/blogg.svenskakyrkan.se\/fastebloggen\/wp-json\/wp\/v2\/posts\/52\/revisions"}],"predecessor-version":[{"id":53,"href":"https:\/\/blogg.svenskakyrkan.se\/fastebloggen\/wp-json\/wp\/v2\/posts\/52\/revisions\/53"}],"wp:attachment":[{"href":"https:\/\/blogg.svenskakyrkan.se\/fastebloggen\/wp-json\/wp\/v2\/media?parent=52"}],"wp:term":[{"taxonomy":"category","embeddable":true,"href":"https:\/\/blogg.svenskakyrkan.se\/fastebloggen\/wp-json\/wp\/v2\/categories?post=52"},{"taxonomy":"post_tag","embeddable":true,"href":"https:\/\/blogg.svenskakyrkan.se\/fastebloggen\/wp-json\/wp\/v2\/tags?post=52"}],"curies":[{"name":"wp","href":"https:\/\/api.w.org\/{rel}","templated":true}]}}