{"id":56,"date":"2015-03-05T15:44:13","date_gmt":"2015-03-05T14:44:13","guid":{"rendered":"http:\/\/blogg.svenskakyrkan.se\/fastebloggen\/?p=56"},"modified":"2015-03-05T15:46:23","modified_gmt":"2015-03-05T14:46:23","slug":"56","status":"publish","type":"post","link":"https:\/\/blogg.svenskakyrkan.se\/fastebloggen\/2015\/03\/05\/56\/","title":{"rendered":"Kristi brud"},"content":{"rendered":"<p>Lukas 5:34<\/p>\n<p><em>Jesus svarade: \u201dInte kan ni v\u00e4l f\u00e5 br\u00f6llopsg\u00e4sterna att fasta s\u00e5 l\u00e4nge brudgummen \u00e4r hos dem?<\/em><\/p>\n<div id=\"attachment_29\" style=\"width: 210px\" class=\"wp-caption alignnone\"><a href=\"http:\/\/blogg.svenskakyrkan.se\/fastebloggen\/files\/2015\/02\/Johan-Bremer.jpg\"><img loading=\"lazy\" decoding=\"async\" aria-describedby=\"caption-attachment-29\" class=\"size-medium wp-image-29\" src=\"http:\/\/blogg.svenskakyrkan.se\/fastebloggen\/files\/2015\/02\/Johan-Bremer-200x300.jpg\" alt=\"Johan Bremer\" width=\"200\" height=\"300\" srcset=\"https:\/\/blogg.svenskakyrkan.se\/fastebloggen\/files\/2015\/02\/Johan-Bremer-200x300.jpg 200w, https:\/\/blogg.svenskakyrkan.se\/fastebloggen\/files\/2015\/02\/Johan-Bremer-682x1024.jpg 682w, https:\/\/blogg.svenskakyrkan.se\/fastebloggen\/files\/2015\/02\/Johan-Bremer.jpg 1536w\" sizes=\"auto, (max-width: 200px) 100vw, 200px\" \/><\/a><p id=\"caption-attachment-29\" class=\"wp-caption-text\">Johan Bremer<\/p><\/div>\n<p>Johan skriver:<\/p>\n<p>Vd \u00e4r det som h\u00e4nder i den h\u00e4r texten? \u00c4r det bara brudgummen som \u00e4r med p\u00e5 br\u00f6llopet? Ja, n\u00e4r Jesus talar om en br\u00f6llopsfest s\u00e5 \u00e4r den ganska annorlunda \u00e4n vad vi \u00e4r vana vid. Sj\u00e4lva festen var tydligen uppdelad och brudgummen hade en egen fest med sin sl\u00e4kt innan han m\u00f6tte sin brud. Men Jesus talar ju egentligen inte alls om ett br\u00f6llop vilket som helst, han talar om sig sj\u00e4lv \u2013 det \u00e4r han som \u00e4r brudgummen.<\/p>\n<p>\u201dGl\u00e4d dig du Kristi brud!\u201d S\u00e5 har vi sjungit i kyrkan under advent l\u00e5ngt innan \u00c5sa Waldau i Knutby b\u00f6rjade tala om sig sj\u00e4lv som Kristi brud. Bruden \u00e4r hela kyrkan, bruden \u00e4r du och jag och brudgummen \u00e4r Jesus. Det \u00e4r ett spr\u00e5kbruk som g\u00e5r tillbaka p\u00e5 Jesus sj\u00e4lv som vi ser i dagens text.<\/p>\n<p>Vi har nog ganska olika bilder av vad ett \u00e4ktenskap kan vara. Det \u00e4r ungef\u00e4r som askungen n\u00e4r hon talar om balen p\u00e5 slottet. Det kan vara l\u00e5ngtr\u00e5kigt, urtrist och alldeles underbart \u2013 precis som livet sj\u00e4lvt. Men mer \u00e4n n\u00e5got annat uttrycker bilden av kyrkan som brud och Jesus som brudgum n\u00e4rhet. S\u00e5 n\u00e4ra som vi \u00e4r i den n\u00e4rmaste relation \u2013 s\u00e5 n\u00e4ra \u00e4r Gud oss. Gud \u00e4r inte en \u00e5sikt, Jesus \u00e4r inte en id\u00e9 \u2013 han \u00e4r oss n\u00e4ra som en m\u00e4nniska vi \u00e4lskar. D\u00e4rf\u00f6r \u00e4r trons spr\u00e5k i b\u00f6ner och psalmer s\u00e5 n\u00e4ra k\u00e4rlekens spr\u00e5k, f\u00f6r relationer uttrycker vi s\u00e5.<\/p>\n<p>Poeten Bo Setterlind beskrev det s\u00e5 h\u00e4r i en dikt:<\/p>\n<p>HERRE,<br \/>\nDu ger mig idel sk\u00f6nhet,<br \/>\noch jag vet inte vad jag skall g\u00f6ra med den<br \/>\n&#8211; som n\u00e4r n\u00e5gon, som ingenting vet om blommor,<br \/>\nf\u00e5r famnen full<br \/>\nav Dig.<\/p>\n","protected":false},"excerpt":{"rendered":"<p>Lukas 5:34 Jesus svarade: \u201dInte kan ni v\u00e4l f\u00e5 br\u00f6llopsg\u00e4sterna att fasta s\u00e5 l\u00e4nge brudgummen \u00e4r hos dem? Johan skriver: Vd \u00e4r det som h\u00e4nder i den h\u00e4r texten? \u00c4r det bara brudgummen som \u00e4r med p\u00e5 br\u00f6llopet? Ja, n\u00e4r Jesus talar om en br\u00f6llopsfest s\u00e5 \u00e4r den ganska annorlunda \u00e4n vad vi \u00e4r vana [&hellip;]<\/p>\n","protected":false},"author":480,"featured_media":0,"comment_status":"open","ping_status":"open","sticky":false,"template":"","format":"standard","meta":{"_acf_changed":false,"footnotes":""},"categories":[99409,99407],"tags":[],"class_list":["post-56","post","type-post","status-publish","format-standard","hentry","category-andra-sondagen-i-fastan","category-johan-skriver"],"acf":[],"yoast_head":"<!-- This site is optimized with the Yoast SEO plugin v27.1.1 - https:\/\/yoast.com\/product\/yoast-seo-wordpress\/ -->\n<title>Kristi brud - Johans och Jennys fasteblogg<\/title>\n<meta name=\"robots\" content=\"index, follow, max-snippet:-1, max-image-preview:large, max-video-preview:-1\" \/>\n<link rel=\"canonical\" href=\"https:\/\/blogg.svenskakyrkan.se\/fastebloggen\/2015\/03\/05\/56\/\" \/>\n<meta property=\"og:locale\" content=\"sv_SE\" \/>\n<meta property=\"og:type\" content=\"article\" \/>\n<meta property=\"og:title\" content=\"Kristi brud - Johans och Jennys fasteblogg\" \/>\n<meta property=\"og:description\" content=\"Lukas 5:34 Jesus svarade: \u201dInte kan ni v\u00e4l f\u00e5 br\u00f6llopsg\u00e4sterna att fasta s\u00e5 l\u00e4nge brudgummen \u00e4r hos dem? Johan skriver: Vd \u00e4r det som h\u00e4nder i den h\u00e4r texten? \u00c4r det bara brudgummen som \u00e4r med p\u00e5 br\u00f6llopet? Ja, n\u00e4r Jesus talar om en br\u00f6llopsfest s\u00e5 \u00e4r den ganska annorlunda \u00e4n vad vi \u00e4r vana [&hellip;]\" \/>\n<meta property=\"og:url\" content=\"https:\/\/blogg.svenskakyrkan.se\/fastebloggen\/2015\/03\/05\/56\/\" \/>\n<meta property=\"og:site_name\" content=\"Johans och Jennys fasteblogg\" \/>\n<meta property=\"article:published_time\" content=\"2015-03-05T14:44:13+00:00\" \/>\n<meta property=\"article:modified_time\" content=\"2015-03-05T14:46:23+00:00\" \/>\n<meta property=\"og:image\" content=\"http:\/\/blogg.svenskakyrkan.se\/fastebloggen\/files\/2015\/02\/Johan-Bremer-200x300.jpg\" \/>\n<meta name=\"author\" content=\"fastebloggen\" \/>\n<meta name=\"twitter:card\" content=\"summary_large_image\" \/>\n<meta name=\"twitter:label1\" content=\"Skriven av\" \/>\n\t<meta name=\"twitter:data1\" content=\"fastebloggen\" \/>\n\t<meta name=\"twitter:label2\" content=\"Ber\u00e4knad l\u00e4stid\" \/>\n\t<meta name=\"twitter:data2\" content=\"2 minuter\" \/>\n<script type=\"application\/ld+json\" class=\"yoast-schema-graph\">{\"@context\":\"https:\/\/schema.org\",\"@graph\":[{\"@type\":\"Article\",\"@id\":\"https:\/\/blogg.svenskakyrkan.se\/fastebloggen\/2015\/03\/05\/56\/#article\",\"isPartOf\":{\"@id\":\"https:\/\/blogg.svenskakyrkan.se\/fastebloggen\/2015\/03\/05\/56\/\"},\"author\":{\"name\":\"fastebloggen\",\"@id\":\"https:\/\/blogg.svenskakyrkan.se\/fastebloggen\/#\/schema\/person\/f3d5fb80dd4d71eac466dcbaf59128ee\"},\"headline\":\"Kristi brud\",\"datePublished\":\"2015-03-05T14:44:13+00:00\",\"dateModified\":\"2015-03-05T14:46:23+00:00\",\"mainEntityOfPage\":{\"@id\":\"https:\/\/blogg.svenskakyrkan.se\/fastebloggen\/2015\/03\/05\/56\/\"},\"wordCount\":354,\"commentCount\":0,\"image\":{\"@id\":\"https:\/\/blogg.svenskakyrkan.se\/fastebloggen\/2015\/03\/05\/56\/#primaryimage\"},\"thumbnailUrl\":\"http:\/\/blogg.svenskakyrkan.se\/fastebloggen\/files\/2015\/02\/Johan-Bremer-200x300.jpg\",\"articleSection\":[\"Andra s\u00f6ndagen i fastan\",\"Johan skriver\"],\"inLanguage\":\"sv-SE\",\"potentialAction\":[{\"@type\":\"CommentAction\",\"name\":\"Comment\",\"target\":[\"https:\/\/blogg.svenskakyrkan.se\/fastebloggen\/2015\/03\/05\/56\/#respond\"]}]},{\"@type\":\"WebPage\",\"@id\":\"https:\/\/blogg.svenskakyrkan.se\/fastebloggen\/2015\/03\/05\/56\/\",\"url\":\"https:\/\/blogg.svenskakyrkan.se\/fastebloggen\/2015\/03\/05\/56\/\",\"name\":\"Kristi brud - Johans och Jennys fasteblogg\",\"isPartOf\":{\"@id\":\"https:\/\/blogg.svenskakyrkan.se\/fastebloggen\/#website\"},\"primaryImageOfPage\":{\"@id\":\"https:\/\/blogg.svenskakyrkan.se\/fastebloggen\/2015\/03\/05\/56\/#primaryimage\"},\"image\":{\"@id\":\"https:\/\/blogg.svenskakyrkan.se\/fastebloggen\/2015\/03\/05\/56\/#primaryimage\"},\"thumbnailUrl\":\"http:\/\/blogg.svenskakyrkan.se\/fastebloggen\/files\/2015\/02\/Johan-Bremer-200x300.jpg\",\"datePublished\":\"2015-03-05T14:44:13+00:00\",\"dateModified\":\"2015-03-05T14:46:23+00:00\",\"author\":{\"@id\":\"https:\/\/blogg.svenskakyrkan.se\/fastebloggen\/#\/schema\/person\/f3d5fb80dd4d71eac466dcbaf59128ee\"},\"breadcrumb\":{\"@id\":\"https:\/\/blogg.svenskakyrkan.se\/fastebloggen\/2015\/03\/05\/56\/#breadcrumb\"},\"inLanguage\":\"sv-SE\",\"potentialAction\":[{\"@type\":\"ReadAction\",\"target\":[\"https:\/\/blogg.svenskakyrkan.se\/fastebloggen\/2015\/03\/05\/56\/\"]}]},{\"@type\":\"ImageObject\",\"inLanguage\":\"sv-SE\",\"@id\":\"https:\/\/blogg.svenskakyrkan.se\/fastebloggen\/2015\/03\/05\/56\/#primaryimage\",\"url\":\"https:\/\/blogg.svenskakyrkan.se\/fastebloggen\/files\/2015\/02\/Johan-Bremer.jpg\",\"contentUrl\":\"https:\/\/blogg.svenskakyrkan.se\/fastebloggen\/files\/2015\/02\/Johan-Bremer.jpg\",\"width\":1536,\"height\":2304,\"caption\":\"Johan Bremer\"},{\"@type\":\"BreadcrumbList\",\"@id\":\"https:\/\/blogg.svenskakyrkan.se\/fastebloggen\/2015\/03\/05\/56\/#breadcrumb\",\"itemListElement\":[{\"@type\":\"ListItem\",\"position\":1,\"name\":\"Hem\",\"item\":\"https:\/\/blogg.svenskakyrkan.se\/fastebloggen\/\"},{\"@type\":\"ListItem\",\"position\":2,\"name\":\"Kristi brud\"}]},{\"@type\":\"WebSite\",\"@id\":\"https:\/\/blogg.svenskakyrkan.se\/fastebloggen\/#website\",\"url\":\"https:\/\/blogg.svenskakyrkan.se\/fastebloggen\/\",\"name\":\"Johans och Jennys fasteblogg\",\"description\":\"Johan och Jenny brevv\u00e4xlar om livet och f\u00f6rs\u00f6ker f\u00f6rst\u00e5 fastan 2021\",\"potentialAction\":[{\"@type\":\"SearchAction\",\"target\":{\"@type\":\"EntryPoint\",\"urlTemplate\":\"https:\/\/blogg.svenskakyrkan.se\/fastebloggen\/?s={search_term_string}\"},\"query-input\":{\"@type\":\"PropertyValueSpecification\",\"valueRequired\":true,\"valueName\":\"search_term_string\"}}],\"inLanguage\":\"sv-SE\"},{\"@type\":\"Person\",\"@id\":\"https:\/\/blogg.svenskakyrkan.se\/fastebloggen\/#\/schema\/person\/f3d5fb80dd4d71eac466dcbaf59128ee\",\"name\":\"fastebloggen\",\"image\":{\"@type\":\"ImageObject\",\"inLanguage\":\"sv-SE\",\"@id\":\"https:\/\/blogg.svenskakyrkan.se\/fastebloggen\/#\/schema\/person\/image\/\",\"url\":\"https:\/\/secure.gravatar.com\/avatar\/32fa98ef687580ad8b70ab86cd15809f008499d4d0e3d1a4142048c4ef0e1667?s=96&d=mm&r=g\",\"contentUrl\":\"https:\/\/secure.gravatar.com\/avatar\/32fa98ef687580ad8b70ab86cd15809f008499d4d0e3d1a4142048c4ef0e1667?s=96&d=mm&r=g\",\"caption\":\"fastebloggen\"},\"url\":\"https:\/\/blogg.svenskakyrkan.se\/fastebloggen\/author\/fastebloggen\/\"}]}<\/script>\n<!-- \/ Yoast SEO plugin. -->","yoast_head_json":{"title":"Kristi brud - Johans och Jennys fasteblogg","robots":{"index":"index","follow":"follow","max-snippet":"max-snippet:-1","max-image-preview":"max-image-preview:large","max-video-preview":"max-video-preview:-1"},"canonical":"https:\/\/blogg.svenskakyrkan.se\/fastebloggen\/2015\/03\/05\/56\/","og_locale":"sv_SE","og_type":"article","og_title":"Kristi brud - Johans och Jennys fasteblogg","og_description":"Lukas 5:34 Jesus svarade: \u201dInte kan ni v\u00e4l f\u00e5 br\u00f6llopsg\u00e4sterna att fasta s\u00e5 l\u00e4nge brudgummen \u00e4r hos dem? Johan skriver: Vd \u00e4r det som h\u00e4nder i den h\u00e4r texten? \u00c4r det bara brudgummen som \u00e4r med p\u00e5 br\u00f6llopet? Ja, n\u00e4r Jesus talar om en br\u00f6llopsfest s\u00e5 \u00e4r den ganska annorlunda \u00e4n vad vi \u00e4r vana [&hellip;]","og_url":"https:\/\/blogg.svenskakyrkan.se\/fastebloggen\/2015\/03\/05\/56\/","og_site_name":"Johans och Jennys fasteblogg","article_published_time":"2015-03-05T14:44:13+00:00","article_modified_time":"2015-03-05T14:46:23+00:00","og_image":[{"url":"http:\/\/blogg.svenskakyrkan.se\/fastebloggen\/files\/2015\/02\/Johan-Bremer-200x300.jpg","type":"","width":"","height":""}],"author":"fastebloggen","twitter_card":"summary_large_image","twitter_misc":{"Skriven av":"fastebloggen","Ber\u00e4knad l\u00e4stid":"2 minuter"},"schema":{"@context":"https:\/\/schema.org","@graph":[{"@type":"Article","@id":"https:\/\/blogg.svenskakyrkan.se\/fastebloggen\/2015\/03\/05\/56\/#article","isPartOf":{"@id":"https:\/\/blogg.svenskakyrkan.se\/fastebloggen\/2015\/03\/05\/56\/"},"author":{"name":"fastebloggen","@id":"https:\/\/blogg.svenskakyrkan.se\/fastebloggen\/#\/schema\/person\/f3d5fb80dd4d71eac466dcbaf59128ee"},"headline":"Kristi brud","datePublished":"2015-03-05T14:44:13+00:00","dateModified":"2015-03-05T14:46:23+00:00","mainEntityOfPage":{"@id":"https:\/\/blogg.svenskakyrkan.se\/fastebloggen\/2015\/03\/05\/56\/"},"wordCount":354,"commentCount":0,"image":{"@id":"https:\/\/blogg.svenskakyrkan.se\/fastebloggen\/2015\/03\/05\/56\/#primaryimage"},"thumbnailUrl":"http:\/\/blogg.svenskakyrkan.se\/fastebloggen\/files\/2015\/02\/Johan-Bremer-200x300.jpg","articleSection":["Andra s\u00f6ndagen i fastan","Johan skriver"],"inLanguage":"sv-SE","potentialAction":[{"@type":"CommentAction","name":"Comment","target":["https:\/\/blogg.svenskakyrkan.se\/fastebloggen\/2015\/03\/05\/56\/#respond"]}]},{"@type":"WebPage","@id":"https:\/\/blogg.svenskakyrkan.se\/fastebloggen\/2015\/03\/05\/56\/","url":"https:\/\/blogg.svenskakyrkan.se\/fastebloggen\/2015\/03\/05\/56\/","name":"Kristi brud - Johans och Jennys fasteblogg","isPartOf":{"@id":"https:\/\/blogg.svenskakyrkan.se\/fastebloggen\/#website"},"primaryImageOfPage":{"@id":"https:\/\/blogg.svenskakyrkan.se\/fastebloggen\/2015\/03\/05\/56\/#primaryimage"},"image":{"@id":"https:\/\/blogg.svenskakyrkan.se\/fastebloggen\/2015\/03\/05\/56\/#primaryimage"},"thumbnailUrl":"http:\/\/blogg.svenskakyrkan.se\/fastebloggen\/files\/2015\/02\/Johan-Bremer-200x300.jpg","datePublished":"2015-03-05T14:44:13+00:00","dateModified":"2015-03-05T14:46:23+00:00","author":{"@id":"https:\/\/blogg.svenskakyrkan.se\/fastebloggen\/#\/schema\/person\/f3d5fb80dd4d71eac466dcbaf59128ee"},"breadcrumb":{"@id":"https:\/\/blogg.svenskakyrkan.se\/fastebloggen\/2015\/03\/05\/56\/#breadcrumb"},"inLanguage":"sv-SE","potentialAction":[{"@type":"ReadAction","target":["https:\/\/blogg.svenskakyrkan.se\/fastebloggen\/2015\/03\/05\/56\/"]}]},{"@type":"ImageObject","inLanguage":"sv-SE","@id":"https:\/\/blogg.svenskakyrkan.se\/fastebloggen\/2015\/03\/05\/56\/#primaryimage","url":"https:\/\/blogg.svenskakyrkan.se\/fastebloggen\/files\/2015\/02\/Johan-Bremer.jpg","contentUrl":"https:\/\/blogg.svenskakyrkan.se\/fastebloggen\/files\/2015\/02\/Johan-Bremer.jpg","width":1536,"height":2304,"caption":"Johan Bremer"},{"@type":"BreadcrumbList","@id":"https:\/\/blogg.svenskakyrkan.se\/fastebloggen\/2015\/03\/05\/56\/#breadcrumb","itemListElement":[{"@type":"ListItem","position":1,"name":"Hem","item":"https:\/\/blogg.svenskakyrkan.se\/fastebloggen\/"},{"@type":"ListItem","position":2,"name":"Kristi brud"}]},{"@type":"WebSite","@id":"https:\/\/blogg.svenskakyrkan.se\/fastebloggen\/#website","url":"https:\/\/blogg.svenskakyrkan.se\/fastebloggen\/","name":"Johans och Jennys fasteblogg","description":"Johan och Jenny brevv\u00e4xlar om livet och f\u00f6rs\u00f6ker f\u00f6rst\u00e5 fastan 2021","potentialAction":[{"@type":"SearchAction","target":{"@type":"EntryPoint","urlTemplate":"https:\/\/blogg.svenskakyrkan.se\/fastebloggen\/?s={search_term_string}"},"query-input":{"@type":"PropertyValueSpecification","valueRequired":true,"valueName":"search_term_string"}}],"inLanguage":"sv-SE"},{"@type":"Person","@id":"https:\/\/blogg.svenskakyrkan.se\/fastebloggen\/#\/schema\/person\/f3d5fb80dd4d71eac466dcbaf59128ee","name":"fastebloggen","image":{"@type":"ImageObject","inLanguage":"sv-SE","@id":"https:\/\/blogg.svenskakyrkan.se\/fastebloggen\/#\/schema\/person\/image\/","url":"https:\/\/secure.gravatar.com\/avatar\/32fa98ef687580ad8b70ab86cd15809f008499d4d0e3d1a4142048c4ef0e1667?s=96&d=mm&r=g","contentUrl":"https:\/\/secure.gravatar.com\/avatar\/32fa98ef687580ad8b70ab86cd15809f008499d4d0e3d1a4142048c4ef0e1667?s=96&d=mm&r=g","caption":"fastebloggen"},"url":"https:\/\/blogg.svenskakyrkan.se\/fastebloggen\/author\/fastebloggen\/"}]}},"author_meta":{"ID":"480","user_nicename":"fastebloggen","user_registered":"2015-02-25 10:06:38","display_name":"fastebloggen","avatar":"https:\/\/secure.gravatar.com\/avatar\/32fa98ef687580ad8b70ab86cd15809f008499d4d0e3d1a4142048c4ef0e1667?s=96&d=mm&r=g"},"featured_image":false,"bloginfo":{"name":"Johans och Jennys fasteblogg","url":"https:\/\/blogg.svenskakyrkan.se\/fastebloggen"},"_links":{"self":[{"href":"https:\/\/blogg.svenskakyrkan.se\/fastebloggen\/wp-json\/wp\/v2\/posts\/56","targetHints":{"allow":["GET"]}}],"collection":[{"href":"https:\/\/blogg.svenskakyrkan.se\/fastebloggen\/wp-json\/wp\/v2\/posts"}],"about":[{"href":"https:\/\/blogg.svenskakyrkan.se\/fastebloggen\/wp-json\/wp\/v2\/types\/post"}],"author":[{"embeddable":true,"href":"https:\/\/blogg.svenskakyrkan.se\/fastebloggen\/wp-json\/wp\/v2\/users\/480"}],"replies":[{"embeddable":true,"href":"https:\/\/blogg.svenskakyrkan.se\/fastebloggen\/wp-json\/wp\/v2\/comments?post=56"}],"version-history":[{"count":3,"href":"https:\/\/blogg.svenskakyrkan.se\/fastebloggen\/wp-json\/wp\/v2\/posts\/56\/revisions"}],"predecessor-version":[{"id":59,"href":"https:\/\/blogg.svenskakyrkan.se\/fastebloggen\/wp-json\/wp\/v2\/posts\/56\/revisions\/59"}],"wp:attachment":[{"href":"https:\/\/blogg.svenskakyrkan.se\/fastebloggen\/wp-json\/wp\/v2\/media?parent=56"}],"wp:term":[{"taxonomy":"category","embeddable":true,"href":"https:\/\/blogg.svenskakyrkan.se\/fastebloggen\/wp-json\/wp\/v2\/categories?post=56"},{"taxonomy":"post_tag","embeddable":true,"href":"https:\/\/blogg.svenskakyrkan.se\/fastebloggen\/wp-json\/wp\/v2\/tags?post=56"}],"curies":[{"name":"wp","href":"https:\/\/api.w.org\/{rel}","templated":true}]}}