{"id":117,"date":"2011-06-10T21:14:53","date_gmt":"2011-06-10T21:14:53","guid":{"rendered":"http:\/\/blogg.svenskakyrkan.se\/gerle\/?p=117"},"modified":"2011-06-10T21:14:53","modified_gmt":"2011-06-10T21:14:53","slug":"hanryckning","status":"publish","type":"post","link":"https:\/\/blogg.svenskakyrkan.se\/gerle\/2011\/06\/10\/hanryckning\/","title":{"rendered":"H\u00e4nryckning"},"content":{"rendered":"<p>Solr\u00f6da moln speglar sig i vattnet, domkyrkotornen, slottet&#8230; Ungdomar i klasar l\u00e4ngs Fyris\u00e5n\u00a0t\u00e4vlar med Botans rhododendron om att ropa ut att sommaren \u00e4r h\u00e4r!<\/p>\n<p>Skolavslutning, studenter, terminsavsluningar \u00e4ven f\u00f6r vuxna.Den blomstertid nu kommer,med lust och f\u00e4gring stor.Du nalkas ljuva sommar&#8230;.Det k\u00e4nns som om den redan \u00e4r h\u00e4r! Hett, s\u00f6ker mig till skuggan.<\/p>\n<p>Det \u00e4r pingst. H\u00e4nryckningens tid. Vinden bl\u00e5ser vart den vill. Kan inte kontolleras. L\u00e4ngtan efter frihet och v\u00e4rdighet skakar hela Mellan\u00f6stern. Ber\u00e4ttelserna fr\u00e5n Damaskus,och Kairo f\u00f6rmedlar b\u00e5de hopp och v\u00e5nda. Deltagarna i seminariet om civilkurage p\u00e5 Dag Hammarskj\u00f6ldstiftelsen f\u00f6r med sig starka intryck. Mer \u00e4n en har suttit f\u00e4ngslad f\u00f6r sitt arbete . M\u00e4nskliga r\u00e4ttigheter \u00e4r inte tomma ord i Burma och Zimbabwe. Modet att st\u00e5 upp mot f\u00f6rtryckande regimer ber\u00f6r. \u00c4nd\u00e5 sv\u00e5rt f\u00f6r verklig demokrati och respekt f\u00f6r m\u00e4nskliga r\u00e4ttigheter att f\u00e5 blomma ut. Motkrafterna \u00e4r starka och kl\u00e4ttrar likt Babels torn mot h\u00f6jden i f\u00e5f\u00e4nga och girighet.\u00a0\u00a0L\u00e4ngtan efter gudsvinden, vishetens, modets och k\u00e4rlekens Ande v\u00e4xer sig allt starkare.<\/p>\n","protected":false},"excerpt":{"rendered":"<p>Solr\u00f6da moln speglar sig i vattnet, domkyrkotornen, slottet&#8230; Ungdomar i klasar l\u00e4ngs Fyris\u00e5n\u00a0t\u00e4vlar med Botans rhododendron om att ropa ut att sommaren \u00e4r h\u00e4r! Skolavslutning, studenter, terminsavsluningar \u00e4ven f\u00f6r vuxna.Den blomstertid nu kommer,med lust och f\u00e4gring stor.Du nalkas ljuva sommar&#8230;.Det k\u00e4nns som om den redan \u00e4r h\u00e4r! Hett, s\u00f6ker mig till skuggan. Det \u00e4r pingst. [&hellip;]<\/p>\n","protected":false},"author":63,"featured_media":0,"comment_status":"open","ping_status":"open","sticky":false,"template":"","format":"standard","meta":{"_acf_changed":false,"footnotes":""},"categories":[9],"tags":[],"class_list":["post-117","post","type-post","status-publish","format-standard","hentry","category-okategoriserade"],"acf":[],"yoast_head":"<!-- This site is optimized with the Yoast SEO plugin v27.1.1 - https:\/\/yoast.com\/product\/yoast-seo-wordpress\/ -->\n<title>H\u00e4nryckning - Elisabeth Gerle funderar<\/title>\n<meta name=\"robots\" content=\"index, follow, max-snippet:-1, max-image-preview:large, max-video-preview:-1\" \/>\n<link rel=\"canonical\" href=\"https:\/\/blogg.svenskakyrkan.se\/gerle\/2011\/06\/10\/hanryckning\/\" \/>\n<meta property=\"og:locale\" content=\"sv_SE\" \/>\n<meta property=\"og:type\" content=\"article\" \/>\n<meta property=\"og:title\" content=\"H\u00e4nryckning - Elisabeth Gerle funderar\" \/>\n<meta property=\"og:description\" content=\"Solr\u00f6da moln speglar sig i vattnet, domkyrkotornen, slottet&#8230; Ungdomar i klasar l\u00e4ngs Fyris\u00e5n\u00a0t\u00e4vlar med Botans rhododendron om att ropa ut att sommaren \u00e4r h\u00e4r! Skolavslutning, studenter, terminsavsluningar \u00e4ven f\u00f6r vuxna.Den blomstertid nu kommer,med lust och f\u00e4gring stor.Du nalkas ljuva sommar&#8230;.Det k\u00e4nns som om den redan \u00e4r h\u00e4r! Hett, s\u00f6ker mig till skuggan. Det \u00e4r pingst. [&hellip;]\" \/>\n<meta property=\"og:url\" content=\"https:\/\/blogg.svenskakyrkan.se\/gerle\/2011\/06\/10\/hanryckning\/\" \/>\n<meta property=\"og:site_name\" content=\"Elisabeth Gerle funderar\" \/>\n<meta property=\"article:published_time\" content=\"2011-06-10T21:14:53+00:00\" \/>\n<meta name=\"author\" content=\"Elisabeth Gerle\" \/>\n<meta name=\"twitter:card\" content=\"summary_large_image\" \/>\n<meta name=\"twitter:label1\" content=\"Skriven av\" \/>\n\t<meta name=\"twitter:data1\" content=\"Elisabeth Gerle\" \/>\n\t<meta name=\"twitter:label2\" content=\"Ber\u00e4knad l\u00e4stid\" \/>\n\t<meta name=\"twitter:data2\" content=\"1 minut\" \/>\n<script type=\"application\/ld+json\" class=\"yoast-schema-graph\">{\"@context\":\"https:\/\/schema.org\",\"@graph\":[{\"@type\":\"Article\",\"@id\":\"https:\/\/blogg.svenskakyrkan.se\/gerle\/2011\/06\/10\/hanryckning\/#article\",\"isPartOf\":{\"@id\":\"https:\/\/blogg.svenskakyrkan.se\/gerle\/2011\/06\/10\/hanryckning\/\"},\"author\":{\"name\":\"Elisabeth Gerle\",\"@id\":\"https:\/\/blogg.svenskakyrkan.se\/gerle\/#\/schema\/person\/785ea9fb35fb8ed3c2c9951295712d1b\"},\"headline\":\"H\u00e4nryckning\",\"datePublished\":\"2011-06-10T21:14:53+00:00\",\"mainEntityOfPage\":{\"@id\":\"https:\/\/blogg.svenskakyrkan.se\/gerle\/2011\/06\/10\/hanryckning\/\"},\"wordCount\":210,\"commentCount\":2,\"inLanguage\":\"sv-SE\",\"potentialAction\":[{\"@type\":\"CommentAction\",\"name\":\"Comment\",\"target\":[\"https:\/\/blogg.svenskakyrkan.se\/gerle\/2011\/06\/10\/hanryckning\/#respond\"]}]},{\"@type\":\"WebPage\",\"@id\":\"https:\/\/blogg.svenskakyrkan.se\/gerle\/2011\/06\/10\/hanryckning\/\",\"url\":\"https:\/\/blogg.svenskakyrkan.se\/gerle\/2011\/06\/10\/hanryckning\/\",\"name\":\"H\u00e4nryckning - Elisabeth Gerle funderar\",\"isPartOf\":{\"@id\":\"https:\/\/blogg.svenskakyrkan.se\/gerle\/#website\"},\"datePublished\":\"2011-06-10T21:14:53+00:00\",\"author\":{\"@id\":\"https:\/\/blogg.svenskakyrkan.se\/gerle\/#\/schema\/person\/785ea9fb35fb8ed3c2c9951295712d1b\"},\"breadcrumb\":{\"@id\":\"https:\/\/blogg.svenskakyrkan.se\/gerle\/2011\/06\/10\/hanryckning\/#breadcrumb\"},\"inLanguage\":\"sv-SE\",\"potentialAction\":[{\"@type\":\"ReadAction\",\"target\":[\"https:\/\/blogg.svenskakyrkan.se\/gerle\/2011\/06\/10\/hanryckning\/\"]}]},{\"@type\":\"BreadcrumbList\",\"@id\":\"https:\/\/blogg.svenskakyrkan.se\/gerle\/2011\/06\/10\/hanryckning\/#breadcrumb\",\"itemListElement\":[{\"@type\":\"ListItem\",\"position\":1,\"name\":\"Hem\",\"item\":\"https:\/\/blogg.svenskakyrkan.se\/gerle\/\"},{\"@type\":\"ListItem\",\"position\":2,\"name\":\"H\u00e4nryckning\"}]},{\"@type\":\"WebSite\",\"@id\":\"https:\/\/blogg.svenskakyrkan.se\/gerle\/#website\",\"url\":\"https:\/\/blogg.svenskakyrkan.se\/gerle\/\",\"name\":\"Elisabeth Gerle funderar\",\"description\":\"\",\"potentialAction\":[{\"@type\":\"SearchAction\",\"target\":{\"@type\":\"EntryPoint\",\"urlTemplate\":\"https:\/\/blogg.svenskakyrkan.se\/gerle\/?s={search_term_string}\"},\"query-input\":{\"@type\":\"PropertyValueSpecification\",\"valueRequired\":true,\"valueName\":\"search_term_string\"}}],\"inLanguage\":\"sv-SE\"},{\"@type\":\"Person\",\"@id\":\"https:\/\/blogg.svenskakyrkan.se\/gerle\/#\/schema\/person\/785ea9fb35fb8ed3c2c9951295712d1b\",\"name\":\"Elisabeth Gerle\",\"image\":{\"@type\":\"ImageObject\",\"inLanguage\":\"sv-SE\",\"@id\":\"https:\/\/blogg.svenskakyrkan.se\/gerle\/#\/schema\/person\/image\/\",\"url\":\"https:\/\/secure.gravatar.com\/avatar\/ae0524dd142908d7c8372401d72efaa66409cd86ee31f5e1eb23ae87edcf05e5?s=96&d=mm&r=g\",\"contentUrl\":\"https:\/\/secure.gravatar.com\/avatar\/ae0524dd142908d7c8372401d72efaa66409cd86ee31f5e1eb23ae87edcf05e5?s=96&d=mm&r=g\",\"caption\":\"Elisabeth Gerle\"},\"url\":\"https:\/\/blogg.svenskakyrkan.se\/gerle\/author\/gerle\/\"}]}<\/script>\n<!-- \/ Yoast SEO plugin. -->","yoast_head_json":{"title":"H\u00e4nryckning - Elisabeth Gerle funderar","robots":{"index":"index","follow":"follow","max-snippet":"max-snippet:-1","max-image-preview":"max-image-preview:large","max-video-preview":"max-video-preview:-1"},"canonical":"https:\/\/blogg.svenskakyrkan.se\/gerle\/2011\/06\/10\/hanryckning\/","og_locale":"sv_SE","og_type":"article","og_title":"H\u00e4nryckning - Elisabeth Gerle funderar","og_description":"Solr\u00f6da moln speglar sig i vattnet, domkyrkotornen, slottet&#8230; Ungdomar i klasar l\u00e4ngs Fyris\u00e5n\u00a0t\u00e4vlar med Botans rhododendron om att ropa ut att sommaren \u00e4r h\u00e4r! Skolavslutning, studenter, terminsavsluningar \u00e4ven f\u00f6r vuxna.Den blomstertid nu kommer,med lust och f\u00e4gring stor.Du nalkas ljuva sommar&#8230;.Det k\u00e4nns som om den redan \u00e4r h\u00e4r! Hett, s\u00f6ker mig till skuggan. Det \u00e4r pingst. [&hellip;]","og_url":"https:\/\/blogg.svenskakyrkan.se\/gerle\/2011\/06\/10\/hanryckning\/","og_site_name":"Elisabeth Gerle funderar","article_published_time":"2011-06-10T21:14:53+00:00","author":"Elisabeth Gerle","twitter_card":"summary_large_image","twitter_misc":{"Skriven av":"Elisabeth Gerle","Ber\u00e4knad l\u00e4stid":"1 minut"},"schema":{"@context":"https:\/\/schema.org","@graph":[{"@type":"Article","@id":"https:\/\/blogg.svenskakyrkan.se\/gerle\/2011\/06\/10\/hanryckning\/#article","isPartOf":{"@id":"https:\/\/blogg.svenskakyrkan.se\/gerle\/2011\/06\/10\/hanryckning\/"},"author":{"name":"Elisabeth Gerle","@id":"https:\/\/blogg.svenskakyrkan.se\/gerle\/#\/schema\/person\/785ea9fb35fb8ed3c2c9951295712d1b"},"headline":"H\u00e4nryckning","datePublished":"2011-06-10T21:14:53+00:00","mainEntityOfPage":{"@id":"https:\/\/blogg.svenskakyrkan.se\/gerle\/2011\/06\/10\/hanryckning\/"},"wordCount":210,"commentCount":2,"inLanguage":"sv-SE","potentialAction":[{"@type":"CommentAction","name":"Comment","target":["https:\/\/blogg.svenskakyrkan.se\/gerle\/2011\/06\/10\/hanryckning\/#respond"]}]},{"@type":"WebPage","@id":"https:\/\/blogg.svenskakyrkan.se\/gerle\/2011\/06\/10\/hanryckning\/","url":"https:\/\/blogg.svenskakyrkan.se\/gerle\/2011\/06\/10\/hanryckning\/","name":"H\u00e4nryckning - Elisabeth Gerle funderar","isPartOf":{"@id":"https:\/\/blogg.svenskakyrkan.se\/gerle\/#website"},"datePublished":"2011-06-10T21:14:53+00:00","author":{"@id":"https:\/\/blogg.svenskakyrkan.se\/gerle\/#\/schema\/person\/785ea9fb35fb8ed3c2c9951295712d1b"},"breadcrumb":{"@id":"https:\/\/blogg.svenskakyrkan.se\/gerle\/2011\/06\/10\/hanryckning\/#breadcrumb"},"inLanguage":"sv-SE","potentialAction":[{"@type":"ReadAction","target":["https:\/\/blogg.svenskakyrkan.se\/gerle\/2011\/06\/10\/hanryckning\/"]}]},{"@type":"BreadcrumbList","@id":"https:\/\/blogg.svenskakyrkan.se\/gerle\/2011\/06\/10\/hanryckning\/#breadcrumb","itemListElement":[{"@type":"ListItem","position":1,"name":"Hem","item":"https:\/\/blogg.svenskakyrkan.se\/gerle\/"},{"@type":"ListItem","position":2,"name":"H\u00e4nryckning"}]},{"@type":"WebSite","@id":"https:\/\/blogg.svenskakyrkan.se\/gerle\/#website","url":"https:\/\/blogg.svenskakyrkan.se\/gerle\/","name":"Elisabeth Gerle funderar","description":"","potentialAction":[{"@type":"SearchAction","target":{"@type":"EntryPoint","urlTemplate":"https:\/\/blogg.svenskakyrkan.se\/gerle\/?s={search_term_string}"},"query-input":{"@type":"PropertyValueSpecification","valueRequired":true,"valueName":"search_term_string"}}],"inLanguage":"sv-SE"},{"@type":"Person","@id":"https:\/\/blogg.svenskakyrkan.se\/gerle\/#\/schema\/person\/785ea9fb35fb8ed3c2c9951295712d1b","name":"Elisabeth Gerle","image":{"@type":"ImageObject","inLanguage":"sv-SE","@id":"https:\/\/blogg.svenskakyrkan.se\/gerle\/#\/schema\/person\/image\/","url":"https:\/\/secure.gravatar.com\/avatar\/ae0524dd142908d7c8372401d72efaa66409cd86ee31f5e1eb23ae87edcf05e5?s=96&d=mm&r=g","contentUrl":"https:\/\/secure.gravatar.com\/avatar\/ae0524dd142908d7c8372401d72efaa66409cd86ee31f5e1eb23ae87edcf05e5?s=96&d=mm&r=g","caption":"Elisabeth Gerle"},"url":"https:\/\/blogg.svenskakyrkan.se\/gerle\/author\/gerle\/"}]}},"author_meta":{"ID":"63","user_nicename":"gerle","user_registered":"2011-05-05 12:24:01","display_name":"Elisabeth Gerle","first_name":"Elisabeth","last_name":"Gerle","avatar":"https:\/\/secure.gravatar.com\/avatar\/ae0524dd142908d7c8372401d72efaa66409cd86ee31f5e1eb23ae87edcf05e5?s=96&d=mm&r=g"},"featured_image":false,"bloginfo":{"name":"Elisabeth Gerle funderar","url":"https:\/\/blogg.svenskakyrkan.se\/gerle"},"_links":{"self":[{"href":"https:\/\/blogg.svenskakyrkan.se\/gerle\/wp-json\/wp\/v2\/posts\/117","targetHints":{"allow":["GET"]}}],"collection":[{"href":"https:\/\/blogg.svenskakyrkan.se\/gerle\/wp-json\/wp\/v2\/posts"}],"about":[{"href":"https:\/\/blogg.svenskakyrkan.se\/gerle\/wp-json\/wp\/v2\/types\/post"}],"author":[{"embeddable":true,"href":"https:\/\/blogg.svenskakyrkan.se\/gerle\/wp-json\/wp\/v2\/users\/63"}],"replies":[{"embeddable":true,"href":"https:\/\/blogg.svenskakyrkan.se\/gerle\/wp-json\/wp\/v2\/comments?post=117"}],"version-history":[{"count":5,"href":"https:\/\/blogg.svenskakyrkan.se\/gerle\/wp-json\/wp\/v2\/posts\/117\/revisions"}],"predecessor-version":[{"id":122,"href":"https:\/\/blogg.svenskakyrkan.se\/gerle\/wp-json\/wp\/v2\/posts\/117\/revisions\/122"}],"wp:attachment":[{"href":"https:\/\/blogg.svenskakyrkan.se\/gerle\/wp-json\/wp\/v2\/media?parent=117"}],"wp:term":[{"taxonomy":"category","embeddable":true,"href":"https:\/\/blogg.svenskakyrkan.se\/gerle\/wp-json\/wp\/v2\/categories?post=117"},{"taxonomy":"post_tag","embeddable":true,"href":"https:\/\/blogg.svenskakyrkan.se\/gerle\/wp-json\/wp\/v2\/tags?post=117"}],"curies":[{"name":"wp","href":"https:\/\/api.w.org\/{rel}","templated":true}]}}