{"id":124,"date":"2011-06-22T11:09:23","date_gmt":"2011-06-22T11:09:23","guid":{"rendered":"http:\/\/blogg.svenskakyrkan.se\/gerle\/?p=124"},"modified":"2011-06-22T13:10:15","modified_gmt":"2011-06-22T13:10:15","slug":"lojal-mot-vem","status":"publish","type":"post","link":"https:\/\/blogg.svenskakyrkan.se\/gerle\/2011\/06\/22\/lojal-mot-vem\/","title":{"rendered":"Lojal mot vem?"},"content":{"rendered":"<p>Rudolf H\u00f6ss var lojal. Han var ett med systemet. Redan 1934 gick han med i SS och blev en av judeutrotningens organisat\u00f6rer. N\u00e4r han blev kommendant f\u00f6r Auschwitz s\u00e5g han till att inr\u00e4tta gaskamrar i p\u00e5 Himmlers order. Efter kriget beklagade han sig och sa:<\/p>\n<p>-Jag var inte alltf\u00f6r lycklig under de d\u00e4r \u00e5ren. Jag hade f\u00f6r f\u00e5 anst\u00e4llda. Det gjorde att jag inte kunde leva upp till m\u00e5len.<\/p>\n<p>Det enda han \u00e5ngrade var att arbetet tagit s\u00e5 stor del av hans tid att han f\u00f6rsummat sin familj.<\/p>\n<p>\u201dLydnad har d\u00f6dat fler m\u00e4nniskor \u00e4n olydnad\u201d konstaterade Peter Weiderud, f.d. utrikeschef vid Svenska kyrkan, numera bla ordf\u00f6rande Socialdemokrater f\u00f6r Tro och solidaritet som tidigare hette\u00a0Broderskapsr\u00f6relsen. Han var en av talarna vid ett seminarium om civilkurage som Dag Hammarskj\u00f6ldstiftelsen i Uppsala ordnade 10-11 juni.<\/p>\n<p>Han ber\u00e4ttade ocks\u00e5 att FN:s generalsekreterare Ban Ki-mon tagit avst\u00e5nd fr\u00e5n den planerade nya Ship to Gaza som vill f\u00e4ste uppm\u00e4rksamheten p\u00e5 Israels blockad av Gaza. Jag undrar vem han lyder?<\/p>\n","protected":false},"excerpt":{"rendered":"<p>Rudolf H\u00f6ss var lojal. Han var ett med systemet. Redan 1934 gick han med i SS och blev en av judeutrotningens organisat\u00f6rer. N\u00e4r han blev kommendant f\u00f6r Auschwitz s\u00e5g han till att inr\u00e4tta gaskamrar i p\u00e5 Himmlers order. Efter kriget beklagade han sig och sa: -Jag var inte alltf\u00f6r lycklig under de d\u00e4r \u00e5ren. Jag [&hellip;]<\/p>\n","protected":false},"author":63,"featured_media":0,"comment_status":"open","ping_status":"open","sticky":false,"template":"","format":"standard","meta":{"_acf_changed":false,"footnotes":""},"categories":[9],"tags":[],"class_list":["post-124","post","type-post","status-publish","format-standard","hentry","category-okategoriserade"],"acf":[],"yoast_head":"<!-- This site is optimized with the Yoast SEO plugin v27.1.1 - https:\/\/yoast.com\/product\/yoast-seo-wordpress\/ -->\n<title>Lojal mot vem? - Elisabeth Gerle funderar<\/title>\n<meta name=\"robots\" content=\"index, follow, max-snippet:-1, max-image-preview:large, max-video-preview:-1\" \/>\n<link rel=\"canonical\" href=\"https:\/\/blogg.svenskakyrkan.se\/gerle\/2011\/06\/22\/lojal-mot-vem\/\" \/>\n<meta property=\"og:locale\" content=\"sv_SE\" \/>\n<meta property=\"og:type\" content=\"article\" \/>\n<meta property=\"og:title\" content=\"Lojal mot vem? - Elisabeth Gerle funderar\" \/>\n<meta property=\"og:description\" content=\"Rudolf H\u00f6ss var lojal. Han var ett med systemet. Redan 1934 gick han med i SS och blev en av judeutrotningens organisat\u00f6rer. N\u00e4r han blev kommendant f\u00f6r Auschwitz s\u00e5g han till att inr\u00e4tta gaskamrar i p\u00e5 Himmlers order. Efter kriget beklagade han sig och sa: -Jag var inte alltf\u00f6r lycklig under de d\u00e4r \u00e5ren. Jag [&hellip;]\" \/>\n<meta property=\"og:url\" content=\"https:\/\/blogg.svenskakyrkan.se\/gerle\/2011\/06\/22\/lojal-mot-vem\/\" \/>\n<meta property=\"og:site_name\" content=\"Elisabeth Gerle funderar\" \/>\n<meta property=\"article:published_time\" content=\"2011-06-22T11:09:23+00:00\" \/>\n<meta property=\"article:modified_time\" content=\"2011-06-22T13:10:15+00:00\" \/>\n<meta name=\"author\" content=\"Elisabeth Gerle\" \/>\n<meta name=\"twitter:card\" content=\"summary_large_image\" \/>\n<meta name=\"twitter:label1\" content=\"Skriven av\" \/>\n\t<meta name=\"twitter:data1\" content=\"Elisabeth Gerle\" \/>\n\t<meta name=\"twitter:label2\" content=\"Ber\u00e4knad l\u00e4stid\" \/>\n\t<meta name=\"twitter:data2\" content=\"1 minut\" \/>\n<script type=\"application\/ld+json\" class=\"yoast-schema-graph\">{\"@context\":\"https:\/\/schema.org\",\"@graph\":[{\"@type\":\"Article\",\"@id\":\"https:\/\/blogg.svenskakyrkan.se\/gerle\/2011\/06\/22\/lojal-mot-vem\/#article\",\"isPartOf\":{\"@id\":\"https:\/\/blogg.svenskakyrkan.se\/gerle\/2011\/06\/22\/lojal-mot-vem\/\"},\"author\":{\"name\":\"Elisabeth Gerle\",\"@id\":\"https:\/\/blogg.svenskakyrkan.se\/gerle\/#\/schema\/person\/785ea9fb35fb8ed3c2c9951295712d1b\"},\"headline\":\"Lojal mot vem?\",\"datePublished\":\"2011-06-22T11:09:23+00:00\",\"dateModified\":\"2011-06-22T13:10:15+00:00\",\"mainEntityOfPage\":{\"@id\":\"https:\/\/blogg.svenskakyrkan.se\/gerle\/2011\/06\/22\/lojal-mot-vem\/\"},\"wordCount\":191,\"commentCount\":0,\"inLanguage\":\"sv-SE\",\"potentialAction\":[{\"@type\":\"CommentAction\",\"name\":\"Comment\",\"target\":[\"https:\/\/blogg.svenskakyrkan.se\/gerle\/2011\/06\/22\/lojal-mot-vem\/#respond\"]}]},{\"@type\":\"WebPage\",\"@id\":\"https:\/\/blogg.svenskakyrkan.se\/gerle\/2011\/06\/22\/lojal-mot-vem\/\",\"url\":\"https:\/\/blogg.svenskakyrkan.se\/gerle\/2011\/06\/22\/lojal-mot-vem\/\",\"name\":\"Lojal mot vem? - Elisabeth Gerle funderar\",\"isPartOf\":{\"@id\":\"https:\/\/blogg.svenskakyrkan.se\/gerle\/#website\"},\"datePublished\":\"2011-06-22T11:09:23+00:00\",\"dateModified\":\"2011-06-22T13:10:15+00:00\",\"author\":{\"@id\":\"https:\/\/blogg.svenskakyrkan.se\/gerle\/#\/schema\/person\/785ea9fb35fb8ed3c2c9951295712d1b\"},\"breadcrumb\":{\"@id\":\"https:\/\/blogg.svenskakyrkan.se\/gerle\/2011\/06\/22\/lojal-mot-vem\/#breadcrumb\"},\"inLanguage\":\"sv-SE\",\"potentialAction\":[{\"@type\":\"ReadAction\",\"target\":[\"https:\/\/blogg.svenskakyrkan.se\/gerle\/2011\/06\/22\/lojal-mot-vem\/\"]}]},{\"@type\":\"BreadcrumbList\",\"@id\":\"https:\/\/blogg.svenskakyrkan.se\/gerle\/2011\/06\/22\/lojal-mot-vem\/#breadcrumb\",\"itemListElement\":[{\"@type\":\"ListItem\",\"position\":1,\"name\":\"Hem\",\"item\":\"https:\/\/blogg.svenskakyrkan.se\/gerle\/\"},{\"@type\":\"ListItem\",\"position\":2,\"name\":\"Lojal mot vem?\"}]},{\"@type\":\"WebSite\",\"@id\":\"https:\/\/blogg.svenskakyrkan.se\/gerle\/#website\",\"url\":\"https:\/\/blogg.svenskakyrkan.se\/gerle\/\",\"name\":\"Elisabeth Gerle funderar\",\"description\":\"\",\"potentialAction\":[{\"@type\":\"SearchAction\",\"target\":{\"@type\":\"EntryPoint\",\"urlTemplate\":\"https:\/\/blogg.svenskakyrkan.se\/gerle\/?s={search_term_string}\"},\"query-input\":{\"@type\":\"PropertyValueSpecification\",\"valueRequired\":true,\"valueName\":\"search_term_string\"}}],\"inLanguage\":\"sv-SE\"},{\"@type\":\"Person\",\"@id\":\"https:\/\/blogg.svenskakyrkan.se\/gerle\/#\/schema\/person\/785ea9fb35fb8ed3c2c9951295712d1b\",\"name\":\"Elisabeth Gerle\",\"image\":{\"@type\":\"ImageObject\",\"inLanguage\":\"sv-SE\",\"@id\":\"https:\/\/blogg.svenskakyrkan.se\/gerle\/#\/schema\/person\/image\/\",\"url\":\"https:\/\/secure.gravatar.com\/avatar\/ae0524dd142908d7c8372401d72efaa66409cd86ee31f5e1eb23ae87edcf05e5?s=96&d=mm&r=g\",\"contentUrl\":\"https:\/\/secure.gravatar.com\/avatar\/ae0524dd142908d7c8372401d72efaa66409cd86ee31f5e1eb23ae87edcf05e5?s=96&d=mm&r=g\",\"caption\":\"Elisabeth Gerle\"},\"url\":\"https:\/\/blogg.svenskakyrkan.se\/gerle\/author\/gerle\/\"}]}<\/script>\n<!-- \/ Yoast SEO plugin. -->","yoast_head_json":{"title":"Lojal mot vem? - Elisabeth Gerle funderar","robots":{"index":"index","follow":"follow","max-snippet":"max-snippet:-1","max-image-preview":"max-image-preview:large","max-video-preview":"max-video-preview:-1"},"canonical":"https:\/\/blogg.svenskakyrkan.se\/gerle\/2011\/06\/22\/lojal-mot-vem\/","og_locale":"sv_SE","og_type":"article","og_title":"Lojal mot vem? - Elisabeth Gerle funderar","og_description":"Rudolf H\u00f6ss var lojal. Han var ett med systemet. Redan 1934 gick han med i SS och blev en av judeutrotningens organisat\u00f6rer. N\u00e4r han blev kommendant f\u00f6r Auschwitz s\u00e5g han till att inr\u00e4tta gaskamrar i p\u00e5 Himmlers order. Efter kriget beklagade han sig och sa: -Jag var inte alltf\u00f6r lycklig under de d\u00e4r \u00e5ren. Jag [&hellip;]","og_url":"https:\/\/blogg.svenskakyrkan.se\/gerle\/2011\/06\/22\/lojal-mot-vem\/","og_site_name":"Elisabeth Gerle funderar","article_published_time":"2011-06-22T11:09:23+00:00","article_modified_time":"2011-06-22T13:10:15+00:00","author":"Elisabeth Gerle","twitter_card":"summary_large_image","twitter_misc":{"Skriven av":"Elisabeth Gerle","Ber\u00e4knad l\u00e4stid":"1 minut"},"schema":{"@context":"https:\/\/schema.org","@graph":[{"@type":"Article","@id":"https:\/\/blogg.svenskakyrkan.se\/gerle\/2011\/06\/22\/lojal-mot-vem\/#article","isPartOf":{"@id":"https:\/\/blogg.svenskakyrkan.se\/gerle\/2011\/06\/22\/lojal-mot-vem\/"},"author":{"name":"Elisabeth Gerle","@id":"https:\/\/blogg.svenskakyrkan.se\/gerle\/#\/schema\/person\/785ea9fb35fb8ed3c2c9951295712d1b"},"headline":"Lojal mot vem?","datePublished":"2011-06-22T11:09:23+00:00","dateModified":"2011-06-22T13:10:15+00:00","mainEntityOfPage":{"@id":"https:\/\/blogg.svenskakyrkan.se\/gerle\/2011\/06\/22\/lojal-mot-vem\/"},"wordCount":191,"commentCount":0,"inLanguage":"sv-SE","potentialAction":[{"@type":"CommentAction","name":"Comment","target":["https:\/\/blogg.svenskakyrkan.se\/gerle\/2011\/06\/22\/lojal-mot-vem\/#respond"]}]},{"@type":"WebPage","@id":"https:\/\/blogg.svenskakyrkan.se\/gerle\/2011\/06\/22\/lojal-mot-vem\/","url":"https:\/\/blogg.svenskakyrkan.se\/gerle\/2011\/06\/22\/lojal-mot-vem\/","name":"Lojal mot vem? - Elisabeth Gerle funderar","isPartOf":{"@id":"https:\/\/blogg.svenskakyrkan.se\/gerle\/#website"},"datePublished":"2011-06-22T11:09:23+00:00","dateModified":"2011-06-22T13:10:15+00:00","author":{"@id":"https:\/\/blogg.svenskakyrkan.se\/gerle\/#\/schema\/person\/785ea9fb35fb8ed3c2c9951295712d1b"},"breadcrumb":{"@id":"https:\/\/blogg.svenskakyrkan.se\/gerle\/2011\/06\/22\/lojal-mot-vem\/#breadcrumb"},"inLanguage":"sv-SE","potentialAction":[{"@type":"ReadAction","target":["https:\/\/blogg.svenskakyrkan.se\/gerle\/2011\/06\/22\/lojal-mot-vem\/"]}]},{"@type":"BreadcrumbList","@id":"https:\/\/blogg.svenskakyrkan.se\/gerle\/2011\/06\/22\/lojal-mot-vem\/#breadcrumb","itemListElement":[{"@type":"ListItem","position":1,"name":"Hem","item":"https:\/\/blogg.svenskakyrkan.se\/gerle\/"},{"@type":"ListItem","position":2,"name":"Lojal mot vem?"}]},{"@type":"WebSite","@id":"https:\/\/blogg.svenskakyrkan.se\/gerle\/#website","url":"https:\/\/blogg.svenskakyrkan.se\/gerle\/","name":"Elisabeth Gerle funderar","description":"","potentialAction":[{"@type":"SearchAction","target":{"@type":"EntryPoint","urlTemplate":"https:\/\/blogg.svenskakyrkan.se\/gerle\/?s={search_term_string}"},"query-input":{"@type":"PropertyValueSpecification","valueRequired":true,"valueName":"search_term_string"}}],"inLanguage":"sv-SE"},{"@type":"Person","@id":"https:\/\/blogg.svenskakyrkan.se\/gerle\/#\/schema\/person\/785ea9fb35fb8ed3c2c9951295712d1b","name":"Elisabeth Gerle","image":{"@type":"ImageObject","inLanguage":"sv-SE","@id":"https:\/\/blogg.svenskakyrkan.se\/gerle\/#\/schema\/person\/image\/","url":"https:\/\/secure.gravatar.com\/avatar\/ae0524dd142908d7c8372401d72efaa66409cd86ee31f5e1eb23ae87edcf05e5?s=96&d=mm&r=g","contentUrl":"https:\/\/secure.gravatar.com\/avatar\/ae0524dd142908d7c8372401d72efaa66409cd86ee31f5e1eb23ae87edcf05e5?s=96&d=mm&r=g","caption":"Elisabeth Gerle"},"url":"https:\/\/blogg.svenskakyrkan.se\/gerle\/author\/gerle\/"}]}},"author_meta":{"ID":"63","user_nicename":"gerle","user_registered":"2011-05-05 12:24:01","display_name":"Elisabeth Gerle","first_name":"Elisabeth","last_name":"Gerle","avatar":"https:\/\/secure.gravatar.com\/avatar\/ae0524dd142908d7c8372401d72efaa66409cd86ee31f5e1eb23ae87edcf05e5?s=96&d=mm&r=g"},"featured_image":false,"bloginfo":{"name":"Elisabeth Gerle funderar","url":"https:\/\/blogg.svenskakyrkan.se\/gerle"},"_links":{"self":[{"href":"https:\/\/blogg.svenskakyrkan.se\/gerle\/wp-json\/wp\/v2\/posts\/124","targetHints":{"allow":["GET"]}}],"collection":[{"href":"https:\/\/blogg.svenskakyrkan.se\/gerle\/wp-json\/wp\/v2\/posts"}],"about":[{"href":"https:\/\/blogg.svenskakyrkan.se\/gerle\/wp-json\/wp\/v2\/types\/post"}],"author":[{"embeddable":true,"href":"https:\/\/blogg.svenskakyrkan.se\/gerle\/wp-json\/wp\/v2\/users\/63"}],"replies":[{"embeddable":true,"href":"https:\/\/blogg.svenskakyrkan.se\/gerle\/wp-json\/wp\/v2\/comments?post=124"}],"version-history":[{"count":5,"href":"https:\/\/blogg.svenskakyrkan.se\/gerle\/wp-json\/wp\/v2\/posts\/124\/revisions"}],"predecessor-version":[{"id":130,"href":"https:\/\/blogg.svenskakyrkan.se\/gerle\/wp-json\/wp\/v2\/posts\/124\/revisions\/130"}],"wp:attachment":[{"href":"https:\/\/blogg.svenskakyrkan.se\/gerle\/wp-json\/wp\/v2\/media?parent=124"}],"wp:term":[{"taxonomy":"category","embeddable":true,"href":"https:\/\/blogg.svenskakyrkan.se\/gerle\/wp-json\/wp\/v2\/categories?post=124"},{"taxonomy":"post_tag","embeddable":true,"href":"https:\/\/blogg.svenskakyrkan.se\/gerle\/wp-json\/wp\/v2\/tags?post=124"}],"curies":[{"name":"wp","href":"https:\/\/api.w.org\/{rel}","templated":true}]}}