{"id":131,"date":"2011-06-24T09:46:25","date_gmt":"2011-06-24T09:46:25","guid":{"rendered":"http:\/\/blogg.svenskakyrkan.se\/gerle\/?p=131"},"modified":"2011-06-24T09:46:33","modified_gmt":"2011-06-24T09:46:33","slug":"ljuset-kan-man-alltid-lita-pa","status":"publish","type":"post","link":"https:\/\/blogg.svenskakyrkan.se\/gerle\/2011\/06\/24\/ljuset-kan-man-alltid-lita-pa\/","title":{"rendered":"Ljuset kan man alltid lita p\u00e5"},"content":{"rendered":"<p>Ljuset kan man alltid lita p\u00e5! N\u00e4r det drar ihop sig till midsommar brukar regnmolnen hota. Medan den glansbild alla b\u00e4r med sig i hj\u00e4rnan handlar om sol och dansande barn kring en midsommarst\u00e5ng.<\/p>\n<p>Ibland undar jag hur mycket el\u00e4nde v\u00e5ra glansbilder st\u00e4ller till f\u00f6r oss. N\u00e4r verklighten inte st\u00e4mmer med det vi f\u00f6rest\u00e4llt oss blir vi besvikna. \u00c4ven om det som blev i realtid kanske inte var s\u00e5 dumt egentligen.<\/p>\n<p>Att \u00f6nska ger energi. Att f\u00f6rv\u00e4nta sig n\u00e5got tar energi, l\u00e4rde jag mig av en klok gestaltterapeut f\u00f6r l\u00e4nge sen.\u00a0Inte s\u00e5 l\u00e4tt att alltid leva upp till. Men\u00a0det \u00f6ppnar f\u00f6r positiva \u00f6verraskningar och hj\u00e4lper en att vara glad, \u00e4ven f\u00f6r det lilla. Ibland blir det mycket b\u00e4ttre \u00e4n man v\u00e4ntade sig.<\/p>\n<p>T\u00e4nk om vi kunde vara som liljorna p\u00e5 marken. \u00d6ppna oss f\u00f6r ljuset och ta emot. D\u00e5 sprider sig en v\u00e4ldoft man bara kan ana i sommarnatten.<\/p>\n<p>Glad midsommar!<\/p>\n","protected":false},"excerpt":{"rendered":"<p>Ljuset kan man alltid lita p\u00e5! N\u00e4r det drar ihop sig till midsommar brukar regnmolnen hota. Medan den glansbild alla b\u00e4r med sig i hj\u00e4rnan handlar om sol och dansande barn kring en midsommarst\u00e5ng. Ibland undar jag hur mycket el\u00e4nde v\u00e5ra glansbilder st\u00e4ller till f\u00f6r oss. N\u00e4r verklighten inte st\u00e4mmer med det vi f\u00f6rest\u00e4llt oss [&hellip;]<\/p>\n","protected":false},"author":63,"featured_media":0,"comment_status":"open","ping_status":"open","sticky":false,"template":"","format":"standard","meta":{"_acf_changed":false,"footnotes":""},"categories":[9],"tags":[],"class_list":["post-131","post","type-post","status-publish","format-standard","hentry","category-okategoriserade"],"acf":[],"yoast_head":"<!-- This site is optimized with the Yoast SEO plugin v27.1.1 - https:\/\/yoast.com\/product\/yoast-seo-wordpress\/ -->\n<title>Ljuset kan man alltid lita p\u00e5 - Elisabeth Gerle funderar<\/title>\n<meta name=\"robots\" content=\"index, follow, max-snippet:-1, max-image-preview:large, max-video-preview:-1\" \/>\n<link rel=\"canonical\" href=\"https:\/\/blogg.svenskakyrkan.se\/gerle\/2011\/06\/24\/ljuset-kan-man-alltid-lita-pa\/\" \/>\n<meta property=\"og:locale\" content=\"sv_SE\" \/>\n<meta property=\"og:type\" content=\"article\" \/>\n<meta property=\"og:title\" content=\"Ljuset kan man alltid lita p\u00e5 - Elisabeth Gerle funderar\" \/>\n<meta property=\"og:description\" content=\"Ljuset kan man alltid lita p\u00e5! N\u00e4r det drar ihop sig till midsommar brukar regnmolnen hota. Medan den glansbild alla b\u00e4r med sig i hj\u00e4rnan handlar om sol och dansande barn kring en midsommarst\u00e5ng. Ibland undar jag hur mycket el\u00e4nde v\u00e5ra glansbilder st\u00e4ller till f\u00f6r oss. N\u00e4r verklighten inte st\u00e4mmer med det vi f\u00f6rest\u00e4llt oss [&hellip;]\" \/>\n<meta property=\"og:url\" content=\"https:\/\/blogg.svenskakyrkan.se\/gerle\/2011\/06\/24\/ljuset-kan-man-alltid-lita-pa\/\" \/>\n<meta property=\"og:site_name\" content=\"Elisabeth Gerle funderar\" \/>\n<meta property=\"article:published_time\" content=\"2011-06-24T09:46:25+00:00\" \/>\n<meta property=\"article:modified_time\" content=\"2011-06-24T09:46:33+00:00\" \/>\n<meta name=\"author\" content=\"Elisabeth Gerle\" \/>\n<meta name=\"twitter:card\" content=\"summary_large_image\" \/>\n<meta name=\"twitter:label1\" content=\"Skriven av\" \/>\n\t<meta name=\"twitter:data1\" content=\"Elisabeth Gerle\" \/>\n\t<meta name=\"twitter:label2\" content=\"Ber\u00e4knad l\u00e4stid\" \/>\n\t<meta name=\"twitter:data2\" content=\"1 minut\" \/>\n<script type=\"application\/ld+json\" class=\"yoast-schema-graph\">{\"@context\":\"https:\/\/schema.org\",\"@graph\":[{\"@type\":\"Article\",\"@id\":\"https:\/\/blogg.svenskakyrkan.se\/gerle\/2011\/06\/24\/ljuset-kan-man-alltid-lita-pa\/#article\",\"isPartOf\":{\"@id\":\"https:\/\/blogg.svenskakyrkan.se\/gerle\/2011\/06\/24\/ljuset-kan-man-alltid-lita-pa\/\"},\"author\":{\"name\":\"Elisabeth Gerle\",\"@id\":\"https:\/\/blogg.svenskakyrkan.se\/gerle\/#\/schema\/person\/785ea9fb35fb8ed3c2c9951295712d1b\"},\"headline\":\"Ljuset kan man alltid lita p\u00e5\",\"datePublished\":\"2011-06-24T09:46:25+00:00\",\"dateModified\":\"2011-06-24T09:46:33+00:00\",\"mainEntityOfPage\":{\"@id\":\"https:\/\/blogg.svenskakyrkan.se\/gerle\/2011\/06\/24\/ljuset-kan-man-alltid-lita-pa\/\"},\"wordCount\":186,\"commentCount\":1,\"inLanguage\":\"sv-SE\",\"potentialAction\":[{\"@type\":\"CommentAction\",\"name\":\"Comment\",\"target\":[\"https:\/\/blogg.svenskakyrkan.se\/gerle\/2011\/06\/24\/ljuset-kan-man-alltid-lita-pa\/#respond\"]}]},{\"@type\":\"WebPage\",\"@id\":\"https:\/\/blogg.svenskakyrkan.se\/gerle\/2011\/06\/24\/ljuset-kan-man-alltid-lita-pa\/\",\"url\":\"https:\/\/blogg.svenskakyrkan.se\/gerle\/2011\/06\/24\/ljuset-kan-man-alltid-lita-pa\/\",\"name\":\"Ljuset kan man alltid lita p\u00e5 - Elisabeth Gerle funderar\",\"isPartOf\":{\"@id\":\"https:\/\/blogg.svenskakyrkan.se\/gerle\/#website\"},\"datePublished\":\"2011-06-24T09:46:25+00:00\",\"dateModified\":\"2011-06-24T09:46:33+00:00\",\"author\":{\"@id\":\"https:\/\/blogg.svenskakyrkan.se\/gerle\/#\/schema\/person\/785ea9fb35fb8ed3c2c9951295712d1b\"},\"breadcrumb\":{\"@id\":\"https:\/\/blogg.svenskakyrkan.se\/gerle\/2011\/06\/24\/ljuset-kan-man-alltid-lita-pa\/#breadcrumb\"},\"inLanguage\":\"sv-SE\",\"potentialAction\":[{\"@type\":\"ReadAction\",\"target\":[\"https:\/\/blogg.svenskakyrkan.se\/gerle\/2011\/06\/24\/ljuset-kan-man-alltid-lita-pa\/\"]}]},{\"@type\":\"BreadcrumbList\",\"@id\":\"https:\/\/blogg.svenskakyrkan.se\/gerle\/2011\/06\/24\/ljuset-kan-man-alltid-lita-pa\/#breadcrumb\",\"itemListElement\":[{\"@type\":\"ListItem\",\"position\":1,\"name\":\"Hem\",\"item\":\"https:\/\/blogg.svenskakyrkan.se\/gerle\/\"},{\"@type\":\"ListItem\",\"position\":2,\"name\":\"Ljuset kan man alltid lita p\u00e5\"}]},{\"@type\":\"WebSite\",\"@id\":\"https:\/\/blogg.svenskakyrkan.se\/gerle\/#website\",\"url\":\"https:\/\/blogg.svenskakyrkan.se\/gerle\/\",\"name\":\"Elisabeth Gerle funderar\",\"description\":\"\",\"potentialAction\":[{\"@type\":\"SearchAction\",\"target\":{\"@type\":\"EntryPoint\",\"urlTemplate\":\"https:\/\/blogg.svenskakyrkan.se\/gerle\/?s={search_term_string}\"},\"query-input\":{\"@type\":\"PropertyValueSpecification\",\"valueRequired\":true,\"valueName\":\"search_term_string\"}}],\"inLanguage\":\"sv-SE\"},{\"@type\":\"Person\",\"@id\":\"https:\/\/blogg.svenskakyrkan.se\/gerle\/#\/schema\/person\/785ea9fb35fb8ed3c2c9951295712d1b\",\"name\":\"Elisabeth Gerle\",\"image\":{\"@type\":\"ImageObject\",\"inLanguage\":\"sv-SE\",\"@id\":\"https:\/\/blogg.svenskakyrkan.se\/gerle\/#\/schema\/person\/image\/\",\"url\":\"https:\/\/secure.gravatar.com\/avatar\/ae0524dd142908d7c8372401d72efaa66409cd86ee31f5e1eb23ae87edcf05e5?s=96&d=mm&r=g\",\"contentUrl\":\"https:\/\/secure.gravatar.com\/avatar\/ae0524dd142908d7c8372401d72efaa66409cd86ee31f5e1eb23ae87edcf05e5?s=96&d=mm&r=g\",\"caption\":\"Elisabeth Gerle\"},\"url\":\"https:\/\/blogg.svenskakyrkan.se\/gerle\/author\/gerle\/\"}]}<\/script>\n<!-- \/ Yoast SEO plugin. -->","yoast_head_json":{"title":"Ljuset kan man alltid lita p\u00e5 - Elisabeth Gerle funderar","robots":{"index":"index","follow":"follow","max-snippet":"max-snippet:-1","max-image-preview":"max-image-preview:large","max-video-preview":"max-video-preview:-1"},"canonical":"https:\/\/blogg.svenskakyrkan.se\/gerle\/2011\/06\/24\/ljuset-kan-man-alltid-lita-pa\/","og_locale":"sv_SE","og_type":"article","og_title":"Ljuset kan man alltid lita p\u00e5 - Elisabeth Gerle funderar","og_description":"Ljuset kan man alltid lita p\u00e5! N\u00e4r det drar ihop sig till midsommar brukar regnmolnen hota. Medan den glansbild alla b\u00e4r med sig i hj\u00e4rnan handlar om sol och dansande barn kring en midsommarst\u00e5ng. Ibland undar jag hur mycket el\u00e4nde v\u00e5ra glansbilder st\u00e4ller till f\u00f6r oss. N\u00e4r verklighten inte st\u00e4mmer med det vi f\u00f6rest\u00e4llt oss [&hellip;]","og_url":"https:\/\/blogg.svenskakyrkan.se\/gerle\/2011\/06\/24\/ljuset-kan-man-alltid-lita-pa\/","og_site_name":"Elisabeth Gerle funderar","article_published_time":"2011-06-24T09:46:25+00:00","article_modified_time":"2011-06-24T09:46:33+00:00","author":"Elisabeth Gerle","twitter_card":"summary_large_image","twitter_misc":{"Skriven av":"Elisabeth Gerle","Ber\u00e4knad l\u00e4stid":"1 minut"},"schema":{"@context":"https:\/\/schema.org","@graph":[{"@type":"Article","@id":"https:\/\/blogg.svenskakyrkan.se\/gerle\/2011\/06\/24\/ljuset-kan-man-alltid-lita-pa\/#article","isPartOf":{"@id":"https:\/\/blogg.svenskakyrkan.se\/gerle\/2011\/06\/24\/ljuset-kan-man-alltid-lita-pa\/"},"author":{"name":"Elisabeth Gerle","@id":"https:\/\/blogg.svenskakyrkan.se\/gerle\/#\/schema\/person\/785ea9fb35fb8ed3c2c9951295712d1b"},"headline":"Ljuset kan man alltid lita p\u00e5","datePublished":"2011-06-24T09:46:25+00:00","dateModified":"2011-06-24T09:46:33+00:00","mainEntityOfPage":{"@id":"https:\/\/blogg.svenskakyrkan.se\/gerle\/2011\/06\/24\/ljuset-kan-man-alltid-lita-pa\/"},"wordCount":186,"commentCount":1,"inLanguage":"sv-SE","potentialAction":[{"@type":"CommentAction","name":"Comment","target":["https:\/\/blogg.svenskakyrkan.se\/gerle\/2011\/06\/24\/ljuset-kan-man-alltid-lita-pa\/#respond"]}]},{"@type":"WebPage","@id":"https:\/\/blogg.svenskakyrkan.se\/gerle\/2011\/06\/24\/ljuset-kan-man-alltid-lita-pa\/","url":"https:\/\/blogg.svenskakyrkan.se\/gerle\/2011\/06\/24\/ljuset-kan-man-alltid-lita-pa\/","name":"Ljuset kan man alltid lita p\u00e5 - Elisabeth Gerle funderar","isPartOf":{"@id":"https:\/\/blogg.svenskakyrkan.se\/gerle\/#website"},"datePublished":"2011-06-24T09:46:25+00:00","dateModified":"2011-06-24T09:46:33+00:00","author":{"@id":"https:\/\/blogg.svenskakyrkan.se\/gerle\/#\/schema\/person\/785ea9fb35fb8ed3c2c9951295712d1b"},"breadcrumb":{"@id":"https:\/\/blogg.svenskakyrkan.se\/gerle\/2011\/06\/24\/ljuset-kan-man-alltid-lita-pa\/#breadcrumb"},"inLanguage":"sv-SE","potentialAction":[{"@type":"ReadAction","target":["https:\/\/blogg.svenskakyrkan.se\/gerle\/2011\/06\/24\/ljuset-kan-man-alltid-lita-pa\/"]}]},{"@type":"BreadcrumbList","@id":"https:\/\/blogg.svenskakyrkan.se\/gerle\/2011\/06\/24\/ljuset-kan-man-alltid-lita-pa\/#breadcrumb","itemListElement":[{"@type":"ListItem","position":1,"name":"Hem","item":"https:\/\/blogg.svenskakyrkan.se\/gerle\/"},{"@type":"ListItem","position":2,"name":"Ljuset kan man alltid lita p\u00e5"}]},{"@type":"WebSite","@id":"https:\/\/blogg.svenskakyrkan.se\/gerle\/#website","url":"https:\/\/blogg.svenskakyrkan.se\/gerle\/","name":"Elisabeth Gerle funderar","description":"","potentialAction":[{"@type":"SearchAction","target":{"@type":"EntryPoint","urlTemplate":"https:\/\/blogg.svenskakyrkan.se\/gerle\/?s={search_term_string}"},"query-input":{"@type":"PropertyValueSpecification","valueRequired":true,"valueName":"search_term_string"}}],"inLanguage":"sv-SE"},{"@type":"Person","@id":"https:\/\/blogg.svenskakyrkan.se\/gerle\/#\/schema\/person\/785ea9fb35fb8ed3c2c9951295712d1b","name":"Elisabeth Gerle","image":{"@type":"ImageObject","inLanguage":"sv-SE","@id":"https:\/\/blogg.svenskakyrkan.se\/gerle\/#\/schema\/person\/image\/","url":"https:\/\/secure.gravatar.com\/avatar\/ae0524dd142908d7c8372401d72efaa66409cd86ee31f5e1eb23ae87edcf05e5?s=96&d=mm&r=g","contentUrl":"https:\/\/secure.gravatar.com\/avatar\/ae0524dd142908d7c8372401d72efaa66409cd86ee31f5e1eb23ae87edcf05e5?s=96&d=mm&r=g","caption":"Elisabeth Gerle"},"url":"https:\/\/blogg.svenskakyrkan.se\/gerle\/author\/gerle\/"}]}},"author_meta":{"ID":"63","user_nicename":"gerle","user_registered":"2011-05-05 12:24:01","display_name":"Elisabeth Gerle","first_name":"Elisabeth","last_name":"Gerle","avatar":"https:\/\/secure.gravatar.com\/avatar\/ae0524dd142908d7c8372401d72efaa66409cd86ee31f5e1eb23ae87edcf05e5?s=96&d=mm&r=g"},"featured_image":false,"bloginfo":{"name":"Elisabeth Gerle funderar","url":"https:\/\/blogg.svenskakyrkan.se\/gerle"},"_links":{"self":[{"href":"https:\/\/blogg.svenskakyrkan.se\/gerle\/wp-json\/wp\/v2\/posts\/131","targetHints":{"allow":["GET"]}}],"collection":[{"href":"https:\/\/blogg.svenskakyrkan.se\/gerle\/wp-json\/wp\/v2\/posts"}],"about":[{"href":"https:\/\/blogg.svenskakyrkan.se\/gerle\/wp-json\/wp\/v2\/types\/post"}],"author":[{"embeddable":true,"href":"https:\/\/blogg.svenskakyrkan.se\/gerle\/wp-json\/wp\/v2\/users\/63"}],"replies":[{"embeddable":true,"href":"https:\/\/blogg.svenskakyrkan.se\/gerle\/wp-json\/wp\/v2\/comments?post=131"}],"version-history":[{"count":8,"href":"https:\/\/blogg.svenskakyrkan.se\/gerle\/wp-json\/wp\/v2\/posts\/131\/revisions"}],"predecessor-version":[{"id":140,"href":"https:\/\/blogg.svenskakyrkan.se\/gerle\/wp-json\/wp\/v2\/posts\/131\/revisions\/140"}],"wp:attachment":[{"href":"https:\/\/blogg.svenskakyrkan.se\/gerle\/wp-json\/wp\/v2\/media?parent=131"}],"wp:term":[{"taxonomy":"category","embeddable":true,"href":"https:\/\/blogg.svenskakyrkan.se\/gerle\/wp-json\/wp\/v2\/categories?post=131"},{"taxonomy":"post_tag","embeddable":true,"href":"https:\/\/blogg.svenskakyrkan.se\/gerle\/wp-json\/wp\/v2\/tags?post=131"}],"curies":[{"name":"wp","href":"https:\/\/api.w.org\/{rel}","templated":true}]}}