{"id":152,"date":"2011-08-13T09:56:02","date_gmt":"2011-08-13T09:56:02","guid":{"rendered":"http:\/\/blogg.svenskakyrkan.se\/gerle\/?p=152"},"modified":"2011-08-13T09:56:02","modified_gmt":"2011-08-13T09:56:02","slug":"ingen-ratt-att-kranka-mitt-inlagg-pa-svenska-dagbladets-kultursida","status":"publish","type":"post","link":"https:\/\/blogg.svenskakyrkan.se\/gerle\/2011\/08\/13\/ingen-ratt-att-kranka-mitt-inlagg-pa-svenska-dagbladets-kultursida\/","title":{"rendered":"Ingen r\u00e4tt att kr\u00e4nka. Mitt inl\u00e4gg p\u00e5 Svenska Dagbladets kultursida"},"content":{"rendered":"<p>Idag\u00a0 tycker jag till p\u00e5 Svenska Dagbladet i deras kulturdebatt. Se l\u00e4nk<\/p>\n<p><a href=\"http:\/\/www.svd.se\/kultur\/kulturdebatt\/att-kranka-ar-ingen-rattighet_6386034.svd\">http:\/\/www.svd.se\/kultur\/kulturdebatt\/att-kranka-ar-ingen-rattighet_6386034.svd<\/a><\/p>\n","protected":false},"excerpt":{"rendered":"<p>Idag\u00a0 tycker jag till p\u00e5 Svenska Dagbladet i deras kulturdebatt. Se l\u00e4nk http:\/\/www.svd.se\/kultur\/kulturdebatt\/att-kranka-ar-ingen-rattighet_6386034.svd<\/p>\n","protected":false},"author":63,"featured_media":0,"comment_status":"open","ping_status":"open","sticky":false,"template":"","format":"standard","meta":{"_acf_changed":false,"footnotes":""},"categories":[9],"tags":[],"class_list":["post-152","post","type-post","status-publish","format-standard","hentry","category-okategoriserade"],"acf":[],"yoast_head":"<!-- This site is optimized with the Yoast SEO plugin v27.1.1 - https:\/\/yoast.com\/product\/yoast-seo-wordpress\/ -->\n<title>Ingen r\u00e4tt att kr\u00e4nka. Mitt inl\u00e4gg p\u00e5 Svenska Dagbladets kultursida - Elisabeth Gerle funderar<\/title>\n<meta name=\"robots\" content=\"index, follow, max-snippet:-1, max-image-preview:large, max-video-preview:-1\" \/>\n<link rel=\"canonical\" href=\"https:\/\/blogg.svenskakyrkan.se\/gerle\/2011\/08\/13\/ingen-ratt-att-kranka-mitt-inlagg-pa-svenska-dagbladets-kultursida\/\" \/>\n<meta property=\"og:locale\" content=\"sv_SE\" \/>\n<meta property=\"og:type\" content=\"article\" \/>\n<meta property=\"og:title\" content=\"Ingen r\u00e4tt att kr\u00e4nka. Mitt inl\u00e4gg p\u00e5 Svenska Dagbladets kultursida - Elisabeth Gerle funderar\" \/>\n<meta property=\"og:description\" content=\"Idag\u00a0 tycker jag till p\u00e5 Svenska Dagbladet i deras kulturdebatt. Se l\u00e4nk http:\/\/www.svd.se\/kultur\/kulturdebatt\/att-kranka-ar-ingen-rattighet_6386034.svd\" \/>\n<meta property=\"og:url\" content=\"https:\/\/blogg.svenskakyrkan.se\/gerle\/2011\/08\/13\/ingen-ratt-att-kranka-mitt-inlagg-pa-svenska-dagbladets-kultursida\/\" \/>\n<meta property=\"og:site_name\" content=\"Elisabeth Gerle funderar\" \/>\n<meta property=\"article:published_time\" content=\"2011-08-13T09:56:02+00:00\" \/>\n<meta name=\"author\" content=\"Elisabeth Gerle\" \/>\n<meta name=\"twitter:card\" content=\"summary_large_image\" \/>\n<meta name=\"twitter:label1\" content=\"Skriven av\" \/>\n\t<meta name=\"twitter:data1\" content=\"Elisabeth Gerle\" \/>\n<script type=\"application\/ld+json\" class=\"yoast-schema-graph\">{\"@context\":\"https:\/\/schema.org\",\"@graph\":[{\"@type\":\"Article\",\"@id\":\"https:\/\/blogg.svenskakyrkan.se\/gerle\/2011\/08\/13\/ingen-ratt-att-kranka-mitt-inlagg-pa-svenska-dagbladets-kultursida\/#article\",\"isPartOf\":{\"@id\":\"https:\/\/blogg.svenskakyrkan.se\/gerle\/2011\/08\/13\/ingen-ratt-att-kranka-mitt-inlagg-pa-svenska-dagbladets-kultursida\/\"},\"author\":{\"name\":\"Elisabeth Gerle\",\"@id\":\"https:\/\/blogg.svenskakyrkan.se\/gerle\/#\/schema\/person\/785ea9fb35fb8ed3c2c9951295712d1b\"},\"headline\":\"Ingen r\u00e4tt att kr\u00e4nka. Mitt inl\u00e4gg p\u00e5 Svenska Dagbladets kultursida\",\"datePublished\":\"2011-08-13T09:56:02+00:00\",\"mainEntityOfPage\":{\"@id\":\"https:\/\/blogg.svenskakyrkan.se\/gerle\/2011\/08\/13\/ingen-ratt-att-kranka-mitt-inlagg-pa-svenska-dagbladets-kultursida\/\"},\"wordCount\":34,\"commentCount\":1,\"inLanguage\":\"sv-SE\",\"potentialAction\":[{\"@type\":\"CommentAction\",\"name\":\"Comment\",\"target\":[\"https:\/\/blogg.svenskakyrkan.se\/gerle\/2011\/08\/13\/ingen-ratt-att-kranka-mitt-inlagg-pa-svenska-dagbladets-kultursida\/#respond\"]}]},{\"@type\":\"WebPage\",\"@id\":\"https:\/\/blogg.svenskakyrkan.se\/gerle\/2011\/08\/13\/ingen-ratt-att-kranka-mitt-inlagg-pa-svenska-dagbladets-kultursida\/\",\"url\":\"https:\/\/blogg.svenskakyrkan.se\/gerle\/2011\/08\/13\/ingen-ratt-att-kranka-mitt-inlagg-pa-svenska-dagbladets-kultursida\/\",\"name\":\"Ingen r\u00e4tt att kr\u00e4nka. Mitt inl\u00e4gg p\u00e5 Svenska Dagbladets kultursida - Elisabeth Gerle funderar\",\"isPartOf\":{\"@id\":\"https:\/\/blogg.svenskakyrkan.se\/gerle\/#website\"},\"datePublished\":\"2011-08-13T09:56:02+00:00\",\"author\":{\"@id\":\"https:\/\/blogg.svenskakyrkan.se\/gerle\/#\/schema\/person\/785ea9fb35fb8ed3c2c9951295712d1b\"},\"breadcrumb\":{\"@id\":\"https:\/\/blogg.svenskakyrkan.se\/gerle\/2011\/08\/13\/ingen-ratt-att-kranka-mitt-inlagg-pa-svenska-dagbladets-kultursida\/#breadcrumb\"},\"inLanguage\":\"sv-SE\",\"potentialAction\":[{\"@type\":\"ReadAction\",\"target\":[\"https:\/\/blogg.svenskakyrkan.se\/gerle\/2011\/08\/13\/ingen-ratt-att-kranka-mitt-inlagg-pa-svenska-dagbladets-kultursida\/\"]}]},{\"@type\":\"BreadcrumbList\",\"@id\":\"https:\/\/blogg.svenskakyrkan.se\/gerle\/2011\/08\/13\/ingen-ratt-att-kranka-mitt-inlagg-pa-svenska-dagbladets-kultursida\/#breadcrumb\",\"itemListElement\":[{\"@type\":\"ListItem\",\"position\":1,\"name\":\"Hem\",\"item\":\"https:\/\/blogg.svenskakyrkan.se\/gerle\/\"},{\"@type\":\"ListItem\",\"position\":2,\"name\":\"Ingen r\u00e4tt att kr\u00e4nka. Mitt inl\u00e4gg p\u00e5 Svenska Dagbladets kultursida\"}]},{\"@type\":\"WebSite\",\"@id\":\"https:\/\/blogg.svenskakyrkan.se\/gerle\/#website\",\"url\":\"https:\/\/blogg.svenskakyrkan.se\/gerle\/\",\"name\":\"Elisabeth Gerle funderar\",\"description\":\"\",\"potentialAction\":[{\"@type\":\"SearchAction\",\"target\":{\"@type\":\"EntryPoint\",\"urlTemplate\":\"https:\/\/blogg.svenskakyrkan.se\/gerle\/?s={search_term_string}\"},\"query-input\":{\"@type\":\"PropertyValueSpecification\",\"valueRequired\":true,\"valueName\":\"search_term_string\"}}],\"inLanguage\":\"sv-SE\"},{\"@type\":\"Person\",\"@id\":\"https:\/\/blogg.svenskakyrkan.se\/gerle\/#\/schema\/person\/785ea9fb35fb8ed3c2c9951295712d1b\",\"name\":\"Elisabeth Gerle\",\"image\":{\"@type\":\"ImageObject\",\"inLanguage\":\"sv-SE\",\"@id\":\"https:\/\/blogg.svenskakyrkan.se\/gerle\/#\/schema\/person\/image\/\",\"url\":\"https:\/\/secure.gravatar.com\/avatar\/ae0524dd142908d7c8372401d72efaa66409cd86ee31f5e1eb23ae87edcf05e5?s=96&d=mm&r=g\",\"contentUrl\":\"https:\/\/secure.gravatar.com\/avatar\/ae0524dd142908d7c8372401d72efaa66409cd86ee31f5e1eb23ae87edcf05e5?s=96&d=mm&r=g\",\"caption\":\"Elisabeth Gerle\"},\"url\":\"https:\/\/blogg.svenskakyrkan.se\/gerle\/author\/gerle\/\"}]}<\/script>\n<!-- \/ Yoast SEO plugin. -->","yoast_head_json":{"title":"Ingen r\u00e4tt att kr\u00e4nka. Mitt inl\u00e4gg p\u00e5 Svenska Dagbladets kultursida - Elisabeth Gerle funderar","robots":{"index":"index","follow":"follow","max-snippet":"max-snippet:-1","max-image-preview":"max-image-preview:large","max-video-preview":"max-video-preview:-1"},"canonical":"https:\/\/blogg.svenskakyrkan.se\/gerle\/2011\/08\/13\/ingen-ratt-att-kranka-mitt-inlagg-pa-svenska-dagbladets-kultursida\/","og_locale":"sv_SE","og_type":"article","og_title":"Ingen r\u00e4tt att kr\u00e4nka. Mitt inl\u00e4gg p\u00e5 Svenska Dagbladets kultursida - Elisabeth Gerle funderar","og_description":"Idag\u00a0 tycker jag till p\u00e5 Svenska Dagbladet i deras kulturdebatt. Se l\u00e4nk http:\/\/www.svd.se\/kultur\/kulturdebatt\/att-kranka-ar-ingen-rattighet_6386034.svd","og_url":"https:\/\/blogg.svenskakyrkan.se\/gerle\/2011\/08\/13\/ingen-ratt-att-kranka-mitt-inlagg-pa-svenska-dagbladets-kultursida\/","og_site_name":"Elisabeth Gerle funderar","article_published_time":"2011-08-13T09:56:02+00:00","author":"Elisabeth Gerle","twitter_card":"summary_large_image","twitter_misc":{"Skriven av":"Elisabeth Gerle"},"schema":{"@context":"https:\/\/schema.org","@graph":[{"@type":"Article","@id":"https:\/\/blogg.svenskakyrkan.se\/gerle\/2011\/08\/13\/ingen-ratt-att-kranka-mitt-inlagg-pa-svenska-dagbladets-kultursida\/#article","isPartOf":{"@id":"https:\/\/blogg.svenskakyrkan.se\/gerle\/2011\/08\/13\/ingen-ratt-att-kranka-mitt-inlagg-pa-svenska-dagbladets-kultursida\/"},"author":{"name":"Elisabeth Gerle","@id":"https:\/\/blogg.svenskakyrkan.se\/gerle\/#\/schema\/person\/785ea9fb35fb8ed3c2c9951295712d1b"},"headline":"Ingen r\u00e4tt att kr\u00e4nka. Mitt inl\u00e4gg p\u00e5 Svenska Dagbladets kultursida","datePublished":"2011-08-13T09:56:02+00:00","mainEntityOfPage":{"@id":"https:\/\/blogg.svenskakyrkan.se\/gerle\/2011\/08\/13\/ingen-ratt-att-kranka-mitt-inlagg-pa-svenska-dagbladets-kultursida\/"},"wordCount":34,"commentCount":1,"inLanguage":"sv-SE","potentialAction":[{"@type":"CommentAction","name":"Comment","target":["https:\/\/blogg.svenskakyrkan.se\/gerle\/2011\/08\/13\/ingen-ratt-att-kranka-mitt-inlagg-pa-svenska-dagbladets-kultursida\/#respond"]}]},{"@type":"WebPage","@id":"https:\/\/blogg.svenskakyrkan.se\/gerle\/2011\/08\/13\/ingen-ratt-att-kranka-mitt-inlagg-pa-svenska-dagbladets-kultursida\/","url":"https:\/\/blogg.svenskakyrkan.se\/gerle\/2011\/08\/13\/ingen-ratt-att-kranka-mitt-inlagg-pa-svenska-dagbladets-kultursida\/","name":"Ingen r\u00e4tt att kr\u00e4nka. Mitt inl\u00e4gg p\u00e5 Svenska Dagbladets kultursida - Elisabeth Gerle funderar","isPartOf":{"@id":"https:\/\/blogg.svenskakyrkan.se\/gerle\/#website"},"datePublished":"2011-08-13T09:56:02+00:00","author":{"@id":"https:\/\/blogg.svenskakyrkan.se\/gerle\/#\/schema\/person\/785ea9fb35fb8ed3c2c9951295712d1b"},"breadcrumb":{"@id":"https:\/\/blogg.svenskakyrkan.se\/gerle\/2011\/08\/13\/ingen-ratt-att-kranka-mitt-inlagg-pa-svenska-dagbladets-kultursida\/#breadcrumb"},"inLanguage":"sv-SE","potentialAction":[{"@type":"ReadAction","target":["https:\/\/blogg.svenskakyrkan.se\/gerle\/2011\/08\/13\/ingen-ratt-att-kranka-mitt-inlagg-pa-svenska-dagbladets-kultursida\/"]}]},{"@type":"BreadcrumbList","@id":"https:\/\/blogg.svenskakyrkan.se\/gerle\/2011\/08\/13\/ingen-ratt-att-kranka-mitt-inlagg-pa-svenska-dagbladets-kultursida\/#breadcrumb","itemListElement":[{"@type":"ListItem","position":1,"name":"Hem","item":"https:\/\/blogg.svenskakyrkan.se\/gerle\/"},{"@type":"ListItem","position":2,"name":"Ingen r\u00e4tt att kr\u00e4nka. Mitt inl\u00e4gg p\u00e5 Svenska Dagbladets kultursida"}]},{"@type":"WebSite","@id":"https:\/\/blogg.svenskakyrkan.se\/gerle\/#website","url":"https:\/\/blogg.svenskakyrkan.se\/gerle\/","name":"Elisabeth Gerle funderar","description":"","potentialAction":[{"@type":"SearchAction","target":{"@type":"EntryPoint","urlTemplate":"https:\/\/blogg.svenskakyrkan.se\/gerle\/?s={search_term_string}"},"query-input":{"@type":"PropertyValueSpecification","valueRequired":true,"valueName":"search_term_string"}}],"inLanguage":"sv-SE"},{"@type":"Person","@id":"https:\/\/blogg.svenskakyrkan.se\/gerle\/#\/schema\/person\/785ea9fb35fb8ed3c2c9951295712d1b","name":"Elisabeth Gerle","image":{"@type":"ImageObject","inLanguage":"sv-SE","@id":"https:\/\/blogg.svenskakyrkan.se\/gerle\/#\/schema\/person\/image\/","url":"https:\/\/secure.gravatar.com\/avatar\/ae0524dd142908d7c8372401d72efaa66409cd86ee31f5e1eb23ae87edcf05e5?s=96&d=mm&r=g","contentUrl":"https:\/\/secure.gravatar.com\/avatar\/ae0524dd142908d7c8372401d72efaa66409cd86ee31f5e1eb23ae87edcf05e5?s=96&d=mm&r=g","caption":"Elisabeth Gerle"},"url":"https:\/\/blogg.svenskakyrkan.se\/gerle\/author\/gerle\/"}]}},"author_meta":{"ID":"63","user_nicename":"gerle","user_registered":"2011-05-05 12:24:01","display_name":"Elisabeth Gerle","first_name":"Elisabeth","last_name":"Gerle","avatar":"https:\/\/secure.gravatar.com\/avatar\/ae0524dd142908d7c8372401d72efaa66409cd86ee31f5e1eb23ae87edcf05e5?s=96&d=mm&r=g"},"featured_image":false,"bloginfo":{"name":"Elisabeth Gerle funderar","url":"https:\/\/blogg.svenskakyrkan.se\/gerle"},"_links":{"self":[{"href":"https:\/\/blogg.svenskakyrkan.se\/gerle\/wp-json\/wp\/v2\/posts\/152","targetHints":{"allow":["GET"]}}],"collection":[{"href":"https:\/\/blogg.svenskakyrkan.se\/gerle\/wp-json\/wp\/v2\/posts"}],"about":[{"href":"https:\/\/blogg.svenskakyrkan.se\/gerle\/wp-json\/wp\/v2\/types\/post"}],"author":[{"embeddable":true,"href":"https:\/\/blogg.svenskakyrkan.se\/gerle\/wp-json\/wp\/v2\/users\/63"}],"replies":[{"embeddable":true,"href":"https:\/\/blogg.svenskakyrkan.se\/gerle\/wp-json\/wp\/v2\/comments?post=152"}],"version-history":[{"count":3,"href":"https:\/\/blogg.svenskakyrkan.se\/gerle\/wp-json\/wp\/v2\/posts\/152\/revisions"}],"predecessor-version":[{"id":155,"href":"https:\/\/blogg.svenskakyrkan.se\/gerle\/wp-json\/wp\/v2\/posts\/152\/revisions\/155"}],"wp:attachment":[{"href":"https:\/\/blogg.svenskakyrkan.se\/gerle\/wp-json\/wp\/v2\/media?parent=152"}],"wp:term":[{"taxonomy":"category","embeddable":true,"href":"https:\/\/blogg.svenskakyrkan.se\/gerle\/wp-json\/wp\/v2\/categories?post=152"},{"taxonomy":"post_tag","embeddable":true,"href":"https:\/\/blogg.svenskakyrkan.se\/gerle\/wp-json\/wp\/v2\/tags?post=152"}],"curies":[{"name":"wp","href":"https:\/\/api.w.org\/{rel}","templated":true}]}}