{"id":175,"date":"2011-09-11T16:19:10","date_gmt":"2011-09-11T16:19:10","guid":{"rendered":"http:\/\/blogg.svenskakyrkan.se\/gerle\/?p=175"},"modified":"2011-09-11T16:31:57","modified_gmt":"2011-09-11T16:31:57","slug":"filosofiska-rummet-den-11-september","status":"publish","type":"post","link":"https:\/\/blogg.svenskakyrkan.se\/gerle\/2011\/09\/11\/filosofiska-rummet-den-11-september\/","title":{"rendered":"Filosofiska rummet den 11 september"},"content":{"rendered":"<p>Idag den 11 september handlade Filosofiska rummet, P1 kl 17 om hur vi talar om oss sj\u00e4lva och om de andra. Kan man undvika f\u00f6renklade schablonbilder?<\/p>\n<p>Peter G\u00e4rdenfors,\u00a0Lars \u00c5berg och jag var ganska \u00f6verens om att alla har en tendens att tala om vi och de, \u00a0och om att spr\u00e5ket inte \u00e4r ofarligt.\u00a0 H\u00e4r finns l\u00e4nken f\u00f6r den som vill lyssna:<\/p>\n<p><a href=\"http:\/\/static.sr.se\/Laddahem\/Podradio\/p1_filosofiskarummet\/SR_p1_filosofiskarummet_110911_372c4c.mp3\">http:\/\/static.sr.se\/Laddahem\/Podradio\/p1_filosofiskarummet\/SR_p1_filosofiskarummet_110911_372c4c.mp3<\/a><\/p>\n<p>Idag tillh\u00f6r vi ett globalt samh\u00e4lle d\u00e4r vi m\u00e5ste l\u00e4ra oss att leva med respekt f\u00f6r varandra. Vi m\u00e5ste d\u00e4rf\u00f6r kritisera m\u00e4nniskofientliga ideologer och id\u00e9er, men det \u00e4r n\u00e5got helt annat \u00e4n att odla hat mot vissa grupper och individer.<\/p>\n","protected":false},"excerpt":{"rendered":"<p>Idag den 11 september handlade Filosofiska rummet, P1 kl 17 om hur vi talar om oss sj\u00e4lva och om de andra. Kan man undvika f\u00f6renklade schablonbilder? Peter G\u00e4rdenfors,\u00a0Lars \u00c5berg och jag var ganska \u00f6verens om att alla har en tendens att tala om vi och de, \u00a0och om att spr\u00e5ket inte \u00e4r ofarligt.\u00a0 H\u00e4r finns [&hellip;]<\/p>\n","protected":false},"author":63,"featured_media":0,"comment_status":"open","ping_status":"open","sticky":false,"template":"","format":"standard","meta":{"_acf_changed":false,"footnotes":""},"categories":[9],"tags":[],"class_list":["post-175","post","type-post","status-publish","format-standard","hentry","category-okategoriserade"],"acf":[],"yoast_head":"<!-- This site is optimized with the Yoast SEO plugin v27.1.1 - https:\/\/yoast.com\/product\/yoast-seo-wordpress\/ -->\n<title>Filosofiska rummet den 11 september - Elisabeth Gerle funderar<\/title>\n<meta name=\"robots\" content=\"index, follow, max-snippet:-1, max-image-preview:large, max-video-preview:-1\" \/>\n<link rel=\"canonical\" href=\"https:\/\/blogg.svenskakyrkan.se\/gerle\/2011\/09\/11\/filosofiska-rummet-den-11-september\/\" \/>\n<meta property=\"og:locale\" content=\"sv_SE\" \/>\n<meta property=\"og:type\" content=\"article\" \/>\n<meta property=\"og:title\" content=\"Filosofiska rummet den 11 september - Elisabeth Gerle funderar\" \/>\n<meta property=\"og:description\" content=\"Idag den 11 september handlade Filosofiska rummet, P1 kl 17 om hur vi talar om oss sj\u00e4lva och om de andra. Kan man undvika f\u00f6renklade schablonbilder? Peter G\u00e4rdenfors,\u00a0Lars \u00c5berg och jag var ganska \u00f6verens om att alla har en tendens att tala om vi och de, \u00a0och om att spr\u00e5ket inte \u00e4r ofarligt.\u00a0 H\u00e4r finns [&hellip;]\" \/>\n<meta property=\"og:url\" content=\"https:\/\/blogg.svenskakyrkan.se\/gerle\/2011\/09\/11\/filosofiska-rummet-den-11-september\/\" \/>\n<meta property=\"og:site_name\" content=\"Elisabeth Gerle funderar\" \/>\n<meta property=\"article:published_time\" content=\"2011-09-11T16:19:10+00:00\" \/>\n<meta property=\"article:modified_time\" content=\"2011-09-11T16:31:57+00:00\" \/>\n<meta name=\"author\" content=\"Elisabeth Gerle\" \/>\n<meta name=\"twitter:card\" content=\"summary_large_image\" \/>\n<meta name=\"twitter:label1\" content=\"Skriven av\" \/>\n\t<meta name=\"twitter:data1\" content=\"Elisabeth Gerle\" \/>\n\t<meta name=\"twitter:label2\" content=\"Ber\u00e4knad l\u00e4stid\" \/>\n\t<meta name=\"twitter:data2\" content=\"1 minut\" \/>\n<script type=\"application\/ld+json\" class=\"yoast-schema-graph\">{\"@context\":\"https:\/\/schema.org\",\"@graph\":[{\"@type\":\"Article\",\"@id\":\"https:\/\/blogg.svenskakyrkan.se\/gerle\/2011\/09\/11\/filosofiska-rummet-den-11-september\/#article\",\"isPartOf\":{\"@id\":\"https:\/\/blogg.svenskakyrkan.se\/gerle\/2011\/09\/11\/filosofiska-rummet-den-11-september\/\"},\"author\":{\"name\":\"Elisabeth Gerle\",\"@id\":\"https:\/\/blogg.svenskakyrkan.se\/gerle\/#\/schema\/person\/785ea9fb35fb8ed3c2c9951295712d1b\"},\"headline\":\"Filosofiska rummet den 11 september\",\"datePublished\":\"2011-09-11T16:19:10+00:00\",\"dateModified\":\"2011-09-11T16:31:57+00:00\",\"mainEntityOfPage\":{\"@id\":\"https:\/\/blogg.svenskakyrkan.se\/gerle\/2011\/09\/11\/filosofiska-rummet-den-11-september\/\"},\"wordCount\":137,\"commentCount\":1,\"inLanguage\":\"sv-SE\",\"potentialAction\":[{\"@type\":\"CommentAction\",\"name\":\"Comment\",\"target\":[\"https:\/\/blogg.svenskakyrkan.se\/gerle\/2011\/09\/11\/filosofiska-rummet-den-11-september\/#respond\"]}]},{\"@type\":\"WebPage\",\"@id\":\"https:\/\/blogg.svenskakyrkan.se\/gerle\/2011\/09\/11\/filosofiska-rummet-den-11-september\/\",\"url\":\"https:\/\/blogg.svenskakyrkan.se\/gerle\/2011\/09\/11\/filosofiska-rummet-den-11-september\/\",\"name\":\"Filosofiska rummet den 11 september - Elisabeth Gerle funderar\",\"isPartOf\":{\"@id\":\"https:\/\/blogg.svenskakyrkan.se\/gerle\/#website\"},\"datePublished\":\"2011-09-11T16:19:10+00:00\",\"dateModified\":\"2011-09-11T16:31:57+00:00\",\"author\":{\"@id\":\"https:\/\/blogg.svenskakyrkan.se\/gerle\/#\/schema\/person\/785ea9fb35fb8ed3c2c9951295712d1b\"},\"breadcrumb\":{\"@id\":\"https:\/\/blogg.svenskakyrkan.se\/gerle\/2011\/09\/11\/filosofiska-rummet-den-11-september\/#breadcrumb\"},\"inLanguage\":\"sv-SE\",\"potentialAction\":[{\"@type\":\"ReadAction\",\"target\":[\"https:\/\/blogg.svenskakyrkan.se\/gerle\/2011\/09\/11\/filosofiska-rummet-den-11-september\/\"]}]},{\"@type\":\"BreadcrumbList\",\"@id\":\"https:\/\/blogg.svenskakyrkan.se\/gerle\/2011\/09\/11\/filosofiska-rummet-den-11-september\/#breadcrumb\",\"itemListElement\":[{\"@type\":\"ListItem\",\"position\":1,\"name\":\"Hem\",\"item\":\"https:\/\/blogg.svenskakyrkan.se\/gerle\/\"},{\"@type\":\"ListItem\",\"position\":2,\"name\":\"Filosofiska rummet den 11 september\"}]},{\"@type\":\"WebSite\",\"@id\":\"https:\/\/blogg.svenskakyrkan.se\/gerle\/#website\",\"url\":\"https:\/\/blogg.svenskakyrkan.se\/gerle\/\",\"name\":\"Elisabeth Gerle funderar\",\"description\":\"\",\"potentialAction\":[{\"@type\":\"SearchAction\",\"target\":{\"@type\":\"EntryPoint\",\"urlTemplate\":\"https:\/\/blogg.svenskakyrkan.se\/gerle\/?s={search_term_string}\"},\"query-input\":{\"@type\":\"PropertyValueSpecification\",\"valueRequired\":true,\"valueName\":\"search_term_string\"}}],\"inLanguage\":\"sv-SE\"},{\"@type\":\"Person\",\"@id\":\"https:\/\/blogg.svenskakyrkan.se\/gerle\/#\/schema\/person\/785ea9fb35fb8ed3c2c9951295712d1b\",\"name\":\"Elisabeth Gerle\",\"image\":{\"@type\":\"ImageObject\",\"inLanguage\":\"sv-SE\",\"@id\":\"https:\/\/blogg.svenskakyrkan.se\/gerle\/#\/schema\/person\/image\/\",\"url\":\"https:\/\/secure.gravatar.com\/avatar\/ae0524dd142908d7c8372401d72efaa66409cd86ee31f5e1eb23ae87edcf05e5?s=96&d=mm&r=g\",\"contentUrl\":\"https:\/\/secure.gravatar.com\/avatar\/ae0524dd142908d7c8372401d72efaa66409cd86ee31f5e1eb23ae87edcf05e5?s=96&d=mm&r=g\",\"caption\":\"Elisabeth Gerle\"},\"url\":\"https:\/\/blogg.svenskakyrkan.se\/gerle\/author\/gerle\/\"}]}<\/script>\n<!-- \/ Yoast SEO plugin. -->","yoast_head_json":{"title":"Filosofiska rummet den 11 september - Elisabeth Gerle funderar","robots":{"index":"index","follow":"follow","max-snippet":"max-snippet:-1","max-image-preview":"max-image-preview:large","max-video-preview":"max-video-preview:-1"},"canonical":"https:\/\/blogg.svenskakyrkan.se\/gerle\/2011\/09\/11\/filosofiska-rummet-den-11-september\/","og_locale":"sv_SE","og_type":"article","og_title":"Filosofiska rummet den 11 september - Elisabeth Gerle funderar","og_description":"Idag den 11 september handlade Filosofiska rummet, P1 kl 17 om hur vi talar om oss sj\u00e4lva och om de andra. Kan man undvika f\u00f6renklade schablonbilder? Peter G\u00e4rdenfors,\u00a0Lars \u00c5berg och jag var ganska \u00f6verens om att alla har en tendens att tala om vi och de, \u00a0och om att spr\u00e5ket inte \u00e4r ofarligt.\u00a0 H\u00e4r finns [&hellip;]","og_url":"https:\/\/blogg.svenskakyrkan.se\/gerle\/2011\/09\/11\/filosofiska-rummet-den-11-september\/","og_site_name":"Elisabeth Gerle funderar","article_published_time":"2011-09-11T16:19:10+00:00","article_modified_time":"2011-09-11T16:31:57+00:00","author":"Elisabeth Gerle","twitter_card":"summary_large_image","twitter_misc":{"Skriven av":"Elisabeth Gerle","Ber\u00e4knad l\u00e4stid":"1 minut"},"schema":{"@context":"https:\/\/schema.org","@graph":[{"@type":"Article","@id":"https:\/\/blogg.svenskakyrkan.se\/gerle\/2011\/09\/11\/filosofiska-rummet-den-11-september\/#article","isPartOf":{"@id":"https:\/\/blogg.svenskakyrkan.se\/gerle\/2011\/09\/11\/filosofiska-rummet-den-11-september\/"},"author":{"name":"Elisabeth Gerle","@id":"https:\/\/blogg.svenskakyrkan.se\/gerle\/#\/schema\/person\/785ea9fb35fb8ed3c2c9951295712d1b"},"headline":"Filosofiska rummet den 11 september","datePublished":"2011-09-11T16:19:10+00:00","dateModified":"2011-09-11T16:31:57+00:00","mainEntityOfPage":{"@id":"https:\/\/blogg.svenskakyrkan.se\/gerle\/2011\/09\/11\/filosofiska-rummet-den-11-september\/"},"wordCount":137,"commentCount":1,"inLanguage":"sv-SE","potentialAction":[{"@type":"CommentAction","name":"Comment","target":["https:\/\/blogg.svenskakyrkan.se\/gerle\/2011\/09\/11\/filosofiska-rummet-den-11-september\/#respond"]}]},{"@type":"WebPage","@id":"https:\/\/blogg.svenskakyrkan.se\/gerle\/2011\/09\/11\/filosofiska-rummet-den-11-september\/","url":"https:\/\/blogg.svenskakyrkan.se\/gerle\/2011\/09\/11\/filosofiska-rummet-den-11-september\/","name":"Filosofiska rummet den 11 september - Elisabeth Gerle funderar","isPartOf":{"@id":"https:\/\/blogg.svenskakyrkan.se\/gerle\/#website"},"datePublished":"2011-09-11T16:19:10+00:00","dateModified":"2011-09-11T16:31:57+00:00","author":{"@id":"https:\/\/blogg.svenskakyrkan.se\/gerle\/#\/schema\/person\/785ea9fb35fb8ed3c2c9951295712d1b"},"breadcrumb":{"@id":"https:\/\/blogg.svenskakyrkan.se\/gerle\/2011\/09\/11\/filosofiska-rummet-den-11-september\/#breadcrumb"},"inLanguage":"sv-SE","potentialAction":[{"@type":"ReadAction","target":["https:\/\/blogg.svenskakyrkan.se\/gerle\/2011\/09\/11\/filosofiska-rummet-den-11-september\/"]}]},{"@type":"BreadcrumbList","@id":"https:\/\/blogg.svenskakyrkan.se\/gerle\/2011\/09\/11\/filosofiska-rummet-den-11-september\/#breadcrumb","itemListElement":[{"@type":"ListItem","position":1,"name":"Hem","item":"https:\/\/blogg.svenskakyrkan.se\/gerle\/"},{"@type":"ListItem","position":2,"name":"Filosofiska rummet den 11 september"}]},{"@type":"WebSite","@id":"https:\/\/blogg.svenskakyrkan.se\/gerle\/#website","url":"https:\/\/blogg.svenskakyrkan.se\/gerle\/","name":"Elisabeth Gerle funderar","description":"","potentialAction":[{"@type":"SearchAction","target":{"@type":"EntryPoint","urlTemplate":"https:\/\/blogg.svenskakyrkan.se\/gerle\/?s={search_term_string}"},"query-input":{"@type":"PropertyValueSpecification","valueRequired":true,"valueName":"search_term_string"}}],"inLanguage":"sv-SE"},{"@type":"Person","@id":"https:\/\/blogg.svenskakyrkan.se\/gerle\/#\/schema\/person\/785ea9fb35fb8ed3c2c9951295712d1b","name":"Elisabeth Gerle","image":{"@type":"ImageObject","inLanguage":"sv-SE","@id":"https:\/\/blogg.svenskakyrkan.se\/gerle\/#\/schema\/person\/image\/","url":"https:\/\/secure.gravatar.com\/avatar\/ae0524dd142908d7c8372401d72efaa66409cd86ee31f5e1eb23ae87edcf05e5?s=96&d=mm&r=g","contentUrl":"https:\/\/secure.gravatar.com\/avatar\/ae0524dd142908d7c8372401d72efaa66409cd86ee31f5e1eb23ae87edcf05e5?s=96&d=mm&r=g","caption":"Elisabeth Gerle"},"url":"https:\/\/blogg.svenskakyrkan.se\/gerle\/author\/gerle\/"}]}},"author_meta":{"ID":"63","user_nicename":"gerle","user_registered":"2011-05-05 12:24:01","display_name":"Elisabeth Gerle","first_name":"Elisabeth","last_name":"Gerle","avatar":"https:\/\/secure.gravatar.com\/avatar\/ae0524dd142908d7c8372401d72efaa66409cd86ee31f5e1eb23ae87edcf05e5?s=96&d=mm&r=g"},"featured_image":false,"bloginfo":{"name":"Elisabeth Gerle funderar","url":"https:\/\/blogg.svenskakyrkan.se\/gerle"},"_links":{"self":[{"href":"https:\/\/blogg.svenskakyrkan.se\/gerle\/wp-json\/wp\/v2\/posts\/175","targetHints":{"allow":["GET"]}}],"collection":[{"href":"https:\/\/blogg.svenskakyrkan.se\/gerle\/wp-json\/wp\/v2\/posts"}],"about":[{"href":"https:\/\/blogg.svenskakyrkan.se\/gerle\/wp-json\/wp\/v2\/types\/post"}],"author":[{"embeddable":true,"href":"https:\/\/blogg.svenskakyrkan.se\/gerle\/wp-json\/wp\/v2\/users\/63"}],"replies":[{"embeddable":true,"href":"https:\/\/blogg.svenskakyrkan.se\/gerle\/wp-json\/wp\/v2\/comments?post=175"}],"version-history":[{"count":4,"href":"https:\/\/blogg.svenskakyrkan.se\/gerle\/wp-json\/wp\/v2\/posts\/175\/revisions"}],"predecessor-version":[{"id":179,"href":"https:\/\/blogg.svenskakyrkan.se\/gerle\/wp-json\/wp\/v2\/posts\/175\/revisions\/179"}],"wp:attachment":[{"href":"https:\/\/blogg.svenskakyrkan.se\/gerle\/wp-json\/wp\/v2\/media?parent=175"}],"wp:term":[{"taxonomy":"category","embeddable":true,"href":"https:\/\/blogg.svenskakyrkan.se\/gerle\/wp-json\/wp\/v2\/categories?post=175"},{"taxonomy":"post_tag","embeddable":true,"href":"https:\/\/blogg.svenskakyrkan.se\/gerle\/wp-json\/wp\/v2\/tags?post=175"}],"curies":[{"name":"wp","href":"https:\/\/api.w.org\/{rel}","templated":true}]}}