{"id":180,"date":"2011-10-21T13:25:03","date_gmt":"2011-10-21T13:25:03","guid":{"rendered":"http:\/\/blogg.svenskakyrkan.se\/gerle\/?p=180"},"modified":"2011-10-23T11:15:21","modified_gmt":"2011-10-23T11:15:21","slug":"kyrkan-som-konstrastkultur","status":"publish","type":"post","link":"https:\/\/blogg.svenskakyrkan.se\/gerle\/2011\/10\/21\/kyrkan-som-konstrastkultur\/","title":{"rendered":"Kyrkan som konstrastkultur"},"content":{"rendered":"<p>Ibland talar man om kyrkan som en motkultur eller som en kontrast mot det omgivande samh\u00e4llet. Ofta framst\u00e4lls det som att kyrkan b\u00f6r vara tydlig. Vad man egentligen menar \u00e4r inte helt klart. Handlar det om att vara skeptisk gentemot demokratiska beslutsprocesser eller mot kvinnor som andliga ledare?<\/p>\n<p>Jag brukar d\u00e4rf\u00f6r vara ganska skeptisk gentemot ropen p\u00e5 tydlighet.\u00a0Tror att vi beh\u00f6ver m\u00e5gna olika r\u00f6ster och tolkningar som bryts mot varandra. Men n\u00e4r det g\u00e4ller m\u00e4nniskov\u00e4rdet blir jag ofta glad \u00f6ver kyrkans tydlighet.<\/p>\n<p>N\u00e4r alla hurrar och firar \u00f6ver att Khadaffi tillf\u00e5ngatagits och d\u00f6dats \u00e4r det l\u00e4tt att f\u00f6rst\u00e5 gl\u00e4djen hos de m\u00e4nniskor som lidit under hans totalit\u00e4ra styre i decennier. Sv\u00e5rare att sm\u00e4lta \u00e4r att\u00a0vi som befinner oss p\u00e5 beh\u00f6rigt avst\u00e5nd tycks ha s\u00e5 l\u00e4tt f\u00f6r att delta i k\u00e4nslor som mest handlar om h\u00e4mnd. Sj\u00e4lv blir jag b\u00e5de glad och l\u00e4ttad n\u00e4r psykopatiska ledare som Khadaffi avs\u00e4tts. \u00c4r glad \u00f6ver att han inte l\u00e4ngre lever. Men jag kan inte k\u00e4nna n\u00e5gon gl\u00e4jde \u00f6ver hur han m\u00f6rdades. Tv\u00e4rtom skr\u00e4mmer det mig och g\u00f6r mig orolig inf\u00f6r framtiden. Det \u00e4r s\u00e5 l\u00e4tt att bli en spegel av det man motarbetar. Jag vill ist\u00e4llet hoppas p\u00e5 ett nytt s\u00e4tt att regera\u00a0i Libyen.\u00a0D\u00e4rf\u00f6r blir jag glad n\u00e4r jag inser att det \u00e4r m\u00e5nga kyrkliga r\u00f6ster som p\u00e5minner om m\u00e4nniskov\u00e4rdet som ocks\u00e5 tillkommer dem vi i h\u00f6gsta grad ogillar. Senast var det H\u00e5kan Sandvik i Tankar f\u00f6r dagen P1 21 okt. I m\u00e5nga l\u00e4gen \u00e4r det bra att kyrkan samspelar med det samh\u00e4lle som vi alla tillh\u00f6r. Men ibland \u00e4r det fint att kyrkan framtr\u00e4der som kontrastkultur.<\/p>\n","protected":false},"excerpt":{"rendered":"<p>Ibland talar man om kyrkan som en motkultur eller som en kontrast mot det omgivande samh\u00e4llet. Ofta framst\u00e4lls det som att kyrkan b\u00f6r vara tydlig. Vad man egentligen menar \u00e4r inte helt klart. Handlar det om att vara skeptisk gentemot demokratiska beslutsprocesser eller mot kvinnor som andliga ledare? Jag brukar d\u00e4rf\u00f6r vara ganska skeptisk gentemot [&hellip;]<\/p>\n","protected":false},"author":63,"featured_media":0,"comment_status":"open","ping_status":"open","sticky":false,"template":"","format":"standard","meta":{"_acf_changed":false,"footnotes":""},"categories":[9],"tags":[],"class_list":["post-180","post","type-post","status-publish","format-standard","hentry","category-okategoriserade"],"acf":[],"yoast_head":"<!-- This site is optimized with the Yoast SEO plugin v27.1.1 - https:\/\/yoast.com\/product\/yoast-seo-wordpress\/ -->\n<title>Kyrkan som konstrastkultur - Elisabeth Gerle funderar<\/title>\n<meta name=\"robots\" content=\"index, follow, max-snippet:-1, max-image-preview:large, max-video-preview:-1\" \/>\n<link rel=\"canonical\" href=\"https:\/\/blogg.svenskakyrkan.se\/gerle\/2011\/10\/21\/kyrkan-som-konstrastkultur\/\" \/>\n<meta property=\"og:locale\" content=\"sv_SE\" \/>\n<meta property=\"og:type\" content=\"article\" \/>\n<meta property=\"og:title\" content=\"Kyrkan som konstrastkultur - Elisabeth Gerle funderar\" \/>\n<meta property=\"og:description\" content=\"Ibland talar man om kyrkan som en motkultur eller som en kontrast mot det omgivande samh\u00e4llet. Ofta framst\u00e4lls det som att kyrkan b\u00f6r vara tydlig. Vad man egentligen menar \u00e4r inte helt klart. Handlar det om att vara skeptisk gentemot demokratiska beslutsprocesser eller mot kvinnor som andliga ledare? Jag brukar d\u00e4rf\u00f6r vara ganska skeptisk gentemot [&hellip;]\" \/>\n<meta property=\"og:url\" content=\"https:\/\/blogg.svenskakyrkan.se\/gerle\/2011\/10\/21\/kyrkan-som-konstrastkultur\/\" \/>\n<meta property=\"og:site_name\" content=\"Elisabeth Gerle funderar\" \/>\n<meta property=\"article:published_time\" content=\"2011-10-21T13:25:03+00:00\" \/>\n<meta property=\"article:modified_time\" content=\"2011-10-23T11:15:21+00:00\" \/>\n<meta name=\"author\" content=\"Elisabeth Gerle\" \/>\n<meta name=\"twitter:card\" content=\"summary_large_image\" \/>\n<meta name=\"twitter:label1\" content=\"Skriven av\" \/>\n\t<meta name=\"twitter:data1\" content=\"Elisabeth Gerle\" \/>\n\t<meta name=\"twitter:label2\" content=\"Ber\u00e4knad l\u00e4stid\" \/>\n\t<meta name=\"twitter:data2\" content=\"2 minuter\" \/>\n<script type=\"application\/ld+json\" class=\"yoast-schema-graph\">{\"@context\":\"https:\/\/schema.org\",\"@graph\":[{\"@type\":\"Article\",\"@id\":\"https:\/\/blogg.svenskakyrkan.se\/gerle\/2011\/10\/21\/kyrkan-som-konstrastkultur\/#article\",\"isPartOf\":{\"@id\":\"https:\/\/blogg.svenskakyrkan.se\/gerle\/2011\/10\/21\/kyrkan-som-konstrastkultur\/\"},\"author\":{\"name\":\"Elisabeth Gerle\",\"@id\":\"https:\/\/blogg.svenskakyrkan.se\/gerle\/#\/schema\/person\/785ea9fb35fb8ed3c2c9951295712d1b\"},\"headline\":\"Kyrkan som konstrastkultur\",\"datePublished\":\"2011-10-21T13:25:03+00:00\",\"dateModified\":\"2011-10-23T11:15:21+00:00\",\"mainEntityOfPage\":{\"@id\":\"https:\/\/blogg.svenskakyrkan.se\/gerle\/2011\/10\/21\/kyrkan-som-konstrastkultur\/\"},\"wordCount\":330,\"commentCount\":4,\"inLanguage\":\"sv-SE\",\"potentialAction\":[{\"@type\":\"CommentAction\",\"name\":\"Comment\",\"target\":[\"https:\/\/blogg.svenskakyrkan.se\/gerle\/2011\/10\/21\/kyrkan-som-konstrastkultur\/#respond\"]}]},{\"@type\":\"WebPage\",\"@id\":\"https:\/\/blogg.svenskakyrkan.se\/gerle\/2011\/10\/21\/kyrkan-som-konstrastkultur\/\",\"url\":\"https:\/\/blogg.svenskakyrkan.se\/gerle\/2011\/10\/21\/kyrkan-som-konstrastkultur\/\",\"name\":\"Kyrkan som konstrastkultur - Elisabeth Gerle funderar\",\"isPartOf\":{\"@id\":\"https:\/\/blogg.svenskakyrkan.se\/gerle\/#website\"},\"datePublished\":\"2011-10-21T13:25:03+00:00\",\"dateModified\":\"2011-10-23T11:15:21+00:00\",\"author\":{\"@id\":\"https:\/\/blogg.svenskakyrkan.se\/gerle\/#\/schema\/person\/785ea9fb35fb8ed3c2c9951295712d1b\"},\"breadcrumb\":{\"@id\":\"https:\/\/blogg.svenskakyrkan.se\/gerle\/2011\/10\/21\/kyrkan-som-konstrastkultur\/#breadcrumb\"},\"inLanguage\":\"sv-SE\",\"potentialAction\":[{\"@type\":\"ReadAction\",\"target\":[\"https:\/\/blogg.svenskakyrkan.se\/gerle\/2011\/10\/21\/kyrkan-som-konstrastkultur\/\"]}]},{\"@type\":\"BreadcrumbList\",\"@id\":\"https:\/\/blogg.svenskakyrkan.se\/gerle\/2011\/10\/21\/kyrkan-som-konstrastkultur\/#breadcrumb\",\"itemListElement\":[{\"@type\":\"ListItem\",\"position\":1,\"name\":\"Hem\",\"item\":\"https:\/\/blogg.svenskakyrkan.se\/gerle\/\"},{\"@type\":\"ListItem\",\"position\":2,\"name\":\"Kyrkan som konstrastkultur\"}]},{\"@type\":\"WebSite\",\"@id\":\"https:\/\/blogg.svenskakyrkan.se\/gerle\/#website\",\"url\":\"https:\/\/blogg.svenskakyrkan.se\/gerle\/\",\"name\":\"Elisabeth Gerle funderar\",\"description\":\"\",\"potentialAction\":[{\"@type\":\"SearchAction\",\"target\":{\"@type\":\"EntryPoint\",\"urlTemplate\":\"https:\/\/blogg.svenskakyrkan.se\/gerle\/?s={search_term_string}\"},\"query-input\":{\"@type\":\"PropertyValueSpecification\",\"valueRequired\":true,\"valueName\":\"search_term_string\"}}],\"inLanguage\":\"sv-SE\"},{\"@type\":\"Person\",\"@id\":\"https:\/\/blogg.svenskakyrkan.se\/gerle\/#\/schema\/person\/785ea9fb35fb8ed3c2c9951295712d1b\",\"name\":\"Elisabeth Gerle\",\"image\":{\"@type\":\"ImageObject\",\"inLanguage\":\"sv-SE\",\"@id\":\"https:\/\/blogg.svenskakyrkan.se\/gerle\/#\/schema\/person\/image\/\",\"url\":\"https:\/\/secure.gravatar.com\/avatar\/ae0524dd142908d7c8372401d72efaa66409cd86ee31f5e1eb23ae87edcf05e5?s=96&d=mm&r=g\",\"contentUrl\":\"https:\/\/secure.gravatar.com\/avatar\/ae0524dd142908d7c8372401d72efaa66409cd86ee31f5e1eb23ae87edcf05e5?s=96&d=mm&r=g\",\"caption\":\"Elisabeth Gerle\"},\"url\":\"https:\/\/blogg.svenskakyrkan.se\/gerle\/author\/gerle\/\"}]}<\/script>\n<!-- \/ Yoast SEO plugin. -->","yoast_head_json":{"title":"Kyrkan som konstrastkultur - Elisabeth Gerle funderar","robots":{"index":"index","follow":"follow","max-snippet":"max-snippet:-1","max-image-preview":"max-image-preview:large","max-video-preview":"max-video-preview:-1"},"canonical":"https:\/\/blogg.svenskakyrkan.se\/gerle\/2011\/10\/21\/kyrkan-som-konstrastkultur\/","og_locale":"sv_SE","og_type":"article","og_title":"Kyrkan som konstrastkultur - Elisabeth Gerle funderar","og_description":"Ibland talar man om kyrkan som en motkultur eller som en kontrast mot det omgivande samh\u00e4llet. Ofta framst\u00e4lls det som att kyrkan b\u00f6r vara tydlig. Vad man egentligen menar \u00e4r inte helt klart. Handlar det om att vara skeptisk gentemot demokratiska beslutsprocesser eller mot kvinnor som andliga ledare? Jag brukar d\u00e4rf\u00f6r vara ganska skeptisk gentemot [&hellip;]","og_url":"https:\/\/blogg.svenskakyrkan.se\/gerle\/2011\/10\/21\/kyrkan-som-konstrastkultur\/","og_site_name":"Elisabeth Gerle funderar","article_published_time":"2011-10-21T13:25:03+00:00","article_modified_time":"2011-10-23T11:15:21+00:00","author":"Elisabeth Gerle","twitter_card":"summary_large_image","twitter_misc":{"Skriven av":"Elisabeth Gerle","Ber\u00e4knad l\u00e4stid":"2 minuter"},"schema":{"@context":"https:\/\/schema.org","@graph":[{"@type":"Article","@id":"https:\/\/blogg.svenskakyrkan.se\/gerle\/2011\/10\/21\/kyrkan-som-konstrastkultur\/#article","isPartOf":{"@id":"https:\/\/blogg.svenskakyrkan.se\/gerle\/2011\/10\/21\/kyrkan-som-konstrastkultur\/"},"author":{"name":"Elisabeth Gerle","@id":"https:\/\/blogg.svenskakyrkan.se\/gerle\/#\/schema\/person\/785ea9fb35fb8ed3c2c9951295712d1b"},"headline":"Kyrkan som konstrastkultur","datePublished":"2011-10-21T13:25:03+00:00","dateModified":"2011-10-23T11:15:21+00:00","mainEntityOfPage":{"@id":"https:\/\/blogg.svenskakyrkan.se\/gerle\/2011\/10\/21\/kyrkan-som-konstrastkultur\/"},"wordCount":330,"commentCount":4,"inLanguage":"sv-SE","potentialAction":[{"@type":"CommentAction","name":"Comment","target":["https:\/\/blogg.svenskakyrkan.se\/gerle\/2011\/10\/21\/kyrkan-som-konstrastkultur\/#respond"]}]},{"@type":"WebPage","@id":"https:\/\/blogg.svenskakyrkan.se\/gerle\/2011\/10\/21\/kyrkan-som-konstrastkultur\/","url":"https:\/\/blogg.svenskakyrkan.se\/gerle\/2011\/10\/21\/kyrkan-som-konstrastkultur\/","name":"Kyrkan som konstrastkultur - Elisabeth Gerle funderar","isPartOf":{"@id":"https:\/\/blogg.svenskakyrkan.se\/gerle\/#website"},"datePublished":"2011-10-21T13:25:03+00:00","dateModified":"2011-10-23T11:15:21+00:00","author":{"@id":"https:\/\/blogg.svenskakyrkan.se\/gerle\/#\/schema\/person\/785ea9fb35fb8ed3c2c9951295712d1b"},"breadcrumb":{"@id":"https:\/\/blogg.svenskakyrkan.se\/gerle\/2011\/10\/21\/kyrkan-som-konstrastkultur\/#breadcrumb"},"inLanguage":"sv-SE","potentialAction":[{"@type":"ReadAction","target":["https:\/\/blogg.svenskakyrkan.se\/gerle\/2011\/10\/21\/kyrkan-som-konstrastkultur\/"]}]},{"@type":"BreadcrumbList","@id":"https:\/\/blogg.svenskakyrkan.se\/gerle\/2011\/10\/21\/kyrkan-som-konstrastkultur\/#breadcrumb","itemListElement":[{"@type":"ListItem","position":1,"name":"Hem","item":"https:\/\/blogg.svenskakyrkan.se\/gerle\/"},{"@type":"ListItem","position":2,"name":"Kyrkan som konstrastkultur"}]},{"@type":"WebSite","@id":"https:\/\/blogg.svenskakyrkan.se\/gerle\/#website","url":"https:\/\/blogg.svenskakyrkan.se\/gerle\/","name":"Elisabeth Gerle funderar","description":"","potentialAction":[{"@type":"SearchAction","target":{"@type":"EntryPoint","urlTemplate":"https:\/\/blogg.svenskakyrkan.se\/gerle\/?s={search_term_string}"},"query-input":{"@type":"PropertyValueSpecification","valueRequired":true,"valueName":"search_term_string"}}],"inLanguage":"sv-SE"},{"@type":"Person","@id":"https:\/\/blogg.svenskakyrkan.se\/gerle\/#\/schema\/person\/785ea9fb35fb8ed3c2c9951295712d1b","name":"Elisabeth Gerle","image":{"@type":"ImageObject","inLanguage":"sv-SE","@id":"https:\/\/blogg.svenskakyrkan.se\/gerle\/#\/schema\/person\/image\/","url":"https:\/\/secure.gravatar.com\/avatar\/ae0524dd142908d7c8372401d72efaa66409cd86ee31f5e1eb23ae87edcf05e5?s=96&d=mm&r=g","contentUrl":"https:\/\/secure.gravatar.com\/avatar\/ae0524dd142908d7c8372401d72efaa66409cd86ee31f5e1eb23ae87edcf05e5?s=96&d=mm&r=g","caption":"Elisabeth Gerle"},"url":"https:\/\/blogg.svenskakyrkan.se\/gerle\/author\/gerle\/"}]}},"author_meta":{"ID":"63","user_nicename":"gerle","user_registered":"2011-05-05 12:24:01","display_name":"Elisabeth Gerle","first_name":"Elisabeth","last_name":"Gerle","avatar":"https:\/\/secure.gravatar.com\/avatar\/ae0524dd142908d7c8372401d72efaa66409cd86ee31f5e1eb23ae87edcf05e5?s=96&d=mm&r=g"},"featured_image":false,"bloginfo":{"name":"Elisabeth Gerle funderar","url":"https:\/\/blogg.svenskakyrkan.se\/gerle"},"_links":{"self":[{"href":"https:\/\/blogg.svenskakyrkan.se\/gerle\/wp-json\/wp\/v2\/posts\/180","targetHints":{"allow":["GET"]}}],"collection":[{"href":"https:\/\/blogg.svenskakyrkan.se\/gerle\/wp-json\/wp\/v2\/posts"}],"about":[{"href":"https:\/\/blogg.svenskakyrkan.se\/gerle\/wp-json\/wp\/v2\/types\/post"}],"author":[{"embeddable":true,"href":"https:\/\/blogg.svenskakyrkan.se\/gerle\/wp-json\/wp\/v2\/users\/63"}],"replies":[{"embeddable":true,"href":"https:\/\/blogg.svenskakyrkan.se\/gerle\/wp-json\/wp\/v2\/comments?post=180"}],"version-history":[{"count":11,"href":"https:\/\/blogg.svenskakyrkan.se\/gerle\/wp-json\/wp\/v2\/posts\/180\/revisions"}],"predecessor-version":[{"id":189,"href":"https:\/\/blogg.svenskakyrkan.se\/gerle\/wp-json\/wp\/v2\/posts\/180\/revisions\/189"}],"wp:attachment":[{"href":"https:\/\/blogg.svenskakyrkan.se\/gerle\/wp-json\/wp\/v2\/media?parent=180"}],"wp:term":[{"taxonomy":"category","embeddable":true,"href":"https:\/\/blogg.svenskakyrkan.se\/gerle\/wp-json\/wp\/v2\/categories?post=180"},{"taxonomy":"post_tag","embeddable":true,"href":"https:\/\/blogg.svenskakyrkan.se\/gerle\/wp-json\/wp\/v2\/tags?post=180"}],"curies":[{"name":"wp","href":"https:\/\/api.w.org\/{rel}","templated":true}]}}