{"id":207,"date":"2011-11-05T11:42:18","date_gmt":"2011-11-05T11:42:18","guid":{"rendered":"http:\/\/blogg.svenskakyrkan.se\/gerle\/?p=207"},"modified":"2011-11-05T11:42:18","modified_gmt":"2011-11-05T11:42:18","slug":"en-ton-fran-himlen","status":"publish","type":"post","link":"https:\/\/blogg.svenskakyrkan.se\/gerle\/2011\/11\/05\/en-ton-fran-himlen\/","title":{"rendered":"En ton fr\u00e5n himlen"},"content":{"rendered":"<p>Genom \u00e5ren har jag ofta avslutat mina konserter med\u00a0Amazing Grace. &#8221;En ton fr\u00e5n himlen&#8221; \u00e4r en svensk tolkning av G\u00f6te Strandsj\u00f6.\u00a0 &#8221;En ton f\u00e5r himlen n\u00e5dde mig, en ton s\u00e5 silverklar. Vad aldrig f\u00f6rr jag h\u00f6rt och sett, den tonen till mig bar&#8221;.<\/p>\n<p>Idag n\u00e4r Allhelgonak\u00f6ren sj\u00f6ng &#8221;Jesus bleibet meine Freude&#8221; som postludium i Lunds Allhelgonakyrka var tonen d\u00e4r igen. Jag minns n\u00e4r jag h\u00f6rde den f\u00f6rsta g\u00e5ngen. D\u00e5 l\u00e5g jag p\u00e5 soffan hemma i v\u00e5rt k\u00f6k. Kanske var jag sju eller tio \u00e5r gammal. Minns inte riktigt.\u00a0Bara att n\u00e4r jag h\u00f6rde musiken s\u00e5 k\u00e4nde jag att det var det vackrast jag h\u00f6rt. Det var Paradismusik. Samtidigt t\u00e4nkte jag att n\u00e5got s\u00e5 vackert kommer jag aldrig att f\u00e5 h\u00f6ra igen. Och jag kommer aldrig att f\u00e5 veta vad det \u00e4r som spelas.<\/p>\n<p>Musiken kom fr\u00e5n P1, den radiokanal mina f\u00f6rldrar alltid lyssnade p\u00e5.\u00a0\u00a0Men det fanns inga vuxna i n\u00e4rheten att fr\u00e5ga vad musiken hette.\u00a0 Tror knappast att de kunnat svara heller.\u00a0 P1 var en folkbildning i sig, n\u00e4stan som den gamla folkskolans l\u00e4sebok som \u00f6ppnade nya v\u00e4rldar f\u00f6r barn vars f\u00f6r\u00e4ldrar inte kunde g\u00f6ra det. Det var den som \u00f6ppnat litteraturen f\u00f6r min pappa fast han inte kom fr\u00e5n en bakgrund d\u00e4r det var sj\u00e4lvklart.<\/p>\n<p>Min pappa l\u00e4rde mig \u00e4lska &#8221;I himmelen, i himmelen d\u00e4r Herren Gud sj\u00e4lv bor, hur h\u00e4rlig bliver s\u00e4llheten, hur outs\u00e4gligt stor! D\u00e4r ansikte mot ansikte, jag evigt, evigt Gud f\u00e5r se, se Herren Sebaot.&#8221; Jag gick med i kyrkok\u00f6ren bara f\u00f6r att f\u00e5 vara med och sjunga den p\u00e5 folkmeloddin fr\u00e5n Skattungsbyn.\u00a0P\u00e5 Alla helgons dag med alla gravljus som spred sig som en protest mot novemberdimman och m\u00f6rkret var det k\u00f6ren som sj\u00f6ng den p\u00e5 kyrkog\u00e5rden . Nu f\u00e5r vi alla sjunga den. Ett kulturarv som \u00e4r omistligt och som jag \u00e4r glad att m\u00e5nga vill v\u00e4rna om. S\u00e5 viktigt att det finns en helg f\u00f6r att minnas, f\u00f6r att s\u00f6rja och f\u00f6r att vara glad \u00f6ver tonen som ljuder mitt i m\u00f6rkret.<\/p>\n","protected":false},"excerpt":{"rendered":"<p>Genom \u00e5ren har jag ofta avslutat mina konserter med\u00a0Amazing Grace. &#8221;En ton fr\u00e5n himlen&#8221; \u00e4r en svensk tolkning av G\u00f6te Strandsj\u00f6.\u00a0 &#8221;En ton f\u00e5r himlen n\u00e5dde mig, en ton s\u00e5 silverklar. Vad aldrig f\u00f6rr jag h\u00f6rt och sett, den tonen till mig bar&#8221;. Idag n\u00e4r Allhelgonak\u00f6ren sj\u00f6ng &#8221;Jesus bleibet meine Freude&#8221; som postludium i Lunds [&hellip;]<\/p>\n","protected":false},"author":63,"featured_media":0,"comment_status":"open","ping_status":"open","sticky":false,"template":"","format":"standard","meta":{"_acf_changed":false,"footnotes":""},"categories":[9],"tags":[],"class_list":["post-207","post","type-post","status-publish","format-standard","hentry","category-okategoriserade"],"acf":[],"yoast_head":"<!-- This site is optimized with the Yoast SEO plugin v27.1.1 - https:\/\/yoast.com\/product\/yoast-seo-wordpress\/ -->\n<title>En ton fr\u00e5n himlen - Elisabeth Gerle funderar<\/title>\n<meta name=\"robots\" content=\"index, follow, max-snippet:-1, max-image-preview:large, max-video-preview:-1\" \/>\n<link rel=\"canonical\" href=\"https:\/\/blogg.svenskakyrkan.se\/gerle\/2011\/11\/05\/en-ton-fran-himlen\/\" \/>\n<meta property=\"og:locale\" content=\"sv_SE\" \/>\n<meta property=\"og:type\" content=\"article\" \/>\n<meta property=\"og:title\" content=\"En ton fr\u00e5n himlen - Elisabeth Gerle funderar\" \/>\n<meta property=\"og:description\" content=\"Genom \u00e5ren har jag ofta avslutat mina konserter med\u00a0Amazing Grace. &#8221;En ton fr\u00e5n himlen&#8221; \u00e4r en svensk tolkning av G\u00f6te Strandsj\u00f6.\u00a0 &#8221;En ton f\u00e5r himlen n\u00e5dde mig, en ton s\u00e5 silverklar. Vad aldrig f\u00f6rr jag h\u00f6rt och sett, den tonen till mig bar&#8221;. Idag n\u00e4r Allhelgonak\u00f6ren sj\u00f6ng &#8221;Jesus bleibet meine Freude&#8221; som postludium i Lunds [&hellip;]\" \/>\n<meta property=\"og:url\" content=\"https:\/\/blogg.svenskakyrkan.se\/gerle\/2011\/11\/05\/en-ton-fran-himlen\/\" \/>\n<meta property=\"og:site_name\" content=\"Elisabeth Gerle funderar\" \/>\n<meta property=\"article:published_time\" content=\"2011-11-05T11:42:18+00:00\" \/>\n<meta name=\"author\" content=\"Elisabeth Gerle\" \/>\n<meta name=\"twitter:card\" content=\"summary_large_image\" \/>\n<meta name=\"twitter:label1\" content=\"Skriven av\" \/>\n\t<meta name=\"twitter:data1\" content=\"Elisabeth Gerle\" \/>\n\t<meta name=\"twitter:label2\" content=\"Ber\u00e4knad l\u00e4stid\" \/>\n\t<meta name=\"twitter:data2\" content=\"2 minuter\" \/>\n<script type=\"application\/ld+json\" class=\"yoast-schema-graph\">{\"@context\":\"https:\/\/schema.org\",\"@graph\":[{\"@type\":\"Article\",\"@id\":\"https:\/\/blogg.svenskakyrkan.se\/gerle\/2011\/11\/05\/en-ton-fran-himlen\/#article\",\"isPartOf\":{\"@id\":\"https:\/\/blogg.svenskakyrkan.se\/gerle\/2011\/11\/05\/en-ton-fran-himlen\/\"},\"author\":{\"name\":\"Elisabeth Gerle\",\"@id\":\"https:\/\/blogg.svenskakyrkan.se\/gerle\/#\/schema\/person\/785ea9fb35fb8ed3c2c9951295712d1b\"},\"headline\":\"En ton fr\u00e5n himlen\",\"datePublished\":\"2011-11-05T11:42:18+00:00\",\"mainEntityOfPage\":{\"@id\":\"https:\/\/blogg.svenskakyrkan.se\/gerle\/2011\/11\/05\/en-ton-fran-himlen\/\"},\"wordCount\":398,\"commentCount\":1,\"inLanguage\":\"sv-SE\",\"potentialAction\":[{\"@type\":\"CommentAction\",\"name\":\"Comment\",\"target\":[\"https:\/\/blogg.svenskakyrkan.se\/gerle\/2011\/11\/05\/en-ton-fran-himlen\/#respond\"]}]},{\"@type\":\"WebPage\",\"@id\":\"https:\/\/blogg.svenskakyrkan.se\/gerle\/2011\/11\/05\/en-ton-fran-himlen\/\",\"url\":\"https:\/\/blogg.svenskakyrkan.se\/gerle\/2011\/11\/05\/en-ton-fran-himlen\/\",\"name\":\"En ton fr\u00e5n himlen - Elisabeth Gerle funderar\",\"isPartOf\":{\"@id\":\"https:\/\/blogg.svenskakyrkan.se\/gerle\/#website\"},\"datePublished\":\"2011-11-05T11:42:18+00:00\",\"author\":{\"@id\":\"https:\/\/blogg.svenskakyrkan.se\/gerle\/#\/schema\/person\/785ea9fb35fb8ed3c2c9951295712d1b\"},\"breadcrumb\":{\"@id\":\"https:\/\/blogg.svenskakyrkan.se\/gerle\/2011\/11\/05\/en-ton-fran-himlen\/#breadcrumb\"},\"inLanguage\":\"sv-SE\",\"potentialAction\":[{\"@type\":\"ReadAction\",\"target\":[\"https:\/\/blogg.svenskakyrkan.se\/gerle\/2011\/11\/05\/en-ton-fran-himlen\/\"]}]},{\"@type\":\"BreadcrumbList\",\"@id\":\"https:\/\/blogg.svenskakyrkan.se\/gerle\/2011\/11\/05\/en-ton-fran-himlen\/#breadcrumb\",\"itemListElement\":[{\"@type\":\"ListItem\",\"position\":1,\"name\":\"Hem\",\"item\":\"https:\/\/blogg.svenskakyrkan.se\/gerle\/\"},{\"@type\":\"ListItem\",\"position\":2,\"name\":\"En ton fr\u00e5n himlen\"}]},{\"@type\":\"WebSite\",\"@id\":\"https:\/\/blogg.svenskakyrkan.se\/gerle\/#website\",\"url\":\"https:\/\/blogg.svenskakyrkan.se\/gerle\/\",\"name\":\"Elisabeth Gerle funderar\",\"description\":\"\",\"potentialAction\":[{\"@type\":\"SearchAction\",\"target\":{\"@type\":\"EntryPoint\",\"urlTemplate\":\"https:\/\/blogg.svenskakyrkan.se\/gerle\/?s={search_term_string}\"},\"query-input\":{\"@type\":\"PropertyValueSpecification\",\"valueRequired\":true,\"valueName\":\"search_term_string\"}}],\"inLanguage\":\"sv-SE\"},{\"@type\":\"Person\",\"@id\":\"https:\/\/blogg.svenskakyrkan.se\/gerle\/#\/schema\/person\/785ea9fb35fb8ed3c2c9951295712d1b\",\"name\":\"Elisabeth Gerle\",\"image\":{\"@type\":\"ImageObject\",\"inLanguage\":\"sv-SE\",\"@id\":\"https:\/\/blogg.svenskakyrkan.se\/gerle\/#\/schema\/person\/image\/\",\"url\":\"https:\/\/secure.gravatar.com\/avatar\/ae0524dd142908d7c8372401d72efaa66409cd86ee31f5e1eb23ae87edcf05e5?s=96&d=mm&r=g\",\"contentUrl\":\"https:\/\/secure.gravatar.com\/avatar\/ae0524dd142908d7c8372401d72efaa66409cd86ee31f5e1eb23ae87edcf05e5?s=96&d=mm&r=g\",\"caption\":\"Elisabeth Gerle\"},\"url\":\"https:\/\/blogg.svenskakyrkan.se\/gerle\/author\/gerle\/\"}]}<\/script>\n<!-- \/ Yoast SEO plugin. -->","yoast_head_json":{"title":"En ton fr\u00e5n himlen - Elisabeth Gerle funderar","robots":{"index":"index","follow":"follow","max-snippet":"max-snippet:-1","max-image-preview":"max-image-preview:large","max-video-preview":"max-video-preview:-1"},"canonical":"https:\/\/blogg.svenskakyrkan.se\/gerle\/2011\/11\/05\/en-ton-fran-himlen\/","og_locale":"sv_SE","og_type":"article","og_title":"En ton fr\u00e5n himlen - Elisabeth Gerle funderar","og_description":"Genom \u00e5ren har jag ofta avslutat mina konserter med\u00a0Amazing Grace. &#8221;En ton fr\u00e5n himlen&#8221; \u00e4r en svensk tolkning av G\u00f6te Strandsj\u00f6.\u00a0 &#8221;En ton f\u00e5r himlen n\u00e5dde mig, en ton s\u00e5 silverklar. Vad aldrig f\u00f6rr jag h\u00f6rt och sett, den tonen till mig bar&#8221;. Idag n\u00e4r Allhelgonak\u00f6ren sj\u00f6ng &#8221;Jesus bleibet meine Freude&#8221; som postludium i Lunds [&hellip;]","og_url":"https:\/\/blogg.svenskakyrkan.se\/gerle\/2011\/11\/05\/en-ton-fran-himlen\/","og_site_name":"Elisabeth Gerle funderar","article_published_time":"2011-11-05T11:42:18+00:00","author":"Elisabeth Gerle","twitter_card":"summary_large_image","twitter_misc":{"Skriven av":"Elisabeth Gerle","Ber\u00e4knad l\u00e4stid":"2 minuter"},"schema":{"@context":"https:\/\/schema.org","@graph":[{"@type":"Article","@id":"https:\/\/blogg.svenskakyrkan.se\/gerle\/2011\/11\/05\/en-ton-fran-himlen\/#article","isPartOf":{"@id":"https:\/\/blogg.svenskakyrkan.se\/gerle\/2011\/11\/05\/en-ton-fran-himlen\/"},"author":{"name":"Elisabeth Gerle","@id":"https:\/\/blogg.svenskakyrkan.se\/gerle\/#\/schema\/person\/785ea9fb35fb8ed3c2c9951295712d1b"},"headline":"En ton fr\u00e5n himlen","datePublished":"2011-11-05T11:42:18+00:00","mainEntityOfPage":{"@id":"https:\/\/blogg.svenskakyrkan.se\/gerle\/2011\/11\/05\/en-ton-fran-himlen\/"},"wordCount":398,"commentCount":1,"inLanguage":"sv-SE","potentialAction":[{"@type":"CommentAction","name":"Comment","target":["https:\/\/blogg.svenskakyrkan.se\/gerle\/2011\/11\/05\/en-ton-fran-himlen\/#respond"]}]},{"@type":"WebPage","@id":"https:\/\/blogg.svenskakyrkan.se\/gerle\/2011\/11\/05\/en-ton-fran-himlen\/","url":"https:\/\/blogg.svenskakyrkan.se\/gerle\/2011\/11\/05\/en-ton-fran-himlen\/","name":"En ton fr\u00e5n himlen - Elisabeth Gerle funderar","isPartOf":{"@id":"https:\/\/blogg.svenskakyrkan.se\/gerle\/#website"},"datePublished":"2011-11-05T11:42:18+00:00","author":{"@id":"https:\/\/blogg.svenskakyrkan.se\/gerle\/#\/schema\/person\/785ea9fb35fb8ed3c2c9951295712d1b"},"breadcrumb":{"@id":"https:\/\/blogg.svenskakyrkan.se\/gerle\/2011\/11\/05\/en-ton-fran-himlen\/#breadcrumb"},"inLanguage":"sv-SE","potentialAction":[{"@type":"ReadAction","target":["https:\/\/blogg.svenskakyrkan.se\/gerle\/2011\/11\/05\/en-ton-fran-himlen\/"]}]},{"@type":"BreadcrumbList","@id":"https:\/\/blogg.svenskakyrkan.se\/gerle\/2011\/11\/05\/en-ton-fran-himlen\/#breadcrumb","itemListElement":[{"@type":"ListItem","position":1,"name":"Hem","item":"https:\/\/blogg.svenskakyrkan.se\/gerle\/"},{"@type":"ListItem","position":2,"name":"En ton fr\u00e5n himlen"}]},{"@type":"WebSite","@id":"https:\/\/blogg.svenskakyrkan.se\/gerle\/#website","url":"https:\/\/blogg.svenskakyrkan.se\/gerle\/","name":"Elisabeth Gerle funderar","description":"","potentialAction":[{"@type":"SearchAction","target":{"@type":"EntryPoint","urlTemplate":"https:\/\/blogg.svenskakyrkan.se\/gerle\/?s={search_term_string}"},"query-input":{"@type":"PropertyValueSpecification","valueRequired":true,"valueName":"search_term_string"}}],"inLanguage":"sv-SE"},{"@type":"Person","@id":"https:\/\/blogg.svenskakyrkan.se\/gerle\/#\/schema\/person\/785ea9fb35fb8ed3c2c9951295712d1b","name":"Elisabeth Gerle","image":{"@type":"ImageObject","inLanguage":"sv-SE","@id":"https:\/\/blogg.svenskakyrkan.se\/gerle\/#\/schema\/person\/image\/","url":"https:\/\/secure.gravatar.com\/avatar\/ae0524dd142908d7c8372401d72efaa66409cd86ee31f5e1eb23ae87edcf05e5?s=96&d=mm&r=g","contentUrl":"https:\/\/secure.gravatar.com\/avatar\/ae0524dd142908d7c8372401d72efaa66409cd86ee31f5e1eb23ae87edcf05e5?s=96&d=mm&r=g","caption":"Elisabeth Gerle"},"url":"https:\/\/blogg.svenskakyrkan.se\/gerle\/author\/gerle\/"}]}},"author_meta":{"ID":"63","user_nicename":"gerle","user_registered":"2011-05-05 12:24:01","display_name":"Elisabeth Gerle","first_name":"Elisabeth","last_name":"Gerle","avatar":"https:\/\/secure.gravatar.com\/avatar\/ae0524dd142908d7c8372401d72efaa66409cd86ee31f5e1eb23ae87edcf05e5?s=96&d=mm&r=g"},"featured_image":false,"bloginfo":{"name":"Elisabeth Gerle funderar","url":"https:\/\/blogg.svenskakyrkan.se\/gerle"},"_links":{"self":[{"href":"https:\/\/blogg.svenskakyrkan.se\/gerle\/wp-json\/wp\/v2\/posts\/207","targetHints":{"allow":["GET"]}}],"collection":[{"href":"https:\/\/blogg.svenskakyrkan.se\/gerle\/wp-json\/wp\/v2\/posts"}],"about":[{"href":"https:\/\/blogg.svenskakyrkan.se\/gerle\/wp-json\/wp\/v2\/types\/post"}],"author":[{"embeddable":true,"href":"https:\/\/blogg.svenskakyrkan.se\/gerle\/wp-json\/wp\/v2\/users\/63"}],"replies":[{"embeddable":true,"href":"https:\/\/blogg.svenskakyrkan.se\/gerle\/wp-json\/wp\/v2\/comments?post=207"}],"version-history":[{"count":10,"href":"https:\/\/blogg.svenskakyrkan.se\/gerle\/wp-json\/wp\/v2\/posts\/207\/revisions"}],"predecessor-version":[{"id":217,"href":"https:\/\/blogg.svenskakyrkan.se\/gerle\/wp-json\/wp\/v2\/posts\/207\/revisions\/217"}],"wp:attachment":[{"href":"https:\/\/blogg.svenskakyrkan.se\/gerle\/wp-json\/wp\/v2\/media?parent=207"}],"wp:term":[{"taxonomy":"category","embeddable":true,"href":"https:\/\/blogg.svenskakyrkan.se\/gerle\/wp-json\/wp\/v2\/categories?post=207"},{"taxonomy":"post_tag","embeddable":true,"href":"https:\/\/blogg.svenskakyrkan.se\/gerle\/wp-json\/wp\/v2\/tags?post=207"}],"curies":[{"name":"wp","href":"https:\/\/api.w.org\/{rel}","templated":true}]}}