{"id":218,"date":"2011-12-13T07:42:24","date_gmt":"2011-12-13T07:42:24","guid":{"rendered":"http:\/\/blogg.svenskakyrkan.se\/gerle\/?p=218"},"modified":"2011-12-13T07:48:36","modified_gmt":"2011-12-13T07:48:36","slug":"lucia-en-hogitd-med-manga-lager","status":"publish","type":"post","link":"https:\/\/blogg.svenskakyrkan.se\/gerle\/2011\/12\/13\/lucia-en-hogitd-med-manga-lager\/","title":{"rendered":"Lucia en h\u00f6gitd med m\u00e5nga lager"},"content":{"rendered":"<p>Lucia firas 13 december. Den l\u00e4ngsta natten tycks aldrig ta slut. M\u00f6rkret ger sig inte. Men d\u00e5 upptr\u00e4der vitkl\u00e4dda gestalter och sjunger. En besv\u00e4rjelse mot m\u00f6rkret. S\u00e5 har det varit och s\u00e5 \u00e4r det fortfarande.<\/p>\n<p>I folktron var detta en natt d\u00e5 trollen och m\u00f6rka makter r\u00e5dde. Kanske anspelar &#8221;Lusse lelle&#8221; p\u00e5 trollet som m\u00e5ste bevekas. Eller ocks\u00e5 syftar det p\u00e5 fruktbarhetsgudininnan Freja som kom k\u00f6rande i sin vagn dragen av katter. Vi \u00e4ter fortfarande lussekatter. Innan saffran blev f\u00f6r dyr och vi f\u00f6r stora serverades den alltid med fyra krokar med russin i.<\/p>\n<p>Ett fint tecken p\u00e5 att kultur inneh\u00e5ller delar fr\u00e5n olika livstolkningar och tider. De finns i v\u00e5rt Lucia firande. Lager p\u00e5 lager.\u00a0Fr\u00e5n Karlstad h\u00f6r jag\u00a0om en t\u00e4rna med en hijab i vitt tunt tyg under glittret. Nya lager tillkommer.<\/p>\n<p>Michaela Lundell \u00a0ber\u00e4ttade om sina erfarenheter av Lucia i Tankar\u00a0f\u00f6r dagen p\u00e5 Lucia morgon. Att sjunga &#8221;Nu t\u00e4ndas tusen juleljus&#8221; med orden &#8221;Ty f\u00f6dd \u00e4r Herren Jesus Krist, v\u00e5r Fr\u00e4lsare och Gud&#8221;\u00a0k\u00e4ndes som inkvisition f\u00f6r henne, en judisk flicka. Att hon firade Chanukka och t\u00e4nde ljus hemma med sin judiska familj kunde inte h\u00e4vda sig mot det kristna kulturarvet som fanns inspr\u00e4ngt i Lucia. \u00c4nd\u00e5\u00a0forts\u00e4tter\u00a0hon, tog hon upp Lucias\u00e5ngen n\u00e4r hon var i Jerusalem under Lucia och bodde i de ortodoxa\u00a0judiska\u00a0kvarteren. N\u00e4r hon s\u00e5g en gestalt r\u00f6ra sig i Teologiska intitutets m\u00f6rka tr\u00e4dgr\u00e5d\u00a0 p\u00e5 andra sidan muren gnolade hon Luciameldodin. Och se, hennes s\u00e5ng besvarades. N\u00e5gan st\u00e4mde in i s\u00e5ngen. Och hon k\u00e4nde sig svensk!<\/p>\n<p>Blev hon mindre judisk d\u00e5? Knappast. Men hon\u00a0ville pl\u00f6tlsigt integrera flera sidor i sin identitet. S\u00e5 tolkar jag hennes ber\u00e4ttelse. Forskare\u00a0talar om hybriditet n\u00e4r olika kulturer\u00a0m\u00f6ts. Ofta uppst\u00e5r d\u00e5 n\u00e5got nytt. Blandformer som integrerar\u00a0bidrag fr\u00e5n olika h\u00e5ll. Kreolisering \u00e4r ett annat uttryck som anv\u00e4nds.\u00a0 F\u00f6r m\u00e5nga svenskar utomlands \u00e4r just Lucia en stor h\u00f6gtid. Man s\u00f6ker sig d\u00e5 till Svenska kyrkan f\u00f6r att uppleva\u00a0 det genuint svenska. Inga andra l\u00e4nder firar Lucia som vi. I synnerhet n\u00e4r man lever som minoritet blir det viktigt att bekr\u00e4fta det egna. Kulturer \u00e4r n\u00e4stan aldrig symmetriska och om man tillh\u00f6r en majoritet \u00e4r det l\u00e4tt att bli blind f\u00f6r andra. D\u00e4rf\u00f6r beh\u00f6ver vi som \u00e4r kristna eller\u00a0sekul\u00e4ra\u00a0lyssna till dem som inte sj\u00e4lvlklart ing\u00e5r i det svenska.\u00a0<\/p>\n<p>Lucia en kristen h\u00f6gtid? Ja lite,\u00a0men ocks\u00e5 fornnordisk med r\u00f6tter i asatro. Kanske kan den bli mer m\u00e5ngkulturell och infoga\u00a0s\u00e5nger fr\u00e5n judisk och muslimsk tradition.<\/p>\n<p>Att vi firarLucia \u00e4r inte konstigt.\u00a0L\u00e4ngtan efter ljuset \u00e4r stark. Idag vet vi att Lucianatten inte \u00e4r den allra m\u00f6rkaste. Det dr\u00f6jer \u00e4nnu ett litet tag innan det v\u00e4nder och ljust \u00f6kar. Vi firar detta vid jul. Att tala om barnet som f\u00f6ds i v\u00e5rt m\u00f6rker och om ljuset som lyser f\u00f6r det folk som vandrar i m\u00f6rkret \u00e4r det kristna s\u00e4ttet att ge ord \u00e5t det djupaste mysteriet att Gud blir m\u00e4nniska och en av oss. Samtidigt knyter det an till den allm\u00e4na l\u00e4ngtan efter ljuset och viljan att fira ljusets seger \u00f6ver m\u00f6rkret.<\/p>\n","protected":false},"excerpt":{"rendered":"<p>Lucia firas 13 december. Den l\u00e4ngsta natten tycks aldrig ta slut. M\u00f6rkret ger sig inte. Men d\u00e5 upptr\u00e4der vitkl\u00e4dda gestalter och sjunger. En besv\u00e4rjelse mot m\u00f6rkret. S\u00e5 har det varit och s\u00e5 \u00e4r det fortfarande. I folktron var detta en natt d\u00e5 trollen och m\u00f6rka makter r\u00e5dde. Kanske anspelar &#8221;Lusse lelle&#8221; p\u00e5 trollet som m\u00e5ste [&hellip;]<\/p>\n","protected":false},"author":63,"featured_media":0,"comment_status":"open","ping_status":"open","sticky":false,"template":"","format":"standard","meta":{"_acf_changed":false,"footnotes":""},"categories":[9],"tags":[],"class_list":["post-218","post","type-post","status-publish","format-standard","hentry","category-okategoriserade"],"acf":[],"yoast_head":"<!-- This site is optimized with the Yoast SEO plugin v27.1.1 - https:\/\/yoast.com\/product\/yoast-seo-wordpress\/ -->\n<title>Lucia en h\u00f6gitd med m\u00e5nga lager - Elisabeth Gerle funderar<\/title>\n<meta name=\"robots\" content=\"index, follow, max-snippet:-1, max-image-preview:large, max-video-preview:-1\" \/>\n<link rel=\"canonical\" href=\"https:\/\/blogg.svenskakyrkan.se\/gerle\/2011\/12\/13\/lucia-en-hogitd-med-manga-lager\/\" \/>\n<meta property=\"og:locale\" content=\"sv_SE\" \/>\n<meta property=\"og:type\" content=\"article\" \/>\n<meta property=\"og:title\" content=\"Lucia en h\u00f6gitd med m\u00e5nga lager - Elisabeth Gerle funderar\" \/>\n<meta property=\"og:description\" content=\"Lucia firas 13 december. Den l\u00e4ngsta natten tycks aldrig ta slut. M\u00f6rkret ger sig inte. Men d\u00e5 upptr\u00e4der vitkl\u00e4dda gestalter och sjunger. En besv\u00e4rjelse mot m\u00f6rkret. S\u00e5 har det varit och s\u00e5 \u00e4r det fortfarande. I folktron var detta en natt d\u00e5 trollen och m\u00f6rka makter r\u00e5dde. Kanske anspelar &#8221;Lusse lelle&#8221; p\u00e5 trollet som m\u00e5ste [&hellip;]\" \/>\n<meta property=\"og:url\" content=\"https:\/\/blogg.svenskakyrkan.se\/gerle\/2011\/12\/13\/lucia-en-hogitd-med-manga-lager\/\" \/>\n<meta property=\"og:site_name\" content=\"Elisabeth Gerle funderar\" \/>\n<meta property=\"article:published_time\" content=\"2011-12-13T07:42:24+00:00\" \/>\n<meta property=\"article:modified_time\" content=\"2011-12-13T07:48:36+00:00\" \/>\n<meta name=\"author\" content=\"Elisabeth Gerle\" \/>\n<meta name=\"twitter:card\" content=\"summary_large_image\" \/>\n<meta name=\"twitter:label1\" content=\"Skriven av\" \/>\n\t<meta name=\"twitter:data1\" content=\"Elisabeth Gerle\" \/>\n\t<meta name=\"twitter:label2\" content=\"Ber\u00e4knad l\u00e4stid\" \/>\n\t<meta name=\"twitter:data2\" content=\"3 minuter\" \/>\n<script type=\"application\/ld+json\" class=\"yoast-schema-graph\">{\"@context\":\"https:\/\/schema.org\",\"@graph\":[{\"@type\":\"Article\",\"@id\":\"https:\/\/blogg.svenskakyrkan.se\/gerle\/2011\/12\/13\/lucia-en-hogitd-med-manga-lager\/#article\",\"isPartOf\":{\"@id\":\"https:\/\/blogg.svenskakyrkan.se\/gerle\/2011\/12\/13\/lucia-en-hogitd-med-manga-lager\/\"},\"author\":{\"name\":\"Elisabeth Gerle\",\"@id\":\"https:\/\/blogg.svenskakyrkan.se\/gerle\/#\/schema\/person\/785ea9fb35fb8ed3c2c9951295712d1b\"},\"headline\":\"Lucia en h\u00f6gitd med m\u00e5nga lager\",\"datePublished\":\"2011-12-13T07:42:24+00:00\",\"dateModified\":\"2011-12-13T07:48:36+00:00\",\"mainEntityOfPage\":{\"@id\":\"https:\/\/blogg.svenskakyrkan.se\/gerle\/2011\/12\/13\/lucia-en-hogitd-med-manga-lager\/\"},\"wordCount\":604,\"commentCount\":4,\"inLanguage\":\"sv-SE\",\"potentialAction\":[{\"@type\":\"CommentAction\",\"name\":\"Comment\",\"target\":[\"https:\/\/blogg.svenskakyrkan.se\/gerle\/2011\/12\/13\/lucia-en-hogitd-med-manga-lager\/#respond\"]}]},{\"@type\":\"WebPage\",\"@id\":\"https:\/\/blogg.svenskakyrkan.se\/gerle\/2011\/12\/13\/lucia-en-hogitd-med-manga-lager\/\",\"url\":\"https:\/\/blogg.svenskakyrkan.se\/gerle\/2011\/12\/13\/lucia-en-hogitd-med-manga-lager\/\",\"name\":\"Lucia en h\u00f6gitd med m\u00e5nga lager - Elisabeth Gerle funderar\",\"isPartOf\":{\"@id\":\"https:\/\/blogg.svenskakyrkan.se\/gerle\/#website\"},\"datePublished\":\"2011-12-13T07:42:24+00:00\",\"dateModified\":\"2011-12-13T07:48:36+00:00\",\"author\":{\"@id\":\"https:\/\/blogg.svenskakyrkan.se\/gerle\/#\/schema\/person\/785ea9fb35fb8ed3c2c9951295712d1b\"},\"breadcrumb\":{\"@id\":\"https:\/\/blogg.svenskakyrkan.se\/gerle\/2011\/12\/13\/lucia-en-hogitd-med-manga-lager\/#breadcrumb\"},\"inLanguage\":\"sv-SE\",\"potentialAction\":[{\"@type\":\"ReadAction\",\"target\":[\"https:\/\/blogg.svenskakyrkan.se\/gerle\/2011\/12\/13\/lucia-en-hogitd-med-manga-lager\/\"]}]},{\"@type\":\"BreadcrumbList\",\"@id\":\"https:\/\/blogg.svenskakyrkan.se\/gerle\/2011\/12\/13\/lucia-en-hogitd-med-manga-lager\/#breadcrumb\",\"itemListElement\":[{\"@type\":\"ListItem\",\"position\":1,\"name\":\"Hem\",\"item\":\"https:\/\/blogg.svenskakyrkan.se\/gerle\/\"},{\"@type\":\"ListItem\",\"position\":2,\"name\":\"Lucia en h\u00f6gitd med m\u00e5nga lager\"}]},{\"@type\":\"WebSite\",\"@id\":\"https:\/\/blogg.svenskakyrkan.se\/gerle\/#website\",\"url\":\"https:\/\/blogg.svenskakyrkan.se\/gerle\/\",\"name\":\"Elisabeth Gerle funderar\",\"description\":\"\",\"potentialAction\":[{\"@type\":\"SearchAction\",\"target\":{\"@type\":\"EntryPoint\",\"urlTemplate\":\"https:\/\/blogg.svenskakyrkan.se\/gerle\/?s={search_term_string}\"},\"query-input\":{\"@type\":\"PropertyValueSpecification\",\"valueRequired\":true,\"valueName\":\"search_term_string\"}}],\"inLanguage\":\"sv-SE\"},{\"@type\":\"Person\",\"@id\":\"https:\/\/blogg.svenskakyrkan.se\/gerle\/#\/schema\/person\/785ea9fb35fb8ed3c2c9951295712d1b\",\"name\":\"Elisabeth Gerle\",\"image\":{\"@type\":\"ImageObject\",\"inLanguage\":\"sv-SE\",\"@id\":\"https:\/\/blogg.svenskakyrkan.se\/gerle\/#\/schema\/person\/image\/\",\"url\":\"https:\/\/secure.gravatar.com\/avatar\/ae0524dd142908d7c8372401d72efaa66409cd86ee31f5e1eb23ae87edcf05e5?s=96&d=mm&r=g\",\"contentUrl\":\"https:\/\/secure.gravatar.com\/avatar\/ae0524dd142908d7c8372401d72efaa66409cd86ee31f5e1eb23ae87edcf05e5?s=96&d=mm&r=g\",\"caption\":\"Elisabeth Gerle\"},\"url\":\"https:\/\/blogg.svenskakyrkan.se\/gerle\/author\/gerle\/\"}]}<\/script>\n<!-- \/ Yoast SEO plugin. -->","yoast_head_json":{"title":"Lucia en h\u00f6gitd med m\u00e5nga lager - Elisabeth Gerle funderar","robots":{"index":"index","follow":"follow","max-snippet":"max-snippet:-1","max-image-preview":"max-image-preview:large","max-video-preview":"max-video-preview:-1"},"canonical":"https:\/\/blogg.svenskakyrkan.se\/gerle\/2011\/12\/13\/lucia-en-hogitd-med-manga-lager\/","og_locale":"sv_SE","og_type":"article","og_title":"Lucia en h\u00f6gitd med m\u00e5nga lager - Elisabeth Gerle funderar","og_description":"Lucia firas 13 december. Den l\u00e4ngsta natten tycks aldrig ta slut. M\u00f6rkret ger sig inte. Men d\u00e5 upptr\u00e4der vitkl\u00e4dda gestalter och sjunger. En besv\u00e4rjelse mot m\u00f6rkret. S\u00e5 har det varit och s\u00e5 \u00e4r det fortfarande. I folktron var detta en natt d\u00e5 trollen och m\u00f6rka makter r\u00e5dde. Kanske anspelar &#8221;Lusse lelle&#8221; p\u00e5 trollet som m\u00e5ste [&hellip;]","og_url":"https:\/\/blogg.svenskakyrkan.se\/gerle\/2011\/12\/13\/lucia-en-hogitd-med-manga-lager\/","og_site_name":"Elisabeth Gerle funderar","article_published_time":"2011-12-13T07:42:24+00:00","article_modified_time":"2011-12-13T07:48:36+00:00","author":"Elisabeth Gerle","twitter_card":"summary_large_image","twitter_misc":{"Skriven av":"Elisabeth Gerle","Ber\u00e4knad l\u00e4stid":"3 minuter"},"schema":{"@context":"https:\/\/schema.org","@graph":[{"@type":"Article","@id":"https:\/\/blogg.svenskakyrkan.se\/gerle\/2011\/12\/13\/lucia-en-hogitd-med-manga-lager\/#article","isPartOf":{"@id":"https:\/\/blogg.svenskakyrkan.se\/gerle\/2011\/12\/13\/lucia-en-hogitd-med-manga-lager\/"},"author":{"name":"Elisabeth Gerle","@id":"https:\/\/blogg.svenskakyrkan.se\/gerle\/#\/schema\/person\/785ea9fb35fb8ed3c2c9951295712d1b"},"headline":"Lucia en h\u00f6gitd med m\u00e5nga lager","datePublished":"2011-12-13T07:42:24+00:00","dateModified":"2011-12-13T07:48:36+00:00","mainEntityOfPage":{"@id":"https:\/\/blogg.svenskakyrkan.se\/gerle\/2011\/12\/13\/lucia-en-hogitd-med-manga-lager\/"},"wordCount":604,"commentCount":4,"inLanguage":"sv-SE","potentialAction":[{"@type":"CommentAction","name":"Comment","target":["https:\/\/blogg.svenskakyrkan.se\/gerle\/2011\/12\/13\/lucia-en-hogitd-med-manga-lager\/#respond"]}]},{"@type":"WebPage","@id":"https:\/\/blogg.svenskakyrkan.se\/gerle\/2011\/12\/13\/lucia-en-hogitd-med-manga-lager\/","url":"https:\/\/blogg.svenskakyrkan.se\/gerle\/2011\/12\/13\/lucia-en-hogitd-med-manga-lager\/","name":"Lucia en h\u00f6gitd med m\u00e5nga lager - Elisabeth Gerle funderar","isPartOf":{"@id":"https:\/\/blogg.svenskakyrkan.se\/gerle\/#website"},"datePublished":"2011-12-13T07:42:24+00:00","dateModified":"2011-12-13T07:48:36+00:00","author":{"@id":"https:\/\/blogg.svenskakyrkan.se\/gerle\/#\/schema\/person\/785ea9fb35fb8ed3c2c9951295712d1b"},"breadcrumb":{"@id":"https:\/\/blogg.svenskakyrkan.se\/gerle\/2011\/12\/13\/lucia-en-hogitd-med-manga-lager\/#breadcrumb"},"inLanguage":"sv-SE","potentialAction":[{"@type":"ReadAction","target":["https:\/\/blogg.svenskakyrkan.se\/gerle\/2011\/12\/13\/lucia-en-hogitd-med-manga-lager\/"]}]},{"@type":"BreadcrumbList","@id":"https:\/\/blogg.svenskakyrkan.se\/gerle\/2011\/12\/13\/lucia-en-hogitd-med-manga-lager\/#breadcrumb","itemListElement":[{"@type":"ListItem","position":1,"name":"Hem","item":"https:\/\/blogg.svenskakyrkan.se\/gerle\/"},{"@type":"ListItem","position":2,"name":"Lucia en h\u00f6gitd med m\u00e5nga lager"}]},{"@type":"WebSite","@id":"https:\/\/blogg.svenskakyrkan.se\/gerle\/#website","url":"https:\/\/blogg.svenskakyrkan.se\/gerle\/","name":"Elisabeth Gerle funderar","description":"","potentialAction":[{"@type":"SearchAction","target":{"@type":"EntryPoint","urlTemplate":"https:\/\/blogg.svenskakyrkan.se\/gerle\/?s={search_term_string}"},"query-input":{"@type":"PropertyValueSpecification","valueRequired":true,"valueName":"search_term_string"}}],"inLanguage":"sv-SE"},{"@type":"Person","@id":"https:\/\/blogg.svenskakyrkan.se\/gerle\/#\/schema\/person\/785ea9fb35fb8ed3c2c9951295712d1b","name":"Elisabeth Gerle","image":{"@type":"ImageObject","inLanguage":"sv-SE","@id":"https:\/\/blogg.svenskakyrkan.se\/gerle\/#\/schema\/person\/image\/","url":"https:\/\/secure.gravatar.com\/avatar\/ae0524dd142908d7c8372401d72efaa66409cd86ee31f5e1eb23ae87edcf05e5?s=96&d=mm&r=g","contentUrl":"https:\/\/secure.gravatar.com\/avatar\/ae0524dd142908d7c8372401d72efaa66409cd86ee31f5e1eb23ae87edcf05e5?s=96&d=mm&r=g","caption":"Elisabeth Gerle"},"url":"https:\/\/blogg.svenskakyrkan.se\/gerle\/author\/gerle\/"}]}},"author_meta":{"ID":"63","user_nicename":"gerle","user_registered":"2011-05-05 12:24:01","display_name":"Elisabeth Gerle","first_name":"Elisabeth","last_name":"Gerle","avatar":"https:\/\/secure.gravatar.com\/avatar\/ae0524dd142908d7c8372401d72efaa66409cd86ee31f5e1eb23ae87edcf05e5?s=96&d=mm&r=g"},"featured_image":false,"bloginfo":{"name":"Elisabeth Gerle funderar","url":"https:\/\/blogg.svenskakyrkan.se\/gerle"},"_links":{"self":[{"href":"https:\/\/blogg.svenskakyrkan.se\/gerle\/wp-json\/wp\/v2\/posts\/218","targetHints":{"allow":["GET"]}}],"collection":[{"href":"https:\/\/blogg.svenskakyrkan.se\/gerle\/wp-json\/wp\/v2\/posts"}],"about":[{"href":"https:\/\/blogg.svenskakyrkan.se\/gerle\/wp-json\/wp\/v2\/types\/post"}],"author":[{"embeddable":true,"href":"https:\/\/blogg.svenskakyrkan.se\/gerle\/wp-json\/wp\/v2\/users\/63"}],"replies":[{"embeddable":true,"href":"https:\/\/blogg.svenskakyrkan.se\/gerle\/wp-json\/wp\/v2\/comments?post=218"}],"version-history":[{"count":17,"href":"https:\/\/blogg.svenskakyrkan.se\/gerle\/wp-json\/wp\/v2\/posts\/218\/revisions"}],"predecessor-version":[{"id":231,"href":"https:\/\/blogg.svenskakyrkan.se\/gerle\/wp-json\/wp\/v2\/posts\/218\/revisions\/231"}],"wp:attachment":[{"href":"https:\/\/blogg.svenskakyrkan.se\/gerle\/wp-json\/wp\/v2\/media?parent=218"}],"wp:term":[{"taxonomy":"category","embeddable":true,"href":"https:\/\/blogg.svenskakyrkan.se\/gerle\/wp-json\/wp\/v2\/categories?post=218"},{"taxonomy":"post_tag","embeddable":true,"href":"https:\/\/blogg.svenskakyrkan.se\/gerle\/wp-json\/wp\/v2\/tags?post=218"}],"curies":[{"name":"wp","href":"https:\/\/api.w.org\/{rel}","templated":true}]}}