{"id":236,"date":"2011-12-18T12:15:06","date_gmt":"2011-12-18T12:15:06","guid":{"rendered":"http:\/\/blogg.svenskakyrkan.se\/gerle\/?p=236"},"modified":"2011-12-18T12:15:06","modified_gmt":"2011-12-18T12:15:06","slug":"maria-en-risktagerska","status":"publish","type":"post","link":"https:\/\/blogg.svenskakyrkan.se\/gerle\/2011\/12\/18\/maria-en-risktagerska\/","title":{"rendered":"Maria &#8211; en risktagerska"},"content":{"rendered":"<p>\u00a0<\/p>\n<p>Maria brukar beskrivas som lydig. Sj\u00e4lv k\u00e4nde hon sig kanske mest olydig. Trotsig. Hon fr\u00e5gade varken mor Anna eller Josef innan hon bejakade att f\u00f6da ett barn. Hon m\u00e5ste ha vetat att detta ja\u00a0riskerade allt hon t\u00e4nkt sig. Att f\u00f6da ett barn med ok\u00e4nt ursprung betydde socialt utanf\u00f6rskap, troligtvis att bli f\u00f6rkastad och f\u00f6rskjuten av sin familj.<\/p>\n<p>Att ha kontroll \u00f6ver familjens kvinnor och deras sexualitet var en sj\u00e4lvklarhet i hennes omgivning. \u00c4nd\u00e5 v\u00e5gade hon! Inte konstigt att hon lovsjunger den som kastar om rollerna, den Gud som &#8221;st\u00f6rtar h\u00e4rskare fr\u00e5n deras troner och upph\u00f6jer de ringa&#8221;. Men f\u00f6rst sen hon blivit bekr\u00e4ftad av sin \u00e4ldre v\u00e4ninna Elisabet.<\/p>\n<p>N\u00e4r jag f\u00f6rst t\u00e4nkte p\u00e5 att Marias lovs\u00e5ng v\u00e4ller fram n\u00e4r hon m\u00f6ter Elisabeth var jag ung.\u00a0D\u00e5 hade jag inte m\u00f6tt n\u00e5gon som lyft fram just detta. Ber\u00e4ttelsen kan \u00e4nd\u00e5 tala och tolkas p\u00e5 nya s\u00e4tt. Idag \u00e4r det m\u00e5nga pr\u00e4ster och poeter som betonar systerskapet som f\u00f6reg\u00e5r gl\u00e4djen. Man kan vara modig ensam och g\u00f6ra det som \u00e4r n\u00f6dv\u00e4ndigt. Men n\u00e4r n\u00e5gon annan bejakar valet, d\u00e5 v\u00e4cks gl\u00e4djen.<\/p>\n<p>Hederskulturer har funnits och finns \u00f6verallt. Vi beh\u00f6ver st\u00f6dja de modiga kvinnor som v\u00e5gar st\u00e5 upp f\u00f6r det som \u00e4r r\u00e4tt. Ibland m\u00e5ste de g\u00e5 emot sina n\u00e4rmaste.\u00a0 \u00c5rest tre fredspristagare \u00e4r liksom Maria modiga och sj\u00e4lvst\u00e4ndiga. Men vi andra kan ge dem v\u00e5rt st\u00f6d n\u00e4r de vill vara med om att &#8221;skingra dem som har \u00f6vermodiga planer&#8221; f\u00f6r att bana v\u00e4g f\u00f6r r\u00e4ttvisa och fred.<\/p>\n","protected":false},"excerpt":{"rendered":"<p>\u00a0 Maria brukar beskrivas som lydig. Sj\u00e4lv k\u00e4nde hon sig kanske mest olydig. Trotsig. Hon fr\u00e5gade varken mor Anna eller Josef innan hon bejakade att f\u00f6da ett barn. Hon m\u00e5ste ha vetat att detta ja\u00a0riskerade allt hon t\u00e4nkt sig. Att f\u00f6da ett barn med ok\u00e4nt ursprung betydde socialt utanf\u00f6rskap, troligtvis att bli f\u00f6rkastad och f\u00f6rskjuten [&hellip;]<\/p>\n","protected":false},"author":63,"featured_media":0,"comment_status":"open","ping_status":"open","sticky":false,"template":"","format":"standard","meta":{"_acf_changed":false,"footnotes":""},"categories":[9],"tags":[],"class_list":["post-236","post","type-post","status-publish","format-standard","hentry","category-okategoriserade"],"acf":[],"yoast_head":"<!-- This site is optimized with the Yoast SEO plugin v27.1.1 - https:\/\/yoast.com\/product\/yoast-seo-wordpress\/ -->\n<title>Maria - en risktagerska - Elisabeth Gerle funderar<\/title>\n<meta name=\"robots\" content=\"index, follow, max-snippet:-1, max-image-preview:large, max-video-preview:-1\" \/>\n<link rel=\"canonical\" href=\"https:\/\/blogg.svenskakyrkan.se\/gerle\/2011\/12\/18\/maria-en-risktagerska\/\" \/>\n<meta property=\"og:locale\" content=\"sv_SE\" \/>\n<meta property=\"og:type\" content=\"article\" \/>\n<meta property=\"og:title\" content=\"Maria - en risktagerska - Elisabeth Gerle funderar\" \/>\n<meta property=\"og:description\" content=\"\u00a0 Maria brukar beskrivas som lydig. Sj\u00e4lv k\u00e4nde hon sig kanske mest olydig. Trotsig. Hon fr\u00e5gade varken mor Anna eller Josef innan hon bejakade att f\u00f6da ett barn. Hon m\u00e5ste ha vetat att detta ja\u00a0riskerade allt hon t\u00e4nkt sig. Att f\u00f6da ett barn med ok\u00e4nt ursprung betydde socialt utanf\u00f6rskap, troligtvis att bli f\u00f6rkastad och f\u00f6rskjuten [&hellip;]\" \/>\n<meta property=\"og:url\" content=\"https:\/\/blogg.svenskakyrkan.se\/gerle\/2011\/12\/18\/maria-en-risktagerska\/\" \/>\n<meta property=\"og:site_name\" content=\"Elisabeth Gerle funderar\" \/>\n<meta property=\"article:published_time\" content=\"2011-12-18T12:15:06+00:00\" \/>\n<meta name=\"author\" content=\"Elisabeth Gerle\" \/>\n<meta name=\"twitter:card\" content=\"summary_large_image\" \/>\n<meta name=\"twitter:label1\" content=\"Skriven av\" \/>\n\t<meta name=\"twitter:data1\" content=\"Elisabeth Gerle\" \/>\n\t<meta name=\"twitter:label2\" content=\"Ber\u00e4knad l\u00e4stid\" \/>\n\t<meta name=\"twitter:data2\" content=\"2 minuter\" \/>\n<script type=\"application\/ld+json\" class=\"yoast-schema-graph\">{\"@context\":\"https:\/\/schema.org\",\"@graph\":[{\"@type\":\"Article\",\"@id\":\"https:\/\/blogg.svenskakyrkan.se\/gerle\/2011\/12\/18\/maria-en-risktagerska\/#article\",\"isPartOf\":{\"@id\":\"https:\/\/blogg.svenskakyrkan.se\/gerle\/2011\/12\/18\/maria-en-risktagerska\/\"},\"author\":{\"name\":\"Elisabeth Gerle\",\"@id\":\"https:\/\/blogg.svenskakyrkan.se\/gerle\/#\/schema\/person\/785ea9fb35fb8ed3c2c9951295712d1b\"},\"headline\":\"Maria &#8211; en risktagerska\",\"datePublished\":\"2011-12-18T12:15:06+00:00\",\"mainEntityOfPage\":{\"@id\":\"https:\/\/blogg.svenskakyrkan.se\/gerle\/2011\/12\/18\/maria-en-risktagerska\/\"},\"wordCount\":308,\"commentCount\":2,\"inLanguage\":\"sv-SE\",\"potentialAction\":[{\"@type\":\"CommentAction\",\"name\":\"Comment\",\"target\":[\"https:\/\/blogg.svenskakyrkan.se\/gerle\/2011\/12\/18\/maria-en-risktagerska\/#respond\"]}]},{\"@type\":\"WebPage\",\"@id\":\"https:\/\/blogg.svenskakyrkan.se\/gerle\/2011\/12\/18\/maria-en-risktagerska\/\",\"url\":\"https:\/\/blogg.svenskakyrkan.se\/gerle\/2011\/12\/18\/maria-en-risktagerska\/\",\"name\":\"Maria - en risktagerska - Elisabeth Gerle funderar\",\"isPartOf\":{\"@id\":\"https:\/\/blogg.svenskakyrkan.se\/gerle\/#website\"},\"datePublished\":\"2011-12-18T12:15:06+00:00\",\"author\":{\"@id\":\"https:\/\/blogg.svenskakyrkan.se\/gerle\/#\/schema\/person\/785ea9fb35fb8ed3c2c9951295712d1b\"},\"breadcrumb\":{\"@id\":\"https:\/\/blogg.svenskakyrkan.se\/gerle\/2011\/12\/18\/maria-en-risktagerska\/#breadcrumb\"},\"inLanguage\":\"sv-SE\",\"potentialAction\":[{\"@type\":\"ReadAction\",\"target\":[\"https:\/\/blogg.svenskakyrkan.se\/gerle\/2011\/12\/18\/maria-en-risktagerska\/\"]}]},{\"@type\":\"BreadcrumbList\",\"@id\":\"https:\/\/blogg.svenskakyrkan.se\/gerle\/2011\/12\/18\/maria-en-risktagerska\/#breadcrumb\",\"itemListElement\":[{\"@type\":\"ListItem\",\"position\":1,\"name\":\"Hem\",\"item\":\"https:\/\/blogg.svenskakyrkan.se\/gerle\/\"},{\"@type\":\"ListItem\",\"position\":2,\"name\":\"Maria &#8211; en risktagerska\"}]},{\"@type\":\"WebSite\",\"@id\":\"https:\/\/blogg.svenskakyrkan.se\/gerle\/#website\",\"url\":\"https:\/\/blogg.svenskakyrkan.se\/gerle\/\",\"name\":\"Elisabeth Gerle funderar\",\"description\":\"\",\"potentialAction\":[{\"@type\":\"SearchAction\",\"target\":{\"@type\":\"EntryPoint\",\"urlTemplate\":\"https:\/\/blogg.svenskakyrkan.se\/gerle\/?s={search_term_string}\"},\"query-input\":{\"@type\":\"PropertyValueSpecification\",\"valueRequired\":true,\"valueName\":\"search_term_string\"}}],\"inLanguage\":\"sv-SE\"},{\"@type\":\"Person\",\"@id\":\"https:\/\/blogg.svenskakyrkan.se\/gerle\/#\/schema\/person\/785ea9fb35fb8ed3c2c9951295712d1b\",\"name\":\"Elisabeth Gerle\",\"image\":{\"@type\":\"ImageObject\",\"inLanguage\":\"sv-SE\",\"@id\":\"https:\/\/blogg.svenskakyrkan.se\/gerle\/#\/schema\/person\/image\/\",\"url\":\"https:\/\/secure.gravatar.com\/avatar\/ae0524dd142908d7c8372401d72efaa66409cd86ee31f5e1eb23ae87edcf05e5?s=96&d=mm&r=g\",\"contentUrl\":\"https:\/\/secure.gravatar.com\/avatar\/ae0524dd142908d7c8372401d72efaa66409cd86ee31f5e1eb23ae87edcf05e5?s=96&d=mm&r=g\",\"caption\":\"Elisabeth Gerle\"},\"url\":\"https:\/\/blogg.svenskakyrkan.se\/gerle\/author\/gerle\/\"}]}<\/script>\n<!-- \/ Yoast SEO plugin. -->","yoast_head_json":{"title":"Maria - en risktagerska - Elisabeth Gerle funderar","robots":{"index":"index","follow":"follow","max-snippet":"max-snippet:-1","max-image-preview":"max-image-preview:large","max-video-preview":"max-video-preview:-1"},"canonical":"https:\/\/blogg.svenskakyrkan.se\/gerle\/2011\/12\/18\/maria-en-risktagerska\/","og_locale":"sv_SE","og_type":"article","og_title":"Maria - en risktagerska - Elisabeth Gerle funderar","og_description":"\u00a0 Maria brukar beskrivas som lydig. Sj\u00e4lv k\u00e4nde hon sig kanske mest olydig. Trotsig. Hon fr\u00e5gade varken mor Anna eller Josef innan hon bejakade att f\u00f6da ett barn. Hon m\u00e5ste ha vetat att detta ja\u00a0riskerade allt hon t\u00e4nkt sig. Att f\u00f6da ett barn med ok\u00e4nt ursprung betydde socialt utanf\u00f6rskap, troligtvis att bli f\u00f6rkastad och f\u00f6rskjuten [&hellip;]","og_url":"https:\/\/blogg.svenskakyrkan.se\/gerle\/2011\/12\/18\/maria-en-risktagerska\/","og_site_name":"Elisabeth Gerle funderar","article_published_time":"2011-12-18T12:15:06+00:00","author":"Elisabeth Gerle","twitter_card":"summary_large_image","twitter_misc":{"Skriven av":"Elisabeth Gerle","Ber\u00e4knad l\u00e4stid":"2 minuter"},"schema":{"@context":"https:\/\/schema.org","@graph":[{"@type":"Article","@id":"https:\/\/blogg.svenskakyrkan.se\/gerle\/2011\/12\/18\/maria-en-risktagerska\/#article","isPartOf":{"@id":"https:\/\/blogg.svenskakyrkan.se\/gerle\/2011\/12\/18\/maria-en-risktagerska\/"},"author":{"name":"Elisabeth Gerle","@id":"https:\/\/blogg.svenskakyrkan.se\/gerle\/#\/schema\/person\/785ea9fb35fb8ed3c2c9951295712d1b"},"headline":"Maria &#8211; en risktagerska","datePublished":"2011-12-18T12:15:06+00:00","mainEntityOfPage":{"@id":"https:\/\/blogg.svenskakyrkan.se\/gerle\/2011\/12\/18\/maria-en-risktagerska\/"},"wordCount":308,"commentCount":2,"inLanguage":"sv-SE","potentialAction":[{"@type":"CommentAction","name":"Comment","target":["https:\/\/blogg.svenskakyrkan.se\/gerle\/2011\/12\/18\/maria-en-risktagerska\/#respond"]}]},{"@type":"WebPage","@id":"https:\/\/blogg.svenskakyrkan.se\/gerle\/2011\/12\/18\/maria-en-risktagerska\/","url":"https:\/\/blogg.svenskakyrkan.se\/gerle\/2011\/12\/18\/maria-en-risktagerska\/","name":"Maria - en risktagerska - Elisabeth Gerle funderar","isPartOf":{"@id":"https:\/\/blogg.svenskakyrkan.se\/gerle\/#website"},"datePublished":"2011-12-18T12:15:06+00:00","author":{"@id":"https:\/\/blogg.svenskakyrkan.se\/gerle\/#\/schema\/person\/785ea9fb35fb8ed3c2c9951295712d1b"},"breadcrumb":{"@id":"https:\/\/blogg.svenskakyrkan.se\/gerle\/2011\/12\/18\/maria-en-risktagerska\/#breadcrumb"},"inLanguage":"sv-SE","potentialAction":[{"@type":"ReadAction","target":["https:\/\/blogg.svenskakyrkan.se\/gerle\/2011\/12\/18\/maria-en-risktagerska\/"]}]},{"@type":"BreadcrumbList","@id":"https:\/\/blogg.svenskakyrkan.se\/gerle\/2011\/12\/18\/maria-en-risktagerska\/#breadcrumb","itemListElement":[{"@type":"ListItem","position":1,"name":"Hem","item":"https:\/\/blogg.svenskakyrkan.se\/gerle\/"},{"@type":"ListItem","position":2,"name":"Maria &#8211; en risktagerska"}]},{"@type":"WebSite","@id":"https:\/\/blogg.svenskakyrkan.se\/gerle\/#website","url":"https:\/\/blogg.svenskakyrkan.se\/gerle\/","name":"Elisabeth Gerle funderar","description":"","potentialAction":[{"@type":"SearchAction","target":{"@type":"EntryPoint","urlTemplate":"https:\/\/blogg.svenskakyrkan.se\/gerle\/?s={search_term_string}"},"query-input":{"@type":"PropertyValueSpecification","valueRequired":true,"valueName":"search_term_string"}}],"inLanguage":"sv-SE"},{"@type":"Person","@id":"https:\/\/blogg.svenskakyrkan.se\/gerle\/#\/schema\/person\/785ea9fb35fb8ed3c2c9951295712d1b","name":"Elisabeth Gerle","image":{"@type":"ImageObject","inLanguage":"sv-SE","@id":"https:\/\/blogg.svenskakyrkan.se\/gerle\/#\/schema\/person\/image\/","url":"https:\/\/secure.gravatar.com\/avatar\/ae0524dd142908d7c8372401d72efaa66409cd86ee31f5e1eb23ae87edcf05e5?s=96&d=mm&r=g","contentUrl":"https:\/\/secure.gravatar.com\/avatar\/ae0524dd142908d7c8372401d72efaa66409cd86ee31f5e1eb23ae87edcf05e5?s=96&d=mm&r=g","caption":"Elisabeth Gerle"},"url":"https:\/\/blogg.svenskakyrkan.se\/gerle\/author\/gerle\/"}]}},"author_meta":{"ID":"63","user_nicename":"gerle","user_registered":"2011-05-05 12:24:01","display_name":"Elisabeth Gerle","first_name":"Elisabeth","last_name":"Gerle","avatar":"https:\/\/secure.gravatar.com\/avatar\/ae0524dd142908d7c8372401d72efaa66409cd86ee31f5e1eb23ae87edcf05e5?s=96&d=mm&r=g"},"featured_image":false,"bloginfo":{"name":"Elisabeth Gerle funderar","url":"https:\/\/blogg.svenskakyrkan.se\/gerle"},"_links":{"self":[{"href":"https:\/\/blogg.svenskakyrkan.se\/gerle\/wp-json\/wp\/v2\/posts\/236","targetHints":{"allow":["GET"]}}],"collection":[{"href":"https:\/\/blogg.svenskakyrkan.se\/gerle\/wp-json\/wp\/v2\/posts"}],"about":[{"href":"https:\/\/blogg.svenskakyrkan.se\/gerle\/wp-json\/wp\/v2\/types\/post"}],"author":[{"embeddable":true,"href":"https:\/\/blogg.svenskakyrkan.se\/gerle\/wp-json\/wp\/v2\/users\/63"}],"replies":[{"embeddable":true,"href":"https:\/\/blogg.svenskakyrkan.se\/gerle\/wp-json\/wp\/v2\/comments?post=236"}],"version-history":[{"count":8,"href":"https:\/\/blogg.svenskakyrkan.se\/gerle\/wp-json\/wp\/v2\/posts\/236\/revisions"}],"predecessor-version":[{"id":244,"href":"https:\/\/blogg.svenskakyrkan.se\/gerle\/wp-json\/wp\/v2\/posts\/236\/revisions\/244"}],"wp:attachment":[{"href":"https:\/\/blogg.svenskakyrkan.se\/gerle\/wp-json\/wp\/v2\/media?parent=236"}],"wp:term":[{"taxonomy":"category","embeddable":true,"href":"https:\/\/blogg.svenskakyrkan.se\/gerle\/wp-json\/wp\/v2\/categories?post=236"},{"taxonomy":"post_tag","embeddable":true,"href":"https:\/\/blogg.svenskakyrkan.se\/gerle\/wp-json\/wp\/v2\/tags?post=236"}],"curies":[{"name":"wp","href":"https:\/\/api.w.org\/{rel}","templated":true}]}}