{"id":245,"date":"2012-02-08T09:48:28","date_gmt":"2012-02-08T09:48:28","guid":{"rendered":"http:\/\/blogg.svenskakyrkan.se\/gerle\/?p=245"},"modified":"2012-02-08T09:48:28","modified_gmt":"2012-02-08T09:48:28","slug":"varfor-krava-lagstiftning-istallet-for-samtal","status":"publish","type":"post","link":"https:\/\/blogg.svenskakyrkan.se\/gerle\/2012\/02\/08\/varfor-krava-lagstiftning-istallet-for-samtal\/","title":{"rendered":"Varf\u00f6r kr\u00e4va lagstiftning ist\u00e4llet f\u00f6r samtal?"},"content":{"rendered":"<p>Religioner och kulturer f\u00f6r\u00e4ndras st\u00e4ndigt. Ofta i m\u00f6tet med andra. Diskussionen om sedv\u00e4njor och ritualer \u00e4r viktig. Utpekandet av de andra som just de Andra n\u00e5got annat. Det \u00e4r s\u00e5 l\u00e4tt att j\u00e4mf\u00f6ra det b\u00e4sta hos en sj\u00e4lv med det s\u00e4msta hos de andra. Ett st\u00e4nk av avundsjuka gentemot de andra \u00e4r inte fel, brukade Krister Stendahl s\u00e4ga.<br \/>\nAtt kr\u00e4va lagstiftning mot omsk\u00e4relse av gossebarn medan debatten p\u00e5g\u00e5r f\u00f6r fullt \u00e4r d\u00e4rf\u00f6r mycket tveksamt. Varf\u00f6r just dessa sedv\u00e4njor och inte andra? Varf\u00f6r inleda med att kr\u00e4va lagstiftning gentemot n\u00e5got som framf\u00f6rallt ber\u00f6r de andra? Nyateismens lista handlar om att granska praxis som har religi\u00f6s legitimering. Det \u00e4r rimligt med tanke p\u00e5 att det \u00e4r en religionskritisk organisation. Inf\u00f6r julen fick vi n\u00e5digt till\u00e5telse av Humanisternas ordf\u00f6rande att fira jul om vi var medvetna \u00e4ven om julens icke-kristna historia och att Jesus f\u00f6rmodligen inte f\u00f6ddes just p\u00e5 julnatten. Det tackar vi f\u00f6r. Eller g\u00f6r vi? M\u00e5nga reagerade mot den n\u00e5diga tonen, bland andra Rakel Chukri som avgav ett offentligt ny\u00e5rsl\u00f6fte att sluta kalla sig ateist. Hon var less p\u00e5 denna besserwissermentalitet som inte ins\u00e5g att religioner och kulturer ocks\u00e5 handlar om dofter, mat, s\u00e5nger och musik.<br \/>\nOfta riktar sig s\u00f6karljuset mot de andra. Deras seder \u00e4r tydligare. De avviker fr\u00e5n det vi vant oss vid. I en protestantisk kultur har vi l\u00e4nge betonat det som sker i hj\u00e4rta och i hj\u00e4rna. Att d\u00e5 t\u00e4nka att religion \u00e4r n\u00e5got privat \u00e4r ganska logiskt. Men v\u00e4ldigt p\u00e5verkat av just v\u00e5r kultur d\u00e4r de evangeliska grundv\u00e4rderingarna sedan l\u00e4nge p\u00e5verkat samh\u00e4llet. D\u00e4rf\u00f6r blir det i praktiken ofta just judar, muslimer, eller f\u00f6r den delen katoliker, som h\u00e4ngs ut som motst\u00e5ndare till det vi anser vara upplyst och modernt.<br \/>\nEtt s\u00e5dant vi har en tendens att effektivt utesluta de Andra om det upprepas ofta nog. Att delta i ett s\u00e5dant utpekande kan ha med aningsl\u00f6shet att g\u00f6ra. I en tid n\u00e4r antisemitismen f\u00e5tt nytt uppsving i Europa blir det viktigt f\u00f6r oss alla att f\u00f6rs\u00f6ka urskilja de tidiga tecknen p\u00e5 utpekande och f\u00f6rfr\u00e4mligandet. I Stockholm och Malm\u00f6 anv\u00e4nds ordet jude som sk\u00e4llsord.<br \/>\nDen Svenska kyrkan var senf\u00e4rdig med att br\u00e4nnm\u00e4rka nazismen och st\u00e5 upp f\u00f6r det judiska folket. Idag har vi ett desto st\u00f6rre ansvar att inte upprepa de m\u00f6nster vi k\u00e4nner igen fr\u00e5n 30-talet d\u00e4r judar beskrevs som lagiska, och s\u00e5 sm\u00e5ningom som barbarer, medan kristna s\u00e5gs som frihetliga. Idag ser gr\u00e4nserna annorlunda ut. Vi lever inte i en svartvit v\u00e4rld d\u00e4r vi inte kan se fel. \u00c4nd\u00e5 \u00e4r det viktigt att varna f\u00f6r de tankem\u00f6nster vi l\u00e4rt oss k\u00e4nna igen. Ibland kan de komprimerade orden dock fungera som en v\u00e4ckarklocka f\u00f6r oss alla .<br \/>\nMen bara om debatten kring sakfr\u00e5gorna forts\u00e4tter. L\u00e5t oss forts\u00e4tta samtalet och debatten. Inte mellan grupp och grupp, religion mot religion utan som upplysta, religi\u00f6sa m\u00e4nniskor, med eller utan gudstro.<\/p>\n<p>Elisabeth Gerle<\/p>\n<p>PS. L\u00e4s \u00e4ven Maria Svelands t\u00e4nkv\u00e4rda artikel i DN idag <a href=\"http:\/\/www.dn.se\/kultur-noje\/debatt-essa\/hatet-som-gor-mig-politiskt-deprimerad\">http:\/\/www.dn.se\/kultur-noje\/debatt-essa\/hatet-som-gor-mig-politiskt-deprimerad<\/a><\/p>\n","protected":false},"excerpt":{"rendered":"<p>Religioner och kulturer f\u00f6r\u00e4ndras st\u00e4ndigt. Ofta i m\u00f6tet med andra. Diskussionen om sedv\u00e4njor och ritualer \u00e4r viktig. Utpekandet av de andra som just de Andra n\u00e5got annat. Det \u00e4r s\u00e5 l\u00e4tt att j\u00e4mf\u00f6ra det b\u00e4sta hos en sj\u00e4lv med det s\u00e4msta hos de andra. Ett st\u00e4nk av avundsjuka gentemot de andra \u00e4r inte fel, brukade [&hellip;]<\/p>\n","protected":false},"author":63,"featured_media":0,"comment_status":"open","ping_status":"open","sticky":false,"template":"","format":"standard","meta":{"_acf_changed":false,"footnotes":""},"categories":[9],"tags":[],"class_list":["post-245","post","type-post","status-publish","format-standard","hentry","category-okategoriserade"],"acf":[],"yoast_head":"<!-- This site is optimized with the Yoast SEO plugin v27.1.1 - https:\/\/yoast.com\/product\/yoast-seo-wordpress\/ -->\n<title>Varf\u00f6r kr\u00e4va lagstiftning ist\u00e4llet f\u00f6r samtal? - Elisabeth Gerle funderar<\/title>\n<meta name=\"robots\" content=\"index, follow, max-snippet:-1, max-image-preview:large, max-video-preview:-1\" \/>\n<link rel=\"canonical\" href=\"https:\/\/blogg.svenskakyrkan.se\/gerle\/2012\/02\/08\/varfor-krava-lagstiftning-istallet-for-samtal\/\" \/>\n<meta property=\"og:locale\" content=\"sv_SE\" \/>\n<meta property=\"og:type\" content=\"article\" \/>\n<meta property=\"og:title\" content=\"Varf\u00f6r kr\u00e4va lagstiftning ist\u00e4llet f\u00f6r samtal? - Elisabeth Gerle funderar\" \/>\n<meta property=\"og:description\" content=\"Religioner och kulturer f\u00f6r\u00e4ndras st\u00e4ndigt. Ofta i m\u00f6tet med andra. Diskussionen om sedv\u00e4njor och ritualer \u00e4r viktig. Utpekandet av de andra som just de Andra n\u00e5got annat. Det \u00e4r s\u00e5 l\u00e4tt att j\u00e4mf\u00f6ra det b\u00e4sta hos en sj\u00e4lv med det s\u00e4msta hos de andra. Ett st\u00e4nk av avundsjuka gentemot de andra \u00e4r inte fel, brukade [&hellip;]\" \/>\n<meta property=\"og:url\" content=\"https:\/\/blogg.svenskakyrkan.se\/gerle\/2012\/02\/08\/varfor-krava-lagstiftning-istallet-for-samtal\/\" \/>\n<meta property=\"og:site_name\" content=\"Elisabeth Gerle funderar\" \/>\n<meta property=\"article:published_time\" content=\"2012-02-08T09:48:28+00:00\" \/>\n<meta name=\"author\" content=\"Elisabeth Gerle\" \/>\n<meta name=\"twitter:card\" content=\"summary_large_image\" \/>\n<meta name=\"twitter:label1\" content=\"Skriven av\" \/>\n\t<meta name=\"twitter:data1\" content=\"Elisabeth Gerle\" \/>\n\t<meta name=\"twitter:label2\" content=\"Ber\u00e4knad l\u00e4stid\" \/>\n\t<meta name=\"twitter:data2\" content=\"3 minuter\" \/>\n<script type=\"application\/ld+json\" class=\"yoast-schema-graph\">{\"@context\":\"https:\/\/schema.org\",\"@graph\":[{\"@type\":\"Article\",\"@id\":\"https:\/\/blogg.svenskakyrkan.se\/gerle\/2012\/02\/08\/varfor-krava-lagstiftning-istallet-for-samtal\/#article\",\"isPartOf\":{\"@id\":\"https:\/\/blogg.svenskakyrkan.se\/gerle\/2012\/02\/08\/varfor-krava-lagstiftning-istallet-for-samtal\/\"},\"author\":{\"name\":\"Elisabeth Gerle\",\"@id\":\"https:\/\/blogg.svenskakyrkan.se\/gerle\/#\/schema\/person\/785ea9fb35fb8ed3c2c9951295712d1b\"},\"headline\":\"Varf\u00f6r kr\u00e4va lagstiftning ist\u00e4llet f\u00f6r samtal?\",\"datePublished\":\"2012-02-08T09:48:28+00:00\",\"mainEntityOfPage\":{\"@id\":\"https:\/\/blogg.svenskakyrkan.se\/gerle\/2012\/02\/08\/varfor-krava-lagstiftning-istallet-for-samtal\/\"},\"wordCount\":603,\"commentCount\":0,\"inLanguage\":\"sv-SE\",\"potentialAction\":[{\"@type\":\"CommentAction\",\"name\":\"Comment\",\"target\":[\"https:\/\/blogg.svenskakyrkan.se\/gerle\/2012\/02\/08\/varfor-krava-lagstiftning-istallet-for-samtal\/#respond\"]}]},{\"@type\":\"WebPage\",\"@id\":\"https:\/\/blogg.svenskakyrkan.se\/gerle\/2012\/02\/08\/varfor-krava-lagstiftning-istallet-for-samtal\/\",\"url\":\"https:\/\/blogg.svenskakyrkan.se\/gerle\/2012\/02\/08\/varfor-krava-lagstiftning-istallet-for-samtal\/\",\"name\":\"Varf\u00f6r kr\u00e4va lagstiftning ist\u00e4llet f\u00f6r samtal? - Elisabeth Gerle funderar\",\"isPartOf\":{\"@id\":\"https:\/\/blogg.svenskakyrkan.se\/gerle\/#website\"},\"datePublished\":\"2012-02-08T09:48:28+00:00\",\"author\":{\"@id\":\"https:\/\/blogg.svenskakyrkan.se\/gerle\/#\/schema\/person\/785ea9fb35fb8ed3c2c9951295712d1b\"},\"breadcrumb\":{\"@id\":\"https:\/\/blogg.svenskakyrkan.se\/gerle\/2012\/02\/08\/varfor-krava-lagstiftning-istallet-for-samtal\/#breadcrumb\"},\"inLanguage\":\"sv-SE\",\"potentialAction\":[{\"@type\":\"ReadAction\",\"target\":[\"https:\/\/blogg.svenskakyrkan.se\/gerle\/2012\/02\/08\/varfor-krava-lagstiftning-istallet-for-samtal\/\"]}]},{\"@type\":\"BreadcrumbList\",\"@id\":\"https:\/\/blogg.svenskakyrkan.se\/gerle\/2012\/02\/08\/varfor-krava-lagstiftning-istallet-for-samtal\/#breadcrumb\",\"itemListElement\":[{\"@type\":\"ListItem\",\"position\":1,\"name\":\"Hem\",\"item\":\"https:\/\/blogg.svenskakyrkan.se\/gerle\/\"},{\"@type\":\"ListItem\",\"position\":2,\"name\":\"Varf\u00f6r kr\u00e4va lagstiftning ist\u00e4llet f\u00f6r samtal?\"}]},{\"@type\":\"WebSite\",\"@id\":\"https:\/\/blogg.svenskakyrkan.se\/gerle\/#website\",\"url\":\"https:\/\/blogg.svenskakyrkan.se\/gerle\/\",\"name\":\"Elisabeth Gerle funderar\",\"description\":\"\",\"potentialAction\":[{\"@type\":\"SearchAction\",\"target\":{\"@type\":\"EntryPoint\",\"urlTemplate\":\"https:\/\/blogg.svenskakyrkan.se\/gerle\/?s={search_term_string}\"},\"query-input\":{\"@type\":\"PropertyValueSpecification\",\"valueRequired\":true,\"valueName\":\"search_term_string\"}}],\"inLanguage\":\"sv-SE\"},{\"@type\":\"Person\",\"@id\":\"https:\/\/blogg.svenskakyrkan.se\/gerle\/#\/schema\/person\/785ea9fb35fb8ed3c2c9951295712d1b\",\"name\":\"Elisabeth Gerle\",\"image\":{\"@type\":\"ImageObject\",\"inLanguage\":\"sv-SE\",\"@id\":\"https:\/\/blogg.svenskakyrkan.se\/gerle\/#\/schema\/person\/image\/\",\"url\":\"https:\/\/secure.gravatar.com\/avatar\/ae0524dd142908d7c8372401d72efaa66409cd86ee31f5e1eb23ae87edcf05e5?s=96&d=mm&r=g\",\"contentUrl\":\"https:\/\/secure.gravatar.com\/avatar\/ae0524dd142908d7c8372401d72efaa66409cd86ee31f5e1eb23ae87edcf05e5?s=96&d=mm&r=g\",\"caption\":\"Elisabeth Gerle\"},\"url\":\"https:\/\/blogg.svenskakyrkan.se\/gerle\/author\/gerle\/\"}]}<\/script>\n<!-- \/ Yoast SEO plugin. -->","yoast_head_json":{"title":"Varf\u00f6r kr\u00e4va lagstiftning ist\u00e4llet f\u00f6r samtal? - Elisabeth Gerle funderar","robots":{"index":"index","follow":"follow","max-snippet":"max-snippet:-1","max-image-preview":"max-image-preview:large","max-video-preview":"max-video-preview:-1"},"canonical":"https:\/\/blogg.svenskakyrkan.se\/gerle\/2012\/02\/08\/varfor-krava-lagstiftning-istallet-for-samtal\/","og_locale":"sv_SE","og_type":"article","og_title":"Varf\u00f6r kr\u00e4va lagstiftning ist\u00e4llet f\u00f6r samtal? - Elisabeth Gerle funderar","og_description":"Religioner och kulturer f\u00f6r\u00e4ndras st\u00e4ndigt. Ofta i m\u00f6tet med andra. Diskussionen om sedv\u00e4njor och ritualer \u00e4r viktig. Utpekandet av de andra som just de Andra n\u00e5got annat. Det \u00e4r s\u00e5 l\u00e4tt att j\u00e4mf\u00f6ra det b\u00e4sta hos en sj\u00e4lv med det s\u00e4msta hos de andra. Ett st\u00e4nk av avundsjuka gentemot de andra \u00e4r inte fel, brukade [&hellip;]","og_url":"https:\/\/blogg.svenskakyrkan.se\/gerle\/2012\/02\/08\/varfor-krava-lagstiftning-istallet-for-samtal\/","og_site_name":"Elisabeth Gerle funderar","article_published_time":"2012-02-08T09:48:28+00:00","author":"Elisabeth Gerle","twitter_card":"summary_large_image","twitter_misc":{"Skriven av":"Elisabeth Gerle","Ber\u00e4knad l\u00e4stid":"3 minuter"},"schema":{"@context":"https:\/\/schema.org","@graph":[{"@type":"Article","@id":"https:\/\/blogg.svenskakyrkan.se\/gerle\/2012\/02\/08\/varfor-krava-lagstiftning-istallet-for-samtal\/#article","isPartOf":{"@id":"https:\/\/blogg.svenskakyrkan.se\/gerle\/2012\/02\/08\/varfor-krava-lagstiftning-istallet-for-samtal\/"},"author":{"name":"Elisabeth Gerle","@id":"https:\/\/blogg.svenskakyrkan.se\/gerle\/#\/schema\/person\/785ea9fb35fb8ed3c2c9951295712d1b"},"headline":"Varf\u00f6r kr\u00e4va lagstiftning ist\u00e4llet f\u00f6r samtal?","datePublished":"2012-02-08T09:48:28+00:00","mainEntityOfPage":{"@id":"https:\/\/blogg.svenskakyrkan.se\/gerle\/2012\/02\/08\/varfor-krava-lagstiftning-istallet-for-samtal\/"},"wordCount":603,"commentCount":0,"inLanguage":"sv-SE","potentialAction":[{"@type":"CommentAction","name":"Comment","target":["https:\/\/blogg.svenskakyrkan.se\/gerle\/2012\/02\/08\/varfor-krava-lagstiftning-istallet-for-samtal\/#respond"]}]},{"@type":"WebPage","@id":"https:\/\/blogg.svenskakyrkan.se\/gerle\/2012\/02\/08\/varfor-krava-lagstiftning-istallet-for-samtal\/","url":"https:\/\/blogg.svenskakyrkan.se\/gerle\/2012\/02\/08\/varfor-krava-lagstiftning-istallet-for-samtal\/","name":"Varf\u00f6r kr\u00e4va lagstiftning ist\u00e4llet f\u00f6r samtal? - Elisabeth Gerle funderar","isPartOf":{"@id":"https:\/\/blogg.svenskakyrkan.se\/gerle\/#website"},"datePublished":"2012-02-08T09:48:28+00:00","author":{"@id":"https:\/\/blogg.svenskakyrkan.se\/gerle\/#\/schema\/person\/785ea9fb35fb8ed3c2c9951295712d1b"},"breadcrumb":{"@id":"https:\/\/blogg.svenskakyrkan.se\/gerle\/2012\/02\/08\/varfor-krava-lagstiftning-istallet-for-samtal\/#breadcrumb"},"inLanguage":"sv-SE","potentialAction":[{"@type":"ReadAction","target":["https:\/\/blogg.svenskakyrkan.se\/gerle\/2012\/02\/08\/varfor-krava-lagstiftning-istallet-for-samtal\/"]}]},{"@type":"BreadcrumbList","@id":"https:\/\/blogg.svenskakyrkan.se\/gerle\/2012\/02\/08\/varfor-krava-lagstiftning-istallet-for-samtal\/#breadcrumb","itemListElement":[{"@type":"ListItem","position":1,"name":"Hem","item":"https:\/\/blogg.svenskakyrkan.se\/gerle\/"},{"@type":"ListItem","position":2,"name":"Varf\u00f6r kr\u00e4va lagstiftning ist\u00e4llet f\u00f6r samtal?"}]},{"@type":"WebSite","@id":"https:\/\/blogg.svenskakyrkan.se\/gerle\/#website","url":"https:\/\/blogg.svenskakyrkan.se\/gerle\/","name":"Elisabeth Gerle funderar","description":"","potentialAction":[{"@type":"SearchAction","target":{"@type":"EntryPoint","urlTemplate":"https:\/\/blogg.svenskakyrkan.se\/gerle\/?s={search_term_string}"},"query-input":{"@type":"PropertyValueSpecification","valueRequired":true,"valueName":"search_term_string"}}],"inLanguage":"sv-SE"},{"@type":"Person","@id":"https:\/\/blogg.svenskakyrkan.se\/gerle\/#\/schema\/person\/785ea9fb35fb8ed3c2c9951295712d1b","name":"Elisabeth Gerle","image":{"@type":"ImageObject","inLanguage":"sv-SE","@id":"https:\/\/blogg.svenskakyrkan.se\/gerle\/#\/schema\/person\/image\/","url":"https:\/\/secure.gravatar.com\/avatar\/ae0524dd142908d7c8372401d72efaa66409cd86ee31f5e1eb23ae87edcf05e5?s=96&d=mm&r=g","contentUrl":"https:\/\/secure.gravatar.com\/avatar\/ae0524dd142908d7c8372401d72efaa66409cd86ee31f5e1eb23ae87edcf05e5?s=96&d=mm&r=g","caption":"Elisabeth Gerle"},"url":"https:\/\/blogg.svenskakyrkan.se\/gerle\/author\/gerle\/"}]}},"author_meta":{"ID":"63","user_nicename":"gerle","user_registered":"2011-05-05 12:24:01","display_name":"Elisabeth Gerle","first_name":"Elisabeth","last_name":"Gerle","avatar":"https:\/\/secure.gravatar.com\/avatar\/ae0524dd142908d7c8372401d72efaa66409cd86ee31f5e1eb23ae87edcf05e5?s=96&d=mm&r=g"},"featured_image":false,"bloginfo":{"name":"Elisabeth Gerle funderar","url":"https:\/\/blogg.svenskakyrkan.se\/gerle"},"_links":{"self":[{"href":"https:\/\/blogg.svenskakyrkan.se\/gerle\/wp-json\/wp\/v2\/posts\/245","targetHints":{"allow":["GET"]}}],"collection":[{"href":"https:\/\/blogg.svenskakyrkan.se\/gerle\/wp-json\/wp\/v2\/posts"}],"about":[{"href":"https:\/\/blogg.svenskakyrkan.se\/gerle\/wp-json\/wp\/v2\/types\/post"}],"author":[{"embeddable":true,"href":"https:\/\/blogg.svenskakyrkan.se\/gerle\/wp-json\/wp\/v2\/users\/63"}],"replies":[{"embeddable":true,"href":"https:\/\/blogg.svenskakyrkan.se\/gerle\/wp-json\/wp\/v2\/comments?post=245"}],"version-history":[{"count":6,"href":"https:\/\/blogg.svenskakyrkan.se\/gerle\/wp-json\/wp\/v2\/posts\/245\/revisions"}],"predecessor-version":[{"id":281,"href":"https:\/\/blogg.svenskakyrkan.se\/gerle\/wp-json\/wp\/v2\/posts\/245\/revisions\/281"}],"wp:attachment":[{"href":"https:\/\/blogg.svenskakyrkan.se\/gerle\/wp-json\/wp\/v2\/media?parent=245"}],"wp:term":[{"taxonomy":"category","embeddable":true,"href":"https:\/\/blogg.svenskakyrkan.se\/gerle\/wp-json\/wp\/v2\/categories?post=245"},{"taxonomy":"post_tag","embeddable":true,"href":"https:\/\/blogg.svenskakyrkan.se\/gerle\/wp-json\/wp\/v2\/tags?post=245"}],"curies":[{"name":"wp","href":"https:\/\/api.w.org\/{rel}","templated":true}]}}