{"id":246,"date":"2012-01-20T16:53:50","date_gmt":"2012-01-20T16:53:50","guid":{"rendered":"http:\/\/blogg.svenskakyrkan.se\/gerle\/?p=246"},"modified":"2012-01-22T14:31:12","modified_gmt":"2012-01-22T14:31:12","slug":"ratten-att-valja","status":"publish","type":"post","link":"https:\/\/blogg.svenskakyrkan.se\/gerle\/2012\/01\/20\/ratten-att-valja\/","title":{"rendered":"R\u00e4tten att v\u00e4lja"},"content":{"rendered":"<p>\u00a0<\/p>\n<p>F\u00e5r man kritisera grannens s\u00e4tt att leva? Om man misst\u00e4nker att n\u00e5gon i l\u00e4genheten eller huset bredvid far illa, barn, kvinna eller man, s\u00e5 \u00a0\u00e4r man skyldig att anm\u00e4la. De flesta av oss drar sig i det l\u00e4ngsta. Och vi ska nog vara f\u00f6rsiktiga med att \u201dpolisa\u201d varandra. Det handlar om sv\u00e5ra avv\u00e4gningar. \u00c4n sv\u00e5rare blir det n\u00e4r man vill kritisera eller tom utrota sedv\u00e4njor som f\u00f6rekommer i vissa grupper.<\/p>\n<p>Fadime kom som 7-\u00e5ring med sin kurdiska familj till Sverige. Hon m\u00f6rdades av sin pappa f\u00f6r tio \u00e5r sen f\u00f6r att hon hadeen svensk pojkv\u00e4n och blev ett offer f\u00f6r hedersv\u00e5ld. Det p\u00e5minner oss om att det \u00e4r n\u00f6dv\u00e4ndigt att v\u00e5ga reagera. Sj\u00e4lvklart f\u00f6rekommer inte v\u00e5ld i alla familjer som kommer fr\u00e5n s.k. hederskulturer, fast de egentligen borde kallas<br \/>\n&#8217;skamkulturer&#8217;, f\u00f6r att citera Kofi Annan. Han h\u00e4vdade, i ett \u00f6ppningstal vid en kvinnokonferens i FN under den tid d\u00e5 han var generalsekreterare, att man borde tala om skamkulturer ist\u00e4llet .<\/p>\n<p>Idag f\u00f6resl\u00e5s lagstiftning gentemot barn\u00e4ktenskap och tv\u00e5ngsgifte. Detta \u00e4r angel\u00e4get. Desmond Tutu och The Elders identifierar detta som ett av de stora globala hoten som f\u00f6rutom m\u00e4nskligt lidande orsakar fattigdom. Se <a href=\"http:\/\/girlsnotbrides.org\/\">p:\/\/girlsnotbrides.org\/<\/a>\u00a0 M\u00e5nga, b\u00e5de unga kvinnor och m\u00e4n, som kommer fr\u00e5n s.k. hederskulturer beh\u00f6ver v\u00e5rt st\u00f6d.<\/p>\n<p>F\u00f6r mig \u00e4r Sadime en martyr, men ocks\u00e5 en sorglig p\u00e5minnelse om att vi m\u00e5ste reagera i tid. Innan det \u00e4r f\u00f6r sent.\u00a0 L\u00e4s g\u00e4rna Rakel Chukris avsl\u00f6jande artikel i Sydsvenskan: \u00a0<a href=\"http:\/\/www.sydsvenskan.se\/kultur-och-nojen\/article1602920\/Heder-och-samvete.html\">http:\/\/www.sydsvenskan.se\/kultur-och-nojen\/article1602920\/Heder-och-samvete.html<\/a><\/p>\n<p>Att l\u00e5ta kvinnor bli b\u00e4rare av familjens heder \u00e4r n\u00e5got som funnits och fortfarande finns i de flesta patriarkala kulturer. Att kontrollera deras sexualiet \u00e4r ett s\u00e4tt att h\u00e5lla samman klanen.<\/p>\n<p>Men vem betalar priset?<\/p>\n<p>I Iran kan kvinnor avr\u00e4ttas med stening om de blivit v\u00e5ldtagna!\u00a0 Jag delar allts\u00e5 Rakel Chukris syn att vi m\u00e5ste tala om hederskulturer, som till\u00e5ter detta f\u00f6rtyck och anv\u00e4nder v\u00e5ld f\u00f6r att uppr\u00e4tth\u00e5lla det. Samtidigt tror jag det \u00e4r viktigt att minnas inslag i v\u00e5r egen historia med starka inslag av dubbelmoral och d\u00e4r kvinnor f\u00f6rv\u00e4ntades b\u00e4ra familjens heder. F\u00f6r inte s\u00e5 l\u00e4nge sen var det tungt att bli mamma i Skandinavien utan att ha en erk\u00e4nd pappa till sitt barn. Det var vanligt att pappor flyttade eller emigrerade till Amerika f\u00f6r att dra sig undan sitt ansvar. Alla visste, men det var kvinnan som fick b\u00e4ra skammen. Cora Sandels novell <em>Kunsten att myrde<\/em> ber\u00e4ttar om hur en ton\u00e5rsflicka dr\u00e4nker sig f\u00f6r att hon inte st\u00e5r ut med att omgivningen v\u00e4nder bort blicken och baktalar henne n\u00e4r hon blivit med barn, som det hette. Idag \u00e4r vi glada och stolta \u00f6ver att ge st\u00f6d \u00e5t ensamma f\u00f6r\u00e4ldrar. Eller?<\/p>\n<p>Vi har kommit en bra bit men det \u00e4r fortfarande inte l\u00e4tt att leva som ensam f\u00f6r\u00e4lder, varken ekonomiskt eller socialt. Men detta kan inte j\u00e4mst\u00e4llas med det vi menar med hederskultur.<\/p>\n<p>Vet inte om man kan s\u00e4ga att det funnits motsvarigheten till Mellan\u00f6sterns hederskulturer i Norden.\u00a0Men jag \u00e4r helt \u00f6vertygad om att det \u00e4r farligt att betrakta kulturer som stillast\u00e5ende. De utvecklas hela tiden. \u00d6verallt. Vi m\u00e5ste kunna kritisera\u00a0f\u00f6rtryckande\u00a0attityder och tankem\u00f6nster hos oss sj\u00e4lva, men\u00a0\u00e4ven hos andra. Vissa h\u00e5llningar utg\u00f6r ett v\u00e5ld i sig\u00a0genom att begr\u00e4nsa m\u00e4nniskors liv. De\u00a0blossar dessutom ofta upp i \u00f6ppet v\u00e5rd. Att tala om m\u00e5ngkultur som om vi inte kan tala med varandra eller leva med varandra fast vi kommer fr\u00e5n olika kulturer leder till enklaver. Det maskerar dessutom l\u00e4tt att olikheter ofta handlar om ekonomi och socialt kapital, inte om kultur.\u00a0 Att se att vi alla \u00e4r b\u00e4rare av kulturella och religi\u00f6sa bottnar, som ofta \u00f6verlappar varandra, \u00e4r viktigt.<\/p>\n<p>N\u00e4r jag skrev boken <em>M\u00e5ngkulturalism f\u00f6r vem?<\/em> granskade jag debatten om konfessionella friskolor med flickor som<br \/>\nutg\u00e5ngspunkt. Boken som kom ut 1999 gick emot den d\u00e5 ganska dominerande \u00a0s.k. kulturrelativismen genom att ifr\u00e5gas\u00e4tta att flickor i vissa av dessa skolor fostrades i ett klassiskt s\u00e4rartst\u00e4nkande. Ett antal muslimska skolor, liksom vissa kristet fundamentalistiska, tycktes utg\u00e5 fr\u00e5n att flickor inte beh\u00f6vde samma utbildning som pojkar, eftersom de skulle gifta sig och f\u00e5 barn. Men n\u00e4r jag skickade boken till ansvarig minister fick jag ett svalt tack fr\u00e5n hennes sekreterare.\u00a0Kanske gick den emot tidens ideologi som just d\u00e5 betonade r\u00e4tten att v\u00e4lja kultur, som om kultur var n\u00e5got klart avgr\u00e4nsat och stillast\u00e5ende. (Se Rakels artikel ovan.)<\/p>\n<p>R\u00e4tten att sj\u00e4lv fatta beslut ligger h\u00f6gt bland det v\u00e4stv\u00e4rlden v\u00e4rderar. Ibland kanske allra h\u00f6gst. Vi ser det som sj\u00e4lvklart att det \u00e4r individen som ska v\u00e4lja partner, utbildning och mycket annat, oavsett om det \u00e4r man eller kvinna. Allt detta \u00e4r viktigt att v\u00e4rna om. Samtidigt beh\u00f6ver vi alla tillh\u00f6righet och ing\u00e5 i st\u00f6rre sammanhang.\u00a0Kanske en bristvara i Sverige?<\/p>\n<p>Cristina Grenholm, professor och kyrkosekreterare, har i sitt akademiska f\u00f6rfattarskap resonerat kring begreppen autonomi, relationalitet och heteronomi, dvs bristen p\u00e5 kontroll, n\u00e5got som ocks\u00e5 ing\u00e5r i m\u00e4nskligt liv.\u00a0Vi\u00a0\u00e4r som m\u00e4nniskor b\u00e5de tillh\u00f6riga ett sammanhang, autonoma och\u00a0i vissa situationer utan total kontroll, dvs heteronoma. Som f\u00f6r\u00e4ldrar i relation till ton\u00e5rsbarn till exempel. Eller som barn till\u00a0gamla f\u00f6r\u00e4ldrar. H\u00e4r beh\u00f6vs mycket lyh\u00f6rdhet f\u00f6r att navigera r\u00e4tt mellan allt detta som ing\u00e5r i m\u00e4nskligt liv. Varje tid m\u00e5ste fr\u00e5ga sig vad som idag blivit dominerande ideologi. Vad riskerar idag att\u00a0skymma\u00a0v\u00e4sentliga nyanser?<\/p>\n","protected":false},"excerpt":{"rendered":"<p>\u00a0 F\u00e5r man kritisera grannens s\u00e4tt att leva? Om man misst\u00e4nker att n\u00e5gon i l\u00e4genheten eller huset bredvid far illa, barn, kvinna eller man, s\u00e5 \u00a0\u00e4r man skyldig att anm\u00e4la. De flesta av oss drar sig i det l\u00e4ngsta. Och vi ska nog vara f\u00f6rsiktiga med att \u201dpolisa\u201d varandra. Det handlar om sv\u00e5ra avv\u00e4gningar. \u00c4n [&hellip;]<\/p>\n","protected":false},"author":63,"featured_media":0,"comment_status":"open","ping_status":"open","sticky":false,"template":"","format":"standard","meta":{"_acf_changed":false,"footnotes":""},"categories":[9],"tags":[],"class_list":["post-246","post","type-post","status-publish","format-standard","hentry","category-okategoriserade"],"acf":[],"yoast_head":"<!-- This site is optimized with the Yoast SEO plugin v27.1.1 - https:\/\/yoast.com\/product\/yoast-seo-wordpress\/ -->\n<title>R\u00e4tten att v\u00e4lja - Elisabeth Gerle funderar<\/title>\n<meta name=\"robots\" content=\"index, follow, max-snippet:-1, max-image-preview:large, max-video-preview:-1\" \/>\n<link rel=\"canonical\" href=\"https:\/\/blogg.svenskakyrkan.se\/gerle\/2012\/01\/20\/ratten-att-valja\/\" \/>\n<meta property=\"og:locale\" content=\"sv_SE\" \/>\n<meta property=\"og:type\" content=\"article\" \/>\n<meta property=\"og:title\" content=\"R\u00e4tten att v\u00e4lja - Elisabeth Gerle funderar\" \/>\n<meta property=\"og:description\" content=\"\u00a0 F\u00e5r man kritisera grannens s\u00e4tt att leva? Om man misst\u00e4nker att n\u00e5gon i l\u00e4genheten eller huset bredvid far illa, barn, kvinna eller man, s\u00e5 \u00a0\u00e4r man skyldig att anm\u00e4la. De flesta av oss drar sig i det l\u00e4ngsta. Och vi ska nog vara f\u00f6rsiktiga med att \u201dpolisa\u201d varandra. Det handlar om sv\u00e5ra avv\u00e4gningar. \u00c4n [&hellip;]\" \/>\n<meta property=\"og:url\" content=\"https:\/\/blogg.svenskakyrkan.se\/gerle\/2012\/01\/20\/ratten-att-valja\/\" \/>\n<meta property=\"og:site_name\" content=\"Elisabeth Gerle funderar\" \/>\n<meta property=\"article:published_time\" content=\"2012-01-20T16:53:50+00:00\" \/>\n<meta property=\"article:modified_time\" content=\"2012-01-22T14:31:12+00:00\" \/>\n<meta name=\"author\" content=\"Elisabeth Gerle\" \/>\n<meta name=\"twitter:card\" content=\"summary_large_image\" \/>\n<meta name=\"twitter:label1\" content=\"Skriven av\" \/>\n\t<meta name=\"twitter:data1\" content=\"Elisabeth Gerle\" \/>\n\t<meta name=\"twitter:label2\" content=\"Ber\u00e4knad l\u00e4stid\" \/>\n\t<meta name=\"twitter:data2\" content=\"5 minuter\" \/>\n<script type=\"application\/ld+json\" class=\"yoast-schema-graph\">{\"@context\":\"https:\/\/schema.org\",\"@graph\":[{\"@type\":\"Article\",\"@id\":\"https:\/\/blogg.svenskakyrkan.se\/gerle\/2012\/01\/20\/ratten-att-valja\/#article\",\"isPartOf\":{\"@id\":\"https:\/\/blogg.svenskakyrkan.se\/gerle\/2012\/01\/20\/ratten-att-valja\/\"},\"author\":{\"name\":\"Elisabeth Gerle\",\"@id\":\"https:\/\/blogg.svenskakyrkan.se\/gerle\/#\/schema\/person\/785ea9fb35fb8ed3c2c9951295712d1b\"},\"headline\":\"R\u00e4tten att v\u00e4lja\",\"datePublished\":\"2012-01-20T16:53:50+00:00\",\"dateModified\":\"2012-01-22T14:31:12+00:00\",\"mainEntityOfPage\":{\"@id\":\"https:\/\/blogg.svenskakyrkan.se\/gerle\/2012\/01\/20\/ratten-att-valja\/\"},\"wordCount\":1040,\"commentCount\":5,\"inLanguage\":\"sv-SE\",\"potentialAction\":[{\"@type\":\"CommentAction\",\"name\":\"Comment\",\"target\":[\"https:\/\/blogg.svenskakyrkan.se\/gerle\/2012\/01\/20\/ratten-att-valja\/#respond\"]}]},{\"@type\":\"WebPage\",\"@id\":\"https:\/\/blogg.svenskakyrkan.se\/gerle\/2012\/01\/20\/ratten-att-valja\/\",\"url\":\"https:\/\/blogg.svenskakyrkan.se\/gerle\/2012\/01\/20\/ratten-att-valja\/\",\"name\":\"R\u00e4tten att v\u00e4lja - Elisabeth Gerle funderar\",\"isPartOf\":{\"@id\":\"https:\/\/blogg.svenskakyrkan.se\/gerle\/#website\"},\"datePublished\":\"2012-01-20T16:53:50+00:00\",\"dateModified\":\"2012-01-22T14:31:12+00:00\",\"author\":{\"@id\":\"https:\/\/blogg.svenskakyrkan.se\/gerle\/#\/schema\/person\/785ea9fb35fb8ed3c2c9951295712d1b\"},\"breadcrumb\":{\"@id\":\"https:\/\/blogg.svenskakyrkan.se\/gerle\/2012\/01\/20\/ratten-att-valja\/#breadcrumb\"},\"inLanguage\":\"sv-SE\",\"potentialAction\":[{\"@type\":\"ReadAction\",\"target\":[\"https:\/\/blogg.svenskakyrkan.se\/gerle\/2012\/01\/20\/ratten-att-valja\/\"]}]},{\"@type\":\"BreadcrumbList\",\"@id\":\"https:\/\/blogg.svenskakyrkan.se\/gerle\/2012\/01\/20\/ratten-att-valja\/#breadcrumb\",\"itemListElement\":[{\"@type\":\"ListItem\",\"position\":1,\"name\":\"Hem\",\"item\":\"https:\/\/blogg.svenskakyrkan.se\/gerle\/\"},{\"@type\":\"ListItem\",\"position\":2,\"name\":\"R\u00e4tten att v\u00e4lja\"}]},{\"@type\":\"WebSite\",\"@id\":\"https:\/\/blogg.svenskakyrkan.se\/gerle\/#website\",\"url\":\"https:\/\/blogg.svenskakyrkan.se\/gerle\/\",\"name\":\"Elisabeth Gerle funderar\",\"description\":\"\",\"potentialAction\":[{\"@type\":\"SearchAction\",\"target\":{\"@type\":\"EntryPoint\",\"urlTemplate\":\"https:\/\/blogg.svenskakyrkan.se\/gerle\/?s={search_term_string}\"},\"query-input\":{\"@type\":\"PropertyValueSpecification\",\"valueRequired\":true,\"valueName\":\"search_term_string\"}}],\"inLanguage\":\"sv-SE\"},{\"@type\":\"Person\",\"@id\":\"https:\/\/blogg.svenskakyrkan.se\/gerle\/#\/schema\/person\/785ea9fb35fb8ed3c2c9951295712d1b\",\"name\":\"Elisabeth Gerle\",\"image\":{\"@type\":\"ImageObject\",\"inLanguage\":\"sv-SE\",\"@id\":\"https:\/\/blogg.svenskakyrkan.se\/gerle\/#\/schema\/person\/image\/\",\"url\":\"https:\/\/secure.gravatar.com\/avatar\/ae0524dd142908d7c8372401d72efaa66409cd86ee31f5e1eb23ae87edcf05e5?s=96&d=mm&r=g\",\"contentUrl\":\"https:\/\/secure.gravatar.com\/avatar\/ae0524dd142908d7c8372401d72efaa66409cd86ee31f5e1eb23ae87edcf05e5?s=96&d=mm&r=g\",\"caption\":\"Elisabeth Gerle\"},\"url\":\"https:\/\/blogg.svenskakyrkan.se\/gerle\/author\/gerle\/\"}]}<\/script>\n<!-- \/ Yoast SEO plugin. -->","yoast_head_json":{"title":"R\u00e4tten att v\u00e4lja - Elisabeth Gerle funderar","robots":{"index":"index","follow":"follow","max-snippet":"max-snippet:-1","max-image-preview":"max-image-preview:large","max-video-preview":"max-video-preview:-1"},"canonical":"https:\/\/blogg.svenskakyrkan.se\/gerle\/2012\/01\/20\/ratten-att-valja\/","og_locale":"sv_SE","og_type":"article","og_title":"R\u00e4tten att v\u00e4lja - Elisabeth Gerle funderar","og_description":"\u00a0 F\u00e5r man kritisera grannens s\u00e4tt att leva? Om man misst\u00e4nker att n\u00e5gon i l\u00e4genheten eller huset bredvid far illa, barn, kvinna eller man, s\u00e5 \u00a0\u00e4r man skyldig att anm\u00e4la. De flesta av oss drar sig i det l\u00e4ngsta. Och vi ska nog vara f\u00f6rsiktiga med att \u201dpolisa\u201d varandra. Det handlar om sv\u00e5ra avv\u00e4gningar. \u00c4n [&hellip;]","og_url":"https:\/\/blogg.svenskakyrkan.se\/gerle\/2012\/01\/20\/ratten-att-valja\/","og_site_name":"Elisabeth Gerle funderar","article_published_time":"2012-01-20T16:53:50+00:00","article_modified_time":"2012-01-22T14:31:12+00:00","author":"Elisabeth Gerle","twitter_card":"summary_large_image","twitter_misc":{"Skriven av":"Elisabeth Gerle","Ber\u00e4knad l\u00e4stid":"5 minuter"},"schema":{"@context":"https:\/\/schema.org","@graph":[{"@type":"Article","@id":"https:\/\/blogg.svenskakyrkan.se\/gerle\/2012\/01\/20\/ratten-att-valja\/#article","isPartOf":{"@id":"https:\/\/blogg.svenskakyrkan.se\/gerle\/2012\/01\/20\/ratten-att-valja\/"},"author":{"name":"Elisabeth Gerle","@id":"https:\/\/blogg.svenskakyrkan.se\/gerle\/#\/schema\/person\/785ea9fb35fb8ed3c2c9951295712d1b"},"headline":"R\u00e4tten att v\u00e4lja","datePublished":"2012-01-20T16:53:50+00:00","dateModified":"2012-01-22T14:31:12+00:00","mainEntityOfPage":{"@id":"https:\/\/blogg.svenskakyrkan.se\/gerle\/2012\/01\/20\/ratten-att-valja\/"},"wordCount":1040,"commentCount":5,"inLanguage":"sv-SE","potentialAction":[{"@type":"CommentAction","name":"Comment","target":["https:\/\/blogg.svenskakyrkan.se\/gerle\/2012\/01\/20\/ratten-att-valja\/#respond"]}]},{"@type":"WebPage","@id":"https:\/\/blogg.svenskakyrkan.se\/gerle\/2012\/01\/20\/ratten-att-valja\/","url":"https:\/\/blogg.svenskakyrkan.se\/gerle\/2012\/01\/20\/ratten-att-valja\/","name":"R\u00e4tten att v\u00e4lja - Elisabeth Gerle funderar","isPartOf":{"@id":"https:\/\/blogg.svenskakyrkan.se\/gerle\/#website"},"datePublished":"2012-01-20T16:53:50+00:00","dateModified":"2012-01-22T14:31:12+00:00","author":{"@id":"https:\/\/blogg.svenskakyrkan.se\/gerle\/#\/schema\/person\/785ea9fb35fb8ed3c2c9951295712d1b"},"breadcrumb":{"@id":"https:\/\/blogg.svenskakyrkan.se\/gerle\/2012\/01\/20\/ratten-att-valja\/#breadcrumb"},"inLanguage":"sv-SE","potentialAction":[{"@type":"ReadAction","target":["https:\/\/blogg.svenskakyrkan.se\/gerle\/2012\/01\/20\/ratten-att-valja\/"]}]},{"@type":"BreadcrumbList","@id":"https:\/\/blogg.svenskakyrkan.se\/gerle\/2012\/01\/20\/ratten-att-valja\/#breadcrumb","itemListElement":[{"@type":"ListItem","position":1,"name":"Hem","item":"https:\/\/blogg.svenskakyrkan.se\/gerle\/"},{"@type":"ListItem","position":2,"name":"R\u00e4tten att v\u00e4lja"}]},{"@type":"WebSite","@id":"https:\/\/blogg.svenskakyrkan.se\/gerle\/#website","url":"https:\/\/blogg.svenskakyrkan.se\/gerle\/","name":"Elisabeth Gerle funderar","description":"","potentialAction":[{"@type":"SearchAction","target":{"@type":"EntryPoint","urlTemplate":"https:\/\/blogg.svenskakyrkan.se\/gerle\/?s={search_term_string}"},"query-input":{"@type":"PropertyValueSpecification","valueRequired":true,"valueName":"search_term_string"}}],"inLanguage":"sv-SE"},{"@type":"Person","@id":"https:\/\/blogg.svenskakyrkan.se\/gerle\/#\/schema\/person\/785ea9fb35fb8ed3c2c9951295712d1b","name":"Elisabeth Gerle","image":{"@type":"ImageObject","inLanguage":"sv-SE","@id":"https:\/\/blogg.svenskakyrkan.se\/gerle\/#\/schema\/person\/image\/","url":"https:\/\/secure.gravatar.com\/avatar\/ae0524dd142908d7c8372401d72efaa66409cd86ee31f5e1eb23ae87edcf05e5?s=96&d=mm&r=g","contentUrl":"https:\/\/secure.gravatar.com\/avatar\/ae0524dd142908d7c8372401d72efaa66409cd86ee31f5e1eb23ae87edcf05e5?s=96&d=mm&r=g","caption":"Elisabeth Gerle"},"url":"https:\/\/blogg.svenskakyrkan.se\/gerle\/author\/gerle\/"}]}},"author_meta":{"ID":"63","user_nicename":"gerle","user_registered":"2011-05-05 12:24:01","display_name":"Elisabeth Gerle","first_name":"Elisabeth","last_name":"Gerle","avatar":"https:\/\/secure.gravatar.com\/avatar\/ae0524dd142908d7c8372401d72efaa66409cd86ee31f5e1eb23ae87edcf05e5?s=96&d=mm&r=g"},"featured_image":false,"bloginfo":{"name":"Elisabeth Gerle funderar","url":"https:\/\/blogg.svenskakyrkan.se\/gerle"},"_links":{"self":[{"href":"https:\/\/blogg.svenskakyrkan.se\/gerle\/wp-json\/wp\/v2\/posts\/246","targetHints":{"allow":["GET"]}}],"collection":[{"href":"https:\/\/blogg.svenskakyrkan.se\/gerle\/wp-json\/wp\/v2\/posts"}],"about":[{"href":"https:\/\/blogg.svenskakyrkan.se\/gerle\/wp-json\/wp\/v2\/types\/post"}],"author":[{"embeddable":true,"href":"https:\/\/blogg.svenskakyrkan.se\/gerle\/wp-json\/wp\/v2\/users\/63"}],"replies":[{"embeddable":true,"href":"https:\/\/blogg.svenskakyrkan.se\/gerle\/wp-json\/wp\/v2\/comments?post=246"}],"version-history":[{"count":28,"href":"https:\/\/blogg.svenskakyrkan.se\/gerle\/wp-json\/wp\/v2\/posts\/246\/revisions"}],"predecessor-version":[{"id":251,"href":"https:\/\/blogg.svenskakyrkan.se\/gerle\/wp-json\/wp\/v2\/posts\/246\/revisions\/251"}],"wp:attachment":[{"href":"https:\/\/blogg.svenskakyrkan.se\/gerle\/wp-json\/wp\/v2\/media?parent=246"}],"wp:term":[{"taxonomy":"category","embeddable":true,"href":"https:\/\/blogg.svenskakyrkan.se\/gerle\/wp-json\/wp\/v2\/categories?post=246"},{"taxonomy":"post_tag","embeddable":true,"href":"https:\/\/blogg.svenskakyrkan.se\/gerle\/wp-json\/wp\/v2\/tags?post=246"}],"curies":[{"name":"wp","href":"https:\/\/api.w.org\/{rel}","templated":true}]}}