{"id":27,"date":"2011-05-10T16:09:36","date_gmt":"2011-05-10T16:09:36","guid":{"rendered":"http:\/\/blogg.svenskakyrkan.se\/gerle\/?p=27"},"modified":"2011-05-10T16:09:36","modified_gmt":"2011-05-10T16:09:36","slug":"mellan-hagg-och-syren","status":"publish","type":"post","link":"https:\/\/blogg.svenskakyrkan.se\/gerle\/2011\/05\/10\/mellan-hagg-och-syren\/","title":{"rendered":"Mellan h\u00e4gg och syr\u00e9n"},"content":{"rendered":"<p>T\u00e4nker p\u00e5 skomakaren som satte upp en lapp att han h\u00f6ll st\u00e4ngt mellan h\u00e4gg och syr\u00e9n. Den finaste tiden p\u00e5 \u00e5ret.<\/p>\n<p>D\u00e5 vill ta ta ledigt. S\u00e5 k\u00e4nns det f\u00f6r oss ocks\u00e5.<\/p>\n<p>Kort tid. H\u00e4ggen doftar och Uppsala s\u00e4gs vara varmast i landet.Kanske \u00e4r det s\u00e5. V\u00e4rlden som nu f\u00f6ds p\u00e5 nytt \u00e5terf\u00f6der gl\u00e4djen, skriver Grundtvig&#8230; och avslutar sin underbara psalm som har 517 i v\u00e5r psalmbok med orden: Paradiset nu f\u00f6r oss \u00f6ppnar sina portar. Inget sv\u00e4rd! Fr\u00e5n d\u00f6d till liv kallas vi att leva i alla somrars sommar.<\/p>\n<p>Wow!<\/p>\n","protected":false},"excerpt":{"rendered":"<p>T\u00e4nker p\u00e5 skomakaren som satte upp en lapp att han h\u00f6ll st\u00e4ngt mellan h\u00e4gg och syr\u00e9n. Den finaste tiden p\u00e5 \u00e5ret. D\u00e5 vill ta ta ledigt. S\u00e5 k\u00e4nns det f\u00f6r oss ocks\u00e5. Kort tid. H\u00e4ggen doftar och Uppsala s\u00e4gs vara varmast i landet.Kanske \u00e4r det s\u00e5. V\u00e4rlden som nu f\u00f6ds p\u00e5 nytt \u00e5terf\u00f6der gl\u00e4djen, skriver [&hellip;]<\/p>\n","protected":false},"author":63,"featured_media":0,"comment_status":"open","ping_status":"open","sticky":false,"template":"","format":"standard","meta":{"_acf_changed":false,"footnotes":""},"categories":[9],"tags":[],"class_list":["post-27","post","type-post","status-publish","format-standard","hentry","category-okategoriserade"],"acf":[],"yoast_head":"<!-- This site is optimized with the Yoast SEO plugin v27.1.1 - https:\/\/yoast.com\/product\/yoast-seo-wordpress\/ -->\n<title>Mellan h\u00e4gg och syr\u00e9n - Elisabeth Gerle funderar<\/title>\n<meta name=\"robots\" content=\"index, follow, max-snippet:-1, max-image-preview:large, max-video-preview:-1\" \/>\n<link rel=\"canonical\" href=\"https:\/\/blogg.svenskakyrkan.se\/gerle\/2011\/05\/10\/mellan-hagg-och-syren\/\" \/>\n<meta property=\"og:locale\" content=\"sv_SE\" \/>\n<meta property=\"og:type\" content=\"article\" \/>\n<meta property=\"og:title\" content=\"Mellan h\u00e4gg och syr\u00e9n - Elisabeth Gerle funderar\" \/>\n<meta property=\"og:description\" content=\"T\u00e4nker p\u00e5 skomakaren som satte upp en lapp att han h\u00f6ll st\u00e4ngt mellan h\u00e4gg och syr\u00e9n. Den finaste tiden p\u00e5 \u00e5ret. D\u00e5 vill ta ta ledigt. S\u00e5 k\u00e4nns det f\u00f6r oss ocks\u00e5. Kort tid. H\u00e4ggen doftar och Uppsala s\u00e4gs vara varmast i landet.Kanske \u00e4r det s\u00e5. V\u00e4rlden som nu f\u00f6ds p\u00e5 nytt \u00e5terf\u00f6der gl\u00e4djen, skriver [&hellip;]\" \/>\n<meta property=\"og:url\" content=\"https:\/\/blogg.svenskakyrkan.se\/gerle\/2011\/05\/10\/mellan-hagg-och-syren\/\" \/>\n<meta property=\"og:site_name\" content=\"Elisabeth Gerle funderar\" \/>\n<meta property=\"article:published_time\" content=\"2011-05-10T16:09:36+00:00\" \/>\n<meta name=\"author\" content=\"Elisabeth Gerle\" \/>\n<meta name=\"twitter:card\" content=\"summary_large_image\" \/>\n<meta name=\"twitter:label1\" content=\"Skriven av\" \/>\n\t<meta name=\"twitter:data1\" content=\"Elisabeth Gerle\" \/>\n\t<meta name=\"twitter:label2\" content=\"Ber\u00e4knad l\u00e4stid\" \/>\n\t<meta name=\"twitter:data2\" content=\"1 minut\" \/>\n<script type=\"application\/ld+json\" class=\"yoast-schema-graph\">{\"@context\":\"https:\/\/schema.org\",\"@graph\":[{\"@type\":\"Article\",\"@id\":\"https:\/\/blogg.svenskakyrkan.se\/gerle\/2011\/05\/10\/mellan-hagg-och-syren\/#article\",\"isPartOf\":{\"@id\":\"https:\/\/blogg.svenskakyrkan.se\/gerle\/2011\/05\/10\/mellan-hagg-och-syren\/\"},\"author\":{\"name\":\"Elisabeth Gerle\",\"@id\":\"https:\/\/blogg.svenskakyrkan.se\/gerle\/#\/schema\/person\/785ea9fb35fb8ed3c2c9951295712d1b\"},\"headline\":\"Mellan h\u00e4gg och syr\u00e9n\",\"datePublished\":\"2011-05-10T16:09:36+00:00\",\"mainEntityOfPage\":{\"@id\":\"https:\/\/blogg.svenskakyrkan.se\/gerle\/2011\/05\/10\/mellan-hagg-och-syren\/\"},\"wordCount\":115,\"commentCount\":0,\"inLanguage\":\"sv-SE\",\"potentialAction\":[{\"@type\":\"CommentAction\",\"name\":\"Comment\",\"target\":[\"https:\/\/blogg.svenskakyrkan.se\/gerle\/2011\/05\/10\/mellan-hagg-och-syren\/#respond\"]}]},{\"@type\":\"WebPage\",\"@id\":\"https:\/\/blogg.svenskakyrkan.se\/gerle\/2011\/05\/10\/mellan-hagg-och-syren\/\",\"url\":\"https:\/\/blogg.svenskakyrkan.se\/gerle\/2011\/05\/10\/mellan-hagg-och-syren\/\",\"name\":\"Mellan h\u00e4gg och syr\u00e9n - Elisabeth Gerle funderar\",\"isPartOf\":{\"@id\":\"https:\/\/blogg.svenskakyrkan.se\/gerle\/#website\"},\"datePublished\":\"2011-05-10T16:09:36+00:00\",\"author\":{\"@id\":\"https:\/\/blogg.svenskakyrkan.se\/gerle\/#\/schema\/person\/785ea9fb35fb8ed3c2c9951295712d1b\"},\"breadcrumb\":{\"@id\":\"https:\/\/blogg.svenskakyrkan.se\/gerle\/2011\/05\/10\/mellan-hagg-och-syren\/#breadcrumb\"},\"inLanguage\":\"sv-SE\",\"potentialAction\":[{\"@type\":\"ReadAction\",\"target\":[\"https:\/\/blogg.svenskakyrkan.se\/gerle\/2011\/05\/10\/mellan-hagg-och-syren\/\"]}]},{\"@type\":\"BreadcrumbList\",\"@id\":\"https:\/\/blogg.svenskakyrkan.se\/gerle\/2011\/05\/10\/mellan-hagg-och-syren\/#breadcrumb\",\"itemListElement\":[{\"@type\":\"ListItem\",\"position\":1,\"name\":\"Hem\",\"item\":\"https:\/\/blogg.svenskakyrkan.se\/gerle\/\"},{\"@type\":\"ListItem\",\"position\":2,\"name\":\"Mellan h\u00e4gg och syr\u00e9n\"}]},{\"@type\":\"WebSite\",\"@id\":\"https:\/\/blogg.svenskakyrkan.se\/gerle\/#website\",\"url\":\"https:\/\/blogg.svenskakyrkan.se\/gerle\/\",\"name\":\"Elisabeth Gerle funderar\",\"description\":\"\",\"potentialAction\":[{\"@type\":\"SearchAction\",\"target\":{\"@type\":\"EntryPoint\",\"urlTemplate\":\"https:\/\/blogg.svenskakyrkan.se\/gerle\/?s={search_term_string}\"},\"query-input\":{\"@type\":\"PropertyValueSpecification\",\"valueRequired\":true,\"valueName\":\"search_term_string\"}}],\"inLanguage\":\"sv-SE\"},{\"@type\":\"Person\",\"@id\":\"https:\/\/blogg.svenskakyrkan.se\/gerle\/#\/schema\/person\/785ea9fb35fb8ed3c2c9951295712d1b\",\"name\":\"Elisabeth Gerle\",\"image\":{\"@type\":\"ImageObject\",\"inLanguage\":\"sv-SE\",\"@id\":\"https:\/\/blogg.svenskakyrkan.se\/gerle\/#\/schema\/person\/image\/\",\"url\":\"https:\/\/secure.gravatar.com\/avatar\/ae0524dd142908d7c8372401d72efaa66409cd86ee31f5e1eb23ae87edcf05e5?s=96&d=mm&r=g\",\"contentUrl\":\"https:\/\/secure.gravatar.com\/avatar\/ae0524dd142908d7c8372401d72efaa66409cd86ee31f5e1eb23ae87edcf05e5?s=96&d=mm&r=g\",\"caption\":\"Elisabeth Gerle\"},\"url\":\"https:\/\/blogg.svenskakyrkan.se\/gerle\/author\/gerle\/\"}]}<\/script>\n<!-- \/ Yoast SEO plugin. -->","yoast_head_json":{"title":"Mellan h\u00e4gg och syr\u00e9n - Elisabeth Gerle funderar","robots":{"index":"index","follow":"follow","max-snippet":"max-snippet:-1","max-image-preview":"max-image-preview:large","max-video-preview":"max-video-preview:-1"},"canonical":"https:\/\/blogg.svenskakyrkan.se\/gerle\/2011\/05\/10\/mellan-hagg-och-syren\/","og_locale":"sv_SE","og_type":"article","og_title":"Mellan h\u00e4gg och syr\u00e9n - Elisabeth Gerle funderar","og_description":"T\u00e4nker p\u00e5 skomakaren som satte upp en lapp att han h\u00f6ll st\u00e4ngt mellan h\u00e4gg och syr\u00e9n. Den finaste tiden p\u00e5 \u00e5ret. D\u00e5 vill ta ta ledigt. S\u00e5 k\u00e4nns det f\u00f6r oss ocks\u00e5. Kort tid. H\u00e4ggen doftar och Uppsala s\u00e4gs vara varmast i landet.Kanske \u00e4r det s\u00e5. V\u00e4rlden som nu f\u00f6ds p\u00e5 nytt \u00e5terf\u00f6der gl\u00e4djen, skriver [&hellip;]","og_url":"https:\/\/blogg.svenskakyrkan.se\/gerle\/2011\/05\/10\/mellan-hagg-och-syren\/","og_site_name":"Elisabeth Gerle funderar","article_published_time":"2011-05-10T16:09:36+00:00","author":"Elisabeth Gerle","twitter_card":"summary_large_image","twitter_misc":{"Skriven av":"Elisabeth Gerle","Ber\u00e4knad l\u00e4stid":"1 minut"},"schema":{"@context":"https:\/\/schema.org","@graph":[{"@type":"Article","@id":"https:\/\/blogg.svenskakyrkan.se\/gerle\/2011\/05\/10\/mellan-hagg-och-syren\/#article","isPartOf":{"@id":"https:\/\/blogg.svenskakyrkan.se\/gerle\/2011\/05\/10\/mellan-hagg-och-syren\/"},"author":{"name":"Elisabeth Gerle","@id":"https:\/\/blogg.svenskakyrkan.se\/gerle\/#\/schema\/person\/785ea9fb35fb8ed3c2c9951295712d1b"},"headline":"Mellan h\u00e4gg och syr\u00e9n","datePublished":"2011-05-10T16:09:36+00:00","mainEntityOfPage":{"@id":"https:\/\/blogg.svenskakyrkan.se\/gerle\/2011\/05\/10\/mellan-hagg-och-syren\/"},"wordCount":115,"commentCount":0,"inLanguage":"sv-SE","potentialAction":[{"@type":"CommentAction","name":"Comment","target":["https:\/\/blogg.svenskakyrkan.se\/gerle\/2011\/05\/10\/mellan-hagg-och-syren\/#respond"]}]},{"@type":"WebPage","@id":"https:\/\/blogg.svenskakyrkan.se\/gerle\/2011\/05\/10\/mellan-hagg-och-syren\/","url":"https:\/\/blogg.svenskakyrkan.se\/gerle\/2011\/05\/10\/mellan-hagg-och-syren\/","name":"Mellan h\u00e4gg och syr\u00e9n - Elisabeth Gerle funderar","isPartOf":{"@id":"https:\/\/blogg.svenskakyrkan.se\/gerle\/#website"},"datePublished":"2011-05-10T16:09:36+00:00","author":{"@id":"https:\/\/blogg.svenskakyrkan.se\/gerle\/#\/schema\/person\/785ea9fb35fb8ed3c2c9951295712d1b"},"breadcrumb":{"@id":"https:\/\/blogg.svenskakyrkan.se\/gerle\/2011\/05\/10\/mellan-hagg-och-syren\/#breadcrumb"},"inLanguage":"sv-SE","potentialAction":[{"@type":"ReadAction","target":["https:\/\/blogg.svenskakyrkan.se\/gerle\/2011\/05\/10\/mellan-hagg-och-syren\/"]}]},{"@type":"BreadcrumbList","@id":"https:\/\/blogg.svenskakyrkan.se\/gerle\/2011\/05\/10\/mellan-hagg-och-syren\/#breadcrumb","itemListElement":[{"@type":"ListItem","position":1,"name":"Hem","item":"https:\/\/blogg.svenskakyrkan.se\/gerle\/"},{"@type":"ListItem","position":2,"name":"Mellan h\u00e4gg och syr\u00e9n"}]},{"@type":"WebSite","@id":"https:\/\/blogg.svenskakyrkan.se\/gerle\/#website","url":"https:\/\/blogg.svenskakyrkan.se\/gerle\/","name":"Elisabeth Gerle funderar","description":"","potentialAction":[{"@type":"SearchAction","target":{"@type":"EntryPoint","urlTemplate":"https:\/\/blogg.svenskakyrkan.se\/gerle\/?s={search_term_string}"},"query-input":{"@type":"PropertyValueSpecification","valueRequired":true,"valueName":"search_term_string"}}],"inLanguage":"sv-SE"},{"@type":"Person","@id":"https:\/\/blogg.svenskakyrkan.se\/gerle\/#\/schema\/person\/785ea9fb35fb8ed3c2c9951295712d1b","name":"Elisabeth Gerle","image":{"@type":"ImageObject","inLanguage":"sv-SE","@id":"https:\/\/blogg.svenskakyrkan.se\/gerle\/#\/schema\/person\/image\/","url":"https:\/\/secure.gravatar.com\/avatar\/ae0524dd142908d7c8372401d72efaa66409cd86ee31f5e1eb23ae87edcf05e5?s=96&d=mm&r=g","contentUrl":"https:\/\/secure.gravatar.com\/avatar\/ae0524dd142908d7c8372401d72efaa66409cd86ee31f5e1eb23ae87edcf05e5?s=96&d=mm&r=g","caption":"Elisabeth Gerle"},"url":"https:\/\/blogg.svenskakyrkan.se\/gerle\/author\/gerle\/"}]}},"author_meta":{"ID":"63","user_nicename":"gerle","user_registered":"2011-05-05 12:24:01","display_name":"Elisabeth Gerle","first_name":"Elisabeth","last_name":"Gerle","avatar":"https:\/\/secure.gravatar.com\/avatar\/ae0524dd142908d7c8372401d72efaa66409cd86ee31f5e1eb23ae87edcf05e5?s=96&d=mm&r=g"},"featured_image":false,"bloginfo":{"name":"Elisabeth Gerle funderar","url":"https:\/\/blogg.svenskakyrkan.se\/gerle"},"_links":{"self":[{"href":"https:\/\/blogg.svenskakyrkan.se\/gerle\/wp-json\/wp\/v2\/posts\/27","targetHints":{"allow":["GET"]}}],"collection":[{"href":"https:\/\/blogg.svenskakyrkan.se\/gerle\/wp-json\/wp\/v2\/posts"}],"about":[{"href":"https:\/\/blogg.svenskakyrkan.se\/gerle\/wp-json\/wp\/v2\/types\/post"}],"author":[{"embeddable":true,"href":"https:\/\/blogg.svenskakyrkan.se\/gerle\/wp-json\/wp\/v2\/users\/63"}],"replies":[{"embeddable":true,"href":"https:\/\/blogg.svenskakyrkan.se\/gerle\/wp-json\/wp\/v2\/comments?post=27"}],"version-history":[{"count":15,"href":"https:\/\/blogg.svenskakyrkan.se\/gerle\/wp-json\/wp\/v2\/posts\/27\/revisions"}],"predecessor-version":[{"id":42,"href":"https:\/\/blogg.svenskakyrkan.se\/gerle\/wp-json\/wp\/v2\/posts\/27\/revisions\/42"}],"wp:attachment":[{"href":"https:\/\/blogg.svenskakyrkan.se\/gerle\/wp-json\/wp\/v2\/media?parent=27"}],"wp:term":[{"taxonomy":"category","embeddable":true,"href":"https:\/\/blogg.svenskakyrkan.se\/gerle\/wp-json\/wp\/v2\/categories?post=27"},{"taxonomy":"post_tag","embeddable":true,"href":"https:\/\/blogg.svenskakyrkan.se\/gerle\/wp-json\/wp\/v2\/tags?post=27"}],"curies":[{"name":"wp","href":"https:\/\/api.w.org\/{rel}","templated":true}]}}