{"id":282,"date":"2012-02-19T11:42:11","date_gmt":"2012-02-19T11:42:11","guid":{"rendered":"http:\/\/blogg.svenskakyrkan.se\/gerle\/?p=282"},"modified":"2012-02-19T11:42:11","modified_gmt":"2012-02-19T11:42:11","slug":"karlekens-byrakrati","status":"publish","type":"post","link":"https:\/\/blogg.svenskakyrkan.se\/gerle\/2012\/02\/19\/karlekens-byrakrati\/","title":{"rendered":"K\u00e4rlekens byr\u00e5krati"},"content":{"rendered":"<p>Ordet byr\u00e5krat har s\u00e4llan en positiv klang. Snarare tv\u00e4rtom.<br \/>\nDet l\u00e5ter tr\u00e5kigt och omst\u00e4ndligt. Byr\u00e5kratin beg\u00e4r att vi ska fylla i alla<br \/>\npapper r\u00e4tt. Inte alltid l\u00e4tt. Men byr\u00e5krati betyder ocks\u00e5 r\u00e4ttss\u00e4kerhet och<br \/>\ngenomskinlighet, det statsvetare kallar transparens. N\u00e5got oundvikligt f\u00f6r<br \/>\ndemokratin d\u00e4r man ska kunna g\u00e5 tillbaka och se hur beslut fattats och av vem.<\/p>\n<p>Nyligen d\u00f6ptes en ton\u00e5ring som st\u00e5r mig n\u00e4ra. Hon ska snart<br \/>\nkonfirmeras i Lunds domkyrka. Det var ocks\u00e5 d\u00e4r hon d\u00f6ptes. Men hon \u00e4r skriven<br \/>\ni Allhelgonaf\u00f6rsamlingen lite l\u00e4ngre upp p\u00e5 gatan. D\u00e4rf\u00f6r studsade jag till n\u00e4r<br \/>\nhennes namn l\u00e4stes upp bland de nyd\u00f6pta som vid bad f\u00f6r i kyrkan idag. Hade<br \/>\ninte t\u00e4nkt p\u00e5 att det naturligtvis var d\u00e4r hon skulle n\u00e4mnas i f\u00f6rb\u00f6nen.<\/p>\n<p>Och pl\u00f6tsligt t\u00e4nkte jag p\u00e5 k\u00e4rlekens byr\u00e5krati. Jag t\u00e4nkte<br \/>\np\u00e5 alla de m\u00e4nniskor som trofats och noga fyllt i formul\u00e4r och skickat papper,<br \/>\nf\u00f6rmodligen elektroniskt, f\u00f6r att hennes hemf\u00f6rsamling skulle veta att hon nu<br \/>\nvar d\u00f6pt. S\u00e5 att vi kunde be f\u00f6r henne d\u00e4r.<\/p>\n<p>N\u00e4r jag utbildades till pr\u00e4st var folkbokf\u00f6ringen kvar inom<br \/>\nSvenska kyrkan. Varje m\u00f6te med en m\u00e4nniska som kom f\u00f6r att beg\u00e4ra intyg om<br \/>\nhinderpr\u00f6vning eller personbevis var ett missionstillf\u00e4lle, fick vi l\u00e4ra oss.<br \/>\nV\u00e4nlighet, tillm\u00f6tesg\u00e5ende och generositet var nyckelord.<\/p>\n<p>Idag p\u00e5 fastlagss\u00f6ndagen som handlar om k\u00e4rlekens v\u00e4g kom<br \/>\njag att t\u00e4nka p\u00e5 k\u00e4rlekens byr\u00e5krati n\u00e4r de d\u00f6ptas namn l\u00e4stes upp. All<br \/>\nbyr\u00e5krati \u00e4r inte till f\u00f6r att kontrollera och sn\u00e4va in v\u00e5ra liv. En hel del \u00e4r<br \/>\ntill f\u00f6r att synligg\u00f6ra och bekr\u00e4fta, precis som dopet omfamnar just dig och<br \/>\nmig som unik person, samtidigt som vi blir tillh\u00f6riga en st\u00f6rre gemenskap. Ett<br \/>\ntecken p\u00e5 att vi h\u00f6r ihop. En g\u00e5va och ett ansvar.<\/p>\n<p>&nbsp;<\/p>\n<p>&nbsp;<\/p>\n","protected":false},"excerpt":{"rendered":"<p>Ordet byr\u00e5krat har s\u00e4llan en positiv klang. Snarare tv\u00e4rtom. Det l\u00e5ter tr\u00e5kigt och omst\u00e4ndligt. Byr\u00e5kratin beg\u00e4r att vi ska fylla i alla papper r\u00e4tt. Inte alltid l\u00e4tt. Men byr\u00e5krati betyder ocks\u00e5 r\u00e4ttss\u00e4kerhet och genomskinlighet, det statsvetare kallar transparens. N\u00e5got oundvikligt f\u00f6r demokratin d\u00e4r man ska kunna g\u00e5 tillbaka och se hur beslut fattats och av [&hellip;]<\/p>\n","protected":false},"author":63,"featured_media":0,"comment_status":"open","ping_status":"open","sticky":false,"template":"","format":"standard","meta":{"_acf_changed":false,"footnotes":""},"categories":[9],"tags":[],"class_list":["post-282","post","type-post","status-publish","format-standard","hentry","category-okategoriserade"],"acf":[],"yoast_head":"<!-- This site is optimized with the Yoast SEO plugin v27.1.1 - https:\/\/yoast.com\/product\/yoast-seo-wordpress\/ -->\n<title>K\u00e4rlekens byr\u00e5krati - Elisabeth Gerle funderar<\/title>\n<meta name=\"robots\" content=\"index, follow, max-snippet:-1, max-image-preview:large, max-video-preview:-1\" \/>\n<link rel=\"canonical\" href=\"https:\/\/blogg.svenskakyrkan.se\/gerle\/2012\/02\/19\/karlekens-byrakrati\/\" \/>\n<meta property=\"og:locale\" content=\"sv_SE\" \/>\n<meta property=\"og:type\" content=\"article\" \/>\n<meta property=\"og:title\" content=\"K\u00e4rlekens byr\u00e5krati - Elisabeth Gerle funderar\" \/>\n<meta property=\"og:description\" content=\"Ordet byr\u00e5krat har s\u00e4llan en positiv klang. Snarare tv\u00e4rtom. Det l\u00e5ter tr\u00e5kigt och omst\u00e4ndligt. Byr\u00e5kratin beg\u00e4r att vi ska fylla i alla papper r\u00e4tt. Inte alltid l\u00e4tt. Men byr\u00e5krati betyder ocks\u00e5 r\u00e4ttss\u00e4kerhet och genomskinlighet, det statsvetare kallar transparens. N\u00e5got oundvikligt f\u00f6r demokratin d\u00e4r man ska kunna g\u00e5 tillbaka och se hur beslut fattats och av [&hellip;]\" \/>\n<meta property=\"og:url\" content=\"https:\/\/blogg.svenskakyrkan.se\/gerle\/2012\/02\/19\/karlekens-byrakrati\/\" \/>\n<meta property=\"og:site_name\" content=\"Elisabeth Gerle funderar\" \/>\n<meta property=\"article:published_time\" content=\"2012-02-19T11:42:11+00:00\" \/>\n<meta name=\"author\" content=\"Elisabeth Gerle\" \/>\n<meta name=\"twitter:card\" content=\"summary_large_image\" \/>\n<meta name=\"twitter:label1\" content=\"Skriven av\" \/>\n\t<meta name=\"twitter:data1\" content=\"Elisabeth Gerle\" \/>\n\t<meta name=\"twitter:label2\" content=\"Ber\u00e4knad l\u00e4stid\" \/>\n\t<meta name=\"twitter:data2\" content=\"2 minuter\" \/>\n<script type=\"application\/ld+json\" class=\"yoast-schema-graph\">{\"@context\":\"https:\/\/schema.org\",\"@graph\":[{\"@type\":\"Article\",\"@id\":\"https:\/\/blogg.svenskakyrkan.se\/gerle\/2012\/02\/19\/karlekens-byrakrati\/#article\",\"isPartOf\":{\"@id\":\"https:\/\/blogg.svenskakyrkan.se\/gerle\/2012\/02\/19\/karlekens-byrakrati\/\"},\"author\":{\"name\":\"Elisabeth Gerle\",\"@id\":\"https:\/\/blogg.svenskakyrkan.se\/gerle\/#\/schema\/person\/785ea9fb35fb8ed3c2c9951295712d1b\"},\"headline\":\"K\u00e4rlekens byr\u00e5krati\",\"datePublished\":\"2012-02-19T11:42:11+00:00\",\"mainEntityOfPage\":{\"@id\":\"https:\/\/blogg.svenskakyrkan.se\/gerle\/2012\/02\/19\/karlekens-byrakrati\/\"},\"wordCount\":366,\"commentCount\":2,\"inLanguage\":\"sv-SE\",\"potentialAction\":[{\"@type\":\"CommentAction\",\"name\":\"Comment\",\"target\":[\"https:\/\/blogg.svenskakyrkan.se\/gerle\/2012\/02\/19\/karlekens-byrakrati\/#respond\"]}]},{\"@type\":\"WebPage\",\"@id\":\"https:\/\/blogg.svenskakyrkan.se\/gerle\/2012\/02\/19\/karlekens-byrakrati\/\",\"url\":\"https:\/\/blogg.svenskakyrkan.se\/gerle\/2012\/02\/19\/karlekens-byrakrati\/\",\"name\":\"K\u00e4rlekens byr\u00e5krati - Elisabeth Gerle funderar\",\"isPartOf\":{\"@id\":\"https:\/\/blogg.svenskakyrkan.se\/gerle\/#website\"},\"datePublished\":\"2012-02-19T11:42:11+00:00\",\"author\":{\"@id\":\"https:\/\/blogg.svenskakyrkan.se\/gerle\/#\/schema\/person\/785ea9fb35fb8ed3c2c9951295712d1b\"},\"breadcrumb\":{\"@id\":\"https:\/\/blogg.svenskakyrkan.se\/gerle\/2012\/02\/19\/karlekens-byrakrati\/#breadcrumb\"},\"inLanguage\":\"sv-SE\",\"potentialAction\":[{\"@type\":\"ReadAction\",\"target\":[\"https:\/\/blogg.svenskakyrkan.se\/gerle\/2012\/02\/19\/karlekens-byrakrati\/\"]}]},{\"@type\":\"BreadcrumbList\",\"@id\":\"https:\/\/blogg.svenskakyrkan.se\/gerle\/2012\/02\/19\/karlekens-byrakrati\/#breadcrumb\",\"itemListElement\":[{\"@type\":\"ListItem\",\"position\":1,\"name\":\"Hem\",\"item\":\"https:\/\/blogg.svenskakyrkan.se\/gerle\/\"},{\"@type\":\"ListItem\",\"position\":2,\"name\":\"K\u00e4rlekens byr\u00e5krati\"}]},{\"@type\":\"WebSite\",\"@id\":\"https:\/\/blogg.svenskakyrkan.se\/gerle\/#website\",\"url\":\"https:\/\/blogg.svenskakyrkan.se\/gerle\/\",\"name\":\"Elisabeth Gerle funderar\",\"description\":\"\",\"potentialAction\":[{\"@type\":\"SearchAction\",\"target\":{\"@type\":\"EntryPoint\",\"urlTemplate\":\"https:\/\/blogg.svenskakyrkan.se\/gerle\/?s={search_term_string}\"},\"query-input\":{\"@type\":\"PropertyValueSpecification\",\"valueRequired\":true,\"valueName\":\"search_term_string\"}}],\"inLanguage\":\"sv-SE\"},{\"@type\":\"Person\",\"@id\":\"https:\/\/blogg.svenskakyrkan.se\/gerle\/#\/schema\/person\/785ea9fb35fb8ed3c2c9951295712d1b\",\"name\":\"Elisabeth Gerle\",\"image\":{\"@type\":\"ImageObject\",\"inLanguage\":\"sv-SE\",\"@id\":\"https:\/\/blogg.svenskakyrkan.se\/gerle\/#\/schema\/person\/image\/\",\"url\":\"https:\/\/secure.gravatar.com\/avatar\/ae0524dd142908d7c8372401d72efaa66409cd86ee31f5e1eb23ae87edcf05e5?s=96&d=mm&r=g\",\"contentUrl\":\"https:\/\/secure.gravatar.com\/avatar\/ae0524dd142908d7c8372401d72efaa66409cd86ee31f5e1eb23ae87edcf05e5?s=96&d=mm&r=g\",\"caption\":\"Elisabeth Gerle\"},\"url\":\"https:\/\/blogg.svenskakyrkan.se\/gerle\/author\/gerle\/\"}]}<\/script>\n<!-- \/ Yoast SEO plugin. -->","yoast_head_json":{"title":"K\u00e4rlekens byr\u00e5krati - Elisabeth Gerle funderar","robots":{"index":"index","follow":"follow","max-snippet":"max-snippet:-1","max-image-preview":"max-image-preview:large","max-video-preview":"max-video-preview:-1"},"canonical":"https:\/\/blogg.svenskakyrkan.se\/gerle\/2012\/02\/19\/karlekens-byrakrati\/","og_locale":"sv_SE","og_type":"article","og_title":"K\u00e4rlekens byr\u00e5krati - Elisabeth Gerle funderar","og_description":"Ordet byr\u00e5krat har s\u00e4llan en positiv klang. Snarare tv\u00e4rtom. Det l\u00e5ter tr\u00e5kigt och omst\u00e4ndligt. Byr\u00e5kratin beg\u00e4r att vi ska fylla i alla papper r\u00e4tt. Inte alltid l\u00e4tt. Men byr\u00e5krati betyder ocks\u00e5 r\u00e4ttss\u00e4kerhet och genomskinlighet, det statsvetare kallar transparens. N\u00e5got oundvikligt f\u00f6r demokratin d\u00e4r man ska kunna g\u00e5 tillbaka och se hur beslut fattats och av [&hellip;]","og_url":"https:\/\/blogg.svenskakyrkan.se\/gerle\/2012\/02\/19\/karlekens-byrakrati\/","og_site_name":"Elisabeth Gerle funderar","article_published_time":"2012-02-19T11:42:11+00:00","author":"Elisabeth Gerle","twitter_card":"summary_large_image","twitter_misc":{"Skriven av":"Elisabeth Gerle","Ber\u00e4knad l\u00e4stid":"2 minuter"},"schema":{"@context":"https:\/\/schema.org","@graph":[{"@type":"Article","@id":"https:\/\/blogg.svenskakyrkan.se\/gerle\/2012\/02\/19\/karlekens-byrakrati\/#article","isPartOf":{"@id":"https:\/\/blogg.svenskakyrkan.se\/gerle\/2012\/02\/19\/karlekens-byrakrati\/"},"author":{"name":"Elisabeth Gerle","@id":"https:\/\/blogg.svenskakyrkan.se\/gerle\/#\/schema\/person\/785ea9fb35fb8ed3c2c9951295712d1b"},"headline":"K\u00e4rlekens byr\u00e5krati","datePublished":"2012-02-19T11:42:11+00:00","mainEntityOfPage":{"@id":"https:\/\/blogg.svenskakyrkan.se\/gerle\/2012\/02\/19\/karlekens-byrakrati\/"},"wordCount":366,"commentCount":2,"inLanguage":"sv-SE","potentialAction":[{"@type":"CommentAction","name":"Comment","target":["https:\/\/blogg.svenskakyrkan.se\/gerle\/2012\/02\/19\/karlekens-byrakrati\/#respond"]}]},{"@type":"WebPage","@id":"https:\/\/blogg.svenskakyrkan.se\/gerle\/2012\/02\/19\/karlekens-byrakrati\/","url":"https:\/\/blogg.svenskakyrkan.se\/gerle\/2012\/02\/19\/karlekens-byrakrati\/","name":"K\u00e4rlekens byr\u00e5krati - Elisabeth Gerle funderar","isPartOf":{"@id":"https:\/\/blogg.svenskakyrkan.se\/gerle\/#website"},"datePublished":"2012-02-19T11:42:11+00:00","author":{"@id":"https:\/\/blogg.svenskakyrkan.se\/gerle\/#\/schema\/person\/785ea9fb35fb8ed3c2c9951295712d1b"},"breadcrumb":{"@id":"https:\/\/blogg.svenskakyrkan.se\/gerle\/2012\/02\/19\/karlekens-byrakrati\/#breadcrumb"},"inLanguage":"sv-SE","potentialAction":[{"@type":"ReadAction","target":["https:\/\/blogg.svenskakyrkan.se\/gerle\/2012\/02\/19\/karlekens-byrakrati\/"]}]},{"@type":"BreadcrumbList","@id":"https:\/\/blogg.svenskakyrkan.se\/gerle\/2012\/02\/19\/karlekens-byrakrati\/#breadcrumb","itemListElement":[{"@type":"ListItem","position":1,"name":"Hem","item":"https:\/\/blogg.svenskakyrkan.se\/gerle\/"},{"@type":"ListItem","position":2,"name":"K\u00e4rlekens byr\u00e5krati"}]},{"@type":"WebSite","@id":"https:\/\/blogg.svenskakyrkan.se\/gerle\/#website","url":"https:\/\/blogg.svenskakyrkan.se\/gerle\/","name":"Elisabeth Gerle funderar","description":"","potentialAction":[{"@type":"SearchAction","target":{"@type":"EntryPoint","urlTemplate":"https:\/\/blogg.svenskakyrkan.se\/gerle\/?s={search_term_string}"},"query-input":{"@type":"PropertyValueSpecification","valueRequired":true,"valueName":"search_term_string"}}],"inLanguage":"sv-SE"},{"@type":"Person","@id":"https:\/\/blogg.svenskakyrkan.se\/gerle\/#\/schema\/person\/785ea9fb35fb8ed3c2c9951295712d1b","name":"Elisabeth Gerle","image":{"@type":"ImageObject","inLanguage":"sv-SE","@id":"https:\/\/blogg.svenskakyrkan.se\/gerle\/#\/schema\/person\/image\/","url":"https:\/\/secure.gravatar.com\/avatar\/ae0524dd142908d7c8372401d72efaa66409cd86ee31f5e1eb23ae87edcf05e5?s=96&d=mm&r=g","contentUrl":"https:\/\/secure.gravatar.com\/avatar\/ae0524dd142908d7c8372401d72efaa66409cd86ee31f5e1eb23ae87edcf05e5?s=96&d=mm&r=g","caption":"Elisabeth Gerle"},"url":"https:\/\/blogg.svenskakyrkan.se\/gerle\/author\/gerle\/"}]}},"author_meta":{"ID":"63","user_nicename":"gerle","user_registered":"2011-05-05 12:24:01","display_name":"Elisabeth Gerle","first_name":"Elisabeth","last_name":"Gerle","avatar":"https:\/\/secure.gravatar.com\/avatar\/ae0524dd142908d7c8372401d72efaa66409cd86ee31f5e1eb23ae87edcf05e5?s=96&d=mm&r=g"},"featured_image":false,"bloginfo":{"name":"Elisabeth Gerle funderar","url":"https:\/\/blogg.svenskakyrkan.se\/gerle"},"_links":{"self":[{"href":"https:\/\/blogg.svenskakyrkan.se\/gerle\/wp-json\/wp\/v2\/posts\/282","targetHints":{"allow":["GET"]}}],"collection":[{"href":"https:\/\/blogg.svenskakyrkan.se\/gerle\/wp-json\/wp\/v2\/posts"}],"about":[{"href":"https:\/\/blogg.svenskakyrkan.se\/gerle\/wp-json\/wp\/v2\/types\/post"}],"author":[{"embeddable":true,"href":"https:\/\/blogg.svenskakyrkan.se\/gerle\/wp-json\/wp\/v2\/users\/63"}],"replies":[{"embeddable":true,"href":"https:\/\/blogg.svenskakyrkan.se\/gerle\/wp-json\/wp\/v2\/comments?post=282"}],"version-history":[{"count":3,"href":"https:\/\/blogg.svenskakyrkan.se\/gerle\/wp-json\/wp\/v2\/posts\/282\/revisions"}],"predecessor-version":[{"id":285,"href":"https:\/\/blogg.svenskakyrkan.se\/gerle\/wp-json\/wp\/v2\/posts\/282\/revisions\/285"}],"wp:attachment":[{"href":"https:\/\/blogg.svenskakyrkan.se\/gerle\/wp-json\/wp\/v2\/media?parent=282"}],"wp:term":[{"taxonomy":"category","embeddable":true,"href":"https:\/\/blogg.svenskakyrkan.se\/gerle\/wp-json\/wp\/v2\/categories?post=282"},{"taxonomy":"post_tag","embeddable":true,"href":"https:\/\/blogg.svenskakyrkan.se\/gerle\/wp-json\/wp\/v2\/tags?post=282"}],"curies":[{"name":"wp","href":"https:\/\/api.w.org\/{rel}","templated":true}]}}