{"id":288,"date":"2012-06-07T10:27:33","date_gmt":"2012-06-07T10:27:33","guid":{"rendered":"http:\/\/blogg.svenskakyrkan.se\/gerle\/?p=288"},"modified":"2012-06-07T10:39:21","modified_gmt":"2012-06-07T10:39:21","slug":"nu-ar-det-gott-att-leva-tankar-i-nationaldagstider","status":"publish","type":"post","link":"https:\/\/blogg.svenskakyrkan.se\/gerle\/2012\/06\/07\/nu-ar-det-gott-att-leva-tankar-i-nationaldagstider\/","title":{"rendered":"Nu \u00e4r det gott att leva &#8211; tankar i nationaldagstider"},"content":{"rendered":"<p>Nu \u00e4r det gott att leva\u2026. Har ni t\u00e4nkt p\u00e5 hur gamla visor rinner upp i huvudet p\u00e5 en n\u00e4r solen och v\u00e4rmen \u00e5terv\u00e4nder? Pl\u00f6tsligt gnolar det inom en. Och det \u00e4r bara att sjunga med i melodin.\u00a0 Vildrosen blommar och \u00f6verallt r\u00e5r, lusten och f\u00e4gringen h\u00e4r p\u00e5 v\u00e5r \u00f6\u2026sjunger jag med Elisabet Hermodson. Som f\u00f6r \u00f6vrigt har suttit p\u00e5 min terrass med sin gitarr och sjungit sina visor, som jag sen ofta sj\u00f6ng. Land och rike runt.<\/p>\n<p>Nu \u00e5terv\u00e4nder melodierna i hj\u00e4rnan. Kroppen minns. Rummet h\u00e5ller minnet, brukar vi s\u00e4ga. Nationaldagen firade jag i det kanske mest nationalistiska rummet, i den svenska naturen. En del av oss har rum vi \u00e5terv\u00e4nder till. Regelbundet. Som en stuga p\u00e5 landet, en vik i sk\u00e4rg\u00e5rden. Och s\u00e5 pl\u00f6tsligt ser jag att vildrosen blommar. Klick, s\u00e4ger det. Och s\u00e5 drar visan ig\u00e5ng inombords.<\/p>\n<p>V\u00e5ra starka k\u00e4nslor \u00e4r knutna till kultur, s\u00e4gs det. Till det vi upplevt som positivt och gott tillsammans med m\u00e4nniskor vi tycker om och h\u00f6r samman med. I samband med nationaldagen har jag ofta talat om en sund nationalism. Det inneb\u00e4r vi bejakar de positiva k\u00e4nslor vi har inf\u00f6r det som k\u00e4nns hemvant och v\u00e5rt, men ocks\u00e5 att vi f\u00f6rst\u00e5r att alla m\u00e4nniskor har s\u00e5dana omr\u00e5den. Rum som vi kanske inte delar. Men som vi \u00e4ven om vi inte f\u00f6rst\u00e5r kan ana vidden och djupet av.<\/p>\n<p>T\u00e4nk om vi kunde \u00f6ppna v\u00e5ra rum f\u00f6r varandra och bjuda in, ist\u00e4llet f\u00f6r att f\u00f6rs\u00f6ka st\u00e4nge ute. Vara nyfikna p\u00e5 varandras ber\u00e4ttelser och ta oss tid att lyssna.<\/p>\n<p>N\u00e4r jag h\u00f6r g\u00f6ken t\u00e4nker jag: \u00d6sterg\u00f6k-tr\u00f6sterg\u00f6k,v\u00e4sterg\u00f6k-b\u00e4sterg\u00f6k, norrg\u00f6k- sorgg\u00f6k, s\u00f6derg\u00f6k-d\u00f6derg\u00f6k. Och f\u00f6rs\u00f6ker h\u00f6ra g\u00f6ken fr\u00e5n det h\u00e5ll jag \u00f6nskar, fr\u00e5n v\u00e4ster. Tills det sl\u00e5r mig med full kraft att jag har f\u00e5tt allt, alla v\u00e4derstrecken i mitt liv. Sorg, d\u00f6d, tr\u00f6st\u2026 men ocks\u00e5 b\u00e4ster, v\u00e4sterg\u00f6k. Och livet \u00e4r nu!<\/p>\n","protected":false},"excerpt":{"rendered":"<p>Nu \u00e4r det gott att leva\u2026. Har ni t\u00e4nkt p\u00e5 hur gamla visor rinner upp i huvudet p\u00e5 en n\u00e4r solen och v\u00e4rmen \u00e5terv\u00e4nder? Pl\u00f6tsligt gnolar det inom en. Och det \u00e4r bara att sjunga med i melodin.\u00a0 Vildrosen blommar och \u00f6verallt r\u00e5r, lusten och f\u00e4gringen h\u00e4r p\u00e5 v\u00e5r \u00f6\u2026sjunger jag med Elisabet Hermodson. Som [&hellip;]<\/p>\n","protected":false},"author":63,"featured_media":0,"comment_status":"open","ping_status":"open","sticky":false,"template":"","format":"standard","meta":{"_acf_changed":false,"footnotes":""},"categories":[9],"tags":[],"class_list":["post-288","post","type-post","status-publish","format-standard","hentry","category-okategoriserade"],"acf":[],"yoast_head":"<!-- This site is optimized with the Yoast SEO plugin v27.1.1 - https:\/\/yoast.com\/product\/yoast-seo-wordpress\/ -->\n<title>Nu \u00e4r det gott att leva - tankar i nationaldagstider - Elisabeth Gerle funderar<\/title>\n<meta name=\"robots\" content=\"index, follow, max-snippet:-1, max-image-preview:large, max-video-preview:-1\" \/>\n<link rel=\"canonical\" href=\"https:\/\/blogg.svenskakyrkan.se\/gerle\/2012\/06\/07\/nu-ar-det-gott-att-leva-tankar-i-nationaldagstider\/\" \/>\n<meta property=\"og:locale\" content=\"sv_SE\" \/>\n<meta property=\"og:type\" content=\"article\" \/>\n<meta property=\"og:title\" content=\"Nu \u00e4r det gott att leva - tankar i nationaldagstider - Elisabeth Gerle funderar\" \/>\n<meta property=\"og:description\" content=\"Nu \u00e4r det gott att leva\u2026. Har ni t\u00e4nkt p\u00e5 hur gamla visor rinner upp i huvudet p\u00e5 en n\u00e4r solen och v\u00e4rmen \u00e5terv\u00e4nder? Pl\u00f6tsligt gnolar det inom en. Och det \u00e4r bara att sjunga med i melodin.\u00a0 Vildrosen blommar och \u00f6verallt r\u00e5r, lusten och f\u00e4gringen h\u00e4r p\u00e5 v\u00e5r \u00f6\u2026sjunger jag med Elisabet Hermodson. Som [&hellip;]\" \/>\n<meta property=\"og:url\" content=\"https:\/\/blogg.svenskakyrkan.se\/gerle\/2012\/06\/07\/nu-ar-det-gott-att-leva-tankar-i-nationaldagstider\/\" \/>\n<meta property=\"og:site_name\" content=\"Elisabeth Gerle funderar\" \/>\n<meta property=\"article:published_time\" content=\"2012-06-07T10:27:33+00:00\" \/>\n<meta property=\"article:modified_time\" content=\"2012-06-07T10:39:21+00:00\" \/>\n<meta name=\"author\" content=\"Elisabeth Gerle\" \/>\n<meta name=\"twitter:card\" content=\"summary_large_image\" \/>\n<meta name=\"twitter:label1\" content=\"Skriven av\" \/>\n\t<meta name=\"twitter:data1\" content=\"Elisabeth Gerle\" \/>\n\t<meta name=\"twitter:label2\" content=\"Ber\u00e4knad l\u00e4stid\" \/>\n\t<meta name=\"twitter:data2\" content=\"2 minuter\" \/>\n<script type=\"application\/ld+json\" class=\"yoast-schema-graph\">{\"@context\":\"https:\/\/schema.org\",\"@graph\":[{\"@type\":\"Article\",\"@id\":\"https:\/\/blogg.svenskakyrkan.se\/gerle\/2012\/06\/07\/nu-ar-det-gott-att-leva-tankar-i-nationaldagstider\/#article\",\"isPartOf\":{\"@id\":\"https:\/\/blogg.svenskakyrkan.se\/gerle\/2012\/06\/07\/nu-ar-det-gott-att-leva-tankar-i-nationaldagstider\/\"},\"author\":{\"name\":\"Elisabeth Gerle\",\"@id\":\"https:\/\/blogg.svenskakyrkan.se\/gerle\/#\/schema\/person\/785ea9fb35fb8ed3c2c9951295712d1b\"},\"headline\":\"Nu \u00e4r det gott att leva &#8211; tankar i nationaldagstider\",\"datePublished\":\"2012-06-07T10:27:33+00:00\",\"dateModified\":\"2012-06-07T10:39:21+00:00\",\"mainEntityOfPage\":{\"@id\":\"https:\/\/blogg.svenskakyrkan.se\/gerle\/2012\/06\/07\/nu-ar-det-gott-att-leva-tankar-i-nationaldagstider\/\"},\"wordCount\":395,\"commentCount\":0,\"inLanguage\":\"sv-SE\",\"potentialAction\":[{\"@type\":\"CommentAction\",\"name\":\"Comment\",\"target\":[\"https:\/\/blogg.svenskakyrkan.se\/gerle\/2012\/06\/07\/nu-ar-det-gott-att-leva-tankar-i-nationaldagstider\/#respond\"]}]},{\"@type\":\"WebPage\",\"@id\":\"https:\/\/blogg.svenskakyrkan.se\/gerle\/2012\/06\/07\/nu-ar-det-gott-att-leva-tankar-i-nationaldagstider\/\",\"url\":\"https:\/\/blogg.svenskakyrkan.se\/gerle\/2012\/06\/07\/nu-ar-det-gott-att-leva-tankar-i-nationaldagstider\/\",\"name\":\"Nu \u00e4r det gott att leva - tankar i nationaldagstider - Elisabeth Gerle funderar\",\"isPartOf\":{\"@id\":\"https:\/\/blogg.svenskakyrkan.se\/gerle\/#website\"},\"datePublished\":\"2012-06-07T10:27:33+00:00\",\"dateModified\":\"2012-06-07T10:39:21+00:00\",\"author\":{\"@id\":\"https:\/\/blogg.svenskakyrkan.se\/gerle\/#\/schema\/person\/785ea9fb35fb8ed3c2c9951295712d1b\"},\"breadcrumb\":{\"@id\":\"https:\/\/blogg.svenskakyrkan.se\/gerle\/2012\/06\/07\/nu-ar-det-gott-att-leva-tankar-i-nationaldagstider\/#breadcrumb\"},\"inLanguage\":\"sv-SE\",\"potentialAction\":[{\"@type\":\"ReadAction\",\"target\":[\"https:\/\/blogg.svenskakyrkan.se\/gerle\/2012\/06\/07\/nu-ar-det-gott-att-leva-tankar-i-nationaldagstider\/\"]}]},{\"@type\":\"BreadcrumbList\",\"@id\":\"https:\/\/blogg.svenskakyrkan.se\/gerle\/2012\/06\/07\/nu-ar-det-gott-att-leva-tankar-i-nationaldagstider\/#breadcrumb\",\"itemListElement\":[{\"@type\":\"ListItem\",\"position\":1,\"name\":\"Hem\",\"item\":\"https:\/\/blogg.svenskakyrkan.se\/gerle\/\"},{\"@type\":\"ListItem\",\"position\":2,\"name\":\"Nu \u00e4r det gott att leva &#8211; tankar i nationaldagstider\"}]},{\"@type\":\"WebSite\",\"@id\":\"https:\/\/blogg.svenskakyrkan.se\/gerle\/#website\",\"url\":\"https:\/\/blogg.svenskakyrkan.se\/gerle\/\",\"name\":\"Elisabeth Gerle funderar\",\"description\":\"\",\"potentialAction\":[{\"@type\":\"SearchAction\",\"target\":{\"@type\":\"EntryPoint\",\"urlTemplate\":\"https:\/\/blogg.svenskakyrkan.se\/gerle\/?s={search_term_string}\"},\"query-input\":{\"@type\":\"PropertyValueSpecification\",\"valueRequired\":true,\"valueName\":\"search_term_string\"}}],\"inLanguage\":\"sv-SE\"},{\"@type\":\"Person\",\"@id\":\"https:\/\/blogg.svenskakyrkan.se\/gerle\/#\/schema\/person\/785ea9fb35fb8ed3c2c9951295712d1b\",\"name\":\"Elisabeth Gerle\",\"image\":{\"@type\":\"ImageObject\",\"inLanguage\":\"sv-SE\",\"@id\":\"https:\/\/blogg.svenskakyrkan.se\/gerle\/#\/schema\/person\/image\/\",\"url\":\"https:\/\/secure.gravatar.com\/avatar\/ae0524dd142908d7c8372401d72efaa66409cd86ee31f5e1eb23ae87edcf05e5?s=96&d=mm&r=g\",\"contentUrl\":\"https:\/\/secure.gravatar.com\/avatar\/ae0524dd142908d7c8372401d72efaa66409cd86ee31f5e1eb23ae87edcf05e5?s=96&d=mm&r=g\",\"caption\":\"Elisabeth Gerle\"},\"url\":\"https:\/\/blogg.svenskakyrkan.se\/gerle\/author\/gerle\/\"}]}<\/script>\n<!-- \/ Yoast SEO plugin. -->","yoast_head_json":{"title":"Nu \u00e4r det gott att leva - tankar i nationaldagstider - Elisabeth Gerle funderar","robots":{"index":"index","follow":"follow","max-snippet":"max-snippet:-1","max-image-preview":"max-image-preview:large","max-video-preview":"max-video-preview:-1"},"canonical":"https:\/\/blogg.svenskakyrkan.se\/gerle\/2012\/06\/07\/nu-ar-det-gott-att-leva-tankar-i-nationaldagstider\/","og_locale":"sv_SE","og_type":"article","og_title":"Nu \u00e4r det gott att leva - tankar i nationaldagstider - Elisabeth Gerle funderar","og_description":"Nu \u00e4r det gott att leva\u2026. Har ni t\u00e4nkt p\u00e5 hur gamla visor rinner upp i huvudet p\u00e5 en n\u00e4r solen och v\u00e4rmen \u00e5terv\u00e4nder? Pl\u00f6tsligt gnolar det inom en. Och det \u00e4r bara att sjunga med i melodin.\u00a0 Vildrosen blommar och \u00f6verallt r\u00e5r, lusten och f\u00e4gringen h\u00e4r p\u00e5 v\u00e5r \u00f6\u2026sjunger jag med Elisabet Hermodson. Som [&hellip;]","og_url":"https:\/\/blogg.svenskakyrkan.se\/gerle\/2012\/06\/07\/nu-ar-det-gott-att-leva-tankar-i-nationaldagstider\/","og_site_name":"Elisabeth Gerle funderar","article_published_time":"2012-06-07T10:27:33+00:00","article_modified_time":"2012-06-07T10:39:21+00:00","author":"Elisabeth Gerle","twitter_card":"summary_large_image","twitter_misc":{"Skriven av":"Elisabeth Gerle","Ber\u00e4knad l\u00e4stid":"2 minuter"},"schema":{"@context":"https:\/\/schema.org","@graph":[{"@type":"Article","@id":"https:\/\/blogg.svenskakyrkan.se\/gerle\/2012\/06\/07\/nu-ar-det-gott-att-leva-tankar-i-nationaldagstider\/#article","isPartOf":{"@id":"https:\/\/blogg.svenskakyrkan.se\/gerle\/2012\/06\/07\/nu-ar-det-gott-att-leva-tankar-i-nationaldagstider\/"},"author":{"name":"Elisabeth Gerle","@id":"https:\/\/blogg.svenskakyrkan.se\/gerle\/#\/schema\/person\/785ea9fb35fb8ed3c2c9951295712d1b"},"headline":"Nu \u00e4r det gott att leva &#8211; tankar i nationaldagstider","datePublished":"2012-06-07T10:27:33+00:00","dateModified":"2012-06-07T10:39:21+00:00","mainEntityOfPage":{"@id":"https:\/\/blogg.svenskakyrkan.se\/gerle\/2012\/06\/07\/nu-ar-det-gott-att-leva-tankar-i-nationaldagstider\/"},"wordCount":395,"commentCount":0,"inLanguage":"sv-SE","potentialAction":[{"@type":"CommentAction","name":"Comment","target":["https:\/\/blogg.svenskakyrkan.se\/gerle\/2012\/06\/07\/nu-ar-det-gott-att-leva-tankar-i-nationaldagstider\/#respond"]}]},{"@type":"WebPage","@id":"https:\/\/blogg.svenskakyrkan.se\/gerle\/2012\/06\/07\/nu-ar-det-gott-att-leva-tankar-i-nationaldagstider\/","url":"https:\/\/blogg.svenskakyrkan.se\/gerle\/2012\/06\/07\/nu-ar-det-gott-att-leva-tankar-i-nationaldagstider\/","name":"Nu \u00e4r det gott att leva - tankar i nationaldagstider - Elisabeth Gerle funderar","isPartOf":{"@id":"https:\/\/blogg.svenskakyrkan.se\/gerle\/#website"},"datePublished":"2012-06-07T10:27:33+00:00","dateModified":"2012-06-07T10:39:21+00:00","author":{"@id":"https:\/\/blogg.svenskakyrkan.se\/gerle\/#\/schema\/person\/785ea9fb35fb8ed3c2c9951295712d1b"},"breadcrumb":{"@id":"https:\/\/blogg.svenskakyrkan.se\/gerle\/2012\/06\/07\/nu-ar-det-gott-att-leva-tankar-i-nationaldagstider\/#breadcrumb"},"inLanguage":"sv-SE","potentialAction":[{"@type":"ReadAction","target":["https:\/\/blogg.svenskakyrkan.se\/gerle\/2012\/06\/07\/nu-ar-det-gott-att-leva-tankar-i-nationaldagstider\/"]}]},{"@type":"BreadcrumbList","@id":"https:\/\/blogg.svenskakyrkan.se\/gerle\/2012\/06\/07\/nu-ar-det-gott-att-leva-tankar-i-nationaldagstider\/#breadcrumb","itemListElement":[{"@type":"ListItem","position":1,"name":"Hem","item":"https:\/\/blogg.svenskakyrkan.se\/gerle\/"},{"@type":"ListItem","position":2,"name":"Nu \u00e4r det gott att leva &#8211; tankar i nationaldagstider"}]},{"@type":"WebSite","@id":"https:\/\/blogg.svenskakyrkan.se\/gerle\/#website","url":"https:\/\/blogg.svenskakyrkan.se\/gerle\/","name":"Elisabeth Gerle funderar","description":"","potentialAction":[{"@type":"SearchAction","target":{"@type":"EntryPoint","urlTemplate":"https:\/\/blogg.svenskakyrkan.se\/gerle\/?s={search_term_string}"},"query-input":{"@type":"PropertyValueSpecification","valueRequired":true,"valueName":"search_term_string"}}],"inLanguage":"sv-SE"},{"@type":"Person","@id":"https:\/\/blogg.svenskakyrkan.se\/gerle\/#\/schema\/person\/785ea9fb35fb8ed3c2c9951295712d1b","name":"Elisabeth Gerle","image":{"@type":"ImageObject","inLanguage":"sv-SE","@id":"https:\/\/blogg.svenskakyrkan.se\/gerle\/#\/schema\/person\/image\/","url":"https:\/\/secure.gravatar.com\/avatar\/ae0524dd142908d7c8372401d72efaa66409cd86ee31f5e1eb23ae87edcf05e5?s=96&d=mm&r=g","contentUrl":"https:\/\/secure.gravatar.com\/avatar\/ae0524dd142908d7c8372401d72efaa66409cd86ee31f5e1eb23ae87edcf05e5?s=96&d=mm&r=g","caption":"Elisabeth Gerle"},"url":"https:\/\/blogg.svenskakyrkan.se\/gerle\/author\/gerle\/"}]}},"author_meta":{"ID":"63","user_nicename":"gerle","user_registered":"2011-05-05 12:24:01","display_name":"Elisabeth Gerle","first_name":"Elisabeth","last_name":"Gerle","avatar":"https:\/\/secure.gravatar.com\/avatar\/ae0524dd142908d7c8372401d72efaa66409cd86ee31f5e1eb23ae87edcf05e5?s=96&d=mm&r=g"},"featured_image":false,"bloginfo":{"name":"Elisabeth Gerle funderar","url":"https:\/\/blogg.svenskakyrkan.se\/gerle"},"_links":{"self":[{"href":"https:\/\/blogg.svenskakyrkan.se\/gerle\/wp-json\/wp\/v2\/posts\/288","targetHints":{"allow":["GET"]}}],"collection":[{"href":"https:\/\/blogg.svenskakyrkan.se\/gerle\/wp-json\/wp\/v2\/posts"}],"about":[{"href":"https:\/\/blogg.svenskakyrkan.se\/gerle\/wp-json\/wp\/v2\/types\/post"}],"author":[{"embeddable":true,"href":"https:\/\/blogg.svenskakyrkan.se\/gerle\/wp-json\/wp\/v2\/users\/63"}],"replies":[{"embeddable":true,"href":"https:\/\/blogg.svenskakyrkan.se\/gerle\/wp-json\/wp\/v2\/comments?post=288"}],"version-history":[{"count":6,"href":"https:\/\/blogg.svenskakyrkan.se\/gerle\/wp-json\/wp\/v2\/posts\/288\/revisions"}],"predecessor-version":[{"id":294,"href":"https:\/\/blogg.svenskakyrkan.se\/gerle\/wp-json\/wp\/v2\/posts\/288\/revisions\/294"}],"wp:attachment":[{"href":"https:\/\/blogg.svenskakyrkan.se\/gerle\/wp-json\/wp\/v2\/media?parent=288"}],"wp:term":[{"taxonomy":"category","embeddable":true,"href":"https:\/\/blogg.svenskakyrkan.se\/gerle\/wp-json\/wp\/v2\/categories?post=288"},{"taxonomy":"post_tag","embeddable":true,"href":"https:\/\/blogg.svenskakyrkan.se\/gerle\/wp-json\/wp\/v2\/tags?post=288"}],"curies":[{"name":"wp","href":"https:\/\/api.w.org\/{rel}","templated":true}]}}