{"id":295,"date":"2012-10-07T16:04:10","date_gmt":"2012-10-07T16:04:10","guid":{"rendered":"http:\/\/blogg.svenskakyrkan.se\/gerle\/?p=295"},"modified":"2012-10-07T16:07:50","modified_gmt":"2012-10-07T16:07:50","slug":"lek-och-liturgi","status":"publish","type":"post","link":"https:\/\/blogg.svenskakyrkan.se\/gerle\/2012\/10\/07\/lek-och-liturgi\/","title":{"rendered":"Lek och liturgi"},"content":{"rendered":"<p>Vi passar till varandra, ger en liten nick som instruktion, en gest, kanske en diskret viskning. Att medverka i liturgin i domkyrkan i\u00a0Lund\u00a0\u00e4r stort. Inte bara f\u00f6r att den m\u00e4ktiga katedralen k\u00e4nns \u00e4nnu m\u00e4ktigare, utan f\u00f6r samspelets skull. Lagandan.<br \/>\n&#8211; N\u00f6jet ligger helt p\u00e5 det upptr\u00e4dandes sida, brukade en del av mina gamla pr\u00e4stkollegor s\u00e4ga f\u00f6rr.<br \/>\nFast jag, som f\u00f6r det mesta ut\u00f6var lyssnar, meditations &#8211; och s\u00e5ng\u00e4mbetet i kyrkb\u00e4nken, h\u00e5ller inte med. Tycker n\u00e4stan det \u00e4r lite cyniskt sagt. Men det \u00e4r annorlunda. Att delta i en gudstj\u00e4nst som \u201dvanlig\u201d gudstj\u00e4nstfirare\u201d ger rymd \u00e5t tankar och egna reflektionen. Det ger en djup vila samtidigt som man deltar i liturgins olika moment. N\u00e4r man varit framme och tagit emot br\u00f6d och vin kan man slinka f\u00f6rbi b\u00f6neh\u00f6rnan och t\u00e4nda ett ljus f\u00f6r alla man b\u00e4r med sig i hj\u00e4rtat. Det \u00e4r l\u00e5ngt ifr\u00e5n passivt. Jag \u00e4lskar det. Det som skiljer s\u00f6ndagen fr\u00e5n andra dagar.<br \/>\nMen att medverka som liturg eller assisterande h\u00f6jer adrenalinniv\u00e5n en bit. \u00c5tminstone om man som jag inte g\u00f6r det s\u00e5 ofta. Man tvingas bli lyh\u00f6rd f\u00f6r de andra som \u00e4r p\u00e5 hemmaplan. Och de tar hand om g\u00e4stspelaren och ser till att hon hamnar r\u00e4tt.<br \/>\nHar ibland t\u00e4nkt att man \u00e4r mer nerv\u00f6s n\u00e4r det \u00e4r m\u00e5nga som delar ansvaret f\u00f6r liturgin. L\u00e4ttare att komma fel \u00e4n om man har hand om det hela. Har dessutom varit lite kritisk mot det som ibland framst\u00e5r som hovliturgi. M\u00e5ste vi vara s\u00e5 m\u00e5nga som svassar runt altaret. Kanske hade vi gjort b\u00e4ttre nytta hos en medm\u00e4nniska?<br \/>\nSamtalet om proportioner och om anst\u00e4lldas arbetsuppgifter m\u00e5ste alltid f\u00f6ras. Men att delta i liturgin med vigda och ovigda, d\u00e4r de flesta av oss \u00e4r med som volont\u00e4rer, skapar samh\u00f6righet och en djup gemenskap. Sensitivitetskravet skapar laganda d\u00e4r det finns utrymmer f\u00f6r humor och mycket m\u00e4nsklighet. Mitt i den gudomliga liturgin, leken inf\u00f6r Guds ansikte.<\/p>\n","protected":false},"excerpt":{"rendered":"<p>Vi passar till varandra, ger en liten nick som instruktion, en gest, kanske en diskret viskning. Att medverka i liturgin i domkyrkan i\u00a0Lund\u00a0\u00e4r stort. Inte bara f\u00f6r att den m\u00e4ktiga katedralen k\u00e4nns \u00e4nnu m\u00e4ktigare, utan f\u00f6r samspelets skull. Lagandan. &#8211; N\u00f6jet ligger helt p\u00e5 det upptr\u00e4dandes sida, brukade en del av mina gamla pr\u00e4stkollegor s\u00e4ga [&hellip;]<\/p>\n","protected":false},"author":63,"featured_media":0,"comment_status":"open","ping_status":"open","sticky":false,"template":"","format":"standard","meta":{"_acf_changed":false,"footnotes":""},"categories":[9],"tags":[],"class_list":["post-295","post","type-post","status-publish","format-standard","hentry","category-okategoriserade"],"acf":[],"yoast_head":"<!-- This site is optimized with the Yoast SEO plugin v27.1.1 - https:\/\/yoast.com\/product\/yoast-seo-wordpress\/ -->\n<title>Lek och liturgi - Elisabeth Gerle funderar<\/title>\n<meta name=\"robots\" content=\"index, follow, max-snippet:-1, max-image-preview:large, max-video-preview:-1\" \/>\n<link rel=\"canonical\" href=\"https:\/\/blogg.svenskakyrkan.se\/gerle\/2012\/10\/07\/lek-och-liturgi\/\" \/>\n<meta property=\"og:locale\" content=\"sv_SE\" \/>\n<meta property=\"og:type\" content=\"article\" \/>\n<meta property=\"og:title\" content=\"Lek och liturgi - Elisabeth Gerle funderar\" \/>\n<meta property=\"og:description\" content=\"Vi passar till varandra, ger en liten nick som instruktion, en gest, kanske en diskret viskning. Att medverka i liturgin i domkyrkan i\u00a0Lund\u00a0\u00e4r stort. Inte bara f\u00f6r att den m\u00e4ktiga katedralen k\u00e4nns \u00e4nnu m\u00e4ktigare, utan f\u00f6r samspelets skull. Lagandan. &#8211; N\u00f6jet ligger helt p\u00e5 det upptr\u00e4dandes sida, brukade en del av mina gamla pr\u00e4stkollegor s\u00e4ga [&hellip;]\" \/>\n<meta property=\"og:url\" content=\"https:\/\/blogg.svenskakyrkan.se\/gerle\/2012\/10\/07\/lek-och-liturgi\/\" \/>\n<meta property=\"og:site_name\" content=\"Elisabeth Gerle funderar\" \/>\n<meta property=\"article:published_time\" content=\"2012-10-07T16:04:10+00:00\" \/>\n<meta property=\"article:modified_time\" content=\"2012-10-07T16:07:50+00:00\" \/>\n<meta name=\"author\" content=\"Elisabeth Gerle\" \/>\n<meta name=\"twitter:card\" content=\"summary_large_image\" \/>\n<meta name=\"twitter:label1\" content=\"Skriven av\" \/>\n\t<meta name=\"twitter:data1\" content=\"Elisabeth Gerle\" \/>\n\t<meta name=\"twitter:label2\" content=\"Ber\u00e4knad l\u00e4stid\" \/>\n\t<meta name=\"twitter:data2\" content=\"2 minuter\" \/>\n<script type=\"application\/ld+json\" class=\"yoast-schema-graph\">{\"@context\":\"https:\/\/schema.org\",\"@graph\":[{\"@type\":\"Article\",\"@id\":\"https:\/\/blogg.svenskakyrkan.se\/gerle\/2012\/10\/07\/lek-och-liturgi\/#article\",\"isPartOf\":{\"@id\":\"https:\/\/blogg.svenskakyrkan.se\/gerle\/2012\/10\/07\/lek-och-liturgi\/\"},\"author\":{\"name\":\"Elisabeth Gerle\",\"@id\":\"https:\/\/blogg.svenskakyrkan.se\/gerle\/#\/schema\/person\/785ea9fb35fb8ed3c2c9951295712d1b\"},\"headline\":\"Lek och liturgi\",\"datePublished\":\"2012-10-07T16:04:10+00:00\",\"dateModified\":\"2012-10-07T16:07:50+00:00\",\"mainEntityOfPage\":{\"@id\":\"https:\/\/blogg.svenskakyrkan.se\/gerle\/2012\/10\/07\/lek-och-liturgi\/\"},\"wordCount\":378,\"commentCount\":2,\"inLanguage\":\"sv-SE\",\"potentialAction\":[{\"@type\":\"CommentAction\",\"name\":\"Comment\",\"target\":[\"https:\/\/blogg.svenskakyrkan.se\/gerle\/2012\/10\/07\/lek-och-liturgi\/#respond\"]}]},{\"@type\":\"WebPage\",\"@id\":\"https:\/\/blogg.svenskakyrkan.se\/gerle\/2012\/10\/07\/lek-och-liturgi\/\",\"url\":\"https:\/\/blogg.svenskakyrkan.se\/gerle\/2012\/10\/07\/lek-och-liturgi\/\",\"name\":\"Lek och liturgi - Elisabeth Gerle funderar\",\"isPartOf\":{\"@id\":\"https:\/\/blogg.svenskakyrkan.se\/gerle\/#website\"},\"datePublished\":\"2012-10-07T16:04:10+00:00\",\"dateModified\":\"2012-10-07T16:07:50+00:00\",\"author\":{\"@id\":\"https:\/\/blogg.svenskakyrkan.se\/gerle\/#\/schema\/person\/785ea9fb35fb8ed3c2c9951295712d1b\"},\"breadcrumb\":{\"@id\":\"https:\/\/blogg.svenskakyrkan.se\/gerle\/2012\/10\/07\/lek-och-liturgi\/#breadcrumb\"},\"inLanguage\":\"sv-SE\",\"potentialAction\":[{\"@type\":\"ReadAction\",\"target\":[\"https:\/\/blogg.svenskakyrkan.se\/gerle\/2012\/10\/07\/lek-och-liturgi\/\"]}]},{\"@type\":\"BreadcrumbList\",\"@id\":\"https:\/\/blogg.svenskakyrkan.se\/gerle\/2012\/10\/07\/lek-och-liturgi\/#breadcrumb\",\"itemListElement\":[{\"@type\":\"ListItem\",\"position\":1,\"name\":\"Hem\",\"item\":\"https:\/\/blogg.svenskakyrkan.se\/gerle\/\"},{\"@type\":\"ListItem\",\"position\":2,\"name\":\"Lek och liturgi\"}]},{\"@type\":\"WebSite\",\"@id\":\"https:\/\/blogg.svenskakyrkan.se\/gerle\/#website\",\"url\":\"https:\/\/blogg.svenskakyrkan.se\/gerle\/\",\"name\":\"Elisabeth Gerle funderar\",\"description\":\"\",\"potentialAction\":[{\"@type\":\"SearchAction\",\"target\":{\"@type\":\"EntryPoint\",\"urlTemplate\":\"https:\/\/blogg.svenskakyrkan.se\/gerle\/?s={search_term_string}\"},\"query-input\":{\"@type\":\"PropertyValueSpecification\",\"valueRequired\":true,\"valueName\":\"search_term_string\"}}],\"inLanguage\":\"sv-SE\"},{\"@type\":\"Person\",\"@id\":\"https:\/\/blogg.svenskakyrkan.se\/gerle\/#\/schema\/person\/785ea9fb35fb8ed3c2c9951295712d1b\",\"name\":\"Elisabeth Gerle\",\"image\":{\"@type\":\"ImageObject\",\"inLanguage\":\"sv-SE\",\"@id\":\"https:\/\/blogg.svenskakyrkan.se\/gerle\/#\/schema\/person\/image\/\",\"url\":\"https:\/\/secure.gravatar.com\/avatar\/ae0524dd142908d7c8372401d72efaa66409cd86ee31f5e1eb23ae87edcf05e5?s=96&d=mm&r=g\",\"contentUrl\":\"https:\/\/secure.gravatar.com\/avatar\/ae0524dd142908d7c8372401d72efaa66409cd86ee31f5e1eb23ae87edcf05e5?s=96&d=mm&r=g\",\"caption\":\"Elisabeth Gerle\"},\"url\":\"https:\/\/blogg.svenskakyrkan.se\/gerle\/author\/gerle\/\"}]}<\/script>\n<!-- \/ Yoast SEO plugin. -->","yoast_head_json":{"title":"Lek och liturgi - Elisabeth Gerle funderar","robots":{"index":"index","follow":"follow","max-snippet":"max-snippet:-1","max-image-preview":"max-image-preview:large","max-video-preview":"max-video-preview:-1"},"canonical":"https:\/\/blogg.svenskakyrkan.se\/gerle\/2012\/10\/07\/lek-och-liturgi\/","og_locale":"sv_SE","og_type":"article","og_title":"Lek och liturgi - Elisabeth Gerle funderar","og_description":"Vi passar till varandra, ger en liten nick som instruktion, en gest, kanske en diskret viskning. Att medverka i liturgin i domkyrkan i\u00a0Lund\u00a0\u00e4r stort. Inte bara f\u00f6r att den m\u00e4ktiga katedralen k\u00e4nns \u00e4nnu m\u00e4ktigare, utan f\u00f6r samspelets skull. Lagandan. &#8211; N\u00f6jet ligger helt p\u00e5 det upptr\u00e4dandes sida, brukade en del av mina gamla pr\u00e4stkollegor s\u00e4ga [&hellip;]","og_url":"https:\/\/blogg.svenskakyrkan.se\/gerle\/2012\/10\/07\/lek-och-liturgi\/","og_site_name":"Elisabeth Gerle funderar","article_published_time":"2012-10-07T16:04:10+00:00","article_modified_time":"2012-10-07T16:07:50+00:00","author":"Elisabeth Gerle","twitter_card":"summary_large_image","twitter_misc":{"Skriven av":"Elisabeth Gerle","Ber\u00e4knad l\u00e4stid":"2 minuter"},"schema":{"@context":"https:\/\/schema.org","@graph":[{"@type":"Article","@id":"https:\/\/blogg.svenskakyrkan.se\/gerle\/2012\/10\/07\/lek-och-liturgi\/#article","isPartOf":{"@id":"https:\/\/blogg.svenskakyrkan.se\/gerle\/2012\/10\/07\/lek-och-liturgi\/"},"author":{"name":"Elisabeth Gerle","@id":"https:\/\/blogg.svenskakyrkan.se\/gerle\/#\/schema\/person\/785ea9fb35fb8ed3c2c9951295712d1b"},"headline":"Lek och liturgi","datePublished":"2012-10-07T16:04:10+00:00","dateModified":"2012-10-07T16:07:50+00:00","mainEntityOfPage":{"@id":"https:\/\/blogg.svenskakyrkan.se\/gerle\/2012\/10\/07\/lek-och-liturgi\/"},"wordCount":378,"commentCount":2,"inLanguage":"sv-SE","potentialAction":[{"@type":"CommentAction","name":"Comment","target":["https:\/\/blogg.svenskakyrkan.se\/gerle\/2012\/10\/07\/lek-och-liturgi\/#respond"]}]},{"@type":"WebPage","@id":"https:\/\/blogg.svenskakyrkan.se\/gerle\/2012\/10\/07\/lek-och-liturgi\/","url":"https:\/\/blogg.svenskakyrkan.se\/gerle\/2012\/10\/07\/lek-och-liturgi\/","name":"Lek och liturgi - Elisabeth Gerle funderar","isPartOf":{"@id":"https:\/\/blogg.svenskakyrkan.se\/gerle\/#website"},"datePublished":"2012-10-07T16:04:10+00:00","dateModified":"2012-10-07T16:07:50+00:00","author":{"@id":"https:\/\/blogg.svenskakyrkan.se\/gerle\/#\/schema\/person\/785ea9fb35fb8ed3c2c9951295712d1b"},"breadcrumb":{"@id":"https:\/\/blogg.svenskakyrkan.se\/gerle\/2012\/10\/07\/lek-och-liturgi\/#breadcrumb"},"inLanguage":"sv-SE","potentialAction":[{"@type":"ReadAction","target":["https:\/\/blogg.svenskakyrkan.se\/gerle\/2012\/10\/07\/lek-och-liturgi\/"]}]},{"@type":"BreadcrumbList","@id":"https:\/\/blogg.svenskakyrkan.se\/gerle\/2012\/10\/07\/lek-och-liturgi\/#breadcrumb","itemListElement":[{"@type":"ListItem","position":1,"name":"Hem","item":"https:\/\/blogg.svenskakyrkan.se\/gerle\/"},{"@type":"ListItem","position":2,"name":"Lek och liturgi"}]},{"@type":"WebSite","@id":"https:\/\/blogg.svenskakyrkan.se\/gerle\/#website","url":"https:\/\/blogg.svenskakyrkan.se\/gerle\/","name":"Elisabeth Gerle funderar","description":"","potentialAction":[{"@type":"SearchAction","target":{"@type":"EntryPoint","urlTemplate":"https:\/\/blogg.svenskakyrkan.se\/gerle\/?s={search_term_string}"},"query-input":{"@type":"PropertyValueSpecification","valueRequired":true,"valueName":"search_term_string"}}],"inLanguage":"sv-SE"},{"@type":"Person","@id":"https:\/\/blogg.svenskakyrkan.se\/gerle\/#\/schema\/person\/785ea9fb35fb8ed3c2c9951295712d1b","name":"Elisabeth Gerle","image":{"@type":"ImageObject","inLanguage":"sv-SE","@id":"https:\/\/blogg.svenskakyrkan.se\/gerle\/#\/schema\/person\/image\/","url":"https:\/\/secure.gravatar.com\/avatar\/ae0524dd142908d7c8372401d72efaa66409cd86ee31f5e1eb23ae87edcf05e5?s=96&d=mm&r=g","contentUrl":"https:\/\/secure.gravatar.com\/avatar\/ae0524dd142908d7c8372401d72efaa66409cd86ee31f5e1eb23ae87edcf05e5?s=96&d=mm&r=g","caption":"Elisabeth Gerle"},"url":"https:\/\/blogg.svenskakyrkan.se\/gerle\/author\/gerle\/"}]}},"author_meta":{"ID":"63","user_nicename":"gerle","user_registered":"2011-05-05 12:24:01","display_name":"Elisabeth Gerle","first_name":"Elisabeth","last_name":"Gerle","avatar":"https:\/\/secure.gravatar.com\/avatar\/ae0524dd142908d7c8372401d72efaa66409cd86ee31f5e1eb23ae87edcf05e5?s=96&d=mm&r=g"},"featured_image":false,"bloginfo":{"name":"Elisabeth Gerle funderar","url":"https:\/\/blogg.svenskakyrkan.se\/gerle"},"_links":{"self":[{"href":"https:\/\/blogg.svenskakyrkan.se\/gerle\/wp-json\/wp\/v2\/posts\/295","targetHints":{"allow":["GET"]}}],"collection":[{"href":"https:\/\/blogg.svenskakyrkan.se\/gerle\/wp-json\/wp\/v2\/posts"}],"about":[{"href":"https:\/\/blogg.svenskakyrkan.se\/gerle\/wp-json\/wp\/v2\/types\/post"}],"author":[{"embeddable":true,"href":"https:\/\/blogg.svenskakyrkan.se\/gerle\/wp-json\/wp\/v2\/users\/63"}],"replies":[{"embeddable":true,"href":"https:\/\/blogg.svenskakyrkan.se\/gerle\/wp-json\/wp\/v2\/comments?post=295"}],"version-history":[{"count":3,"href":"https:\/\/blogg.svenskakyrkan.se\/gerle\/wp-json\/wp\/v2\/posts\/295\/revisions"}],"predecessor-version":[{"id":298,"href":"https:\/\/blogg.svenskakyrkan.se\/gerle\/wp-json\/wp\/v2\/posts\/295\/revisions\/298"}],"wp:attachment":[{"href":"https:\/\/blogg.svenskakyrkan.se\/gerle\/wp-json\/wp\/v2\/media?parent=295"}],"wp:term":[{"taxonomy":"category","embeddable":true,"href":"https:\/\/blogg.svenskakyrkan.se\/gerle\/wp-json\/wp\/v2\/categories?post=295"},{"taxonomy":"post_tag","embeddable":true,"href":"https:\/\/blogg.svenskakyrkan.se\/gerle\/wp-json\/wp\/v2\/tags?post=295"}],"curies":[{"name":"wp","href":"https:\/\/api.w.org\/{rel}","templated":true}]}}