{"id":297,"date":"2013-05-26T10:56:38","date_gmt":"2013-05-26T10:56:38","guid":{"rendered":"http:\/\/blogg.svenskakyrkan.se\/gerle\/?p=297"},"modified":"2013-05-26T11:53:41","modified_gmt":"2013-05-26T11:53:41","slug":"som-ett-klockspel","status":"publish","type":"post","link":"https:\/\/blogg.svenskakyrkan.se\/gerle\/2013\/05\/26\/som-ett-klockspel\/","title":{"rendered":"Som ett klockspel"},"content":{"rendered":"<p>Som ett klockspel h\u00f6r jag dig, heliga treeinghet&#8230;Fr\u00e5n orgeln h\u00f6rs just ett klockspel. N\u00e4r Thomas Willstedt spelar preludiet till denna lilla fina psalmvisa klingar det. Sp\u00e4da toner dansar och stiger under de romanska valven. Glittrar och faller som vattendroppar i solen. I postludiet mullrar hela orgeln ist\u00e4llet av dova toner. Och jag t\u00e4nker som s\u00e5 ofta p\u00e5 hur Martin Luther talar om musiken som n\u00e5got som tr\u00e4nger in i kroppen och f\u00f6r\u00e4ndrar. F\u00f6r honom \u00e4r det Guds tilltal. Tr\u00f6st mitt i f\u00f6rtvivlan.\u00a0 Musiken famnar leken och\u00a0det glitrande solljuset.\u00a0Men ocks\u00e5 v\u00e5ndan och\u00a0nattens ensamhet. Den f\u00f6rmedlar det som inte alltid kan s\u00e4gas med ord. N\u00e4rvaro h\u00e4r och nu.<\/p>\n","protected":false},"excerpt":{"rendered":"<p>Som ett klockspel h\u00f6r jag dig, heliga treeinghet&#8230;Fr\u00e5n orgeln h\u00f6rs just ett klockspel. N\u00e4r Thomas Willstedt spelar preludiet till denna lilla fina psalmvisa klingar det. Sp\u00e4da toner dansar och stiger under de romanska valven. Glittrar och faller som vattendroppar i solen. I postludiet mullrar hela orgeln ist\u00e4llet av dova toner. Och jag t\u00e4nker som s\u00e5 [&hellip;]<\/p>\n","protected":false},"author":63,"featured_media":0,"comment_status":"open","ping_status":"open","sticky":false,"template":"","format":"standard","meta":{"_acf_changed":false,"footnotes":""},"categories":[9],"tags":[],"class_list":["post-297","post","type-post","status-publish","format-standard","hentry","category-okategoriserade"],"acf":[],"yoast_head":"<!-- This site is optimized with the Yoast SEO plugin v27.1.1 - https:\/\/yoast.com\/product\/yoast-seo-wordpress\/ -->\n<title>Som ett klockspel - Elisabeth Gerle funderar<\/title>\n<meta name=\"robots\" content=\"index, follow, max-snippet:-1, max-image-preview:large, max-video-preview:-1\" \/>\n<link rel=\"canonical\" href=\"https:\/\/blogg.svenskakyrkan.se\/gerle\/2013\/05\/26\/som-ett-klockspel\/\" \/>\n<meta property=\"og:locale\" content=\"sv_SE\" \/>\n<meta property=\"og:type\" content=\"article\" \/>\n<meta property=\"og:title\" content=\"Som ett klockspel - Elisabeth Gerle funderar\" \/>\n<meta property=\"og:description\" content=\"Som ett klockspel h\u00f6r jag dig, heliga treeinghet&#8230;Fr\u00e5n orgeln h\u00f6rs just ett klockspel. N\u00e4r Thomas Willstedt spelar preludiet till denna lilla fina psalmvisa klingar det. Sp\u00e4da toner dansar och stiger under de romanska valven. Glittrar och faller som vattendroppar i solen. I postludiet mullrar hela orgeln ist\u00e4llet av dova toner. Och jag t\u00e4nker som s\u00e5 [&hellip;]\" \/>\n<meta property=\"og:url\" content=\"https:\/\/blogg.svenskakyrkan.se\/gerle\/2013\/05\/26\/som-ett-klockspel\/\" \/>\n<meta property=\"og:site_name\" content=\"Elisabeth Gerle funderar\" \/>\n<meta property=\"article:published_time\" content=\"2013-05-26T10:56:38+00:00\" \/>\n<meta property=\"article:modified_time\" content=\"2013-05-26T11:53:41+00:00\" \/>\n<meta name=\"author\" content=\"Elisabeth Gerle\" \/>\n<meta name=\"twitter:card\" content=\"summary_large_image\" \/>\n<meta name=\"twitter:label1\" content=\"Skriven av\" \/>\n\t<meta name=\"twitter:data1\" content=\"Elisabeth Gerle\" \/>\n\t<meta name=\"twitter:label2\" content=\"Ber\u00e4knad l\u00e4stid\" \/>\n\t<meta name=\"twitter:data2\" content=\"1 minut\" \/>\n<script type=\"application\/ld+json\" class=\"yoast-schema-graph\">{\"@context\":\"https:\/\/schema.org\",\"@graph\":[{\"@type\":\"Article\",\"@id\":\"https:\/\/blogg.svenskakyrkan.se\/gerle\/2013\/05\/26\/som-ett-klockspel\/#article\",\"isPartOf\":{\"@id\":\"https:\/\/blogg.svenskakyrkan.se\/gerle\/2013\/05\/26\/som-ett-klockspel\/\"},\"author\":{\"name\":\"Elisabeth Gerle\",\"@id\":\"https:\/\/blogg.svenskakyrkan.se\/gerle\/#\/schema\/person\/785ea9fb35fb8ed3c2c9951295712d1b\"},\"headline\":\"Som ett klockspel\",\"datePublished\":\"2013-05-26T10:56:38+00:00\",\"dateModified\":\"2013-05-26T11:53:41+00:00\",\"mainEntityOfPage\":{\"@id\":\"https:\/\/blogg.svenskakyrkan.se\/gerle\/2013\/05\/26\/som-ett-klockspel\/\"},\"wordCount\":132,\"commentCount\":0,\"inLanguage\":\"sv-SE\",\"potentialAction\":[{\"@type\":\"CommentAction\",\"name\":\"Comment\",\"target\":[\"https:\/\/blogg.svenskakyrkan.se\/gerle\/2013\/05\/26\/som-ett-klockspel\/#respond\"]}]},{\"@type\":\"WebPage\",\"@id\":\"https:\/\/blogg.svenskakyrkan.se\/gerle\/2013\/05\/26\/som-ett-klockspel\/\",\"url\":\"https:\/\/blogg.svenskakyrkan.se\/gerle\/2013\/05\/26\/som-ett-klockspel\/\",\"name\":\"Som ett klockspel - Elisabeth Gerle funderar\",\"isPartOf\":{\"@id\":\"https:\/\/blogg.svenskakyrkan.se\/gerle\/#website\"},\"datePublished\":\"2013-05-26T10:56:38+00:00\",\"dateModified\":\"2013-05-26T11:53:41+00:00\",\"author\":{\"@id\":\"https:\/\/blogg.svenskakyrkan.se\/gerle\/#\/schema\/person\/785ea9fb35fb8ed3c2c9951295712d1b\"},\"breadcrumb\":{\"@id\":\"https:\/\/blogg.svenskakyrkan.se\/gerle\/2013\/05\/26\/som-ett-klockspel\/#breadcrumb\"},\"inLanguage\":\"sv-SE\",\"potentialAction\":[{\"@type\":\"ReadAction\",\"target\":[\"https:\/\/blogg.svenskakyrkan.se\/gerle\/2013\/05\/26\/som-ett-klockspel\/\"]}]},{\"@type\":\"BreadcrumbList\",\"@id\":\"https:\/\/blogg.svenskakyrkan.se\/gerle\/2013\/05\/26\/som-ett-klockspel\/#breadcrumb\",\"itemListElement\":[{\"@type\":\"ListItem\",\"position\":1,\"name\":\"Hem\",\"item\":\"https:\/\/blogg.svenskakyrkan.se\/gerle\/\"},{\"@type\":\"ListItem\",\"position\":2,\"name\":\"Som ett klockspel\"}]},{\"@type\":\"WebSite\",\"@id\":\"https:\/\/blogg.svenskakyrkan.se\/gerle\/#website\",\"url\":\"https:\/\/blogg.svenskakyrkan.se\/gerle\/\",\"name\":\"Elisabeth Gerle funderar\",\"description\":\"\",\"potentialAction\":[{\"@type\":\"SearchAction\",\"target\":{\"@type\":\"EntryPoint\",\"urlTemplate\":\"https:\/\/blogg.svenskakyrkan.se\/gerle\/?s={search_term_string}\"},\"query-input\":{\"@type\":\"PropertyValueSpecification\",\"valueRequired\":true,\"valueName\":\"search_term_string\"}}],\"inLanguage\":\"sv-SE\"},{\"@type\":\"Person\",\"@id\":\"https:\/\/blogg.svenskakyrkan.se\/gerle\/#\/schema\/person\/785ea9fb35fb8ed3c2c9951295712d1b\",\"name\":\"Elisabeth Gerle\",\"image\":{\"@type\":\"ImageObject\",\"inLanguage\":\"sv-SE\",\"@id\":\"https:\/\/blogg.svenskakyrkan.se\/gerle\/#\/schema\/person\/image\/\",\"url\":\"https:\/\/secure.gravatar.com\/avatar\/ae0524dd142908d7c8372401d72efaa66409cd86ee31f5e1eb23ae87edcf05e5?s=96&d=mm&r=g\",\"contentUrl\":\"https:\/\/secure.gravatar.com\/avatar\/ae0524dd142908d7c8372401d72efaa66409cd86ee31f5e1eb23ae87edcf05e5?s=96&d=mm&r=g\",\"caption\":\"Elisabeth Gerle\"},\"url\":\"https:\/\/blogg.svenskakyrkan.se\/gerle\/author\/gerle\/\"}]}<\/script>\n<!-- \/ Yoast SEO plugin. -->","yoast_head_json":{"title":"Som ett klockspel - Elisabeth Gerle funderar","robots":{"index":"index","follow":"follow","max-snippet":"max-snippet:-1","max-image-preview":"max-image-preview:large","max-video-preview":"max-video-preview:-1"},"canonical":"https:\/\/blogg.svenskakyrkan.se\/gerle\/2013\/05\/26\/som-ett-klockspel\/","og_locale":"sv_SE","og_type":"article","og_title":"Som ett klockspel - Elisabeth Gerle funderar","og_description":"Som ett klockspel h\u00f6r jag dig, heliga treeinghet&#8230;Fr\u00e5n orgeln h\u00f6rs just ett klockspel. N\u00e4r Thomas Willstedt spelar preludiet till denna lilla fina psalmvisa klingar det. Sp\u00e4da toner dansar och stiger under de romanska valven. Glittrar och faller som vattendroppar i solen. I postludiet mullrar hela orgeln ist\u00e4llet av dova toner. Och jag t\u00e4nker som s\u00e5 [&hellip;]","og_url":"https:\/\/blogg.svenskakyrkan.se\/gerle\/2013\/05\/26\/som-ett-klockspel\/","og_site_name":"Elisabeth Gerle funderar","article_published_time":"2013-05-26T10:56:38+00:00","article_modified_time":"2013-05-26T11:53:41+00:00","author":"Elisabeth Gerle","twitter_card":"summary_large_image","twitter_misc":{"Skriven av":"Elisabeth Gerle","Ber\u00e4knad l\u00e4stid":"1 minut"},"schema":{"@context":"https:\/\/schema.org","@graph":[{"@type":"Article","@id":"https:\/\/blogg.svenskakyrkan.se\/gerle\/2013\/05\/26\/som-ett-klockspel\/#article","isPartOf":{"@id":"https:\/\/blogg.svenskakyrkan.se\/gerle\/2013\/05\/26\/som-ett-klockspel\/"},"author":{"name":"Elisabeth Gerle","@id":"https:\/\/blogg.svenskakyrkan.se\/gerle\/#\/schema\/person\/785ea9fb35fb8ed3c2c9951295712d1b"},"headline":"Som ett klockspel","datePublished":"2013-05-26T10:56:38+00:00","dateModified":"2013-05-26T11:53:41+00:00","mainEntityOfPage":{"@id":"https:\/\/blogg.svenskakyrkan.se\/gerle\/2013\/05\/26\/som-ett-klockspel\/"},"wordCount":132,"commentCount":0,"inLanguage":"sv-SE","potentialAction":[{"@type":"CommentAction","name":"Comment","target":["https:\/\/blogg.svenskakyrkan.se\/gerle\/2013\/05\/26\/som-ett-klockspel\/#respond"]}]},{"@type":"WebPage","@id":"https:\/\/blogg.svenskakyrkan.se\/gerle\/2013\/05\/26\/som-ett-klockspel\/","url":"https:\/\/blogg.svenskakyrkan.se\/gerle\/2013\/05\/26\/som-ett-klockspel\/","name":"Som ett klockspel - Elisabeth Gerle funderar","isPartOf":{"@id":"https:\/\/blogg.svenskakyrkan.se\/gerle\/#website"},"datePublished":"2013-05-26T10:56:38+00:00","dateModified":"2013-05-26T11:53:41+00:00","author":{"@id":"https:\/\/blogg.svenskakyrkan.se\/gerle\/#\/schema\/person\/785ea9fb35fb8ed3c2c9951295712d1b"},"breadcrumb":{"@id":"https:\/\/blogg.svenskakyrkan.se\/gerle\/2013\/05\/26\/som-ett-klockspel\/#breadcrumb"},"inLanguage":"sv-SE","potentialAction":[{"@type":"ReadAction","target":["https:\/\/blogg.svenskakyrkan.se\/gerle\/2013\/05\/26\/som-ett-klockspel\/"]}]},{"@type":"BreadcrumbList","@id":"https:\/\/blogg.svenskakyrkan.se\/gerle\/2013\/05\/26\/som-ett-klockspel\/#breadcrumb","itemListElement":[{"@type":"ListItem","position":1,"name":"Hem","item":"https:\/\/blogg.svenskakyrkan.se\/gerle\/"},{"@type":"ListItem","position":2,"name":"Som ett klockspel"}]},{"@type":"WebSite","@id":"https:\/\/blogg.svenskakyrkan.se\/gerle\/#website","url":"https:\/\/blogg.svenskakyrkan.se\/gerle\/","name":"Elisabeth Gerle funderar","description":"","potentialAction":[{"@type":"SearchAction","target":{"@type":"EntryPoint","urlTemplate":"https:\/\/blogg.svenskakyrkan.se\/gerle\/?s={search_term_string}"},"query-input":{"@type":"PropertyValueSpecification","valueRequired":true,"valueName":"search_term_string"}}],"inLanguage":"sv-SE"},{"@type":"Person","@id":"https:\/\/blogg.svenskakyrkan.se\/gerle\/#\/schema\/person\/785ea9fb35fb8ed3c2c9951295712d1b","name":"Elisabeth Gerle","image":{"@type":"ImageObject","inLanguage":"sv-SE","@id":"https:\/\/blogg.svenskakyrkan.se\/gerle\/#\/schema\/person\/image\/","url":"https:\/\/secure.gravatar.com\/avatar\/ae0524dd142908d7c8372401d72efaa66409cd86ee31f5e1eb23ae87edcf05e5?s=96&d=mm&r=g","contentUrl":"https:\/\/secure.gravatar.com\/avatar\/ae0524dd142908d7c8372401d72efaa66409cd86ee31f5e1eb23ae87edcf05e5?s=96&d=mm&r=g","caption":"Elisabeth Gerle"},"url":"https:\/\/blogg.svenskakyrkan.se\/gerle\/author\/gerle\/"}]}},"author_meta":{"ID":"63","user_nicename":"gerle","user_registered":"2011-05-05 12:24:01","display_name":"Elisabeth Gerle","first_name":"Elisabeth","last_name":"Gerle","avatar":"https:\/\/secure.gravatar.com\/avatar\/ae0524dd142908d7c8372401d72efaa66409cd86ee31f5e1eb23ae87edcf05e5?s=96&d=mm&r=g"},"featured_image":false,"bloginfo":{"name":"Elisabeth Gerle funderar","url":"https:\/\/blogg.svenskakyrkan.se\/gerle"},"_links":{"self":[{"href":"https:\/\/blogg.svenskakyrkan.se\/gerle\/wp-json\/wp\/v2\/posts\/297","targetHints":{"allow":["GET"]}}],"collection":[{"href":"https:\/\/blogg.svenskakyrkan.se\/gerle\/wp-json\/wp\/v2\/posts"}],"about":[{"href":"https:\/\/blogg.svenskakyrkan.se\/gerle\/wp-json\/wp\/v2\/types\/post"}],"author":[{"embeddable":true,"href":"https:\/\/blogg.svenskakyrkan.se\/gerle\/wp-json\/wp\/v2\/users\/63"}],"replies":[{"embeddable":true,"href":"https:\/\/blogg.svenskakyrkan.se\/gerle\/wp-json\/wp\/v2\/comments?post=297"}],"version-history":[{"count":8,"href":"https:\/\/blogg.svenskakyrkan.se\/gerle\/wp-json\/wp\/v2\/posts\/297\/revisions"}],"predecessor-version":[{"id":308,"href":"https:\/\/blogg.svenskakyrkan.se\/gerle\/wp-json\/wp\/v2\/posts\/297\/revisions\/308"}],"wp:attachment":[{"href":"https:\/\/blogg.svenskakyrkan.se\/gerle\/wp-json\/wp\/v2\/media?parent=297"}],"wp:term":[{"taxonomy":"category","embeddable":true,"href":"https:\/\/blogg.svenskakyrkan.se\/gerle\/wp-json\/wp\/v2\/categories?post=297"},{"taxonomy":"post_tag","embeddable":true,"href":"https:\/\/blogg.svenskakyrkan.se\/gerle\/wp-json\/wp\/v2\/tags?post=297"}],"curies":[{"name":"wp","href":"https:\/\/api.w.org\/{rel}","templated":true}]}}