{"id":300,"date":"2013-05-26T13:14:11","date_gmt":"2013-05-26T13:14:11","guid":{"rendered":"http:\/\/blogg.svenskakyrkan.se\/gerle\/?p=300"},"modified":"2013-05-27T08:12:23","modified_gmt":"2013-05-27T08:12:23","slug":"att-hora-ropet-innan-det-borjar-brinna","status":"publish","type":"post","link":"https:\/\/blogg.svenskakyrkan.se\/gerle\/2013\/05\/26\/att-hora-ropet-innan-det-borjar-brinna\/","title":{"rendered":"Att h\u00f6ra ropet innan det b\u00f6rjar brinna."},"content":{"rendered":"<p>Ber\u00e4ttelsen om den brinnande busken fascinerar. Busken brinner. Inte s\u00e5 ovanligt i \u00f6knen. Men den brinner inte upp. Det \u00e4r ovanligt!<br \/>\nNu brinner det i den ena f\u00f6rorten efter den andra. Inte heller s\u00e5 ovanligt. Men det som brinner \u00e4r inte bara bilar. Det \u00e4r ocks\u00e5 barns skolor och m\u00e4nniskors livsmilj\u00f6. Hur ska m\u00e4nniskor f\u00e5 framtidstro och livsmod?\u00a0\u00c4r det genom\u00a0eld?<\/p>\n<p>Debatten och f\u00f6rs\u00f6ken till f\u00f6rklaring g\u00e5r enligt tv\u00e5 huvudf\u00e5ror. Br\u00e4nderna och upploppen \u00e4r ett resultat av strukturellt f\u00f6rtryck, h\u00e4vdar den ena. Br\u00e4nderna \u00e4r de vanm\u00e4ktigas r\u00f6st. Det handlar om politik.<\/p>\n<p>Den andra huvudf\u00e5ran talar om personens ansvar. Om hem och f\u00f6r\u00e4ldrar och vuxna som abdikerat.<\/p>\n<p>Men t\u00e4nk om det \u00e4r b\u00e5de och? B\u00e5da f\u00f6rklaringarna handlar om politik och leder till politik. Fr\u00e5gan \u00e4r vilken politik.<br \/>\nN\u00e4r Mose s\u00e5g den brinnande busken i \u00f6knen var han ensam i \u00f6demarken. Busken brann inte upp som bilar och skolor. Ist\u00e4llet h\u00f6r han en r\u00f6st. Ta av dig dina skor\u2026 M\u00f6tet med det heliga, med livet, \u201djag \u00e4r den som \u00e4r\u201d.<\/p>\n<p>Nu h\u00f6r Mose det som kvinnorna h\u00f6rde l\u00e5ngt f\u00f6re honom. Han h\u00f6r de f\u00f6rtrycktas rop och f\u00f6ljer uppmaningen att st\u00e5 upp mot Farao. Det hade hans syster Miriam gjort l\u00e5ngt f\u00f6re honom. Hon anv\u00e4nde list f\u00f6r att skydda honom redan som sp\u00e4dbarn. N\u00e4r Faraos dotter hittat den fl\u00e4tade korgen i Nilens vass med ett vackert gossebarn som hon ville ta hand om, erbj\u00f6d storsyster Miriam att ordna en amma \u00e5t honom.<\/p>\n<p>S\u00e5 \u00f6verlevde han. F\u00f6rst d\u00e4rf\u00f6r att barnmorskorna v\u00e4grat lyda Farao och d\u00f6da alla nyf\u00f6dda gossebarn. Sen genom att Miriam ordnade att mamma blev hans amma, det som blev ett \u00e4lskat rim i Lundaspexen. Men myten s\u00e4ger n\u00e5got mer. Det \u00e4r n\u00e4r m\u00e4nniskor h\u00f6r ropen som befrielse blir m\u00f6jlig. Det tog n\u00e5gra \u00e5r att leda folket genom \u00f6knen. Men det hade inte varit m\u00f6jligt om inte kvinnorna h\u00f6rt folket och agerat f\u00f6r att gripa in\u00a0mot deras n\u00f6d. Ja man kan s\u00e4ga att de h\u00f6rde\u00a0l\u00e5ngt f\u00f6re n\u00e5gon annan. Och de v\u00e5gade b\u00e5de trotsa makten och\u00a0vara kreativa och samarbeta med sj\u00e4lvaste fienden.<br \/>\nDet \u00e4r den politiken vi beh\u00f6ver idag. En politik f\u00f6r nya kreativa l\u00f6sningar med fokus p\u00e5 framtiden. Faraos strukturella f\u00f6rtryck och Mose befrielseutt\u00e5g pr\u00e4glades b\u00e5da av v\u00e5ld. Nu \u00e4r det dags f\u00f6r kritik mot nedsk\u00e4rningar och kr\u00e4nkande attityder, men ocks\u00e5 f\u00f6r\u00a0list och samverkansl\u00f6sningar.<br \/>\n\u201dEfter flera n\u00e4tters v\u00e5ldsamma upplopp fick f\u00f6r\u00e4ldrarna i Roseng\u00e5rd nog. Tv\u00e5hundra vuxna gick ut, k\u00f6rde bort br\u00e5kmakare fr\u00e5n andra stadsdelar, s\u00e5g till att de egna barnen h\u00f6ll sig hemma. S\u00e5 upph\u00f6rde de v\u00e5ldsamma Roseng\u00e5rds-kravallerna 2008.\u201d skriver Niklas Orrenius i DN 26 maj.<br \/>\nLite senare i artikeln sammanfattar han:<br \/>\n\u201dI dag, drygt fyra \u00e5r senare, r\u00f6r sig stadsdelsv\u00e4rdarna i stadsdelen varje dag mellan 8.30 och 21. De pratar med m\u00e4nniskor, rapporterar felparkerade bilar som ska fraktas bort, gatubelysning som inte funge\u00acrar, s\u00f6nderslagna papperskorgar.<br \/>\n\u2013\u2009Hur milj\u00f6n ser ut p\u00e5verkar m\u00e4nniskors inre, s\u00e4ger Mahmoud Mohamed, en av v\u00e4rdarna.<br \/>\nMycket har h\u00e4nt i Roseng\u00e5rd sedan 2008. Oseri\u00f6sa hyresv\u00e4rdar har f\u00f6rsvunnit. MKB, Malm\u00f6s kommunala bostadsbolag, har tagit \u00f6ver en del fastigheter. Upprustningen \u00e4r en del av f\u00f6rklaringen till att Roseng\u00e5rd sluppit kravaller sedan dess, tror v\u00e4rdarna.\u201d<br \/>\nPrecis som n\u00e4r det g\u00e4ller arv och milj\u00f6, personligt och strukturellt ansvar s\u00e5 handlar det om b\u00e5de och. Vi beh\u00f6ver\u00a0\u00f6gon som ser och \u00f6ron som h\u00f6r f\u00f6r att bryta ny mark.<\/p>\n","protected":false},"excerpt":{"rendered":"<p>Ber\u00e4ttelsen om den brinnande busken fascinerar. Busken brinner. Inte s\u00e5 ovanligt i \u00f6knen. Men den brinner inte upp. Det \u00e4r ovanligt! Nu brinner det i den ena f\u00f6rorten efter den andra. Inte heller s\u00e5 ovanligt. Men det som brinner \u00e4r inte bara bilar. Det \u00e4r ocks\u00e5 barns skolor och m\u00e4nniskors livsmilj\u00f6. Hur ska m\u00e4nniskor f\u00e5 [&hellip;]<\/p>\n","protected":false},"author":63,"featured_media":0,"comment_status":"open","ping_status":"open","sticky":false,"template":"","format":"standard","meta":{"_acf_changed":false,"footnotes":""},"categories":[9],"tags":[],"class_list":["post-300","post","type-post","status-publish","format-standard","hentry","category-okategoriserade"],"acf":[],"yoast_head":"<!-- This site is optimized with the Yoast SEO plugin v27.1.1 - https:\/\/yoast.com\/product\/yoast-seo-wordpress\/ -->\n<title>Att h\u00f6ra ropet innan det b\u00f6rjar brinna. - Elisabeth Gerle funderar<\/title>\n<meta name=\"robots\" content=\"index, follow, max-snippet:-1, max-image-preview:large, max-video-preview:-1\" \/>\n<link rel=\"canonical\" href=\"https:\/\/blogg.svenskakyrkan.se\/gerle\/2013\/05\/26\/att-hora-ropet-innan-det-borjar-brinna\/\" \/>\n<meta property=\"og:locale\" content=\"sv_SE\" \/>\n<meta property=\"og:type\" content=\"article\" \/>\n<meta property=\"og:title\" content=\"Att h\u00f6ra ropet innan det b\u00f6rjar brinna. - Elisabeth Gerle funderar\" \/>\n<meta property=\"og:description\" content=\"Ber\u00e4ttelsen om den brinnande busken fascinerar. Busken brinner. Inte s\u00e5 ovanligt i \u00f6knen. Men den brinner inte upp. Det \u00e4r ovanligt! Nu brinner det i den ena f\u00f6rorten efter den andra. Inte heller s\u00e5 ovanligt. Men det som brinner \u00e4r inte bara bilar. Det \u00e4r ocks\u00e5 barns skolor och m\u00e4nniskors livsmilj\u00f6. Hur ska m\u00e4nniskor f\u00e5 [&hellip;]\" \/>\n<meta property=\"og:url\" content=\"https:\/\/blogg.svenskakyrkan.se\/gerle\/2013\/05\/26\/att-hora-ropet-innan-det-borjar-brinna\/\" \/>\n<meta property=\"og:site_name\" content=\"Elisabeth Gerle funderar\" \/>\n<meta property=\"article:published_time\" content=\"2013-05-26T13:14:11+00:00\" \/>\n<meta property=\"article:modified_time\" content=\"2013-05-27T08:12:23+00:00\" \/>\n<meta name=\"author\" content=\"Elisabeth Gerle\" \/>\n<meta name=\"twitter:card\" content=\"summary_large_image\" \/>\n<meta name=\"twitter:label1\" content=\"Skriven av\" \/>\n\t<meta name=\"twitter:data1\" content=\"Elisabeth Gerle\" \/>\n\t<meta name=\"twitter:label2\" content=\"Ber\u00e4knad l\u00e4stid\" \/>\n\t<meta name=\"twitter:data2\" content=\"3 minuter\" \/>\n<script type=\"application\/ld+json\" class=\"yoast-schema-graph\">{\"@context\":\"https:\/\/schema.org\",\"@graph\":[{\"@type\":\"Article\",\"@id\":\"https:\/\/blogg.svenskakyrkan.se\/gerle\/2013\/05\/26\/att-hora-ropet-innan-det-borjar-brinna\/#article\",\"isPartOf\":{\"@id\":\"https:\/\/blogg.svenskakyrkan.se\/gerle\/2013\/05\/26\/att-hora-ropet-innan-det-borjar-brinna\/\"},\"author\":{\"name\":\"Elisabeth Gerle\",\"@id\":\"https:\/\/blogg.svenskakyrkan.se\/gerle\/#\/schema\/person\/785ea9fb35fb8ed3c2c9951295712d1b\"},\"headline\":\"Att h\u00f6ra ropet innan det b\u00f6rjar brinna.\",\"datePublished\":\"2013-05-26T13:14:11+00:00\",\"dateModified\":\"2013-05-27T08:12:23+00:00\",\"mainEntityOfPage\":{\"@id\":\"https:\/\/blogg.svenskakyrkan.se\/gerle\/2013\/05\/26\/att-hora-ropet-innan-det-borjar-brinna\/\"},\"wordCount\":674,\"commentCount\":0,\"inLanguage\":\"sv-SE\",\"potentialAction\":[{\"@type\":\"CommentAction\",\"name\":\"Comment\",\"target\":[\"https:\/\/blogg.svenskakyrkan.se\/gerle\/2013\/05\/26\/att-hora-ropet-innan-det-borjar-brinna\/#respond\"]}]},{\"@type\":\"WebPage\",\"@id\":\"https:\/\/blogg.svenskakyrkan.se\/gerle\/2013\/05\/26\/att-hora-ropet-innan-det-borjar-brinna\/\",\"url\":\"https:\/\/blogg.svenskakyrkan.se\/gerle\/2013\/05\/26\/att-hora-ropet-innan-det-borjar-brinna\/\",\"name\":\"Att h\u00f6ra ropet innan det b\u00f6rjar brinna. - Elisabeth Gerle funderar\",\"isPartOf\":{\"@id\":\"https:\/\/blogg.svenskakyrkan.se\/gerle\/#website\"},\"datePublished\":\"2013-05-26T13:14:11+00:00\",\"dateModified\":\"2013-05-27T08:12:23+00:00\",\"author\":{\"@id\":\"https:\/\/blogg.svenskakyrkan.se\/gerle\/#\/schema\/person\/785ea9fb35fb8ed3c2c9951295712d1b\"},\"breadcrumb\":{\"@id\":\"https:\/\/blogg.svenskakyrkan.se\/gerle\/2013\/05\/26\/att-hora-ropet-innan-det-borjar-brinna\/#breadcrumb\"},\"inLanguage\":\"sv-SE\",\"potentialAction\":[{\"@type\":\"ReadAction\",\"target\":[\"https:\/\/blogg.svenskakyrkan.se\/gerle\/2013\/05\/26\/att-hora-ropet-innan-det-borjar-brinna\/\"]}]},{\"@type\":\"BreadcrumbList\",\"@id\":\"https:\/\/blogg.svenskakyrkan.se\/gerle\/2013\/05\/26\/att-hora-ropet-innan-det-borjar-brinna\/#breadcrumb\",\"itemListElement\":[{\"@type\":\"ListItem\",\"position\":1,\"name\":\"Hem\",\"item\":\"https:\/\/blogg.svenskakyrkan.se\/gerle\/\"},{\"@type\":\"ListItem\",\"position\":2,\"name\":\"Att h\u00f6ra ropet innan det b\u00f6rjar brinna.\"}]},{\"@type\":\"WebSite\",\"@id\":\"https:\/\/blogg.svenskakyrkan.se\/gerle\/#website\",\"url\":\"https:\/\/blogg.svenskakyrkan.se\/gerle\/\",\"name\":\"Elisabeth Gerle funderar\",\"description\":\"\",\"potentialAction\":[{\"@type\":\"SearchAction\",\"target\":{\"@type\":\"EntryPoint\",\"urlTemplate\":\"https:\/\/blogg.svenskakyrkan.se\/gerle\/?s={search_term_string}\"},\"query-input\":{\"@type\":\"PropertyValueSpecification\",\"valueRequired\":true,\"valueName\":\"search_term_string\"}}],\"inLanguage\":\"sv-SE\"},{\"@type\":\"Person\",\"@id\":\"https:\/\/blogg.svenskakyrkan.se\/gerle\/#\/schema\/person\/785ea9fb35fb8ed3c2c9951295712d1b\",\"name\":\"Elisabeth Gerle\",\"image\":{\"@type\":\"ImageObject\",\"inLanguage\":\"sv-SE\",\"@id\":\"https:\/\/blogg.svenskakyrkan.se\/gerle\/#\/schema\/person\/image\/\",\"url\":\"https:\/\/secure.gravatar.com\/avatar\/ae0524dd142908d7c8372401d72efaa66409cd86ee31f5e1eb23ae87edcf05e5?s=96&d=mm&r=g\",\"contentUrl\":\"https:\/\/secure.gravatar.com\/avatar\/ae0524dd142908d7c8372401d72efaa66409cd86ee31f5e1eb23ae87edcf05e5?s=96&d=mm&r=g\",\"caption\":\"Elisabeth Gerle\"},\"url\":\"https:\/\/blogg.svenskakyrkan.se\/gerle\/author\/gerle\/\"}]}<\/script>\n<!-- \/ Yoast SEO plugin. -->","yoast_head_json":{"title":"Att h\u00f6ra ropet innan det b\u00f6rjar brinna. - Elisabeth Gerle funderar","robots":{"index":"index","follow":"follow","max-snippet":"max-snippet:-1","max-image-preview":"max-image-preview:large","max-video-preview":"max-video-preview:-1"},"canonical":"https:\/\/blogg.svenskakyrkan.se\/gerle\/2013\/05\/26\/att-hora-ropet-innan-det-borjar-brinna\/","og_locale":"sv_SE","og_type":"article","og_title":"Att h\u00f6ra ropet innan det b\u00f6rjar brinna. - Elisabeth Gerle funderar","og_description":"Ber\u00e4ttelsen om den brinnande busken fascinerar. Busken brinner. Inte s\u00e5 ovanligt i \u00f6knen. Men den brinner inte upp. Det \u00e4r ovanligt! Nu brinner det i den ena f\u00f6rorten efter den andra. Inte heller s\u00e5 ovanligt. Men det som brinner \u00e4r inte bara bilar. Det \u00e4r ocks\u00e5 barns skolor och m\u00e4nniskors livsmilj\u00f6. Hur ska m\u00e4nniskor f\u00e5 [&hellip;]","og_url":"https:\/\/blogg.svenskakyrkan.se\/gerle\/2013\/05\/26\/att-hora-ropet-innan-det-borjar-brinna\/","og_site_name":"Elisabeth Gerle funderar","article_published_time":"2013-05-26T13:14:11+00:00","article_modified_time":"2013-05-27T08:12:23+00:00","author":"Elisabeth Gerle","twitter_card":"summary_large_image","twitter_misc":{"Skriven av":"Elisabeth Gerle","Ber\u00e4knad l\u00e4stid":"3 minuter"},"schema":{"@context":"https:\/\/schema.org","@graph":[{"@type":"Article","@id":"https:\/\/blogg.svenskakyrkan.se\/gerle\/2013\/05\/26\/att-hora-ropet-innan-det-borjar-brinna\/#article","isPartOf":{"@id":"https:\/\/blogg.svenskakyrkan.se\/gerle\/2013\/05\/26\/att-hora-ropet-innan-det-borjar-brinna\/"},"author":{"name":"Elisabeth Gerle","@id":"https:\/\/blogg.svenskakyrkan.se\/gerle\/#\/schema\/person\/785ea9fb35fb8ed3c2c9951295712d1b"},"headline":"Att h\u00f6ra ropet innan det b\u00f6rjar brinna.","datePublished":"2013-05-26T13:14:11+00:00","dateModified":"2013-05-27T08:12:23+00:00","mainEntityOfPage":{"@id":"https:\/\/blogg.svenskakyrkan.se\/gerle\/2013\/05\/26\/att-hora-ropet-innan-det-borjar-brinna\/"},"wordCount":674,"commentCount":0,"inLanguage":"sv-SE","potentialAction":[{"@type":"CommentAction","name":"Comment","target":["https:\/\/blogg.svenskakyrkan.se\/gerle\/2013\/05\/26\/att-hora-ropet-innan-det-borjar-brinna\/#respond"]}]},{"@type":"WebPage","@id":"https:\/\/blogg.svenskakyrkan.se\/gerle\/2013\/05\/26\/att-hora-ropet-innan-det-borjar-brinna\/","url":"https:\/\/blogg.svenskakyrkan.se\/gerle\/2013\/05\/26\/att-hora-ropet-innan-det-borjar-brinna\/","name":"Att h\u00f6ra ropet innan det b\u00f6rjar brinna. - Elisabeth Gerle funderar","isPartOf":{"@id":"https:\/\/blogg.svenskakyrkan.se\/gerle\/#website"},"datePublished":"2013-05-26T13:14:11+00:00","dateModified":"2013-05-27T08:12:23+00:00","author":{"@id":"https:\/\/blogg.svenskakyrkan.se\/gerle\/#\/schema\/person\/785ea9fb35fb8ed3c2c9951295712d1b"},"breadcrumb":{"@id":"https:\/\/blogg.svenskakyrkan.se\/gerle\/2013\/05\/26\/att-hora-ropet-innan-det-borjar-brinna\/#breadcrumb"},"inLanguage":"sv-SE","potentialAction":[{"@type":"ReadAction","target":["https:\/\/blogg.svenskakyrkan.se\/gerle\/2013\/05\/26\/att-hora-ropet-innan-det-borjar-brinna\/"]}]},{"@type":"BreadcrumbList","@id":"https:\/\/blogg.svenskakyrkan.se\/gerle\/2013\/05\/26\/att-hora-ropet-innan-det-borjar-brinna\/#breadcrumb","itemListElement":[{"@type":"ListItem","position":1,"name":"Hem","item":"https:\/\/blogg.svenskakyrkan.se\/gerle\/"},{"@type":"ListItem","position":2,"name":"Att h\u00f6ra ropet innan det b\u00f6rjar brinna."}]},{"@type":"WebSite","@id":"https:\/\/blogg.svenskakyrkan.se\/gerle\/#website","url":"https:\/\/blogg.svenskakyrkan.se\/gerle\/","name":"Elisabeth Gerle funderar","description":"","potentialAction":[{"@type":"SearchAction","target":{"@type":"EntryPoint","urlTemplate":"https:\/\/blogg.svenskakyrkan.se\/gerle\/?s={search_term_string}"},"query-input":{"@type":"PropertyValueSpecification","valueRequired":true,"valueName":"search_term_string"}}],"inLanguage":"sv-SE"},{"@type":"Person","@id":"https:\/\/blogg.svenskakyrkan.se\/gerle\/#\/schema\/person\/785ea9fb35fb8ed3c2c9951295712d1b","name":"Elisabeth Gerle","image":{"@type":"ImageObject","inLanguage":"sv-SE","@id":"https:\/\/blogg.svenskakyrkan.se\/gerle\/#\/schema\/person\/image\/","url":"https:\/\/secure.gravatar.com\/avatar\/ae0524dd142908d7c8372401d72efaa66409cd86ee31f5e1eb23ae87edcf05e5?s=96&d=mm&r=g","contentUrl":"https:\/\/secure.gravatar.com\/avatar\/ae0524dd142908d7c8372401d72efaa66409cd86ee31f5e1eb23ae87edcf05e5?s=96&d=mm&r=g","caption":"Elisabeth Gerle"},"url":"https:\/\/blogg.svenskakyrkan.se\/gerle\/author\/gerle\/"}]}},"author_meta":{"ID":"63","user_nicename":"gerle","user_registered":"2011-05-05 12:24:01","display_name":"Elisabeth Gerle","first_name":"Elisabeth","last_name":"Gerle","avatar":"https:\/\/secure.gravatar.com\/avatar\/ae0524dd142908d7c8372401d72efaa66409cd86ee31f5e1eb23ae87edcf05e5?s=96&d=mm&r=g"},"featured_image":false,"bloginfo":{"name":"Elisabeth Gerle funderar","url":"https:\/\/blogg.svenskakyrkan.se\/gerle"},"_links":{"self":[{"href":"https:\/\/blogg.svenskakyrkan.se\/gerle\/wp-json\/wp\/v2\/posts\/300","targetHints":{"allow":["GET"]}}],"collection":[{"href":"https:\/\/blogg.svenskakyrkan.se\/gerle\/wp-json\/wp\/v2\/posts"}],"about":[{"href":"https:\/\/blogg.svenskakyrkan.se\/gerle\/wp-json\/wp\/v2\/types\/post"}],"author":[{"embeddable":true,"href":"https:\/\/blogg.svenskakyrkan.se\/gerle\/wp-json\/wp\/v2\/users\/63"}],"replies":[{"embeddable":true,"href":"https:\/\/blogg.svenskakyrkan.se\/gerle\/wp-json\/wp\/v2\/comments?post=300"}],"version-history":[{"count":16,"href":"https:\/\/blogg.svenskakyrkan.se\/gerle\/wp-json\/wp\/v2\/posts\/300\/revisions"}],"predecessor-version":[{"id":319,"href":"https:\/\/blogg.svenskakyrkan.se\/gerle\/wp-json\/wp\/v2\/posts\/300\/revisions\/319"}],"wp:attachment":[{"href":"https:\/\/blogg.svenskakyrkan.se\/gerle\/wp-json\/wp\/v2\/media?parent=300"}],"wp:term":[{"taxonomy":"category","embeddable":true,"href":"https:\/\/blogg.svenskakyrkan.se\/gerle\/wp-json\/wp\/v2\/categories?post=300"},{"taxonomy":"post_tag","embeddable":true,"href":"https:\/\/blogg.svenskakyrkan.se\/gerle\/wp-json\/wp\/v2\/tags?post=300"}],"curies":[{"name":"wp","href":"https:\/\/api.w.org\/{rel}","templated":true}]}}