{"id":309,"date":"2013-06-09T12:17:12","date_gmt":"2013-06-09T12:17:12","guid":{"rendered":"http:\/\/blogg.svenskakyrkan.se\/gerle\/?p=309"},"modified":"2013-06-09T12:17:12","modified_gmt":"2013-06-09T12:17:12","slug":"prinsessbrollop","status":"publish","type":"post","link":"https:\/\/blogg.svenskakyrkan.se\/gerle\/2013\/06\/09\/prinsessbrollop\/","title":{"rendered":"Prinsessbr\u00f6llop"},"content":{"rendered":"<p>Vem kan motst\u00e5 ett riktigt prinsessbr\u00f6llop? S\u00e4rskilt n\u00e4r det s\u00e4nds direkt.Vi gl\u00e4ds \u00f6ver k\u00e4rleken och &#8221;livet som oupph\u00f6rligt f\u00f6rnyas&#8221;. Vi \u00e4r med och kan f\u00f6lja allt i n\u00e4rbild. F\u00f6rr kunde brudgummen vrida p\u00e5 ringen eller r\u00e4tta till frackv\u00e4sten lite diskret under f\u00f6rb\u00f6nen n\u00e4r pr\u00e4sten v\u00e4nde sig mot altaret. Men nu fanns en kamera som s\u00e5g och s\u00e4nde allt.<br \/>\nVisst var det vackert att se alla finkl\u00e4dda m\u00e4nniskor! Hagasessorna hade blivit mer \u00e4n vuxna, nu pr\u00e4ktiga matronor. Men nya ljuva fanns att inta scenen. Estelle, h\u00e4rligt frimodig och hennes mamma Victoria alltmer drottninglik, i h\u00e5llning och utstr\u00e5lning. \u201dSl\u00e4kten f\u00f6lja sl\u00e4ktens g\u00e5ng\u2026\u201d<\/p>\n<p>Har alltid varit en ganska pragmatisk rojalist. Inte minst efter mina \u00e5r i USA. President eller kung. Dyrt \u00e4r det i vilket fall. Pengar k\u00f6per in sig i makten b\u00e5de h\u00e4r och d\u00e4r. (Se <a href=\"http:\/\/www.dagensarena.se\/opinion\/motkraft-mot-demokratin\/\">http:\/\/www.dagensarena.se\/opinion\/motkraft-mot-demokratin\/<\/a>)<\/p>\n<p>Men det \u00e4r roligare att se kronjuveler, gyllene karosser och plymer tillsammans med levande m\u00e4nniskor \u00e4n att betrakta dem bakom montrar p\u00e5 museum. De flesta av oss kommer inte i verklig ber\u00f6ring \u00e4nd\u00e5. Det som ber\u00f6r \u00e4r n\u00e4r man skymtar n\u00e5got av m\u00e4nniskors inre. Som n\u00e4r Chris visade sig vara en riktig k\u00e4nslom\u00e4nniska. R\u00f6rd till t\u00e5rar n\u00e4r han f\u00e5tt prinsessan. Halva kungariket verkar han inte bry sig om. D\u00e5 skulle han tvingas leva i guldburen. Och det \u00e4r n\u00e5got annat.<\/p>\n<p>-Kom och se, svarade Jesus till de tv\u00e5 killarna ur Johannes g\u00e4ng som undrade var han bodde. Som <strong>Eva Cronsioe<\/strong> sa i helgsm\u00e5l inf\u00f6r s\u00f6ndagen. \u201dDet var nog inget finrum l\u00e4rjungarna hamnade i n\u00e4r de h\u00e4ngde med hem till Jesus.\u00a0 Jag tror att de hamnade pladask mitt i Jesus \u201dvardagsrum\u201d.\u00a0 Hans \u201dvardagsrum\u201d, det fanns l\u00e4ngs de dammiga byv\u00e4garna och det befolkades av trashankar, blinda och lama och fattiga och f\u00f6rtryckta. Och en eller annan h\u00f6grest\u00e5ndsperson som led av sin inre tomhet eller helt enkelt hade drabbats av livets sm\u00e4rta. Men det kanske inte riktigt var vad de h\u00e4r kilarna hade v\u00e4ntat sig fr\u00e5n b\u00f6rjan\u201d<\/p>\n<p>&#8211; Kom och se! En \u00f6ppen inbjudan. Kontrasten blir stark n\u00e4r man just sett hur m\u00e4nniskor visade upp sina inbjudningskort f\u00f6r att slussas till r\u00e4tt b\u00e5t f\u00f6r f\u00e4rden till Drottningholm.<\/p>\n<p>Minuti\u00f6s planering av hovet. N\u00f6dv\u00e4ndigt f\u00f6r att m\u00e4nniskor skulle anl\u00e4nda i r\u00e4tt ordning. N\u00e5got vi inte s\u00e4llan tagit efter i kyrkliga hovliturgier. Just d\u00e4rf\u00f6r s\u00e5 befriande n\u00e4r Jesus bjuder in s\u00e5 \u00f6ppet. Kom och se! Ett rike ocks\u00e5 f\u00f6r trashankarna, inte bara f\u00f6r det vackra folket av b\u00f6rd eller med mycket pengar.<\/p>\n<p>&nbsp;<\/p>\n","protected":false},"excerpt":{"rendered":"<p>Vem kan motst\u00e5 ett riktigt prinsessbr\u00f6llop? S\u00e4rskilt n\u00e4r det s\u00e4nds direkt.Vi gl\u00e4ds \u00f6ver k\u00e4rleken och &#8221;livet som oupph\u00f6rligt f\u00f6rnyas&#8221;. Vi \u00e4r med och kan f\u00f6lja allt i n\u00e4rbild. F\u00f6rr kunde brudgummen vrida p\u00e5 ringen eller r\u00e4tta till frackv\u00e4sten lite diskret under f\u00f6rb\u00f6nen n\u00e4r pr\u00e4sten v\u00e4nde sig mot altaret. Men nu fanns en kamera som s\u00e5g [&hellip;]<\/p>\n","protected":false},"author":63,"featured_media":0,"comment_status":"open","ping_status":"open","sticky":false,"template":"","format":"standard","meta":{"_acf_changed":false,"footnotes":""},"categories":[9],"tags":[],"class_list":["post-309","post","type-post","status-publish","format-standard","hentry","category-okategoriserade"],"acf":[],"yoast_head":"<!-- This site is optimized with the Yoast SEO plugin v27.1.1 - https:\/\/yoast.com\/product\/yoast-seo-wordpress\/ -->\n<title>Prinsessbr\u00f6llop - Elisabeth Gerle funderar<\/title>\n<meta name=\"robots\" content=\"index, follow, max-snippet:-1, max-image-preview:large, max-video-preview:-1\" \/>\n<link rel=\"canonical\" href=\"https:\/\/blogg.svenskakyrkan.se\/gerle\/2013\/06\/09\/prinsessbrollop\/\" \/>\n<meta property=\"og:locale\" content=\"sv_SE\" \/>\n<meta property=\"og:type\" content=\"article\" \/>\n<meta property=\"og:title\" content=\"Prinsessbr\u00f6llop - Elisabeth Gerle funderar\" \/>\n<meta property=\"og:description\" content=\"Vem kan motst\u00e5 ett riktigt prinsessbr\u00f6llop? S\u00e4rskilt n\u00e4r det s\u00e4nds direkt.Vi gl\u00e4ds \u00f6ver k\u00e4rleken och &#8221;livet som oupph\u00f6rligt f\u00f6rnyas&#8221;. Vi \u00e4r med och kan f\u00f6lja allt i n\u00e4rbild. F\u00f6rr kunde brudgummen vrida p\u00e5 ringen eller r\u00e4tta till frackv\u00e4sten lite diskret under f\u00f6rb\u00f6nen n\u00e4r pr\u00e4sten v\u00e4nde sig mot altaret. Men nu fanns en kamera som s\u00e5g [&hellip;]\" \/>\n<meta property=\"og:url\" content=\"https:\/\/blogg.svenskakyrkan.se\/gerle\/2013\/06\/09\/prinsessbrollop\/\" \/>\n<meta property=\"og:site_name\" content=\"Elisabeth Gerle funderar\" \/>\n<meta property=\"article:published_time\" content=\"2013-06-09T12:17:12+00:00\" \/>\n<meta name=\"author\" content=\"Elisabeth Gerle\" \/>\n<meta name=\"twitter:card\" content=\"summary_large_image\" \/>\n<meta name=\"twitter:label1\" content=\"Skriven av\" \/>\n\t<meta name=\"twitter:data1\" content=\"Elisabeth Gerle\" \/>\n\t<meta name=\"twitter:label2\" content=\"Ber\u00e4knad l\u00e4stid\" \/>\n\t<meta name=\"twitter:data2\" content=\"2 minuter\" \/>\n<script type=\"application\/ld+json\" class=\"yoast-schema-graph\">{\"@context\":\"https:\/\/schema.org\",\"@graph\":[{\"@type\":\"Article\",\"@id\":\"https:\/\/blogg.svenskakyrkan.se\/gerle\/2013\/06\/09\/prinsessbrollop\/#article\",\"isPartOf\":{\"@id\":\"https:\/\/blogg.svenskakyrkan.se\/gerle\/2013\/06\/09\/prinsessbrollop\/\"},\"author\":{\"name\":\"Elisabeth Gerle\",\"@id\":\"https:\/\/blogg.svenskakyrkan.se\/gerle\/#\/schema\/person\/785ea9fb35fb8ed3c2c9951295712d1b\"},\"headline\":\"Prinsessbr\u00f6llop\",\"datePublished\":\"2013-06-09T12:17:12+00:00\",\"mainEntityOfPage\":{\"@id\":\"https:\/\/blogg.svenskakyrkan.se\/gerle\/2013\/06\/09\/prinsessbrollop\/\"},\"wordCount\":497,\"commentCount\":0,\"inLanguage\":\"sv-SE\",\"potentialAction\":[{\"@type\":\"CommentAction\",\"name\":\"Comment\",\"target\":[\"https:\/\/blogg.svenskakyrkan.se\/gerle\/2013\/06\/09\/prinsessbrollop\/#respond\"]}]},{\"@type\":\"WebPage\",\"@id\":\"https:\/\/blogg.svenskakyrkan.se\/gerle\/2013\/06\/09\/prinsessbrollop\/\",\"url\":\"https:\/\/blogg.svenskakyrkan.se\/gerle\/2013\/06\/09\/prinsessbrollop\/\",\"name\":\"Prinsessbr\u00f6llop - Elisabeth Gerle funderar\",\"isPartOf\":{\"@id\":\"https:\/\/blogg.svenskakyrkan.se\/gerle\/#website\"},\"datePublished\":\"2013-06-09T12:17:12+00:00\",\"author\":{\"@id\":\"https:\/\/blogg.svenskakyrkan.se\/gerle\/#\/schema\/person\/785ea9fb35fb8ed3c2c9951295712d1b\"},\"breadcrumb\":{\"@id\":\"https:\/\/blogg.svenskakyrkan.se\/gerle\/2013\/06\/09\/prinsessbrollop\/#breadcrumb\"},\"inLanguage\":\"sv-SE\",\"potentialAction\":[{\"@type\":\"ReadAction\",\"target\":[\"https:\/\/blogg.svenskakyrkan.se\/gerle\/2013\/06\/09\/prinsessbrollop\/\"]}]},{\"@type\":\"BreadcrumbList\",\"@id\":\"https:\/\/blogg.svenskakyrkan.se\/gerle\/2013\/06\/09\/prinsessbrollop\/#breadcrumb\",\"itemListElement\":[{\"@type\":\"ListItem\",\"position\":1,\"name\":\"Hem\",\"item\":\"https:\/\/blogg.svenskakyrkan.se\/gerle\/\"},{\"@type\":\"ListItem\",\"position\":2,\"name\":\"Prinsessbr\u00f6llop\"}]},{\"@type\":\"WebSite\",\"@id\":\"https:\/\/blogg.svenskakyrkan.se\/gerle\/#website\",\"url\":\"https:\/\/blogg.svenskakyrkan.se\/gerle\/\",\"name\":\"Elisabeth Gerle funderar\",\"description\":\"\",\"potentialAction\":[{\"@type\":\"SearchAction\",\"target\":{\"@type\":\"EntryPoint\",\"urlTemplate\":\"https:\/\/blogg.svenskakyrkan.se\/gerle\/?s={search_term_string}\"},\"query-input\":{\"@type\":\"PropertyValueSpecification\",\"valueRequired\":true,\"valueName\":\"search_term_string\"}}],\"inLanguage\":\"sv-SE\"},{\"@type\":\"Person\",\"@id\":\"https:\/\/blogg.svenskakyrkan.se\/gerle\/#\/schema\/person\/785ea9fb35fb8ed3c2c9951295712d1b\",\"name\":\"Elisabeth Gerle\",\"image\":{\"@type\":\"ImageObject\",\"inLanguage\":\"sv-SE\",\"@id\":\"https:\/\/blogg.svenskakyrkan.se\/gerle\/#\/schema\/person\/image\/\",\"url\":\"https:\/\/secure.gravatar.com\/avatar\/ae0524dd142908d7c8372401d72efaa66409cd86ee31f5e1eb23ae87edcf05e5?s=96&d=mm&r=g\",\"contentUrl\":\"https:\/\/secure.gravatar.com\/avatar\/ae0524dd142908d7c8372401d72efaa66409cd86ee31f5e1eb23ae87edcf05e5?s=96&d=mm&r=g\",\"caption\":\"Elisabeth Gerle\"},\"url\":\"https:\/\/blogg.svenskakyrkan.se\/gerle\/author\/gerle\/\"}]}<\/script>\n<!-- \/ Yoast SEO plugin. -->","yoast_head_json":{"title":"Prinsessbr\u00f6llop - Elisabeth Gerle funderar","robots":{"index":"index","follow":"follow","max-snippet":"max-snippet:-1","max-image-preview":"max-image-preview:large","max-video-preview":"max-video-preview:-1"},"canonical":"https:\/\/blogg.svenskakyrkan.se\/gerle\/2013\/06\/09\/prinsessbrollop\/","og_locale":"sv_SE","og_type":"article","og_title":"Prinsessbr\u00f6llop - Elisabeth Gerle funderar","og_description":"Vem kan motst\u00e5 ett riktigt prinsessbr\u00f6llop? S\u00e4rskilt n\u00e4r det s\u00e4nds direkt.Vi gl\u00e4ds \u00f6ver k\u00e4rleken och &#8221;livet som oupph\u00f6rligt f\u00f6rnyas&#8221;. Vi \u00e4r med och kan f\u00f6lja allt i n\u00e4rbild. F\u00f6rr kunde brudgummen vrida p\u00e5 ringen eller r\u00e4tta till frackv\u00e4sten lite diskret under f\u00f6rb\u00f6nen n\u00e4r pr\u00e4sten v\u00e4nde sig mot altaret. Men nu fanns en kamera som s\u00e5g [&hellip;]","og_url":"https:\/\/blogg.svenskakyrkan.se\/gerle\/2013\/06\/09\/prinsessbrollop\/","og_site_name":"Elisabeth Gerle funderar","article_published_time":"2013-06-09T12:17:12+00:00","author":"Elisabeth Gerle","twitter_card":"summary_large_image","twitter_misc":{"Skriven av":"Elisabeth Gerle","Ber\u00e4knad l\u00e4stid":"2 minuter"},"schema":{"@context":"https:\/\/schema.org","@graph":[{"@type":"Article","@id":"https:\/\/blogg.svenskakyrkan.se\/gerle\/2013\/06\/09\/prinsessbrollop\/#article","isPartOf":{"@id":"https:\/\/blogg.svenskakyrkan.se\/gerle\/2013\/06\/09\/prinsessbrollop\/"},"author":{"name":"Elisabeth Gerle","@id":"https:\/\/blogg.svenskakyrkan.se\/gerle\/#\/schema\/person\/785ea9fb35fb8ed3c2c9951295712d1b"},"headline":"Prinsessbr\u00f6llop","datePublished":"2013-06-09T12:17:12+00:00","mainEntityOfPage":{"@id":"https:\/\/blogg.svenskakyrkan.se\/gerle\/2013\/06\/09\/prinsessbrollop\/"},"wordCount":497,"commentCount":0,"inLanguage":"sv-SE","potentialAction":[{"@type":"CommentAction","name":"Comment","target":["https:\/\/blogg.svenskakyrkan.se\/gerle\/2013\/06\/09\/prinsessbrollop\/#respond"]}]},{"@type":"WebPage","@id":"https:\/\/blogg.svenskakyrkan.se\/gerle\/2013\/06\/09\/prinsessbrollop\/","url":"https:\/\/blogg.svenskakyrkan.se\/gerle\/2013\/06\/09\/prinsessbrollop\/","name":"Prinsessbr\u00f6llop - Elisabeth Gerle funderar","isPartOf":{"@id":"https:\/\/blogg.svenskakyrkan.se\/gerle\/#website"},"datePublished":"2013-06-09T12:17:12+00:00","author":{"@id":"https:\/\/blogg.svenskakyrkan.se\/gerle\/#\/schema\/person\/785ea9fb35fb8ed3c2c9951295712d1b"},"breadcrumb":{"@id":"https:\/\/blogg.svenskakyrkan.se\/gerle\/2013\/06\/09\/prinsessbrollop\/#breadcrumb"},"inLanguage":"sv-SE","potentialAction":[{"@type":"ReadAction","target":["https:\/\/blogg.svenskakyrkan.se\/gerle\/2013\/06\/09\/prinsessbrollop\/"]}]},{"@type":"BreadcrumbList","@id":"https:\/\/blogg.svenskakyrkan.se\/gerle\/2013\/06\/09\/prinsessbrollop\/#breadcrumb","itemListElement":[{"@type":"ListItem","position":1,"name":"Hem","item":"https:\/\/blogg.svenskakyrkan.se\/gerle\/"},{"@type":"ListItem","position":2,"name":"Prinsessbr\u00f6llop"}]},{"@type":"WebSite","@id":"https:\/\/blogg.svenskakyrkan.se\/gerle\/#website","url":"https:\/\/blogg.svenskakyrkan.se\/gerle\/","name":"Elisabeth Gerle funderar","description":"","potentialAction":[{"@type":"SearchAction","target":{"@type":"EntryPoint","urlTemplate":"https:\/\/blogg.svenskakyrkan.se\/gerle\/?s={search_term_string}"},"query-input":{"@type":"PropertyValueSpecification","valueRequired":true,"valueName":"search_term_string"}}],"inLanguage":"sv-SE"},{"@type":"Person","@id":"https:\/\/blogg.svenskakyrkan.se\/gerle\/#\/schema\/person\/785ea9fb35fb8ed3c2c9951295712d1b","name":"Elisabeth Gerle","image":{"@type":"ImageObject","inLanguage":"sv-SE","@id":"https:\/\/blogg.svenskakyrkan.se\/gerle\/#\/schema\/person\/image\/","url":"https:\/\/secure.gravatar.com\/avatar\/ae0524dd142908d7c8372401d72efaa66409cd86ee31f5e1eb23ae87edcf05e5?s=96&d=mm&r=g","contentUrl":"https:\/\/secure.gravatar.com\/avatar\/ae0524dd142908d7c8372401d72efaa66409cd86ee31f5e1eb23ae87edcf05e5?s=96&d=mm&r=g","caption":"Elisabeth Gerle"},"url":"https:\/\/blogg.svenskakyrkan.se\/gerle\/author\/gerle\/"}]}},"author_meta":{"ID":"63","user_nicename":"gerle","user_registered":"2011-05-05 12:24:01","display_name":"Elisabeth Gerle","first_name":"Elisabeth","last_name":"Gerle","avatar":"https:\/\/secure.gravatar.com\/avatar\/ae0524dd142908d7c8372401d72efaa66409cd86ee31f5e1eb23ae87edcf05e5?s=96&d=mm&r=g"},"featured_image":false,"bloginfo":{"name":"Elisabeth Gerle funderar","url":"https:\/\/blogg.svenskakyrkan.se\/gerle"},"_links":{"self":[{"href":"https:\/\/blogg.svenskakyrkan.se\/gerle\/wp-json\/wp\/v2\/posts\/309","targetHints":{"allow":["GET"]}}],"collection":[{"href":"https:\/\/blogg.svenskakyrkan.se\/gerle\/wp-json\/wp\/v2\/posts"}],"about":[{"href":"https:\/\/blogg.svenskakyrkan.se\/gerle\/wp-json\/wp\/v2\/types\/post"}],"author":[{"embeddable":true,"href":"https:\/\/blogg.svenskakyrkan.se\/gerle\/wp-json\/wp\/v2\/users\/63"}],"replies":[{"embeddable":true,"href":"https:\/\/blogg.svenskakyrkan.se\/gerle\/wp-json\/wp\/v2\/comments?post=309"}],"version-history":[{"count":4,"href":"https:\/\/blogg.svenskakyrkan.se\/gerle\/wp-json\/wp\/v2\/posts\/309\/revisions"}],"predecessor-version":[{"id":330,"href":"https:\/\/blogg.svenskakyrkan.se\/gerle\/wp-json\/wp\/v2\/posts\/309\/revisions\/330"}],"wp:attachment":[{"href":"https:\/\/blogg.svenskakyrkan.se\/gerle\/wp-json\/wp\/v2\/media?parent=309"}],"wp:term":[{"taxonomy":"category","embeddable":true,"href":"https:\/\/blogg.svenskakyrkan.se\/gerle\/wp-json\/wp\/v2\/categories?post=309"},{"taxonomy":"post_tag","embeddable":true,"href":"https:\/\/blogg.svenskakyrkan.se\/gerle\/wp-json\/wp\/v2\/tags?post=309"}],"curies":[{"name":"wp","href":"https:\/\/api.w.org\/{rel}","templated":true}]}}