{"id":357,"date":"2013-10-30T14:27:48","date_gmt":"2013-10-30T14:27:48","guid":{"rendered":"http:\/\/blogg.svenskakyrkan.se\/gerle\/?p=357"},"modified":"2013-10-30T14:31:52","modified_gmt":"2013-10-30T14:31:52","slug":"teologi-for-livet","status":"publish","type":"post","link":"https:\/\/blogg.svenskakyrkan.se\/gerle\/2013\/10\/30\/teologi-for-livet\/","title":{"rendered":"Teologi f\u00f6r Livet"},"content":{"rendered":"<h1><\/h1>\n<div>\n<div>\n<div>\n<div>\n<div id=\"ctl00_ctl00_ContentPlaceHolder_FullWidthColumnContent_ctl03\">Livet blir aldrig helt perfekt. Men f\u00f6r m\u00e5nga kan det bli b\u00e4ttre. Mer m\u00e4nniskov\u00e4rdigt. <a href=\"http:\/\/oas.sydsvenskan.se\/RealMedia\/ads\/click_lx.ads\/sydsvenskan.se\/kultur--nojen\/utanfor-paradiset-hjalp-till-sjalvhjalp-viktigast-for-de-utsatta\/534640689\/k2a10\/default\/empty.gif\/677573504f6c424161426341426e4457\" target=\"_top\"><img loading=\"lazy\" decoding=\"async\" alt=\"\" src=\"http:\/\/oas.sydsvenskan.se\/RealMedia\/ads\/Creatives\/default\/empty.gif\" width=\"1\" height=\"1\" border=\"0\" \/><\/a>I dagarna tr\u00e4ffas m\u00e4nniskor i Addis Abeba fr\u00e5n olika afrikanska l\u00e4nder och fr\u00e5n Sverige. De samlas\u00a0 kring arbetet f\u00f6r kvinnors och barns h\u00e4lsa och f\u00f6r en teologi som uppr\u00e4ttar m\u00e4nniskor. Det kan handla om m\u00f6drav\u00e5rd och utbildning. Men ocks\u00e5 om att f\u00f6r\u00e4ndra urgamla attityder och v\u00e4rderingar som ser kvinnor som mindre v\u00e4rda.\u00a0I det arbetet samarbetar Svenska kyrkan med SIDA inom en\u00a0Pilot d\u00e4r jag\u00a0\u00e4r\u00a0med som teolog.\u00a0Efter ett bes\u00f6k i Addis i v\u00e5ras skrev jag en kr\u00f6nika som publicerades i Sydsvenskan. N\u00e4r jag nu t\u00e4nker p\u00e5 mina v\u00e4nner som \u00e4r d\u00e4r v\u00e4ljer jag att l\u00e4gga ut den h\u00e4r p\u00e5 min blogg:<\/div>\n<div><\/div>\n<div><\/div>\n<\/div>\n<\/div>\n<div>\n<p><strong>Utanf\u00f6r paradiset. Hj\u00e4lp till sj\u00e4lvhj\u00e4lp viktigast f\u00f6r de utsatta.<\/strong><\/p>\n<p>Vid bl\u00e4dderblocket st\u00e5r en ung kvinna i turkosbl\u00e5 blus. Jeansen \u00e4r blekta. Innan de s\u00e5ldes antar jag, f\u00f6r jeansen ser alldeles nya ut. Det var hon som nyss h\u00e4lsade mig v\u00e4lkommen genom att str\u00e4cka sin underarm mot mig, inte h\u00f6gra handen. F\u00f6rst blev jag lite f\u00f6rv\u00e5nad. Tills jag ins\u00e5g att hon just \u00e4tit lunch och \u00e4nnu inte hunnit tv\u00e4tta sig. Det \u00e4r ju samma hand, den man \u00e4ter med och den man h\u00e4lsar med.<\/p>\n<p>Det \u00e4r min andra dag i Addis Abeba och jag bes\u00f6ker ett utbildningsprogram f\u00f6r Mentor Mothers. Modellen \u00e4r h\u00e4mtad fr\u00e5n Philani i Sydafrika. D\u00e4r har den svenska l\u00e4karen Ingrid le Roux tillsammans med sitt team byggt upp klinik, dagis och ett program med mentorm\u00f6drar som st\u00f6ttar gravida och nyblivna mammor i en av Kapstadens st\u00f6rsta k\u00e5kst\u00e4der, Khayelitsha. F\u00f6r mer \u00e4n trettio \u00e5r sen startade hon det som idag \u00e4r ett v\u00e4l fungerande arbete. Nu \u00e4r Philani p\u00e5 export. Bland annat till Addis, men ocks\u00e5 till Swaziland med st\u00f6d av Svenska kyrkan och Sida.<\/p>\n<p>Hon heter Genet, den unga sjuksk\u00f6terskan som undervisar om m\u00f6drav\u00e5rd vid bl\u00e4dderblocket. Det betyder Paradis. Nyligen kom teologen Eva-Lotta Grant\u00e9ns bok \u201dUtanf\u00f6r paradiset\u201d (Verbum f\u00f6rlag), den f\u00f6rsta av sju b\u00f6cker om luthersk etik i en senmodern, kanske efterkristen tid.<\/p>\n<p>Boken granskar den f\u00f6rk\u00e4ttrade arvssyndsl\u00e4ran som Martin Luther tog \u00f6ver fr\u00e5n Augustinus. Hur kan man f\u00f6rst\u00e5 den idag? Ska den kastas p\u00e5 soph\u00f6gen i en tid som inte l\u00e4ngre utg\u00e5r fr\u00e5n att det finns ett ursprungligt paradis som g\u00e5tt f\u00f6rlorat? Grant\u00e9n p\u00e5pekar att en s\u00e5dan tanke rimmar d\u00e5ligt med samtida vetenskap som sedan l\u00e4nge tagit intryck av evolution\u00e4ra syns\u00e4tt. Och luthersk etik har alltid relaterat till samtida forskning som en del av sin \u00f6vertygelse om f\u00f6rnuftets betydelse. Kunskap \u00e4r n\u00e5got gott. Tanken p\u00e5 ett ursprungligt f\u00f6rlorat paradis m\u00e5ste d\u00e4rf\u00f6r \u00f6verges, menar hon. Men \u201dParadise Lost\u201d lever kvar, inte bara i Miltons poem utan som existentiell klangbotten. Dr\u00f6mmen om det goda, om paradiset. F\u00f6rlorat eller n\u00e5got att str\u00e4cka sig mot?<\/p>\n<p>Etiopien \u00e4r ett fattigt land d\u00e4r m\u00e5nga barn f\u00f6ds utanf\u00f6r det paradis som handlar om det goda livet h\u00e4r och nu. F\u00f6r de evangeliska kyrkor som startat utbildningen f\u00f6r mentorm\u00f6drar \u00e4r helande en del av den kristna tron. Etiken handlar om att str\u00e4cka sig mot framtiden.<\/p>\n<p>V\u00e4rlden \u00e4r inte ett paradis. Det vet Genet. Men att utbilda mentorm\u00f6drar \u00e4r ett s\u00e4tt att f\u00f6rb\u00e4ttra barns och kvinnors h\u00e4lsa, p\u00e5 sikt reducera d\u00f6dlighet. Det h\u00f6r samman med FN:s millenniem\u00e5l 4 och 5. V\u00e4gen ut ur extrem fattigdom handlar om att ta kvinnors brist p\u00e5 h\u00e4lsa p\u00e5 allvar. Viljan att p\u00e5verka livet till det b\u00e4ttre f\u00f6r barn och kvinnor handlar om att g\u00f6ra livet utanf\u00f6r paradiset mer dr\u00e4gligt. Grant\u00e9n h\u00e4vdar i sin bok att det finns en fara i att tro att livet kan och m\u00e5ste vara perfekt. Det tror jag hon har r\u00e4tt i, f\u00f6r jakten p\u00e5 det perfekta ger ingen vila. Viktigare \u00e4r att ge hj\u00e4lp till sj\u00e4lvhj\u00e4lp \u00e5t de mest utsatta n\u00e4r de f\u00f6rs\u00f6ker g\u00f6ra livet lite b\u00e4ttre.<\/p>\n<p>Finns ocks\u00e5 publicerad som kr\u00f6nika i Sydsvenskan se <a href=\"http:\/\/www.sydsvenskan.se\/kultur--nojen\/utanfor-paradiset-hjalp-till-sjalvhjalp-viktigast-for-de-utsatta\/\">http:\/\/www.sydsvenskan.se\/kultur&#8211;nojen\/utanfor-paradiset-hjalp-till-sjalvhjalp-viktigast-for-de-utsatta\/<\/a>\u00a014 okt 2013<\/p>\n<p>&nbsp;<\/p>\n<\/div>\n<\/div>\n<\/div>\n","protected":false},"excerpt":{"rendered":"<p>Livet blir aldrig helt perfekt. Men f\u00f6r m\u00e5nga kan det bli b\u00e4ttre. Mer m\u00e4nniskov\u00e4rdigt. I dagarna tr\u00e4ffas m\u00e4nniskor i Addis Abeba fr\u00e5n olika afrikanska l\u00e4nder och fr\u00e5n Sverige. De samlas\u00a0 kring arbetet f\u00f6r kvinnors och barns h\u00e4lsa och f\u00f6r en teologi som uppr\u00e4ttar m\u00e4nniskor. Det kan handla om m\u00f6drav\u00e5rd och utbildning. Men ocks\u00e5 om att [&hellip;]<\/p>\n","protected":false},"author":63,"featured_media":0,"comment_status":"open","ping_status":"open","sticky":false,"template":"","format":"standard","meta":{"_acf_changed":false,"footnotes":""},"categories":[9],"tags":[],"class_list":["post-357","post","type-post","status-publish","format-standard","hentry","category-okategoriserade"],"acf":[],"yoast_head":"<!-- This site is optimized with the Yoast SEO plugin v27.1.1 - https:\/\/yoast.com\/product\/yoast-seo-wordpress\/ -->\n<title>Teologi f\u00f6r Livet - Elisabeth Gerle funderar<\/title>\n<meta name=\"robots\" content=\"index, follow, max-snippet:-1, max-image-preview:large, max-video-preview:-1\" \/>\n<link rel=\"canonical\" href=\"https:\/\/blogg.svenskakyrkan.se\/gerle\/2013\/10\/30\/teologi-for-livet\/\" \/>\n<meta property=\"og:locale\" content=\"sv_SE\" \/>\n<meta property=\"og:type\" content=\"article\" \/>\n<meta property=\"og:title\" content=\"Teologi f\u00f6r Livet - Elisabeth Gerle funderar\" \/>\n<meta property=\"og:description\" content=\"Livet blir aldrig helt perfekt. Men f\u00f6r m\u00e5nga kan det bli b\u00e4ttre. Mer m\u00e4nniskov\u00e4rdigt. I dagarna tr\u00e4ffas m\u00e4nniskor i Addis Abeba fr\u00e5n olika afrikanska l\u00e4nder och fr\u00e5n Sverige. De samlas\u00a0 kring arbetet f\u00f6r kvinnors och barns h\u00e4lsa och f\u00f6r en teologi som uppr\u00e4ttar m\u00e4nniskor. Det kan handla om m\u00f6drav\u00e5rd och utbildning. Men ocks\u00e5 om att [&hellip;]\" \/>\n<meta property=\"og:url\" content=\"https:\/\/blogg.svenskakyrkan.se\/gerle\/2013\/10\/30\/teologi-for-livet\/\" \/>\n<meta property=\"og:site_name\" content=\"Elisabeth Gerle funderar\" \/>\n<meta property=\"article:published_time\" content=\"2013-10-30T14:27:48+00:00\" \/>\n<meta property=\"article:modified_time\" content=\"2013-10-30T14:31:52+00:00\" \/>\n<meta property=\"og:image\" content=\"http:\/\/oas.sydsvenskan.se\/RealMedia\/ads\/Creatives\/default\/empty.gif\" \/>\n<meta name=\"author\" content=\"Elisabeth Gerle\" \/>\n<meta name=\"twitter:card\" content=\"summary_large_image\" \/>\n<meta name=\"twitter:label1\" content=\"Skriven av\" \/>\n\t<meta name=\"twitter:data1\" content=\"Elisabeth Gerle\" \/>\n\t<meta name=\"twitter:label2\" content=\"Ber\u00e4knad l\u00e4stid\" \/>\n\t<meta name=\"twitter:data2\" content=\"4 minuter\" \/>\n<script type=\"application\/ld+json\" class=\"yoast-schema-graph\">{\"@context\":\"https:\/\/schema.org\",\"@graph\":[{\"@type\":\"Article\",\"@id\":\"https:\/\/blogg.svenskakyrkan.se\/gerle\/2013\/10\/30\/teologi-for-livet\/#article\",\"isPartOf\":{\"@id\":\"https:\/\/blogg.svenskakyrkan.se\/gerle\/2013\/10\/30\/teologi-for-livet\/\"},\"author\":{\"name\":\"Elisabeth Gerle\",\"@id\":\"https:\/\/blogg.svenskakyrkan.se\/gerle\/#\/schema\/person\/785ea9fb35fb8ed3c2c9951295712d1b\"},\"headline\":\"Teologi f\u00f6r Livet\",\"datePublished\":\"2013-10-30T14:27:48+00:00\",\"dateModified\":\"2013-10-30T14:31:52+00:00\",\"mainEntityOfPage\":{\"@id\":\"https:\/\/blogg.svenskakyrkan.se\/gerle\/2013\/10\/30\/teologi-for-livet\/\"},\"wordCount\":781,\"commentCount\":0,\"image\":{\"@id\":\"https:\/\/blogg.svenskakyrkan.se\/gerle\/2013\/10\/30\/teologi-for-livet\/#primaryimage\"},\"thumbnailUrl\":\"http:\/\/oas.sydsvenskan.se\/RealMedia\/ads\/Creatives\/default\/empty.gif\",\"inLanguage\":\"sv-SE\",\"potentialAction\":[{\"@type\":\"CommentAction\",\"name\":\"Comment\",\"target\":[\"https:\/\/blogg.svenskakyrkan.se\/gerle\/2013\/10\/30\/teologi-for-livet\/#respond\"]}]},{\"@type\":\"WebPage\",\"@id\":\"https:\/\/blogg.svenskakyrkan.se\/gerle\/2013\/10\/30\/teologi-for-livet\/\",\"url\":\"https:\/\/blogg.svenskakyrkan.se\/gerle\/2013\/10\/30\/teologi-for-livet\/\",\"name\":\"Teologi f\u00f6r Livet - Elisabeth Gerle funderar\",\"isPartOf\":{\"@id\":\"https:\/\/blogg.svenskakyrkan.se\/gerle\/#website\"},\"primaryImageOfPage\":{\"@id\":\"https:\/\/blogg.svenskakyrkan.se\/gerle\/2013\/10\/30\/teologi-for-livet\/#primaryimage\"},\"image\":{\"@id\":\"https:\/\/blogg.svenskakyrkan.se\/gerle\/2013\/10\/30\/teologi-for-livet\/#primaryimage\"},\"thumbnailUrl\":\"http:\/\/oas.sydsvenskan.se\/RealMedia\/ads\/Creatives\/default\/empty.gif\",\"datePublished\":\"2013-10-30T14:27:48+00:00\",\"dateModified\":\"2013-10-30T14:31:52+00:00\",\"author\":{\"@id\":\"https:\/\/blogg.svenskakyrkan.se\/gerle\/#\/schema\/person\/785ea9fb35fb8ed3c2c9951295712d1b\"},\"breadcrumb\":{\"@id\":\"https:\/\/blogg.svenskakyrkan.se\/gerle\/2013\/10\/30\/teologi-for-livet\/#breadcrumb\"},\"inLanguage\":\"sv-SE\",\"potentialAction\":[{\"@type\":\"ReadAction\",\"target\":[\"https:\/\/blogg.svenskakyrkan.se\/gerle\/2013\/10\/30\/teologi-for-livet\/\"]}]},{\"@type\":\"ImageObject\",\"inLanguage\":\"sv-SE\",\"@id\":\"https:\/\/blogg.svenskakyrkan.se\/gerle\/2013\/10\/30\/teologi-for-livet\/#primaryimage\",\"url\":\"http:\/\/oas.sydsvenskan.se\/RealMedia\/ads\/Creatives\/default\/empty.gif\",\"contentUrl\":\"http:\/\/oas.sydsvenskan.se\/RealMedia\/ads\/Creatives\/default\/empty.gif\"},{\"@type\":\"BreadcrumbList\",\"@id\":\"https:\/\/blogg.svenskakyrkan.se\/gerle\/2013\/10\/30\/teologi-for-livet\/#breadcrumb\",\"itemListElement\":[{\"@type\":\"ListItem\",\"position\":1,\"name\":\"Hem\",\"item\":\"https:\/\/blogg.svenskakyrkan.se\/gerle\/\"},{\"@type\":\"ListItem\",\"position\":2,\"name\":\"Teologi f\u00f6r Livet\"}]},{\"@type\":\"WebSite\",\"@id\":\"https:\/\/blogg.svenskakyrkan.se\/gerle\/#website\",\"url\":\"https:\/\/blogg.svenskakyrkan.se\/gerle\/\",\"name\":\"Elisabeth Gerle funderar\",\"description\":\"\",\"potentialAction\":[{\"@type\":\"SearchAction\",\"target\":{\"@type\":\"EntryPoint\",\"urlTemplate\":\"https:\/\/blogg.svenskakyrkan.se\/gerle\/?s={search_term_string}\"},\"query-input\":{\"@type\":\"PropertyValueSpecification\",\"valueRequired\":true,\"valueName\":\"search_term_string\"}}],\"inLanguage\":\"sv-SE\"},{\"@type\":\"Person\",\"@id\":\"https:\/\/blogg.svenskakyrkan.se\/gerle\/#\/schema\/person\/785ea9fb35fb8ed3c2c9951295712d1b\",\"name\":\"Elisabeth Gerle\",\"image\":{\"@type\":\"ImageObject\",\"inLanguage\":\"sv-SE\",\"@id\":\"https:\/\/blogg.svenskakyrkan.se\/gerle\/#\/schema\/person\/image\/\",\"url\":\"https:\/\/secure.gravatar.com\/avatar\/ae0524dd142908d7c8372401d72efaa66409cd86ee31f5e1eb23ae87edcf05e5?s=96&d=mm&r=g\",\"contentUrl\":\"https:\/\/secure.gravatar.com\/avatar\/ae0524dd142908d7c8372401d72efaa66409cd86ee31f5e1eb23ae87edcf05e5?s=96&d=mm&r=g\",\"caption\":\"Elisabeth Gerle\"},\"url\":\"https:\/\/blogg.svenskakyrkan.se\/gerle\/author\/gerle\/\"}]}<\/script>\n<!-- \/ Yoast SEO plugin. -->","yoast_head_json":{"title":"Teologi f\u00f6r Livet - Elisabeth Gerle funderar","robots":{"index":"index","follow":"follow","max-snippet":"max-snippet:-1","max-image-preview":"max-image-preview:large","max-video-preview":"max-video-preview:-1"},"canonical":"https:\/\/blogg.svenskakyrkan.se\/gerle\/2013\/10\/30\/teologi-for-livet\/","og_locale":"sv_SE","og_type":"article","og_title":"Teologi f\u00f6r Livet - Elisabeth Gerle funderar","og_description":"Livet blir aldrig helt perfekt. Men f\u00f6r m\u00e5nga kan det bli b\u00e4ttre. Mer m\u00e4nniskov\u00e4rdigt. I dagarna tr\u00e4ffas m\u00e4nniskor i Addis Abeba fr\u00e5n olika afrikanska l\u00e4nder och fr\u00e5n Sverige. De samlas\u00a0 kring arbetet f\u00f6r kvinnors och barns h\u00e4lsa och f\u00f6r en teologi som uppr\u00e4ttar m\u00e4nniskor. Det kan handla om m\u00f6drav\u00e5rd och utbildning. Men ocks\u00e5 om att [&hellip;]","og_url":"https:\/\/blogg.svenskakyrkan.se\/gerle\/2013\/10\/30\/teologi-for-livet\/","og_site_name":"Elisabeth Gerle funderar","article_published_time":"2013-10-30T14:27:48+00:00","article_modified_time":"2013-10-30T14:31:52+00:00","og_image":[{"url":"http:\/\/oas.sydsvenskan.se\/RealMedia\/ads\/Creatives\/default\/empty.gif","type":"","width":"","height":""}],"author":"Elisabeth Gerle","twitter_card":"summary_large_image","twitter_misc":{"Skriven av":"Elisabeth Gerle","Ber\u00e4knad l\u00e4stid":"4 minuter"},"schema":{"@context":"https:\/\/schema.org","@graph":[{"@type":"Article","@id":"https:\/\/blogg.svenskakyrkan.se\/gerle\/2013\/10\/30\/teologi-for-livet\/#article","isPartOf":{"@id":"https:\/\/blogg.svenskakyrkan.se\/gerle\/2013\/10\/30\/teologi-for-livet\/"},"author":{"name":"Elisabeth Gerle","@id":"https:\/\/blogg.svenskakyrkan.se\/gerle\/#\/schema\/person\/785ea9fb35fb8ed3c2c9951295712d1b"},"headline":"Teologi f\u00f6r Livet","datePublished":"2013-10-30T14:27:48+00:00","dateModified":"2013-10-30T14:31:52+00:00","mainEntityOfPage":{"@id":"https:\/\/blogg.svenskakyrkan.se\/gerle\/2013\/10\/30\/teologi-for-livet\/"},"wordCount":781,"commentCount":0,"image":{"@id":"https:\/\/blogg.svenskakyrkan.se\/gerle\/2013\/10\/30\/teologi-for-livet\/#primaryimage"},"thumbnailUrl":"http:\/\/oas.sydsvenskan.se\/RealMedia\/ads\/Creatives\/default\/empty.gif","inLanguage":"sv-SE","potentialAction":[{"@type":"CommentAction","name":"Comment","target":["https:\/\/blogg.svenskakyrkan.se\/gerle\/2013\/10\/30\/teologi-for-livet\/#respond"]}]},{"@type":"WebPage","@id":"https:\/\/blogg.svenskakyrkan.se\/gerle\/2013\/10\/30\/teologi-for-livet\/","url":"https:\/\/blogg.svenskakyrkan.se\/gerle\/2013\/10\/30\/teologi-for-livet\/","name":"Teologi f\u00f6r Livet - Elisabeth Gerle funderar","isPartOf":{"@id":"https:\/\/blogg.svenskakyrkan.se\/gerle\/#website"},"primaryImageOfPage":{"@id":"https:\/\/blogg.svenskakyrkan.se\/gerle\/2013\/10\/30\/teologi-for-livet\/#primaryimage"},"image":{"@id":"https:\/\/blogg.svenskakyrkan.se\/gerle\/2013\/10\/30\/teologi-for-livet\/#primaryimage"},"thumbnailUrl":"http:\/\/oas.sydsvenskan.se\/RealMedia\/ads\/Creatives\/default\/empty.gif","datePublished":"2013-10-30T14:27:48+00:00","dateModified":"2013-10-30T14:31:52+00:00","author":{"@id":"https:\/\/blogg.svenskakyrkan.se\/gerle\/#\/schema\/person\/785ea9fb35fb8ed3c2c9951295712d1b"},"breadcrumb":{"@id":"https:\/\/blogg.svenskakyrkan.se\/gerle\/2013\/10\/30\/teologi-for-livet\/#breadcrumb"},"inLanguage":"sv-SE","potentialAction":[{"@type":"ReadAction","target":["https:\/\/blogg.svenskakyrkan.se\/gerle\/2013\/10\/30\/teologi-for-livet\/"]}]},{"@type":"ImageObject","inLanguage":"sv-SE","@id":"https:\/\/blogg.svenskakyrkan.se\/gerle\/2013\/10\/30\/teologi-for-livet\/#primaryimage","url":"http:\/\/oas.sydsvenskan.se\/RealMedia\/ads\/Creatives\/default\/empty.gif","contentUrl":"http:\/\/oas.sydsvenskan.se\/RealMedia\/ads\/Creatives\/default\/empty.gif"},{"@type":"BreadcrumbList","@id":"https:\/\/blogg.svenskakyrkan.se\/gerle\/2013\/10\/30\/teologi-for-livet\/#breadcrumb","itemListElement":[{"@type":"ListItem","position":1,"name":"Hem","item":"https:\/\/blogg.svenskakyrkan.se\/gerle\/"},{"@type":"ListItem","position":2,"name":"Teologi f\u00f6r Livet"}]},{"@type":"WebSite","@id":"https:\/\/blogg.svenskakyrkan.se\/gerle\/#website","url":"https:\/\/blogg.svenskakyrkan.se\/gerle\/","name":"Elisabeth Gerle funderar","description":"","potentialAction":[{"@type":"SearchAction","target":{"@type":"EntryPoint","urlTemplate":"https:\/\/blogg.svenskakyrkan.se\/gerle\/?s={search_term_string}"},"query-input":{"@type":"PropertyValueSpecification","valueRequired":true,"valueName":"search_term_string"}}],"inLanguage":"sv-SE"},{"@type":"Person","@id":"https:\/\/blogg.svenskakyrkan.se\/gerle\/#\/schema\/person\/785ea9fb35fb8ed3c2c9951295712d1b","name":"Elisabeth Gerle","image":{"@type":"ImageObject","inLanguage":"sv-SE","@id":"https:\/\/blogg.svenskakyrkan.se\/gerle\/#\/schema\/person\/image\/","url":"https:\/\/secure.gravatar.com\/avatar\/ae0524dd142908d7c8372401d72efaa66409cd86ee31f5e1eb23ae87edcf05e5?s=96&d=mm&r=g","contentUrl":"https:\/\/secure.gravatar.com\/avatar\/ae0524dd142908d7c8372401d72efaa66409cd86ee31f5e1eb23ae87edcf05e5?s=96&d=mm&r=g","caption":"Elisabeth Gerle"},"url":"https:\/\/blogg.svenskakyrkan.se\/gerle\/author\/gerle\/"}]}},"author_meta":{"ID":"63","user_nicename":"gerle","user_registered":"2011-05-05 12:24:01","display_name":"Elisabeth Gerle","first_name":"Elisabeth","last_name":"Gerle","avatar":"https:\/\/secure.gravatar.com\/avatar\/ae0524dd142908d7c8372401d72efaa66409cd86ee31f5e1eb23ae87edcf05e5?s=96&d=mm&r=g"},"featured_image":false,"bloginfo":{"name":"Elisabeth Gerle funderar","url":"https:\/\/blogg.svenskakyrkan.se\/gerle"},"_links":{"self":[{"href":"https:\/\/blogg.svenskakyrkan.se\/gerle\/wp-json\/wp\/v2\/posts\/357","targetHints":{"allow":["GET"]}}],"collection":[{"href":"https:\/\/blogg.svenskakyrkan.se\/gerle\/wp-json\/wp\/v2\/posts"}],"about":[{"href":"https:\/\/blogg.svenskakyrkan.se\/gerle\/wp-json\/wp\/v2\/types\/post"}],"author":[{"embeddable":true,"href":"https:\/\/blogg.svenskakyrkan.se\/gerle\/wp-json\/wp\/v2\/users\/63"}],"replies":[{"embeddable":true,"href":"https:\/\/blogg.svenskakyrkan.se\/gerle\/wp-json\/wp\/v2\/comments?post=357"}],"version-history":[{"count":24,"href":"https:\/\/blogg.svenskakyrkan.se\/gerle\/wp-json\/wp\/v2\/posts\/357\/revisions"}],"predecessor-version":[{"id":380,"href":"https:\/\/blogg.svenskakyrkan.se\/gerle\/wp-json\/wp\/v2\/posts\/357\/revisions\/380"}],"wp:attachment":[{"href":"https:\/\/blogg.svenskakyrkan.se\/gerle\/wp-json\/wp\/v2\/media?parent=357"}],"wp:term":[{"taxonomy":"category","embeddable":true,"href":"https:\/\/blogg.svenskakyrkan.se\/gerle\/wp-json\/wp\/v2\/categories?post=357"},{"taxonomy":"post_tag","embeddable":true,"href":"https:\/\/blogg.svenskakyrkan.se\/gerle\/wp-json\/wp\/v2\/tags?post=357"}],"curies":[{"name":"wp","href":"https:\/\/api.w.org\/{rel}","templated":true}]}}