{"id":383,"date":"2014-03-17T16:50:37","date_gmt":"2014-03-17T16:50:37","guid":{"rendered":"http:\/\/blogg.svenskakyrkan.se\/gerle\/?p=383"},"modified":"2014-03-17T16:50:37","modified_gmt":"2014-03-17T16:50:37","slug":"vem-ar-jag-pa-natet","status":"publish","type":"post","link":"https:\/\/blogg.svenskakyrkan.se\/gerle\/2014\/03\/17\/vem-ar-jag-pa-natet\/","title":{"rendered":"Vem \u00e4r jag p\u00e5 n\u00e4tet"},"content":{"rendered":"<p>Som m\u00e4nniskor upptr\u00e4der vi lite olika, beroende p\u00e5 i vilket sammanhang vi finns, och vilka vi m\u00f6ter. S\u00e5 har det alltid varit. Men idag m\u00f6ter vi s\u00e5 m\u00e5nga fler \u00e4n vad v\u00e5ra f\u00f6r\u00e4ldrar eller deras f\u00f6r\u00e4ldrar gjorde.<\/p>\n<p>\u00c4r vi d\u00e5 falska? Eller bara anpassliga? P\u00e5 n\u00e4tet ser vi inte den andres ansikte. D\u00e4rf\u00f6r ser vi inte n\u00e4r medm\u00e4nniskan \u00e4r sk\u00f6r eller s\u00e5rbar. Risken finns att vi d\u00e5 inte \u00e4r lyh\u00f6rda och varsamma med den andre. Den lettisk-judiske filosofen Levinas menade att den andres ansikte m\u00f6tte med kravet att inte d\u00f6da.<\/p>\n<p>F\u00f6r att slippa utmanas kan det ocks\u00e5 bli s\u00e5 att man endast ser till att m\u00f6ta sin egen innegrupp p\u00e5 n\u00e4tet. Men d\u00e5 utarmas viktiga debatter. Ofta utvecklas v\u00e5ra tankar och ideologier i m\u00f6tet med andra. Genom att m\u00f6ta motst\u00e5nd tvingas vi t\u00e4nka ett varv till.<\/p>\n<p>Detta talar vi om i Filosofiska rummet, Lasse Dencik, M\u00e5ns Svensson och jag. En socialpsykolog, en r\u00e4ttssociolog och en etiker.\u00a0Samtalsledare \u00e4r Lars Mogensen.\u00a0\u00a0H\u00e4r\u00a0finns l\u00e4nken\u00a0f\u00f6r den som vill lyssna.<\/p>\n<p><a href=\"http:\/\/sverigesradio.se\/sida\/avsnitt\/332113?programid=793\">http:\/\/sverigesradio.se\/sida\/avsnitt\/332113?programid=793<\/a><\/p>\n","protected":false},"excerpt":{"rendered":"<p>Som m\u00e4nniskor upptr\u00e4der vi lite olika, beroende p\u00e5 i vilket sammanhang vi finns, och vilka vi m\u00f6ter. S\u00e5 har det alltid varit. Men idag m\u00f6ter vi s\u00e5 m\u00e5nga fler \u00e4n vad v\u00e5ra f\u00f6r\u00e4ldrar eller deras f\u00f6r\u00e4ldrar gjorde. \u00c4r vi d\u00e5 falska? Eller bara anpassliga? P\u00e5 n\u00e4tet ser vi inte den andres ansikte. D\u00e4rf\u00f6r ser vi [&hellip;]<\/p>\n","protected":false},"author":63,"featured_media":0,"comment_status":"open","ping_status":"open","sticky":false,"template":"","format":"standard","meta":{"_acf_changed":false,"footnotes":""},"categories":[9],"tags":[],"class_list":["post-383","post","type-post","status-publish","format-standard","hentry","category-okategoriserade"],"acf":[],"yoast_head":"<!-- This site is optimized with the Yoast SEO plugin v27.1.1 - https:\/\/yoast.com\/product\/yoast-seo-wordpress\/ -->\n<title>Vem \u00e4r jag p\u00e5 n\u00e4tet - Elisabeth Gerle funderar<\/title>\n<meta name=\"robots\" content=\"index, follow, max-snippet:-1, max-image-preview:large, max-video-preview:-1\" \/>\n<link rel=\"canonical\" href=\"https:\/\/blogg.svenskakyrkan.se\/gerle\/2014\/03\/17\/vem-ar-jag-pa-natet\/\" \/>\n<meta property=\"og:locale\" content=\"sv_SE\" \/>\n<meta property=\"og:type\" content=\"article\" \/>\n<meta property=\"og:title\" content=\"Vem \u00e4r jag p\u00e5 n\u00e4tet - Elisabeth Gerle funderar\" \/>\n<meta property=\"og:description\" content=\"Som m\u00e4nniskor upptr\u00e4der vi lite olika, beroende p\u00e5 i vilket sammanhang vi finns, och vilka vi m\u00f6ter. S\u00e5 har det alltid varit. Men idag m\u00f6ter vi s\u00e5 m\u00e5nga fler \u00e4n vad v\u00e5ra f\u00f6r\u00e4ldrar eller deras f\u00f6r\u00e4ldrar gjorde. \u00c4r vi d\u00e5 falska? Eller bara anpassliga? P\u00e5 n\u00e4tet ser vi inte den andres ansikte. D\u00e4rf\u00f6r ser vi [&hellip;]\" \/>\n<meta property=\"og:url\" content=\"https:\/\/blogg.svenskakyrkan.se\/gerle\/2014\/03\/17\/vem-ar-jag-pa-natet\/\" \/>\n<meta property=\"og:site_name\" content=\"Elisabeth Gerle funderar\" \/>\n<meta property=\"article:published_time\" content=\"2014-03-17T16:50:37+00:00\" \/>\n<meta name=\"author\" content=\"Elisabeth Gerle\" \/>\n<meta name=\"twitter:card\" content=\"summary_large_image\" \/>\n<meta name=\"twitter:label1\" content=\"Skriven av\" \/>\n\t<meta name=\"twitter:data1\" content=\"Elisabeth Gerle\" \/>\n\t<meta name=\"twitter:label2\" content=\"Ber\u00e4knad l\u00e4stid\" \/>\n\t<meta name=\"twitter:data2\" content=\"1 minut\" \/>\n<script type=\"application\/ld+json\" class=\"yoast-schema-graph\">{\"@context\":\"https:\/\/schema.org\",\"@graph\":[{\"@type\":\"Article\",\"@id\":\"https:\/\/blogg.svenskakyrkan.se\/gerle\/2014\/03\/17\/vem-ar-jag-pa-natet\/#article\",\"isPartOf\":{\"@id\":\"https:\/\/blogg.svenskakyrkan.se\/gerle\/2014\/03\/17\/vem-ar-jag-pa-natet\/\"},\"author\":{\"name\":\"Elisabeth Gerle\",\"@id\":\"https:\/\/blogg.svenskakyrkan.se\/gerle\/#\/schema\/person\/785ea9fb35fb8ed3c2c9951295712d1b\"},\"headline\":\"Vem \u00e4r jag p\u00e5 n\u00e4tet\",\"datePublished\":\"2014-03-17T16:50:37+00:00\",\"mainEntityOfPage\":{\"@id\":\"https:\/\/blogg.svenskakyrkan.se\/gerle\/2014\/03\/17\/vem-ar-jag-pa-natet\/\"},\"wordCount\":213,\"commentCount\":1,\"inLanguage\":\"sv-SE\",\"potentialAction\":[{\"@type\":\"CommentAction\",\"name\":\"Comment\",\"target\":[\"https:\/\/blogg.svenskakyrkan.se\/gerle\/2014\/03\/17\/vem-ar-jag-pa-natet\/#respond\"]}]},{\"@type\":\"WebPage\",\"@id\":\"https:\/\/blogg.svenskakyrkan.se\/gerle\/2014\/03\/17\/vem-ar-jag-pa-natet\/\",\"url\":\"https:\/\/blogg.svenskakyrkan.se\/gerle\/2014\/03\/17\/vem-ar-jag-pa-natet\/\",\"name\":\"Vem \u00e4r jag p\u00e5 n\u00e4tet - Elisabeth Gerle funderar\",\"isPartOf\":{\"@id\":\"https:\/\/blogg.svenskakyrkan.se\/gerle\/#website\"},\"datePublished\":\"2014-03-17T16:50:37+00:00\",\"author\":{\"@id\":\"https:\/\/blogg.svenskakyrkan.se\/gerle\/#\/schema\/person\/785ea9fb35fb8ed3c2c9951295712d1b\"},\"breadcrumb\":{\"@id\":\"https:\/\/blogg.svenskakyrkan.se\/gerle\/2014\/03\/17\/vem-ar-jag-pa-natet\/#breadcrumb\"},\"inLanguage\":\"sv-SE\",\"potentialAction\":[{\"@type\":\"ReadAction\",\"target\":[\"https:\/\/blogg.svenskakyrkan.se\/gerle\/2014\/03\/17\/vem-ar-jag-pa-natet\/\"]}]},{\"@type\":\"BreadcrumbList\",\"@id\":\"https:\/\/blogg.svenskakyrkan.se\/gerle\/2014\/03\/17\/vem-ar-jag-pa-natet\/#breadcrumb\",\"itemListElement\":[{\"@type\":\"ListItem\",\"position\":1,\"name\":\"Hem\",\"item\":\"https:\/\/blogg.svenskakyrkan.se\/gerle\/\"},{\"@type\":\"ListItem\",\"position\":2,\"name\":\"Vem \u00e4r jag p\u00e5 n\u00e4tet\"}]},{\"@type\":\"WebSite\",\"@id\":\"https:\/\/blogg.svenskakyrkan.se\/gerle\/#website\",\"url\":\"https:\/\/blogg.svenskakyrkan.se\/gerle\/\",\"name\":\"Elisabeth Gerle funderar\",\"description\":\"\",\"potentialAction\":[{\"@type\":\"SearchAction\",\"target\":{\"@type\":\"EntryPoint\",\"urlTemplate\":\"https:\/\/blogg.svenskakyrkan.se\/gerle\/?s={search_term_string}\"},\"query-input\":{\"@type\":\"PropertyValueSpecification\",\"valueRequired\":true,\"valueName\":\"search_term_string\"}}],\"inLanguage\":\"sv-SE\"},{\"@type\":\"Person\",\"@id\":\"https:\/\/blogg.svenskakyrkan.se\/gerle\/#\/schema\/person\/785ea9fb35fb8ed3c2c9951295712d1b\",\"name\":\"Elisabeth Gerle\",\"image\":{\"@type\":\"ImageObject\",\"inLanguage\":\"sv-SE\",\"@id\":\"https:\/\/blogg.svenskakyrkan.se\/gerle\/#\/schema\/person\/image\/\",\"url\":\"https:\/\/secure.gravatar.com\/avatar\/ae0524dd142908d7c8372401d72efaa66409cd86ee31f5e1eb23ae87edcf05e5?s=96&d=mm&r=g\",\"contentUrl\":\"https:\/\/secure.gravatar.com\/avatar\/ae0524dd142908d7c8372401d72efaa66409cd86ee31f5e1eb23ae87edcf05e5?s=96&d=mm&r=g\",\"caption\":\"Elisabeth Gerle\"},\"url\":\"https:\/\/blogg.svenskakyrkan.se\/gerle\/author\/gerle\/\"}]}<\/script>\n<!-- \/ Yoast SEO plugin. -->","yoast_head_json":{"title":"Vem \u00e4r jag p\u00e5 n\u00e4tet - Elisabeth Gerle funderar","robots":{"index":"index","follow":"follow","max-snippet":"max-snippet:-1","max-image-preview":"max-image-preview:large","max-video-preview":"max-video-preview:-1"},"canonical":"https:\/\/blogg.svenskakyrkan.se\/gerle\/2014\/03\/17\/vem-ar-jag-pa-natet\/","og_locale":"sv_SE","og_type":"article","og_title":"Vem \u00e4r jag p\u00e5 n\u00e4tet - Elisabeth Gerle funderar","og_description":"Som m\u00e4nniskor upptr\u00e4der vi lite olika, beroende p\u00e5 i vilket sammanhang vi finns, och vilka vi m\u00f6ter. S\u00e5 har det alltid varit. Men idag m\u00f6ter vi s\u00e5 m\u00e5nga fler \u00e4n vad v\u00e5ra f\u00f6r\u00e4ldrar eller deras f\u00f6r\u00e4ldrar gjorde. \u00c4r vi d\u00e5 falska? Eller bara anpassliga? P\u00e5 n\u00e4tet ser vi inte den andres ansikte. D\u00e4rf\u00f6r ser vi [&hellip;]","og_url":"https:\/\/blogg.svenskakyrkan.se\/gerle\/2014\/03\/17\/vem-ar-jag-pa-natet\/","og_site_name":"Elisabeth Gerle funderar","article_published_time":"2014-03-17T16:50:37+00:00","author":"Elisabeth Gerle","twitter_card":"summary_large_image","twitter_misc":{"Skriven av":"Elisabeth Gerle","Ber\u00e4knad l\u00e4stid":"1 minut"},"schema":{"@context":"https:\/\/schema.org","@graph":[{"@type":"Article","@id":"https:\/\/blogg.svenskakyrkan.se\/gerle\/2014\/03\/17\/vem-ar-jag-pa-natet\/#article","isPartOf":{"@id":"https:\/\/blogg.svenskakyrkan.se\/gerle\/2014\/03\/17\/vem-ar-jag-pa-natet\/"},"author":{"name":"Elisabeth Gerle","@id":"https:\/\/blogg.svenskakyrkan.se\/gerle\/#\/schema\/person\/785ea9fb35fb8ed3c2c9951295712d1b"},"headline":"Vem \u00e4r jag p\u00e5 n\u00e4tet","datePublished":"2014-03-17T16:50:37+00:00","mainEntityOfPage":{"@id":"https:\/\/blogg.svenskakyrkan.se\/gerle\/2014\/03\/17\/vem-ar-jag-pa-natet\/"},"wordCount":213,"commentCount":1,"inLanguage":"sv-SE","potentialAction":[{"@type":"CommentAction","name":"Comment","target":["https:\/\/blogg.svenskakyrkan.se\/gerle\/2014\/03\/17\/vem-ar-jag-pa-natet\/#respond"]}]},{"@type":"WebPage","@id":"https:\/\/blogg.svenskakyrkan.se\/gerle\/2014\/03\/17\/vem-ar-jag-pa-natet\/","url":"https:\/\/blogg.svenskakyrkan.se\/gerle\/2014\/03\/17\/vem-ar-jag-pa-natet\/","name":"Vem \u00e4r jag p\u00e5 n\u00e4tet - Elisabeth Gerle funderar","isPartOf":{"@id":"https:\/\/blogg.svenskakyrkan.se\/gerle\/#website"},"datePublished":"2014-03-17T16:50:37+00:00","author":{"@id":"https:\/\/blogg.svenskakyrkan.se\/gerle\/#\/schema\/person\/785ea9fb35fb8ed3c2c9951295712d1b"},"breadcrumb":{"@id":"https:\/\/blogg.svenskakyrkan.se\/gerle\/2014\/03\/17\/vem-ar-jag-pa-natet\/#breadcrumb"},"inLanguage":"sv-SE","potentialAction":[{"@type":"ReadAction","target":["https:\/\/blogg.svenskakyrkan.se\/gerle\/2014\/03\/17\/vem-ar-jag-pa-natet\/"]}]},{"@type":"BreadcrumbList","@id":"https:\/\/blogg.svenskakyrkan.se\/gerle\/2014\/03\/17\/vem-ar-jag-pa-natet\/#breadcrumb","itemListElement":[{"@type":"ListItem","position":1,"name":"Hem","item":"https:\/\/blogg.svenskakyrkan.se\/gerle\/"},{"@type":"ListItem","position":2,"name":"Vem \u00e4r jag p\u00e5 n\u00e4tet"}]},{"@type":"WebSite","@id":"https:\/\/blogg.svenskakyrkan.se\/gerle\/#website","url":"https:\/\/blogg.svenskakyrkan.se\/gerle\/","name":"Elisabeth Gerle funderar","description":"","potentialAction":[{"@type":"SearchAction","target":{"@type":"EntryPoint","urlTemplate":"https:\/\/blogg.svenskakyrkan.se\/gerle\/?s={search_term_string}"},"query-input":{"@type":"PropertyValueSpecification","valueRequired":true,"valueName":"search_term_string"}}],"inLanguage":"sv-SE"},{"@type":"Person","@id":"https:\/\/blogg.svenskakyrkan.se\/gerle\/#\/schema\/person\/785ea9fb35fb8ed3c2c9951295712d1b","name":"Elisabeth Gerle","image":{"@type":"ImageObject","inLanguage":"sv-SE","@id":"https:\/\/blogg.svenskakyrkan.se\/gerle\/#\/schema\/person\/image\/","url":"https:\/\/secure.gravatar.com\/avatar\/ae0524dd142908d7c8372401d72efaa66409cd86ee31f5e1eb23ae87edcf05e5?s=96&d=mm&r=g","contentUrl":"https:\/\/secure.gravatar.com\/avatar\/ae0524dd142908d7c8372401d72efaa66409cd86ee31f5e1eb23ae87edcf05e5?s=96&d=mm&r=g","caption":"Elisabeth Gerle"},"url":"https:\/\/blogg.svenskakyrkan.se\/gerle\/author\/gerle\/"}]}},"author_meta":{"ID":"63","user_nicename":"gerle","user_registered":"2011-05-05 12:24:01","display_name":"Elisabeth Gerle","first_name":"Elisabeth","last_name":"Gerle","avatar":"https:\/\/secure.gravatar.com\/avatar\/ae0524dd142908d7c8372401d72efaa66409cd86ee31f5e1eb23ae87edcf05e5?s=96&d=mm&r=g"},"featured_image":false,"bloginfo":{"name":"Elisabeth Gerle funderar","url":"https:\/\/blogg.svenskakyrkan.se\/gerle"},"_links":{"self":[{"href":"https:\/\/blogg.svenskakyrkan.se\/gerle\/wp-json\/wp\/v2\/posts\/383","targetHints":{"allow":["GET"]}}],"collection":[{"href":"https:\/\/blogg.svenskakyrkan.se\/gerle\/wp-json\/wp\/v2\/posts"}],"about":[{"href":"https:\/\/blogg.svenskakyrkan.se\/gerle\/wp-json\/wp\/v2\/types\/post"}],"author":[{"embeddable":true,"href":"https:\/\/blogg.svenskakyrkan.se\/gerle\/wp-json\/wp\/v2\/users\/63"}],"replies":[{"embeddable":true,"href":"https:\/\/blogg.svenskakyrkan.se\/gerle\/wp-json\/wp\/v2\/comments?post=383"}],"version-history":[{"count":3,"href":"https:\/\/blogg.svenskakyrkan.se\/gerle\/wp-json\/wp\/v2\/posts\/383\/revisions"}],"predecessor-version":[{"id":386,"href":"https:\/\/blogg.svenskakyrkan.se\/gerle\/wp-json\/wp\/v2\/posts\/383\/revisions\/386"}],"wp:attachment":[{"href":"https:\/\/blogg.svenskakyrkan.se\/gerle\/wp-json\/wp\/v2\/media?parent=383"}],"wp:term":[{"taxonomy":"category","embeddable":true,"href":"https:\/\/blogg.svenskakyrkan.se\/gerle\/wp-json\/wp\/v2\/categories?post=383"},{"taxonomy":"post_tag","embeddable":true,"href":"https:\/\/blogg.svenskakyrkan.se\/gerle\/wp-json\/wp\/v2\/tags?post=383"}],"curies":[{"name":"wp","href":"https:\/\/api.w.org\/{rel}","templated":true}]}}