{"id":387,"date":"2014-03-27T18:14:41","date_gmt":"2014-03-27T18:14:41","guid":{"rendered":"http:\/\/blogg.svenskakyrkan.se\/gerle\/?p=387"},"modified":"2014-03-27T18:17:04","modified_gmt":"2014-03-27T18:17:04","slug":"kreativa-studenter","status":"publish","type":"post","link":"https:\/\/blogg.svenskakyrkan.se\/gerle\/2014\/03\/27\/kreativa-studenter\/","title":{"rendered":"Kreativa studenter"},"content":{"rendered":"<p>En liten \u00f6gonblicksbild fr\u00e5n Stellenbosch. Ett namn vi, med all r\u00e4tt,f\u00f6rknippar med goda viner. H\u00e4r finns ett av v\u00e4rldens finaste vindistrikt! Ving\u00e5rdar runt om specialiserar p\u00e5 vinprovning och p\u00e5 att erbjuda service och restauranger som klippta ur Gods och g\u00e5rdar.<\/p>\n<p>H\u00e4r finns ocks\u00e5 ett fint universitet med gott internationellt rykte. Men det \u00e4r ocks\u00e5 apartheids vagga, d\u00e4r man utarbetade tankarna om \u00e5tskillnad mellan olika raser.\u00a0 &#8221;Different but equal&#8221;, blev slagordet.<\/p>\n<p>Det var bara det att endast vita hade tillg\u00e5ng till de b\u00e4sta markerna.\u00a0 Stellenbosch \u00e4r fortfarande dominerat av vita.<\/p>\n<p>Just d\u00e4rf\u00f6r var det fint att se svarta och vita studenter om vartannat i dag n\u00e4r det var dags f\u00f6r de nya master studenterna att presenterar sina uppsatsf\u00f6rslag.\u00a0 Inom ramen f\u00f6r det Pilotprojekt kring genus, h\u00e4lsa och religion, som Svenska kyrkan varit med om att initiera, fanns studenter i Gamla och Nya testamentet och i praktisk teologi. Deras handledare\u00a0var alla med. Olika \u00e4mnesomr\u00e5den m\u00f6ts.<\/p>\n<p>I m\u00f6tena framtr\u00e4der n\u00e5got nytt. Inte bara mellan olika studenter utan ocks\u00e5 mellan deras handledare. F\u00f6r mig som f\u00e5tt f\u00f6lja arbetet kring genus, h\u00e4lsa och teologi i Etiopien och i Pietermaritzburg och Stellenbosch i Sydafrika k\u00e4nns det som att jag f\u00e5r vara med om n\u00e5got stort. L\u00e4ngtan efter att \u00e4ndra v\u00e4rlden till det b\u00e4ttre m\u00f6ter erfarna forskare och handledare, som lyssnar med stor respekt n\u00e4r en av killarna ber\u00e4ttar om hur hans mamma misshandlats f\u00f6rst av hans biologiska pappa och sen av en annan man. Det \u00e4r hans existentiella bakgrund. Nu vill han belysa hur man utlagt texten om \u00e4ktenskapsbryterskan. Har den till och med bidragit till att legitimera m\u00e4ns syn p\u00e5 kvinnan som en \u00e4godel?<\/p>\n","protected":false},"excerpt":{"rendered":"<p>En liten \u00f6gonblicksbild fr\u00e5n Stellenbosch. Ett namn vi, med all r\u00e4tt,f\u00f6rknippar med goda viner. H\u00e4r finns ett av v\u00e4rldens finaste vindistrikt! Ving\u00e5rdar runt om specialiserar p\u00e5 vinprovning och p\u00e5 att erbjuda service och restauranger som klippta ur Gods och g\u00e5rdar. H\u00e4r finns ocks\u00e5 ett fint universitet med gott internationellt rykte. Men det \u00e4r ocks\u00e5 apartheids [&hellip;]<\/p>\n","protected":false},"author":63,"featured_media":0,"comment_status":"open","ping_status":"open","sticky":false,"template":"","format":"standard","meta":{"_acf_changed":false,"footnotes":""},"categories":[9],"tags":[],"class_list":["post-387","post","type-post","status-publish","format-standard","hentry","category-okategoriserade"],"acf":[],"yoast_head":"<!-- This site is optimized with the Yoast SEO plugin v27.1.1 - https:\/\/yoast.com\/product\/yoast-seo-wordpress\/ -->\n<title>Kreativa studenter - Elisabeth Gerle funderar<\/title>\n<meta name=\"robots\" content=\"index, follow, max-snippet:-1, max-image-preview:large, max-video-preview:-1\" \/>\n<link rel=\"canonical\" href=\"https:\/\/blogg.svenskakyrkan.se\/gerle\/2014\/03\/27\/kreativa-studenter\/\" \/>\n<meta property=\"og:locale\" content=\"sv_SE\" \/>\n<meta property=\"og:type\" content=\"article\" \/>\n<meta property=\"og:title\" content=\"Kreativa studenter - Elisabeth Gerle funderar\" \/>\n<meta property=\"og:description\" content=\"En liten \u00f6gonblicksbild fr\u00e5n Stellenbosch. Ett namn vi, med all r\u00e4tt,f\u00f6rknippar med goda viner. H\u00e4r finns ett av v\u00e4rldens finaste vindistrikt! Ving\u00e5rdar runt om specialiserar p\u00e5 vinprovning och p\u00e5 att erbjuda service och restauranger som klippta ur Gods och g\u00e5rdar. H\u00e4r finns ocks\u00e5 ett fint universitet med gott internationellt rykte. Men det \u00e4r ocks\u00e5 apartheids [&hellip;]\" \/>\n<meta property=\"og:url\" content=\"https:\/\/blogg.svenskakyrkan.se\/gerle\/2014\/03\/27\/kreativa-studenter\/\" \/>\n<meta property=\"og:site_name\" content=\"Elisabeth Gerle funderar\" \/>\n<meta property=\"article:published_time\" content=\"2014-03-27T18:14:41+00:00\" \/>\n<meta property=\"article:modified_time\" content=\"2014-03-27T18:17:04+00:00\" \/>\n<meta name=\"author\" content=\"Elisabeth Gerle\" \/>\n<meta name=\"twitter:card\" content=\"summary_large_image\" \/>\n<meta name=\"twitter:label1\" content=\"Skriven av\" \/>\n\t<meta name=\"twitter:data1\" content=\"Elisabeth Gerle\" \/>\n\t<meta name=\"twitter:label2\" content=\"Ber\u00e4knad l\u00e4stid\" \/>\n\t<meta name=\"twitter:data2\" content=\"2 minuter\" \/>\n<script type=\"application\/ld+json\" class=\"yoast-schema-graph\">{\"@context\":\"https:\/\/schema.org\",\"@graph\":[{\"@type\":\"Article\",\"@id\":\"https:\/\/blogg.svenskakyrkan.se\/gerle\/2014\/03\/27\/kreativa-studenter\/#article\",\"isPartOf\":{\"@id\":\"https:\/\/blogg.svenskakyrkan.se\/gerle\/2014\/03\/27\/kreativa-studenter\/\"},\"author\":{\"name\":\"Elisabeth Gerle\",\"@id\":\"https:\/\/blogg.svenskakyrkan.se\/gerle\/#\/schema\/person\/785ea9fb35fb8ed3c2c9951295712d1b\"},\"headline\":\"Kreativa studenter\",\"datePublished\":\"2014-03-27T18:14:41+00:00\",\"dateModified\":\"2014-03-27T18:17:04+00:00\",\"mainEntityOfPage\":{\"@id\":\"https:\/\/blogg.svenskakyrkan.se\/gerle\/2014\/03\/27\/kreativa-studenter\/\"},\"wordCount\":311,\"commentCount\":0,\"inLanguage\":\"sv-SE\",\"potentialAction\":[{\"@type\":\"CommentAction\",\"name\":\"Comment\",\"target\":[\"https:\/\/blogg.svenskakyrkan.se\/gerle\/2014\/03\/27\/kreativa-studenter\/#respond\"]}]},{\"@type\":\"WebPage\",\"@id\":\"https:\/\/blogg.svenskakyrkan.se\/gerle\/2014\/03\/27\/kreativa-studenter\/\",\"url\":\"https:\/\/blogg.svenskakyrkan.se\/gerle\/2014\/03\/27\/kreativa-studenter\/\",\"name\":\"Kreativa studenter - Elisabeth Gerle funderar\",\"isPartOf\":{\"@id\":\"https:\/\/blogg.svenskakyrkan.se\/gerle\/#website\"},\"datePublished\":\"2014-03-27T18:14:41+00:00\",\"dateModified\":\"2014-03-27T18:17:04+00:00\",\"author\":{\"@id\":\"https:\/\/blogg.svenskakyrkan.se\/gerle\/#\/schema\/person\/785ea9fb35fb8ed3c2c9951295712d1b\"},\"breadcrumb\":{\"@id\":\"https:\/\/blogg.svenskakyrkan.se\/gerle\/2014\/03\/27\/kreativa-studenter\/#breadcrumb\"},\"inLanguage\":\"sv-SE\",\"potentialAction\":[{\"@type\":\"ReadAction\",\"target\":[\"https:\/\/blogg.svenskakyrkan.se\/gerle\/2014\/03\/27\/kreativa-studenter\/\"]}]},{\"@type\":\"BreadcrumbList\",\"@id\":\"https:\/\/blogg.svenskakyrkan.se\/gerle\/2014\/03\/27\/kreativa-studenter\/#breadcrumb\",\"itemListElement\":[{\"@type\":\"ListItem\",\"position\":1,\"name\":\"Hem\",\"item\":\"https:\/\/blogg.svenskakyrkan.se\/gerle\/\"},{\"@type\":\"ListItem\",\"position\":2,\"name\":\"Kreativa studenter\"}]},{\"@type\":\"WebSite\",\"@id\":\"https:\/\/blogg.svenskakyrkan.se\/gerle\/#website\",\"url\":\"https:\/\/blogg.svenskakyrkan.se\/gerle\/\",\"name\":\"Elisabeth Gerle funderar\",\"description\":\"\",\"potentialAction\":[{\"@type\":\"SearchAction\",\"target\":{\"@type\":\"EntryPoint\",\"urlTemplate\":\"https:\/\/blogg.svenskakyrkan.se\/gerle\/?s={search_term_string}\"},\"query-input\":{\"@type\":\"PropertyValueSpecification\",\"valueRequired\":true,\"valueName\":\"search_term_string\"}}],\"inLanguage\":\"sv-SE\"},{\"@type\":\"Person\",\"@id\":\"https:\/\/blogg.svenskakyrkan.se\/gerle\/#\/schema\/person\/785ea9fb35fb8ed3c2c9951295712d1b\",\"name\":\"Elisabeth Gerle\",\"image\":{\"@type\":\"ImageObject\",\"inLanguage\":\"sv-SE\",\"@id\":\"https:\/\/blogg.svenskakyrkan.se\/gerle\/#\/schema\/person\/image\/\",\"url\":\"https:\/\/secure.gravatar.com\/avatar\/ae0524dd142908d7c8372401d72efaa66409cd86ee31f5e1eb23ae87edcf05e5?s=96&d=mm&r=g\",\"contentUrl\":\"https:\/\/secure.gravatar.com\/avatar\/ae0524dd142908d7c8372401d72efaa66409cd86ee31f5e1eb23ae87edcf05e5?s=96&d=mm&r=g\",\"caption\":\"Elisabeth Gerle\"},\"url\":\"https:\/\/blogg.svenskakyrkan.se\/gerle\/author\/gerle\/\"}]}<\/script>\n<!-- \/ Yoast SEO plugin. -->","yoast_head_json":{"title":"Kreativa studenter - Elisabeth Gerle funderar","robots":{"index":"index","follow":"follow","max-snippet":"max-snippet:-1","max-image-preview":"max-image-preview:large","max-video-preview":"max-video-preview:-1"},"canonical":"https:\/\/blogg.svenskakyrkan.se\/gerle\/2014\/03\/27\/kreativa-studenter\/","og_locale":"sv_SE","og_type":"article","og_title":"Kreativa studenter - Elisabeth Gerle funderar","og_description":"En liten \u00f6gonblicksbild fr\u00e5n Stellenbosch. Ett namn vi, med all r\u00e4tt,f\u00f6rknippar med goda viner. H\u00e4r finns ett av v\u00e4rldens finaste vindistrikt! Ving\u00e5rdar runt om specialiserar p\u00e5 vinprovning och p\u00e5 att erbjuda service och restauranger som klippta ur Gods och g\u00e5rdar. H\u00e4r finns ocks\u00e5 ett fint universitet med gott internationellt rykte. Men det \u00e4r ocks\u00e5 apartheids [&hellip;]","og_url":"https:\/\/blogg.svenskakyrkan.se\/gerle\/2014\/03\/27\/kreativa-studenter\/","og_site_name":"Elisabeth Gerle funderar","article_published_time":"2014-03-27T18:14:41+00:00","article_modified_time":"2014-03-27T18:17:04+00:00","author":"Elisabeth Gerle","twitter_card":"summary_large_image","twitter_misc":{"Skriven av":"Elisabeth Gerle","Ber\u00e4knad l\u00e4stid":"2 minuter"},"schema":{"@context":"https:\/\/schema.org","@graph":[{"@type":"Article","@id":"https:\/\/blogg.svenskakyrkan.se\/gerle\/2014\/03\/27\/kreativa-studenter\/#article","isPartOf":{"@id":"https:\/\/blogg.svenskakyrkan.se\/gerle\/2014\/03\/27\/kreativa-studenter\/"},"author":{"name":"Elisabeth Gerle","@id":"https:\/\/blogg.svenskakyrkan.se\/gerle\/#\/schema\/person\/785ea9fb35fb8ed3c2c9951295712d1b"},"headline":"Kreativa studenter","datePublished":"2014-03-27T18:14:41+00:00","dateModified":"2014-03-27T18:17:04+00:00","mainEntityOfPage":{"@id":"https:\/\/blogg.svenskakyrkan.se\/gerle\/2014\/03\/27\/kreativa-studenter\/"},"wordCount":311,"commentCount":0,"inLanguage":"sv-SE","potentialAction":[{"@type":"CommentAction","name":"Comment","target":["https:\/\/blogg.svenskakyrkan.se\/gerle\/2014\/03\/27\/kreativa-studenter\/#respond"]}]},{"@type":"WebPage","@id":"https:\/\/blogg.svenskakyrkan.se\/gerle\/2014\/03\/27\/kreativa-studenter\/","url":"https:\/\/blogg.svenskakyrkan.se\/gerle\/2014\/03\/27\/kreativa-studenter\/","name":"Kreativa studenter - Elisabeth Gerle funderar","isPartOf":{"@id":"https:\/\/blogg.svenskakyrkan.se\/gerle\/#website"},"datePublished":"2014-03-27T18:14:41+00:00","dateModified":"2014-03-27T18:17:04+00:00","author":{"@id":"https:\/\/blogg.svenskakyrkan.se\/gerle\/#\/schema\/person\/785ea9fb35fb8ed3c2c9951295712d1b"},"breadcrumb":{"@id":"https:\/\/blogg.svenskakyrkan.se\/gerle\/2014\/03\/27\/kreativa-studenter\/#breadcrumb"},"inLanguage":"sv-SE","potentialAction":[{"@type":"ReadAction","target":["https:\/\/blogg.svenskakyrkan.se\/gerle\/2014\/03\/27\/kreativa-studenter\/"]}]},{"@type":"BreadcrumbList","@id":"https:\/\/blogg.svenskakyrkan.se\/gerle\/2014\/03\/27\/kreativa-studenter\/#breadcrumb","itemListElement":[{"@type":"ListItem","position":1,"name":"Hem","item":"https:\/\/blogg.svenskakyrkan.se\/gerle\/"},{"@type":"ListItem","position":2,"name":"Kreativa studenter"}]},{"@type":"WebSite","@id":"https:\/\/blogg.svenskakyrkan.se\/gerle\/#website","url":"https:\/\/blogg.svenskakyrkan.se\/gerle\/","name":"Elisabeth Gerle funderar","description":"","potentialAction":[{"@type":"SearchAction","target":{"@type":"EntryPoint","urlTemplate":"https:\/\/blogg.svenskakyrkan.se\/gerle\/?s={search_term_string}"},"query-input":{"@type":"PropertyValueSpecification","valueRequired":true,"valueName":"search_term_string"}}],"inLanguage":"sv-SE"},{"@type":"Person","@id":"https:\/\/blogg.svenskakyrkan.se\/gerle\/#\/schema\/person\/785ea9fb35fb8ed3c2c9951295712d1b","name":"Elisabeth Gerle","image":{"@type":"ImageObject","inLanguage":"sv-SE","@id":"https:\/\/blogg.svenskakyrkan.se\/gerle\/#\/schema\/person\/image\/","url":"https:\/\/secure.gravatar.com\/avatar\/ae0524dd142908d7c8372401d72efaa66409cd86ee31f5e1eb23ae87edcf05e5?s=96&d=mm&r=g","contentUrl":"https:\/\/secure.gravatar.com\/avatar\/ae0524dd142908d7c8372401d72efaa66409cd86ee31f5e1eb23ae87edcf05e5?s=96&d=mm&r=g","caption":"Elisabeth Gerle"},"url":"https:\/\/blogg.svenskakyrkan.se\/gerle\/author\/gerle\/"}]}},"author_meta":{"ID":"63","user_nicename":"gerle","user_registered":"2011-05-05 12:24:01","display_name":"Elisabeth Gerle","first_name":"Elisabeth","last_name":"Gerle","avatar":"https:\/\/secure.gravatar.com\/avatar\/ae0524dd142908d7c8372401d72efaa66409cd86ee31f5e1eb23ae87edcf05e5?s=96&d=mm&r=g"},"featured_image":false,"bloginfo":{"name":"Elisabeth Gerle funderar","url":"https:\/\/blogg.svenskakyrkan.se\/gerle"},"_links":{"self":[{"href":"https:\/\/blogg.svenskakyrkan.se\/gerle\/wp-json\/wp\/v2\/posts\/387","targetHints":{"allow":["GET"]}}],"collection":[{"href":"https:\/\/blogg.svenskakyrkan.se\/gerle\/wp-json\/wp\/v2\/posts"}],"about":[{"href":"https:\/\/blogg.svenskakyrkan.se\/gerle\/wp-json\/wp\/v2\/types\/post"}],"author":[{"embeddable":true,"href":"https:\/\/blogg.svenskakyrkan.se\/gerle\/wp-json\/wp\/v2\/users\/63"}],"replies":[{"embeddable":true,"href":"https:\/\/blogg.svenskakyrkan.se\/gerle\/wp-json\/wp\/v2\/comments?post=387"}],"version-history":[{"count":17,"href":"https:\/\/blogg.svenskakyrkan.se\/gerle\/wp-json\/wp\/v2\/posts\/387\/revisions"}],"predecessor-version":[{"id":404,"href":"https:\/\/blogg.svenskakyrkan.se\/gerle\/wp-json\/wp\/v2\/posts\/387\/revisions\/404"}],"wp:attachment":[{"href":"https:\/\/blogg.svenskakyrkan.se\/gerle\/wp-json\/wp\/v2\/media?parent=387"}],"wp:term":[{"taxonomy":"category","embeddable":true,"href":"https:\/\/blogg.svenskakyrkan.se\/gerle\/wp-json\/wp\/v2\/categories?post=387"},{"taxonomy":"post_tag","embeddable":true,"href":"https:\/\/blogg.svenskakyrkan.se\/gerle\/wp-json\/wp\/v2\/tags?post=387"}],"curies":[{"name":"wp","href":"https:\/\/api.w.org\/{rel}","templated":true}]}}