{"id":407,"date":"2014-04-09T20:26:02","date_gmt":"2014-04-09T20:26:02","guid":{"rendered":"http:\/\/blogg.svenskakyrkan.se\/gerle\/?p=407"},"modified":"2014-04-20T17:32:38","modified_gmt":"2014-04-20T17:32:38","slug":"quick-fix-mot-fattigdom","status":"publish","type":"post","link":"https:\/\/blogg.svenskakyrkan.se\/gerle\/2014\/04\/09\/quick-fix-mot-fattigdom\/","title":{"rendered":"Quick fix mot fattigdom?"},"content":{"rendered":"<p>L\u00e4ngtar efter en quick fix! Det \u00e4r ju n\u00e5got vi brukar kritisera. F\u00f6r det finns inte. Men \u00e4nd\u00e5: Jag l\u00e4ngtar efter en qucik fix mot fattigdom.<\/p>\n<p>F\u00f6r att fattigdom skadar m\u00e4nniskor. Inte minst barn och unga. Desperationen ligger n\u00e4ra. Inte konstigt. Men just d\u00e4rf\u00f6r skr\u00e4mmer de fattiga. Det \u00e4r inte hudf\u00e4rg, inte kultur, inte en annan religion som g\u00f6r oss r\u00e4dda. Det \u00e4r fattigdomen. Den g\u00f6r oss r\u00e4dda. St\u00e5r utanf\u00f6r. Stirrar oss h\u00e5nfullt i ansiktet. Vi vill inte t\u00e4nka tanken att det kunde vara jag. Kanske n\u00e4sta g\u00e5ng.<\/p>\n<p>Desto viktigare att komma ih\u00e5g att Jesus var heml\u00f6s, ofta utan husrum. Dog utanf\u00f6r stadsmuren. Det skr\u00e4mmer. Och utmanar! Gud \u00e4r d\u00e4r!<\/p>\n<p>Funderingar\u00a0\u00a0i en av Sydafrikas mest privilegierade st\u00e4der, d\u00e4r fattiga tigger p\u00e5 gatorna, och bor\u00a0bara n\u00e5gra km fr\u00e5n det charmiga centrum.<\/p>\n<p>&nbsp;<\/p>\n<p>&nbsp;<\/p>\n<p>&nbsp;<\/p>\n<p>&nbsp;<\/p>\n<p>&nbsp;<\/p>\n","protected":false},"excerpt":{"rendered":"<p>L\u00e4ngtar efter en quick fix! Det \u00e4r ju n\u00e5got vi brukar kritisera. F\u00f6r det finns inte. Men \u00e4nd\u00e5: Jag l\u00e4ngtar efter en qucik fix mot fattigdom. F\u00f6r att fattigdom skadar m\u00e4nniskor. Inte minst barn och unga. Desperationen ligger n\u00e4ra. Inte konstigt. Men just d\u00e4rf\u00f6r skr\u00e4mmer de fattiga. Det \u00e4r inte hudf\u00e4rg, inte kultur, inte en [&hellip;]<\/p>\n","protected":false},"author":63,"featured_media":0,"comment_status":"open","ping_status":"open","sticky":false,"template":"","format":"standard","meta":{"_acf_changed":false,"footnotes":""},"categories":[9],"tags":[],"class_list":["post-407","post","type-post","status-publish","format-standard","hentry","category-okategoriserade"],"acf":[],"yoast_head":"<!-- This site is optimized with the Yoast SEO plugin v27.1.1 - https:\/\/yoast.com\/product\/yoast-seo-wordpress\/ -->\n<title>Quick fix mot fattigdom? - Elisabeth Gerle funderar<\/title>\n<meta name=\"robots\" content=\"index, follow, max-snippet:-1, max-image-preview:large, max-video-preview:-1\" \/>\n<link rel=\"canonical\" href=\"https:\/\/blogg.svenskakyrkan.se\/gerle\/2014\/04\/09\/quick-fix-mot-fattigdom\/\" \/>\n<meta property=\"og:locale\" content=\"sv_SE\" \/>\n<meta property=\"og:type\" content=\"article\" \/>\n<meta property=\"og:title\" content=\"Quick fix mot fattigdom? - Elisabeth Gerle funderar\" \/>\n<meta property=\"og:description\" content=\"L\u00e4ngtar efter en quick fix! Det \u00e4r ju n\u00e5got vi brukar kritisera. F\u00f6r det finns inte. Men \u00e4nd\u00e5: Jag l\u00e4ngtar efter en qucik fix mot fattigdom. F\u00f6r att fattigdom skadar m\u00e4nniskor. Inte minst barn och unga. Desperationen ligger n\u00e4ra. Inte konstigt. Men just d\u00e4rf\u00f6r skr\u00e4mmer de fattiga. Det \u00e4r inte hudf\u00e4rg, inte kultur, inte en [&hellip;]\" \/>\n<meta property=\"og:url\" content=\"https:\/\/blogg.svenskakyrkan.se\/gerle\/2014\/04\/09\/quick-fix-mot-fattigdom\/\" \/>\n<meta property=\"og:site_name\" content=\"Elisabeth Gerle funderar\" \/>\n<meta property=\"article:published_time\" content=\"2014-04-09T20:26:02+00:00\" \/>\n<meta property=\"article:modified_time\" content=\"2014-04-20T17:32:38+00:00\" \/>\n<meta name=\"author\" content=\"Elisabeth Gerle\" \/>\n<meta name=\"twitter:card\" content=\"summary_large_image\" \/>\n<meta name=\"twitter:label1\" content=\"Skriven av\" \/>\n\t<meta name=\"twitter:data1\" content=\"Elisabeth Gerle\" \/>\n\t<meta name=\"twitter:label2\" content=\"Ber\u00e4knad l\u00e4stid\" \/>\n\t<meta name=\"twitter:data2\" content=\"1 minut\" \/>\n<script type=\"application\/ld+json\" class=\"yoast-schema-graph\">{\"@context\":\"https:\/\/schema.org\",\"@graph\":[{\"@type\":\"Article\",\"@id\":\"https:\/\/blogg.svenskakyrkan.se\/gerle\/2014\/04\/09\/quick-fix-mot-fattigdom\/#article\",\"isPartOf\":{\"@id\":\"https:\/\/blogg.svenskakyrkan.se\/gerle\/2014\/04\/09\/quick-fix-mot-fattigdom\/\"},\"author\":{\"name\":\"Elisabeth Gerle\",\"@id\":\"https:\/\/blogg.svenskakyrkan.se\/gerle\/#\/schema\/person\/785ea9fb35fb8ed3c2c9951295712d1b\"},\"headline\":\"Quick fix mot fattigdom?\",\"datePublished\":\"2014-04-09T20:26:02+00:00\",\"dateModified\":\"2014-04-20T17:32:38+00:00\",\"mainEntityOfPage\":{\"@id\":\"https:\/\/blogg.svenskakyrkan.se\/gerle\/2014\/04\/09\/quick-fix-mot-fattigdom\/\"},\"wordCount\":171,\"commentCount\":1,\"inLanguage\":\"sv-SE\",\"potentialAction\":[{\"@type\":\"CommentAction\",\"name\":\"Comment\",\"target\":[\"https:\/\/blogg.svenskakyrkan.se\/gerle\/2014\/04\/09\/quick-fix-mot-fattigdom\/#respond\"]}]},{\"@type\":\"WebPage\",\"@id\":\"https:\/\/blogg.svenskakyrkan.se\/gerle\/2014\/04\/09\/quick-fix-mot-fattigdom\/\",\"url\":\"https:\/\/blogg.svenskakyrkan.se\/gerle\/2014\/04\/09\/quick-fix-mot-fattigdom\/\",\"name\":\"Quick fix mot fattigdom? - Elisabeth Gerle funderar\",\"isPartOf\":{\"@id\":\"https:\/\/blogg.svenskakyrkan.se\/gerle\/#website\"},\"datePublished\":\"2014-04-09T20:26:02+00:00\",\"dateModified\":\"2014-04-20T17:32:38+00:00\",\"author\":{\"@id\":\"https:\/\/blogg.svenskakyrkan.se\/gerle\/#\/schema\/person\/785ea9fb35fb8ed3c2c9951295712d1b\"},\"breadcrumb\":{\"@id\":\"https:\/\/blogg.svenskakyrkan.se\/gerle\/2014\/04\/09\/quick-fix-mot-fattigdom\/#breadcrumb\"},\"inLanguage\":\"sv-SE\",\"potentialAction\":[{\"@type\":\"ReadAction\",\"target\":[\"https:\/\/blogg.svenskakyrkan.se\/gerle\/2014\/04\/09\/quick-fix-mot-fattigdom\/\"]}]},{\"@type\":\"BreadcrumbList\",\"@id\":\"https:\/\/blogg.svenskakyrkan.se\/gerle\/2014\/04\/09\/quick-fix-mot-fattigdom\/#breadcrumb\",\"itemListElement\":[{\"@type\":\"ListItem\",\"position\":1,\"name\":\"Hem\",\"item\":\"https:\/\/blogg.svenskakyrkan.se\/gerle\/\"},{\"@type\":\"ListItem\",\"position\":2,\"name\":\"Quick fix mot fattigdom?\"}]},{\"@type\":\"WebSite\",\"@id\":\"https:\/\/blogg.svenskakyrkan.se\/gerle\/#website\",\"url\":\"https:\/\/blogg.svenskakyrkan.se\/gerle\/\",\"name\":\"Elisabeth Gerle funderar\",\"description\":\"\",\"potentialAction\":[{\"@type\":\"SearchAction\",\"target\":{\"@type\":\"EntryPoint\",\"urlTemplate\":\"https:\/\/blogg.svenskakyrkan.se\/gerle\/?s={search_term_string}\"},\"query-input\":{\"@type\":\"PropertyValueSpecification\",\"valueRequired\":true,\"valueName\":\"search_term_string\"}}],\"inLanguage\":\"sv-SE\"},{\"@type\":\"Person\",\"@id\":\"https:\/\/blogg.svenskakyrkan.se\/gerle\/#\/schema\/person\/785ea9fb35fb8ed3c2c9951295712d1b\",\"name\":\"Elisabeth Gerle\",\"image\":{\"@type\":\"ImageObject\",\"inLanguage\":\"sv-SE\",\"@id\":\"https:\/\/blogg.svenskakyrkan.se\/gerle\/#\/schema\/person\/image\/\",\"url\":\"https:\/\/secure.gravatar.com\/avatar\/ae0524dd142908d7c8372401d72efaa66409cd86ee31f5e1eb23ae87edcf05e5?s=96&d=mm&r=g\",\"contentUrl\":\"https:\/\/secure.gravatar.com\/avatar\/ae0524dd142908d7c8372401d72efaa66409cd86ee31f5e1eb23ae87edcf05e5?s=96&d=mm&r=g\",\"caption\":\"Elisabeth Gerle\"},\"url\":\"https:\/\/blogg.svenskakyrkan.se\/gerle\/author\/gerle\/\"}]}<\/script>\n<!-- \/ Yoast SEO plugin. -->","yoast_head_json":{"title":"Quick fix mot fattigdom? - Elisabeth Gerle funderar","robots":{"index":"index","follow":"follow","max-snippet":"max-snippet:-1","max-image-preview":"max-image-preview:large","max-video-preview":"max-video-preview:-1"},"canonical":"https:\/\/blogg.svenskakyrkan.se\/gerle\/2014\/04\/09\/quick-fix-mot-fattigdom\/","og_locale":"sv_SE","og_type":"article","og_title":"Quick fix mot fattigdom? - Elisabeth Gerle funderar","og_description":"L\u00e4ngtar efter en quick fix! Det \u00e4r ju n\u00e5got vi brukar kritisera. F\u00f6r det finns inte. Men \u00e4nd\u00e5: Jag l\u00e4ngtar efter en qucik fix mot fattigdom. F\u00f6r att fattigdom skadar m\u00e4nniskor. Inte minst barn och unga. Desperationen ligger n\u00e4ra. Inte konstigt. Men just d\u00e4rf\u00f6r skr\u00e4mmer de fattiga. Det \u00e4r inte hudf\u00e4rg, inte kultur, inte en [&hellip;]","og_url":"https:\/\/blogg.svenskakyrkan.se\/gerle\/2014\/04\/09\/quick-fix-mot-fattigdom\/","og_site_name":"Elisabeth Gerle funderar","article_published_time":"2014-04-09T20:26:02+00:00","article_modified_time":"2014-04-20T17:32:38+00:00","author":"Elisabeth Gerle","twitter_card":"summary_large_image","twitter_misc":{"Skriven av":"Elisabeth Gerle","Ber\u00e4knad l\u00e4stid":"1 minut"},"schema":{"@context":"https:\/\/schema.org","@graph":[{"@type":"Article","@id":"https:\/\/blogg.svenskakyrkan.se\/gerle\/2014\/04\/09\/quick-fix-mot-fattigdom\/#article","isPartOf":{"@id":"https:\/\/blogg.svenskakyrkan.se\/gerle\/2014\/04\/09\/quick-fix-mot-fattigdom\/"},"author":{"name":"Elisabeth Gerle","@id":"https:\/\/blogg.svenskakyrkan.se\/gerle\/#\/schema\/person\/785ea9fb35fb8ed3c2c9951295712d1b"},"headline":"Quick fix mot fattigdom?","datePublished":"2014-04-09T20:26:02+00:00","dateModified":"2014-04-20T17:32:38+00:00","mainEntityOfPage":{"@id":"https:\/\/blogg.svenskakyrkan.se\/gerle\/2014\/04\/09\/quick-fix-mot-fattigdom\/"},"wordCount":171,"commentCount":1,"inLanguage":"sv-SE","potentialAction":[{"@type":"CommentAction","name":"Comment","target":["https:\/\/blogg.svenskakyrkan.se\/gerle\/2014\/04\/09\/quick-fix-mot-fattigdom\/#respond"]}]},{"@type":"WebPage","@id":"https:\/\/blogg.svenskakyrkan.se\/gerle\/2014\/04\/09\/quick-fix-mot-fattigdom\/","url":"https:\/\/blogg.svenskakyrkan.se\/gerle\/2014\/04\/09\/quick-fix-mot-fattigdom\/","name":"Quick fix mot fattigdom? - Elisabeth Gerle funderar","isPartOf":{"@id":"https:\/\/blogg.svenskakyrkan.se\/gerle\/#website"},"datePublished":"2014-04-09T20:26:02+00:00","dateModified":"2014-04-20T17:32:38+00:00","author":{"@id":"https:\/\/blogg.svenskakyrkan.se\/gerle\/#\/schema\/person\/785ea9fb35fb8ed3c2c9951295712d1b"},"breadcrumb":{"@id":"https:\/\/blogg.svenskakyrkan.se\/gerle\/2014\/04\/09\/quick-fix-mot-fattigdom\/#breadcrumb"},"inLanguage":"sv-SE","potentialAction":[{"@type":"ReadAction","target":["https:\/\/blogg.svenskakyrkan.se\/gerle\/2014\/04\/09\/quick-fix-mot-fattigdom\/"]}]},{"@type":"BreadcrumbList","@id":"https:\/\/blogg.svenskakyrkan.se\/gerle\/2014\/04\/09\/quick-fix-mot-fattigdom\/#breadcrumb","itemListElement":[{"@type":"ListItem","position":1,"name":"Hem","item":"https:\/\/blogg.svenskakyrkan.se\/gerle\/"},{"@type":"ListItem","position":2,"name":"Quick fix mot fattigdom?"}]},{"@type":"WebSite","@id":"https:\/\/blogg.svenskakyrkan.se\/gerle\/#website","url":"https:\/\/blogg.svenskakyrkan.se\/gerle\/","name":"Elisabeth Gerle funderar","description":"","potentialAction":[{"@type":"SearchAction","target":{"@type":"EntryPoint","urlTemplate":"https:\/\/blogg.svenskakyrkan.se\/gerle\/?s={search_term_string}"},"query-input":{"@type":"PropertyValueSpecification","valueRequired":true,"valueName":"search_term_string"}}],"inLanguage":"sv-SE"},{"@type":"Person","@id":"https:\/\/blogg.svenskakyrkan.se\/gerle\/#\/schema\/person\/785ea9fb35fb8ed3c2c9951295712d1b","name":"Elisabeth Gerle","image":{"@type":"ImageObject","inLanguage":"sv-SE","@id":"https:\/\/blogg.svenskakyrkan.se\/gerle\/#\/schema\/person\/image\/","url":"https:\/\/secure.gravatar.com\/avatar\/ae0524dd142908d7c8372401d72efaa66409cd86ee31f5e1eb23ae87edcf05e5?s=96&d=mm&r=g","contentUrl":"https:\/\/secure.gravatar.com\/avatar\/ae0524dd142908d7c8372401d72efaa66409cd86ee31f5e1eb23ae87edcf05e5?s=96&d=mm&r=g","caption":"Elisabeth Gerle"},"url":"https:\/\/blogg.svenskakyrkan.se\/gerle\/author\/gerle\/"}]}},"author_meta":{"ID":"63","user_nicename":"gerle","user_registered":"2011-05-05 12:24:01","display_name":"Elisabeth Gerle","first_name":"Elisabeth","last_name":"Gerle","avatar":"https:\/\/secure.gravatar.com\/avatar\/ae0524dd142908d7c8372401d72efaa66409cd86ee31f5e1eb23ae87edcf05e5?s=96&d=mm&r=g"},"featured_image":false,"bloginfo":{"name":"Elisabeth Gerle funderar","url":"https:\/\/blogg.svenskakyrkan.se\/gerle"},"_links":{"self":[{"href":"https:\/\/blogg.svenskakyrkan.se\/gerle\/wp-json\/wp\/v2\/posts\/407","targetHints":{"allow":["GET"]}}],"collection":[{"href":"https:\/\/blogg.svenskakyrkan.se\/gerle\/wp-json\/wp\/v2\/posts"}],"about":[{"href":"https:\/\/blogg.svenskakyrkan.se\/gerle\/wp-json\/wp\/v2\/types\/post"}],"author":[{"embeddable":true,"href":"https:\/\/blogg.svenskakyrkan.se\/gerle\/wp-json\/wp\/v2\/users\/63"}],"replies":[{"embeddable":true,"href":"https:\/\/blogg.svenskakyrkan.se\/gerle\/wp-json\/wp\/v2\/comments?post=407"}],"version-history":[{"count":18,"href":"https:\/\/blogg.svenskakyrkan.se\/gerle\/wp-json\/wp\/v2\/posts\/407\/revisions"}],"predecessor-version":[{"id":418,"href":"https:\/\/blogg.svenskakyrkan.se\/gerle\/wp-json\/wp\/v2\/posts\/407\/revisions\/418"}],"wp:attachment":[{"href":"https:\/\/blogg.svenskakyrkan.se\/gerle\/wp-json\/wp\/v2\/media?parent=407"}],"wp:term":[{"taxonomy":"category","embeddable":true,"href":"https:\/\/blogg.svenskakyrkan.se\/gerle\/wp-json\/wp\/v2\/categories?post=407"},{"taxonomy":"post_tag","embeddable":true,"href":"https:\/\/blogg.svenskakyrkan.se\/gerle\/wp-json\/wp\/v2\/tags?post=407"}],"curies":[{"name":"wp","href":"https:\/\/api.w.org\/{rel}","templated":true}]}}