{"id":425,"date":"2014-04-20T13:00:59","date_gmt":"2014-04-20T13:00:59","guid":{"rendered":"http:\/\/blogg.svenskakyrkan.se\/gerle\/?p=425"},"modified":"2014-04-20T18:14:16","modified_gmt":"2014-04-20T18:14:16","slug":"och-morkret-har-inte-fatt-makt-med-det","status":"publish","type":"post","link":"https:\/\/blogg.svenskakyrkan.se\/gerle\/2014\/04\/20\/och-morkret-har-inte-fatt-makt-med-det\/","title":{"rendered":"Och m\u00f6rkret har inte f\u00e5tt makt \u00f6ver det&#8230;"},"content":{"rendered":"<p style=\"text-align: right\">P\u00e5skdag. Firade gudstj\u00e4nt i den presbyterianska United Church i Stellenbosch. Fin predikan av David Hunter om att vi bara kan ana uppst\u00e5ndelsen via bilder. Som inledning till gudstj\u00e4nsten v\u00e4xell\u00e4ste vi Johannesproplogen. I begynnelsen var Ordet och Ordet var hos Gud&#8230; Joh. 1:1-12. Uppst\u00e5ndelsen l\u00e5ter oss ana att oavsett hur m\u00f6rkt det\u00a0\u00e4r, s\u00e5\u00a0finns ett ljus som lyser igenom, hopp om nytt liv.<\/p>\n<p>Det \u00e4r inte den tomma graven som \u00f6vertygat n\u00e5gon, men v\u00e4l n\u00e4rvaron, m\u00f6tet, erfarenheten att han lever. \u00c4ven om Petrus och de andra apostlarna f\u00f6rst tyckte att kvinnornas ber\u00e4ttelse om den tomma graven var nonsens, struntprat, s\u00e5 fattade\u00a0de s\u00e5 sm\u00e5ningom&#8230;.<\/p>\n","protected":false},"excerpt":{"rendered":"<p>P\u00e5skdag. Firade gudstj\u00e4nt i den presbyterianska United Church i Stellenbosch. Fin predikan av David Hunter om att vi bara kan ana uppst\u00e5ndelsen via bilder. Som inledning till gudstj\u00e4nsten v\u00e4xell\u00e4ste vi Johannesproplogen. I begynnelsen var Ordet och Ordet var hos Gud&#8230; Joh. 1:1-12. Uppst\u00e5ndelsen l\u00e5ter oss ana att oavsett hur m\u00f6rkt det\u00a0\u00e4r, s\u00e5\u00a0finns ett ljus som [&hellip;]<\/p>\n","protected":false},"author":63,"featured_media":0,"comment_status":"open","ping_status":"open","sticky":false,"template":"","format":"standard","meta":{"_acf_changed":false,"footnotes":""},"categories":[9],"tags":[],"class_list":["post-425","post","type-post","status-publish","format-standard","hentry","category-okategoriserade"],"acf":[],"yoast_head":"<!-- This site is optimized with the Yoast SEO plugin v27.1.1 - https:\/\/yoast.com\/product\/yoast-seo-wordpress\/ -->\n<title>Och m\u00f6rkret har inte f\u00e5tt makt \u00f6ver det... - Elisabeth Gerle funderar<\/title>\n<meta name=\"robots\" content=\"index, follow, max-snippet:-1, max-image-preview:large, max-video-preview:-1\" \/>\n<link rel=\"canonical\" href=\"https:\/\/blogg.svenskakyrkan.se\/gerle\/2014\/04\/20\/och-morkret-har-inte-fatt-makt-med-det\/\" \/>\n<meta property=\"og:locale\" content=\"sv_SE\" \/>\n<meta property=\"og:type\" content=\"article\" \/>\n<meta property=\"og:title\" content=\"Och m\u00f6rkret har inte f\u00e5tt makt \u00f6ver det... - Elisabeth Gerle funderar\" \/>\n<meta property=\"og:description\" content=\"P\u00e5skdag. Firade gudstj\u00e4nt i den presbyterianska United Church i Stellenbosch. Fin predikan av David Hunter om att vi bara kan ana uppst\u00e5ndelsen via bilder. Som inledning till gudstj\u00e4nsten v\u00e4xell\u00e4ste vi Johannesproplogen. I begynnelsen var Ordet och Ordet var hos Gud&#8230; Joh. 1:1-12. Uppst\u00e5ndelsen l\u00e5ter oss ana att oavsett hur m\u00f6rkt det\u00a0\u00e4r, s\u00e5\u00a0finns ett ljus som [&hellip;]\" \/>\n<meta property=\"og:url\" content=\"https:\/\/blogg.svenskakyrkan.se\/gerle\/2014\/04\/20\/och-morkret-har-inte-fatt-makt-med-det\/\" \/>\n<meta property=\"og:site_name\" content=\"Elisabeth Gerle funderar\" \/>\n<meta property=\"article:published_time\" content=\"2014-04-20T13:00:59+00:00\" \/>\n<meta property=\"article:modified_time\" content=\"2014-04-20T18:14:16+00:00\" \/>\n<meta name=\"author\" content=\"Elisabeth Gerle\" \/>\n<meta name=\"twitter:card\" content=\"summary_large_image\" \/>\n<meta name=\"twitter:label1\" content=\"Skriven av\" \/>\n\t<meta name=\"twitter:data1\" content=\"Elisabeth Gerle\" \/>\n\t<meta name=\"twitter:label2\" content=\"Ber\u00e4knad l\u00e4stid\" \/>\n\t<meta name=\"twitter:data2\" content=\"1 minut\" \/>\n<script type=\"application\/ld+json\" class=\"yoast-schema-graph\">{\"@context\":\"https:\/\/schema.org\",\"@graph\":[{\"@type\":\"Article\",\"@id\":\"https:\/\/blogg.svenskakyrkan.se\/gerle\/2014\/04\/20\/och-morkret-har-inte-fatt-makt-med-det\/#article\",\"isPartOf\":{\"@id\":\"https:\/\/blogg.svenskakyrkan.se\/gerle\/2014\/04\/20\/och-morkret-har-inte-fatt-makt-med-det\/\"},\"author\":{\"name\":\"Elisabeth Gerle\",\"@id\":\"https:\/\/blogg.svenskakyrkan.se\/gerle\/#\/schema\/person\/785ea9fb35fb8ed3c2c9951295712d1b\"},\"headline\":\"Och m\u00f6rkret har inte f\u00e5tt makt \u00f6ver det&#8230;\",\"datePublished\":\"2014-04-20T13:00:59+00:00\",\"dateModified\":\"2014-04-20T18:14:16+00:00\",\"mainEntityOfPage\":{\"@id\":\"https:\/\/blogg.svenskakyrkan.se\/gerle\/2014\/04\/20\/och-morkret-har-inte-fatt-makt-med-det\/\"},\"wordCount\":130,\"commentCount\":0,\"inLanguage\":\"sv-SE\",\"potentialAction\":[{\"@type\":\"CommentAction\",\"name\":\"Comment\",\"target\":[\"https:\/\/blogg.svenskakyrkan.se\/gerle\/2014\/04\/20\/och-morkret-har-inte-fatt-makt-med-det\/#respond\"]}]},{\"@type\":\"WebPage\",\"@id\":\"https:\/\/blogg.svenskakyrkan.se\/gerle\/2014\/04\/20\/och-morkret-har-inte-fatt-makt-med-det\/\",\"url\":\"https:\/\/blogg.svenskakyrkan.se\/gerle\/2014\/04\/20\/och-morkret-har-inte-fatt-makt-med-det\/\",\"name\":\"Och m\u00f6rkret har inte f\u00e5tt makt \u00f6ver det... - Elisabeth Gerle funderar\",\"isPartOf\":{\"@id\":\"https:\/\/blogg.svenskakyrkan.se\/gerle\/#website\"},\"datePublished\":\"2014-04-20T13:00:59+00:00\",\"dateModified\":\"2014-04-20T18:14:16+00:00\",\"author\":{\"@id\":\"https:\/\/blogg.svenskakyrkan.se\/gerle\/#\/schema\/person\/785ea9fb35fb8ed3c2c9951295712d1b\"},\"breadcrumb\":{\"@id\":\"https:\/\/blogg.svenskakyrkan.se\/gerle\/2014\/04\/20\/och-morkret-har-inte-fatt-makt-med-det\/#breadcrumb\"},\"inLanguage\":\"sv-SE\",\"potentialAction\":[{\"@type\":\"ReadAction\",\"target\":[\"https:\/\/blogg.svenskakyrkan.se\/gerle\/2014\/04\/20\/och-morkret-har-inte-fatt-makt-med-det\/\"]}]},{\"@type\":\"BreadcrumbList\",\"@id\":\"https:\/\/blogg.svenskakyrkan.se\/gerle\/2014\/04\/20\/och-morkret-har-inte-fatt-makt-med-det\/#breadcrumb\",\"itemListElement\":[{\"@type\":\"ListItem\",\"position\":1,\"name\":\"Hem\",\"item\":\"https:\/\/blogg.svenskakyrkan.se\/gerle\/\"},{\"@type\":\"ListItem\",\"position\":2,\"name\":\"Och m\u00f6rkret har inte f\u00e5tt makt \u00f6ver det&#8230;\"}]},{\"@type\":\"WebSite\",\"@id\":\"https:\/\/blogg.svenskakyrkan.se\/gerle\/#website\",\"url\":\"https:\/\/blogg.svenskakyrkan.se\/gerle\/\",\"name\":\"Elisabeth Gerle funderar\",\"description\":\"\",\"potentialAction\":[{\"@type\":\"SearchAction\",\"target\":{\"@type\":\"EntryPoint\",\"urlTemplate\":\"https:\/\/blogg.svenskakyrkan.se\/gerle\/?s={search_term_string}\"},\"query-input\":{\"@type\":\"PropertyValueSpecification\",\"valueRequired\":true,\"valueName\":\"search_term_string\"}}],\"inLanguage\":\"sv-SE\"},{\"@type\":\"Person\",\"@id\":\"https:\/\/blogg.svenskakyrkan.se\/gerle\/#\/schema\/person\/785ea9fb35fb8ed3c2c9951295712d1b\",\"name\":\"Elisabeth Gerle\",\"image\":{\"@type\":\"ImageObject\",\"inLanguage\":\"sv-SE\",\"@id\":\"https:\/\/blogg.svenskakyrkan.se\/gerle\/#\/schema\/person\/image\/\",\"url\":\"https:\/\/secure.gravatar.com\/avatar\/ae0524dd142908d7c8372401d72efaa66409cd86ee31f5e1eb23ae87edcf05e5?s=96&d=mm&r=g\",\"contentUrl\":\"https:\/\/secure.gravatar.com\/avatar\/ae0524dd142908d7c8372401d72efaa66409cd86ee31f5e1eb23ae87edcf05e5?s=96&d=mm&r=g\",\"caption\":\"Elisabeth Gerle\"},\"url\":\"https:\/\/blogg.svenskakyrkan.se\/gerle\/author\/gerle\/\"}]}<\/script>\n<!-- \/ Yoast SEO plugin. -->","yoast_head_json":{"title":"Och m\u00f6rkret har inte f\u00e5tt makt \u00f6ver det... - Elisabeth Gerle funderar","robots":{"index":"index","follow":"follow","max-snippet":"max-snippet:-1","max-image-preview":"max-image-preview:large","max-video-preview":"max-video-preview:-1"},"canonical":"https:\/\/blogg.svenskakyrkan.se\/gerle\/2014\/04\/20\/och-morkret-har-inte-fatt-makt-med-det\/","og_locale":"sv_SE","og_type":"article","og_title":"Och m\u00f6rkret har inte f\u00e5tt makt \u00f6ver det... - Elisabeth Gerle funderar","og_description":"P\u00e5skdag. Firade gudstj\u00e4nt i den presbyterianska United Church i Stellenbosch. Fin predikan av David Hunter om att vi bara kan ana uppst\u00e5ndelsen via bilder. Som inledning till gudstj\u00e4nsten v\u00e4xell\u00e4ste vi Johannesproplogen. I begynnelsen var Ordet och Ordet var hos Gud&#8230; Joh. 1:1-12. Uppst\u00e5ndelsen l\u00e5ter oss ana att oavsett hur m\u00f6rkt det\u00a0\u00e4r, s\u00e5\u00a0finns ett ljus som [&hellip;]","og_url":"https:\/\/blogg.svenskakyrkan.se\/gerle\/2014\/04\/20\/och-morkret-har-inte-fatt-makt-med-det\/","og_site_name":"Elisabeth Gerle funderar","article_published_time":"2014-04-20T13:00:59+00:00","article_modified_time":"2014-04-20T18:14:16+00:00","author":"Elisabeth Gerle","twitter_card":"summary_large_image","twitter_misc":{"Skriven av":"Elisabeth Gerle","Ber\u00e4knad l\u00e4stid":"1 minut"},"schema":{"@context":"https:\/\/schema.org","@graph":[{"@type":"Article","@id":"https:\/\/blogg.svenskakyrkan.se\/gerle\/2014\/04\/20\/och-morkret-har-inte-fatt-makt-med-det\/#article","isPartOf":{"@id":"https:\/\/blogg.svenskakyrkan.se\/gerle\/2014\/04\/20\/och-morkret-har-inte-fatt-makt-med-det\/"},"author":{"name":"Elisabeth Gerle","@id":"https:\/\/blogg.svenskakyrkan.se\/gerle\/#\/schema\/person\/785ea9fb35fb8ed3c2c9951295712d1b"},"headline":"Och m\u00f6rkret har inte f\u00e5tt makt \u00f6ver det&#8230;","datePublished":"2014-04-20T13:00:59+00:00","dateModified":"2014-04-20T18:14:16+00:00","mainEntityOfPage":{"@id":"https:\/\/blogg.svenskakyrkan.se\/gerle\/2014\/04\/20\/och-morkret-har-inte-fatt-makt-med-det\/"},"wordCount":130,"commentCount":0,"inLanguage":"sv-SE","potentialAction":[{"@type":"CommentAction","name":"Comment","target":["https:\/\/blogg.svenskakyrkan.se\/gerle\/2014\/04\/20\/och-morkret-har-inte-fatt-makt-med-det\/#respond"]}]},{"@type":"WebPage","@id":"https:\/\/blogg.svenskakyrkan.se\/gerle\/2014\/04\/20\/och-morkret-har-inte-fatt-makt-med-det\/","url":"https:\/\/blogg.svenskakyrkan.se\/gerle\/2014\/04\/20\/och-morkret-har-inte-fatt-makt-med-det\/","name":"Och m\u00f6rkret har inte f\u00e5tt makt \u00f6ver det... - Elisabeth Gerle funderar","isPartOf":{"@id":"https:\/\/blogg.svenskakyrkan.se\/gerle\/#website"},"datePublished":"2014-04-20T13:00:59+00:00","dateModified":"2014-04-20T18:14:16+00:00","author":{"@id":"https:\/\/blogg.svenskakyrkan.se\/gerle\/#\/schema\/person\/785ea9fb35fb8ed3c2c9951295712d1b"},"breadcrumb":{"@id":"https:\/\/blogg.svenskakyrkan.se\/gerle\/2014\/04\/20\/och-morkret-har-inte-fatt-makt-med-det\/#breadcrumb"},"inLanguage":"sv-SE","potentialAction":[{"@type":"ReadAction","target":["https:\/\/blogg.svenskakyrkan.se\/gerle\/2014\/04\/20\/och-morkret-har-inte-fatt-makt-med-det\/"]}]},{"@type":"BreadcrumbList","@id":"https:\/\/blogg.svenskakyrkan.se\/gerle\/2014\/04\/20\/och-morkret-har-inte-fatt-makt-med-det\/#breadcrumb","itemListElement":[{"@type":"ListItem","position":1,"name":"Hem","item":"https:\/\/blogg.svenskakyrkan.se\/gerle\/"},{"@type":"ListItem","position":2,"name":"Och m\u00f6rkret har inte f\u00e5tt makt \u00f6ver det&#8230;"}]},{"@type":"WebSite","@id":"https:\/\/blogg.svenskakyrkan.se\/gerle\/#website","url":"https:\/\/blogg.svenskakyrkan.se\/gerle\/","name":"Elisabeth Gerle funderar","description":"","potentialAction":[{"@type":"SearchAction","target":{"@type":"EntryPoint","urlTemplate":"https:\/\/blogg.svenskakyrkan.se\/gerle\/?s={search_term_string}"},"query-input":{"@type":"PropertyValueSpecification","valueRequired":true,"valueName":"search_term_string"}}],"inLanguage":"sv-SE"},{"@type":"Person","@id":"https:\/\/blogg.svenskakyrkan.se\/gerle\/#\/schema\/person\/785ea9fb35fb8ed3c2c9951295712d1b","name":"Elisabeth Gerle","image":{"@type":"ImageObject","inLanguage":"sv-SE","@id":"https:\/\/blogg.svenskakyrkan.se\/gerle\/#\/schema\/person\/image\/","url":"https:\/\/secure.gravatar.com\/avatar\/ae0524dd142908d7c8372401d72efaa66409cd86ee31f5e1eb23ae87edcf05e5?s=96&d=mm&r=g","contentUrl":"https:\/\/secure.gravatar.com\/avatar\/ae0524dd142908d7c8372401d72efaa66409cd86ee31f5e1eb23ae87edcf05e5?s=96&d=mm&r=g","caption":"Elisabeth Gerle"},"url":"https:\/\/blogg.svenskakyrkan.se\/gerle\/author\/gerle\/"}]}},"author_meta":{"ID":"63","user_nicename":"gerle","user_registered":"2011-05-05 12:24:01","display_name":"Elisabeth Gerle","first_name":"Elisabeth","last_name":"Gerle","avatar":"https:\/\/secure.gravatar.com\/avatar\/ae0524dd142908d7c8372401d72efaa66409cd86ee31f5e1eb23ae87edcf05e5?s=96&d=mm&r=g"},"featured_image":false,"bloginfo":{"name":"Elisabeth Gerle funderar","url":"https:\/\/blogg.svenskakyrkan.se\/gerle"},"_links":{"self":[{"href":"https:\/\/blogg.svenskakyrkan.se\/gerle\/wp-json\/wp\/v2\/posts\/425","targetHints":{"allow":["GET"]}}],"collection":[{"href":"https:\/\/blogg.svenskakyrkan.se\/gerle\/wp-json\/wp\/v2\/posts"}],"about":[{"href":"https:\/\/blogg.svenskakyrkan.se\/gerle\/wp-json\/wp\/v2\/types\/post"}],"author":[{"embeddable":true,"href":"https:\/\/blogg.svenskakyrkan.se\/gerle\/wp-json\/wp\/v2\/users\/63"}],"replies":[{"embeddable":true,"href":"https:\/\/blogg.svenskakyrkan.se\/gerle\/wp-json\/wp\/v2\/comments?post=425"}],"version-history":[{"count":8,"href":"https:\/\/blogg.svenskakyrkan.se\/gerle\/wp-json\/wp\/v2\/posts\/425\/revisions"}],"predecessor-version":[{"id":434,"href":"https:\/\/blogg.svenskakyrkan.se\/gerle\/wp-json\/wp\/v2\/posts\/425\/revisions\/434"}],"wp:attachment":[{"href":"https:\/\/blogg.svenskakyrkan.se\/gerle\/wp-json\/wp\/v2\/media?parent=425"}],"wp:term":[{"taxonomy":"category","embeddable":true,"href":"https:\/\/blogg.svenskakyrkan.se\/gerle\/wp-json\/wp\/v2\/categories?post=425"},{"taxonomy":"post_tag","embeddable":true,"href":"https:\/\/blogg.svenskakyrkan.se\/gerle\/wp-json\/wp\/v2\/tags?post=425"}],"curies":[{"name":"wp","href":"https:\/\/api.w.org\/{rel}","templated":true}]}}