{"id":44,"date":"2011-05-25T16:34:39","date_gmt":"2011-05-25T16:34:39","guid":{"rendered":"http:\/\/blogg.svenskakyrkan.se\/gerle\/?p=44"},"modified":"2011-05-25T21:05:51","modified_gmt":"2011-05-25T21:05:51","slug":"nytt-intresse-for-martin-luther","status":"publish","type":"post","link":"https:\/\/blogg.svenskakyrkan.se\/gerle\/2011\/05\/25\/nytt-intresse-for-martin-luther\/","title":{"rendered":"Nytt intresse f\u00f6r Martin Luther"},"content":{"rendered":"<p>2017 \u00e4r det 500 \u00e5r sen Martin Luther spikade upp sina ber\u00f6mda teser p\u00e5 Wittenbergs kyrkport. \u00c4r det d\u00e5 inte dags att l\u00e5ta den gamle vila i frid? Men han tycks tilldra sig allt st\u00f6rre intresse. Ut\u00f6ver den luthergrupp med olika forskare i Sverige\u00a0som sedan ett par \u00e5r arbetar med att studera luthersk teologi och etik i en postkristen tid vill \u00a0nu en abetsgrupp best\u00e5ende av feministiska forskare\u00a0fr\u00e5n Norge, Danmark, Finland, Island och Sverige ge sig i kast med Luther. F\u00f6r att granska och l\u00e5ta sig utmanas.<\/p>\n<p>Man talar ibland om det dolda kulturarvet. D\u00e4r ing\u00e5r Martin Luther i alla de nordiska l\u00e4nderna. Kan det ha haft n\u00e5gon betydelse f\u00f6r att dessa l\u00e4nder \u00e4r k\u00e4nda f\u00f6r j\u00e4mst\u00e4lldhet \u00f6ver hela v\u00e4rlden? M\u00f6jligen.\u00a0I alla dessa l\u00e4nder fick alla som en f\u00f6ljd av reformationen l\u00e4ra sig l\u00e4sa och skriva hj\u00e4lpligt, b\u00e5de flickor och pojkar, h\u00f6g och l\u00e5g. Att det vardagliga arbetet uppv\u00e4rderades och s\u00e5gs som en gudstj\u00e4nst likas\u00e5.<\/p>\n<p>Men det \u00e4r inte bara Luther som ing\u00e5r i det dolda kulturarvet. Melanchton och Kalvin kan ha p\u00e5verkat \u00e4n mer av vad som kom att uppfattas om lutherskt. Det \u00e4r ytterligare en anledning att ge sig i kast med Luther direkt. Inte f\u00f6r att k\u00f6pa allt han sa eller skrev, men f\u00f6r att ta spj\u00e4rn och bearbeta den egna traditionen. Luther \u00e4r som en stor resonansl\u00e5da som man inte kan strunta i om man vill f\u00f6rst\u00e5 de nordiska samh\u00e4llena och hur debatten f\u00f6rs. Gustaf Wingren, som hade fyllt 100 \u00e5r om han levat, publicerade 1970 en liten bok med ett antal ess\u00e4rer och\u00a0f\u00f6redrag han h\u00e5llit i olika l\u00e4nder. Den \u00e4r fortfarande v\u00e4l v\u00e4rd att l\u00e4sa. Dessutom\u00a0l\u00e4ttl\u00e4st. Men titeln \u00e4r det b\u00e4sta: LUTHER FRIGIVEN. Ska bli sp\u00e4nnande att se vad de nordiska kvinnorna sl\u00e4pper loss&#8230;.<\/p>\n","protected":false},"excerpt":{"rendered":"<p>2017 \u00e4r det 500 \u00e5r sen Martin Luther spikade upp sina ber\u00f6mda teser p\u00e5 Wittenbergs kyrkport. \u00c4r det d\u00e5 inte dags att l\u00e5ta den gamle vila i frid? Men han tycks tilldra sig allt st\u00f6rre intresse. Ut\u00f6ver den luthergrupp med olika forskare i Sverige\u00a0som sedan ett par \u00e5r arbetar med att studera luthersk teologi och [&hellip;]<\/p>\n","protected":false},"author":63,"featured_media":0,"comment_status":"open","ping_status":"open","sticky":false,"template":"","format":"standard","meta":{"_acf_changed":false,"footnotes":""},"categories":[9],"tags":[],"class_list":["post-44","post","type-post","status-publish","format-standard","hentry","category-okategoriserade"],"acf":[],"yoast_head":"<!-- This site is optimized with the Yoast SEO plugin v27.1.1 - https:\/\/yoast.com\/product\/yoast-seo-wordpress\/ -->\n<title>Nytt intresse f\u00f6r Martin Luther - Elisabeth Gerle funderar<\/title>\n<meta name=\"robots\" content=\"index, follow, max-snippet:-1, max-image-preview:large, max-video-preview:-1\" \/>\n<link rel=\"canonical\" href=\"https:\/\/blogg.svenskakyrkan.se\/gerle\/2011\/05\/25\/nytt-intresse-for-martin-luther\/\" \/>\n<meta property=\"og:locale\" content=\"sv_SE\" \/>\n<meta property=\"og:type\" content=\"article\" \/>\n<meta property=\"og:title\" content=\"Nytt intresse f\u00f6r Martin Luther - Elisabeth Gerle funderar\" \/>\n<meta property=\"og:description\" content=\"2017 \u00e4r det 500 \u00e5r sen Martin Luther spikade upp sina ber\u00f6mda teser p\u00e5 Wittenbergs kyrkport. \u00c4r det d\u00e5 inte dags att l\u00e5ta den gamle vila i frid? Men han tycks tilldra sig allt st\u00f6rre intresse. Ut\u00f6ver den luthergrupp med olika forskare i Sverige\u00a0som sedan ett par \u00e5r arbetar med att studera luthersk teologi och [&hellip;]\" \/>\n<meta property=\"og:url\" content=\"https:\/\/blogg.svenskakyrkan.se\/gerle\/2011\/05\/25\/nytt-intresse-for-martin-luther\/\" \/>\n<meta property=\"og:site_name\" content=\"Elisabeth Gerle funderar\" \/>\n<meta property=\"article:published_time\" content=\"2011-05-25T16:34:39+00:00\" \/>\n<meta property=\"article:modified_time\" content=\"2011-05-25T21:05:51+00:00\" \/>\n<meta name=\"author\" content=\"Elisabeth Gerle\" \/>\n<meta name=\"twitter:card\" content=\"summary_large_image\" \/>\n<meta name=\"twitter:label1\" content=\"Skriven av\" \/>\n\t<meta name=\"twitter:data1\" content=\"Elisabeth Gerle\" \/>\n\t<meta name=\"twitter:label2\" content=\"Ber\u00e4knad l\u00e4stid\" \/>\n\t<meta name=\"twitter:data2\" content=\"2 minuter\" \/>\n<script type=\"application\/ld+json\" class=\"yoast-schema-graph\">{\"@context\":\"https:\/\/schema.org\",\"@graph\":[{\"@type\":\"Article\",\"@id\":\"https:\/\/blogg.svenskakyrkan.se\/gerle\/2011\/05\/25\/nytt-intresse-for-martin-luther\/#article\",\"isPartOf\":{\"@id\":\"https:\/\/blogg.svenskakyrkan.se\/gerle\/2011\/05\/25\/nytt-intresse-for-martin-luther\/\"},\"author\":{\"name\":\"Elisabeth Gerle\",\"@id\":\"https:\/\/blogg.svenskakyrkan.se\/gerle\/#\/schema\/person\/785ea9fb35fb8ed3c2c9951295712d1b\"},\"headline\":\"Nytt intresse f\u00f6r Martin Luther\",\"datePublished\":\"2011-05-25T16:34:39+00:00\",\"dateModified\":\"2011-05-25T21:05:51+00:00\",\"mainEntityOfPage\":{\"@id\":\"https:\/\/blogg.svenskakyrkan.se\/gerle\/2011\/05\/25\/nytt-intresse-for-martin-luther\/\"},\"wordCount\":349,\"commentCount\":1,\"inLanguage\":\"sv-SE\",\"potentialAction\":[{\"@type\":\"CommentAction\",\"name\":\"Comment\",\"target\":[\"https:\/\/blogg.svenskakyrkan.se\/gerle\/2011\/05\/25\/nytt-intresse-for-martin-luther\/#respond\"]}]},{\"@type\":\"WebPage\",\"@id\":\"https:\/\/blogg.svenskakyrkan.se\/gerle\/2011\/05\/25\/nytt-intresse-for-martin-luther\/\",\"url\":\"https:\/\/blogg.svenskakyrkan.se\/gerle\/2011\/05\/25\/nytt-intresse-for-martin-luther\/\",\"name\":\"Nytt intresse f\u00f6r Martin Luther - Elisabeth Gerle funderar\",\"isPartOf\":{\"@id\":\"https:\/\/blogg.svenskakyrkan.se\/gerle\/#website\"},\"datePublished\":\"2011-05-25T16:34:39+00:00\",\"dateModified\":\"2011-05-25T21:05:51+00:00\",\"author\":{\"@id\":\"https:\/\/blogg.svenskakyrkan.se\/gerle\/#\/schema\/person\/785ea9fb35fb8ed3c2c9951295712d1b\"},\"breadcrumb\":{\"@id\":\"https:\/\/blogg.svenskakyrkan.se\/gerle\/2011\/05\/25\/nytt-intresse-for-martin-luther\/#breadcrumb\"},\"inLanguage\":\"sv-SE\",\"potentialAction\":[{\"@type\":\"ReadAction\",\"target\":[\"https:\/\/blogg.svenskakyrkan.se\/gerle\/2011\/05\/25\/nytt-intresse-for-martin-luther\/\"]}]},{\"@type\":\"BreadcrumbList\",\"@id\":\"https:\/\/blogg.svenskakyrkan.se\/gerle\/2011\/05\/25\/nytt-intresse-for-martin-luther\/#breadcrumb\",\"itemListElement\":[{\"@type\":\"ListItem\",\"position\":1,\"name\":\"Hem\",\"item\":\"https:\/\/blogg.svenskakyrkan.se\/gerle\/\"},{\"@type\":\"ListItem\",\"position\":2,\"name\":\"Nytt intresse f\u00f6r Martin Luther\"}]},{\"@type\":\"WebSite\",\"@id\":\"https:\/\/blogg.svenskakyrkan.se\/gerle\/#website\",\"url\":\"https:\/\/blogg.svenskakyrkan.se\/gerle\/\",\"name\":\"Elisabeth Gerle funderar\",\"description\":\"\",\"potentialAction\":[{\"@type\":\"SearchAction\",\"target\":{\"@type\":\"EntryPoint\",\"urlTemplate\":\"https:\/\/blogg.svenskakyrkan.se\/gerle\/?s={search_term_string}\"},\"query-input\":{\"@type\":\"PropertyValueSpecification\",\"valueRequired\":true,\"valueName\":\"search_term_string\"}}],\"inLanguage\":\"sv-SE\"},{\"@type\":\"Person\",\"@id\":\"https:\/\/blogg.svenskakyrkan.se\/gerle\/#\/schema\/person\/785ea9fb35fb8ed3c2c9951295712d1b\",\"name\":\"Elisabeth Gerle\",\"image\":{\"@type\":\"ImageObject\",\"inLanguage\":\"sv-SE\",\"@id\":\"https:\/\/blogg.svenskakyrkan.se\/gerle\/#\/schema\/person\/image\/\",\"url\":\"https:\/\/secure.gravatar.com\/avatar\/ae0524dd142908d7c8372401d72efaa66409cd86ee31f5e1eb23ae87edcf05e5?s=96&d=mm&r=g\",\"contentUrl\":\"https:\/\/secure.gravatar.com\/avatar\/ae0524dd142908d7c8372401d72efaa66409cd86ee31f5e1eb23ae87edcf05e5?s=96&d=mm&r=g\",\"caption\":\"Elisabeth Gerle\"},\"url\":\"https:\/\/blogg.svenskakyrkan.se\/gerle\/author\/gerle\/\"}]}<\/script>\n<!-- \/ Yoast SEO plugin. -->","yoast_head_json":{"title":"Nytt intresse f\u00f6r Martin Luther - Elisabeth Gerle funderar","robots":{"index":"index","follow":"follow","max-snippet":"max-snippet:-1","max-image-preview":"max-image-preview:large","max-video-preview":"max-video-preview:-1"},"canonical":"https:\/\/blogg.svenskakyrkan.se\/gerle\/2011\/05\/25\/nytt-intresse-for-martin-luther\/","og_locale":"sv_SE","og_type":"article","og_title":"Nytt intresse f\u00f6r Martin Luther - Elisabeth Gerle funderar","og_description":"2017 \u00e4r det 500 \u00e5r sen Martin Luther spikade upp sina ber\u00f6mda teser p\u00e5 Wittenbergs kyrkport. \u00c4r det d\u00e5 inte dags att l\u00e5ta den gamle vila i frid? Men han tycks tilldra sig allt st\u00f6rre intresse. Ut\u00f6ver den luthergrupp med olika forskare i Sverige\u00a0som sedan ett par \u00e5r arbetar med att studera luthersk teologi och [&hellip;]","og_url":"https:\/\/blogg.svenskakyrkan.se\/gerle\/2011\/05\/25\/nytt-intresse-for-martin-luther\/","og_site_name":"Elisabeth Gerle funderar","article_published_time":"2011-05-25T16:34:39+00:00","article_modified_time":"2011-05-25T21:05:51+00:00","author":"Elisabeth Gerle","twitter_card":"summary_large_image","twitter_misc":{"Skriven av":"Elisabeth Gerle","Ber\u00e4knad l\u00e4stid":"2 minuter"},"schema":{"@context":"https:\/\/schema.org","@graph":[{"@type":"Article","@id":"https:\/\/blogg.svenskakyrkan.se\/gerle\/2011\/05\/25\/nytt-intresse-for-martin-luther\/#article","isPartOf":{"@id":"https:\/\/blogg.svenskakyrkan.se\/gerle\/2011\/05\/25\/nytt-intresse-for-martin-luther\/"},"author":{"name":"Elisabeth Gerle","@id":"https:\/\/blogg.svenskakyrkan.se\/gerle\/#\/schema\/person\/785ea9fb35fb8ed3c2c9951295712d1b"},"headline":"Nytt intresse f\u00f6r Martin Luther","datePublished":"2011-05-25T16:34:39+00:00","dateModified":"2011-05-25T21:05:51+00:00","mainEntityOfPage":{"@id":"https:\/\/blogg.svenskakyrkan.se\/gerle\/2011\/05\/25\/nytt-intresse-for-martin-luther\/"},"wordCount":349,"commentCount":1,"inLanguage":"sv-SE","potentialAction":[{"@type":"CommentAction","name":"Comment","target":["https:\/\/blogg.svenskakyrkan.se\/gerle\/2011\/05\/25\/nytt-intresse-for-martin-luther\/#respond"]}]},{"@type":"WebPage","@id":"https:\/\/blogg.svenskakyrkan.se\/gerle\/2011\/05\/25\/nytt-intresse-for-martin-luther\/","url":"https:\/\/blogg.svenskakyrkan.se\/gerle\/2011\/05\/25\/nytt-intresse-for-martin-luther\/","name":"Nytt intresse f\u00f6r Martin Luther - Elisabeth Gerle funderar","isPartOf":{"@id":"https:\/\/blogg.svenskakyrkan.se\/gerle\/#website"},"datePublished":"2011-05-25T16:34:39+00:00","dateModified":"2011-05-25T21:05:51+00:00","author":{"@id":"https:\/\/blogg.svenskakyrkan.se\/gerle\/#\/schema\/person\/785ea9fb35fb8ed3c2c9951295712d1b"},"breadcrumb":{"@id":"https:\/\/blogg.svenskakyrkan.se\/gerle\/2011\/05\/25\/nytt-intresse-for-martin-luther\/#breadcrumb"},"inLanguage":"sv-SE","potentialAction":[{"@type":"ReadAction","target":["https:\/\/blogg.svenskakyrkan.se\/gerle\/2011\/05\/25\/nytt-intresse-for-martin-luther\/"]}]},{"@type":"BreadcrumbList","@id":"https:\/\/blogg.svenskakyrkan.se\/gerle\/2011\/05\/25\/nytt-intresse-for-martin-luther\/#breadcrumb","itemListElement":[{"@type":"ListItem","position":1,"name":"Hem","item":"https:\/\/blogg.svenskakyrkan.se\/gerle\/"},{"@type":"ListItem","position":2,"name":"Nytt intresse f\u00f6r Martin Luther"}]},{"@type":"WebSite","@id":"https:\/\/blogg.svenskakyrkan.se\/gerle\/#website","url":"https:\/\/blogg.svenskakyrkan.se\/gerle\/","name":"Elisabeth Gerle funderar","description":"","potentialAction":[{"@type":"SearchAction","target":{"@type":"EntryPoint","urlTemplate":"https:\/\/blogg.svenskakyrkan.se\/gerle\/?s={search_term_string}"},"query-input":{"@type":"PropertyValueSpecification","valueRequired":true,"valueName":"search_term_string"}}],"inLanguage":"sv-SE"},{"@type":"Person","@id":"https:\/\/blogg.svenskakyrkan.se\/gerle\/#\/schema\/person\/785ea9fb35fb8ed3c2c9951295712d1b","name":"Elisabeth Gerle","image":{"@type":"ImageObject","inLanguage":"sv-SE","@id":"https:\/\/blogg.svenskakyrkan.se\/gerle\/#\/schema\/person\/image\/","url":"https:\/\/secure.gravatar.com\/avatar\/ae0524dd142908d7c8372401d72efaa66409cd86ee31f5e1eb23ae87edcf05e5?s=96&d=mm&r=g","contentUrl":"https:\/\/secure.gravatar.com\/avatar\/ae0524dd142908d7c8372401d72efaa66409cd86ee31f5e1eb23ae87edcf05e5?s=96&d=mm&r=g","caption":"Elisabeth Gerle"},"url":"https:\/\/blogg.svenskakyrkan.se\/gerle\/author\/gerle\/"}]}},"author_meta":{"ID":"63","user_nicename":"gerle","user_registered":"2011-05-05 12:24:01","display_name":"Elisabeth Gerle","first_name":"Elisabeth","last_name":"Gerle","avatar":"https:\/\/secure.gravatar.com\/avatar\/ae0524dd142908d7c8372401d72efaa66409cd86ee31f5e1eb23ae87edcf05e5?s=96&d=mm&r=g"},"featured_image":false,"bloginfo":{"name":"Elisabeth Gerle funderar","url":"https:\/\/blogg.svenskakyrkan.se\/gerle"},"_links":{"self":[{"href":"https:\/\/blogg.svenskakyrkan.se\/gerle\/wp-json\/wp\/v2\/posts\/44","targetHints":{"allow":["GET"]}}],"collection":[{"href":"https:\/\/blogg.svenskakyrkan.se\/gerle\/wp-json\/wp\/v2\/posts"}],"about":[{"href":"https:\/\/blogg.svenskakyrkan.se\/gerle\/wp-json\/wp\/v2\/types\/post"}],"author":[{"embeddable":true,"href":"https:\/\/blogg.svenskakyrkan.se\/gerle\/wp-json\/wp\/v2\/users\/63"}],"replies":[{"embeddable":true,"href":"https:\/\/blogg.svenskakyrkan.se\/gerle\/wp-json\/wp\/v2\/comments?post=44"}],"version-history":[{"count":20,"href":"https:\/\/blogg.svenskakyrkan.se\/gerle\/wp-json\/wp\/v2\/posts\/44\/revisions"}],"predecessor-version":[{"id":62,"href":"https:\/\/blogg.svenskakyrkan.se\/gerle\/wp-json\/wp\/v2\/posts\/44\/revisions\/62"}],"wp:attachment":[{"href":"https:\/\/blogg.svenskakyrkan.se\/gerle\/wp-json\/wp\/v2\/media?parent=44"}],"wp:term":[{"taxonomy":"category","embeddable":true,"href":"https:\/\/blogg.svenskakyrkan.se\/gerle\/wp-json\/wp\/v2\/categories?post=44"},{"taxonomy":"post_tag","embeddable":true,"href":"https:\/\/blogg.svenskakyrkan.se\/gerle\/wp-json\/wp\/v2\/tags?post=44"}],"curies":[{"name":"wp","href":"https:\/\/api.w.org\/{rel}","templated":true}]}}