{"id":446,"date":"2014-09-11T02:20:58","date_gmt":"2014-09-11T02:20:58","guid":{"rendered":"http:\/\/blogg.svenskakyrkan.se\/gerle\/?p=446"},"modified":"2014-09-11T02:20:58","modified_gmt":"2014-09-11T02:20:58","slug":"ivone-gebara-hedersdoktor-i-sao-leopoldo-brasilien","status":"publish","type":"post","link":"https:\/\/blogg.svenskakyrkan.se\/gerle\/2014\/09\/11\/ivone-gebara-hedersdoktor-i-sao-leopoldo-brasilien\/","title":{"rendered":"Ivone Gebara hedersdoktor i S\u00e3o Leopoldo, Brasilien"},"content":{"rendered":"<p>Den 10 sept 2014 blev den latinamerikanska feministteologen Ivone Gebara hedersdoktor vid EST i Brasilien. EST st\u00e5r f\u00f6r\u00a0Escola Superior de Teologia\u00a0i <em>S\u00e3o Leopoldo<\/em>.\u00a0 Ceremonin firades i samband med en internationell kongress om Religion, Media\u00a0and Culture\u00a0dit jag blivit inbjuden som huvudtalare och som medverkande i ett sympoisum. P\u00e5 onsdagskv\u00e4llen var det dags f\u00f6r prisceremonin.<\/p>\n<p>De ansvariga f\u00f6r programmet om genusstudier hade arrangerat kv\u00e4llen och skapat en milj\u00f6 i den stora aulan som p\u00e5minde om ett hem. D\u00e4r fanns ett bibliotek med utst\u00e4llning av Ivone Gebaras b\u00f6cker precis n\u00e4r man kom in i den stora h\u00f6rsalen. Den var omramad\u00a0av blommor och\u00a0slingrande gr\u00f6na v\u00e4xter. Podiet d\u00e4r\u00a0det brukar st\u00e5 en talarstol och ett\u00a0l\u00e5ngbord f\u00f6r paneler var omgjort till ett vardagsrum med f\u00e5t\u00f6ljer och varma textilier. Varf\u00f6r? Jag\u00a0tror att man ville markera att Gebaras teologi \u00e4r vardagsn\u00e4ra och utg\u00e5r fr\u00e5n kvinnors verklighet.<\/p>\n<p>Pga sjukdom kunde Ivone Gebara inte n\u00e4rvara vid den fina fest man ordnat f\u00f6r henne med musik, tal, filmer och ber\u00e4ttelser om vad hennes feministteologi betytt f\u00f6r Latiamerikas kvinnor.<\/p>\n<p>Men hon fanns med via bilder och texter.<\/p>\n<p>&#8211; Det \u00e4r n\u00f6dv\u00e4ndigt att st\u00e4lla fr\u00e5gor. Inte alltid att ge svar, menade Gebara.<br \/>\n&#8211; Teologi m\u00e5ste g\u00f6ras s\u00e5 att den ang\u00e5r m\u00e4nniskor. Den m\u00e5ste utg\u00e5 fr\u00e5n k\u00f6ket.<\/p>\n<p>Under flera \u00e5r tystades hon av den Romersk katolska kyrka hon tillh\u00f6r. Det gjorde henne riktigt k\u00e4nd!<\/p>\n<p>I sitt skriva tacktal till EST drog Ivone Gebara en parallell till Luthers 95 teser och hans kamp mot avlaten. Guds n\u00e5d \u00e4r fri. Gratis! Inget man kan betala. Men kvinnor betalar st\u00e4ndigt f\u00f6r att f\u00e5 n\u00e5d.<\/p>\n<p>Luther var inte feminist, fortsatte Gebara. Men han tog viktiga steg \u00e5t r\u00e4tt h\u00e5ll. Idag hade han lagt till en 96:e tes om kvinnors r\u00e4ttigheter.<\/p>\n<p>Ivone Gebara sa att hon tolkade utn\u00e4mningen till hedersdoktor vid EST som ett bevis p\u00e5 de lutherska kyrkornas st\u00f6d f\u00f6r feminismen.<\/p>\n<p>Genusprogrammet vid EST, framf\u00f6rde ett s\u00e4rskilt tack t SvK.\u00a0 Utan det st\u00f6det hade de inte funnits. V\u00e5ldet mot kvinnor\u00a0\u00e4r utbrett, liksom motst\u00e5ndet mot homosexuella.\u00a0Evangelikala r\u00f6relser g\u00f6r i dessa fr\u00e5gor gemensam sak med konservativa katoliker och f\u00e5r tillsammans ett stort politiskt inflytande. HBTQ r\u00f6relsens, liksom\u00a0kvinnors kamp f\u00f6r r\u00e4tten att\u00a0vara fria, hela\u00a0och sj\u00e4lvst\u00e4ndiga m\u00e4nniskor, beskrivs som ett hot mot familjen. Att skapa medvetenhet om dessa fr\u00e5gor \u00e4r allts\u00e5 oerh\u00f6rt viktigt.<\/p>\n<p>Under eftermiddagen fick jag dessutom tr\u00e4ffa ungdomsstipendiater uts\u00e4nda av SvK tillsammans med Adriana Gastello v\u00e5r representant p\u00e5 plats som n\u00e4tverkare i <em>S\u00e3o Leopoldo<\/em> under ett par \u00e5r. K\u00e4nde mig stolt och glad \u00f6ver att vi finns med i de internationella n\u00e4tverk, som m\u00f6ts och arbetar f\u00f6r alla m\u00e4nniskors v\u00e4rdighet och lika r\u00e4ttigheter.<\/p>\n","protected":false},"excerpt":{"rendered":"<p>Den 10 sept 2014 blev den latinamerikanska feministteologen Ivone Gebara hedersdoktor vid EST i Brasilien. EST st\u00e5r f\u00f6r\u00a0Escola Superior de Teologia\u00a0i S\u00e3o Leopoldo.\u00a0 Ceremonin firades i samband med en internationell kongress om Religion, Media\u00a0and Culture\u00a0dit jag blivit inbjuden som huvudtalare och som medverkande i ett sympoisum. P\u00e5 onsdagskv\u00e4llen var det dags f\u00f6r prisceremonin. De ansvariga [&hellip;]<\/p>\n","protected":false},"author":63,"featured_media":0,"comment_status":"open","ping_status":"open","sticky":false,"template":"","format":"standard","meta":{"_acf_changed":false,"footnotes":""},"categories":[9],"tags":[],"class_list":["post-446","post","type-post","status-publish","format-standard","hentry","category-okategoriserade"],"acf":[],"yoast_head":"<!-- This site is optimized with the Yoast SEO plugin v27.1.1 - https:\/\/yoast.com\/product\/yoast-seo-wordpress\/ -->\n<title>Ivone Gebara hedersdoktor i S\u00e3o Leopoldo, Brasilien - Elisabeth Gerle funderar<\/title>\n<meta name=\"robots\" content=\"index, follow, max-snippet:-1, max-image-preview:large, max-video-preview:-1\" \/>\n<link rel=\"canonical\" href=\"https:\/\/blogg.svenskakyrkan.se\/gerle\/2014\/09\/11\/ivone-gebara-hedersdoktor-i-sao-leopoldo-brasilien\/\" \/>\n<meta property=\"og:locale\" content=\"sv_SE\" \/>\n<meta property=\"og:type\" content=\"article\" \/>\n<meta property=\"og:title\" content=\"Ivone Gebara hedersdoktor i S\u00e3o Leopoldo, Brasilien - Elisabeth Gerle funderar\" \/>\n<meta property=\"og:description\" content=\"Den 10 sept 2014 blev den latinamerikanska feministteologen Ivone Gebara hedersdoktor vid EST i Brasilien. EST st\u00e5r f\u00f6r\u00a0Escola Superior de Teologia\u00a0i S\u00e3o Leopoldo.\u00a0 Ceremonin firades i samband med en internationell kongress om Religion, Media\u00a0and Culture\u00a0dit jag blivit inbjuden som huvudtalare och som medverkande i ett sympoisum. P\u00e5 onsdagskv\u00e4llen var det dags f\u00f6r prisceremonin. De ansvariga [&hellip;]\" \/>\n<meta property=\"og:url\" content=\"https:\/\/blogg.svenskakyrkan.se\/gerle\/2014\/09\/11\/ivone-gebara-hedersdoktor-i-sao-leopoldo-brasilien\/\" \/>\n<meta property=\"og:site_name\" content=\"Elisabeth Gerle funderar\" \/>\n<meta property=\"article:published_time\" content=\"2014-09-11T02:20:58+00:00\" \/>\n<meta name=\"author\" content=\"Elisabeth Gerle\" \/>\n<meta name=\"twitter:card\" content=\"summary_large_image\" \/>\n<meta name=\"twitter:label1\" content=\"Skriven av\" \/>\n\t<meta name=\"twitter:data1\" content=\"Elisabeth Gerle\" \/>\n\t<meta name=\"twitter:label2\" content=\"Ber\u00e4knad l\u00e4stid\" \/>\n\t<meta name=\"twitter:data2\" content=\"3 minuter\" \/>\n<script type=\"application\/ld+json\" class=\"yoast-schema-graph\">{\"@context\":\"https:\/\/schema.org\",\"@graph\":[{\"@type\":\"Article\",\"@id\":\"https:\/\/blogg.svenskakyrkan.se\/gerle\/2014\/09\/11\/ivone-gebara-hedersdoktor-i-sao-leopoldo-brasilien\/#article\",\"isPartOf\":{\"@id\":\"https:\/\/blogg.svenskakyrkan.se\/gerle\/2014\/09\/11\/ivone-gebara-hedersdoktor-i-sao-leopoldo-brasilien\/\"},\"author\":{\"name\":\"Elisabeth Gerle\",\"@id\":\"https:\/\/blogg.svenskakyrkan.se\/gerle\/#\/schema\/person\/785ea9fb35fb8ed3c2c9951295712d1b\"},\"headline\":\"Ivone Gebara hedersdoktor i S\u00e3o Leopoldo, Brasilien\",\"datePublished\":\"2014-09-11T02:20:58+00:00\",\"mainEntityOfPage\":{\"@id\":\"https:\/\/blogg.svenskakyrkan.se\/gerle\/2014\/09\/11\/ivone-gebara-hedersdoktor-i-sao-leopoldo-brasilien\/\"},\"wordCount\":521,\"commentCount\":0,\"inLanguage\":\"sv-SE\",\"potentialAction\":[{\"@type\":\"CommentAction\",\"name\":\"Comment\",\"target\":[\"https:\/\/blogg.svenskakyrkan.se\/gerle\/2014\/09\/11\/ivone-gebara-hedersdoktor-i-sao-leopoldo-brasilien\/#respond\"]}]},{\"@type\":\"WebPage\",\"@id\":\"https:\/\/blogg.svenskakyrkan.se\/gerle\/2014\/09\/11\/ivone-gebara-hedersdoktor-i-sao-leopoldo-brasilien\/\",\"url\":\"https:\/\/blogg.svenskakyrkan.se\/gerle\/2014\/09\/11\/ivone-gebara-hedersdoktor-i-sao-leopoldo-brasilien\/\",\"name\":\"Ivone Gebara hedersdoktor i S\u00e3o Leopoldo, Brasilien - Elisabeth Gerle funderar\",\"isPartOf\":{\"@id\":\"https:\/\/blogg.svenskakyrkan.se\/gerle\/#website\"},\"datePublished\":\"2014-09-11T02:20:58+00:00\",\"author\":{\"@id\":\"https:\/\/blogg.svenskakyrkan.se\/gerle\/#\/schema\/person\/785ea9fb35fb8ed3c2c9951295712d1b\"},\"breadcrumb\":{\"@id\":\"https:\/\/blogg.svenskakyrkan.se\/gerle\/2014\/09\/11\/ivone-gebara-hedersdoktor-i-sao-leopoldo-brasilien\/#breadcrumb\"},\"inLanguage\":\"sv-SE\",\"potentialAction\":[{\"@type\":\"ReadAction\",\"target\":[\"https:\/\/blogg.svenskakyrkan.se\/gerle\/2014\/09\/11\/ivone-gebara-hedersdoktor-i-sao-leopoldo-brasilien\/\"]}]},{\"@type\":\"BreadcrumbList\",\"@id\":\"https:\/\/blogg.svenskakyrkan.se\/gerle\/2014\/09\/11\/ivone-gebara-hedersdoktor-i-sao-leopoldo-brasilien\/#breadcrumb\",\"itemListElement\":[{\"@type\":\"ListItem\",\"position\":1,\"name\":\"Hem\",\"item\":\"https:\/\/blogg.svenskakyrkan.se\/gerle\/\"},{\"@type\":\"ListItem\",\"position\":2,\"name\":\"Ivone Gebara hedersdoktor i S\u00e3o Leopoldo, Brasilien\"}]},{\"@type\":\"WebSite\",\"@id\":\"https:\/\/blogg.svenskakyrkan.se\/gerle\/#website\",\"url\":\"https:\/\/blogg.svenskakyrkan.se\/gerle\/\",\"name\":\"Elisabeth Gerle funderar\",\"description\":\"\",\"potentialAction\":[{\"@type\":\"SearchAction\",\"target\":{\"@type\":\"EntryPoint\",\"urlTemplate\":\"https:\/\/blogg.svenskakyrkan.se\/gerle\/?s={search_term_string}\"},\"query-input\":{\"@type\":\"PropertyValueSpecification\",\"valueRequired\":true,\"valueName\":\"search_term_string\"}}],\"inLanguage\":\"sv-SE\"},{\"@type\":\"Person\",\"@id\":\"https:\/\/blogg.svenskakyrkan.se\/gerle\/#\/schema\/person\/785ea9fb35fb8ed3c2c9951295712d1b\",\"name\":\"Elisabeth Gerle\",\"image\":{\"@type\":\"ImageObject\",\"inLanguage\":\"sv-SE\",\"@id\":\"https:\/\/blogg.svenskakyrkan.se\/gerle\/#\/schema\/person\/image\/\",\"url\":\"https:\/\/secure.gravatar.com\/avatar\/ae0524dd142908d7c8372401d72efaa66409cd86ee31f5e1eb23ae87edcf05e5?s=96&d=mm&r=g\",\"contentUrl\":\"https:\/\/secure.gravatar.com\/avatar\/ae0524dd142908d7c8372401d72efaa66409cd86ee31f5e1eb23ae87edcf05e5?s=96&d=mm&r=g\",\"caption\":\"Elisabeth Gerle\"},\"url\":\"https:\/\/blogg.svenskakyrkan.se\/gerle\/author\/gerle\/\"}]}<\/script>\n<!-- \/ Yoast SEO plugin. -->","yoast_head_json":{"title":"Ivone Gebara hedersdoktor i S\u00e3o Leopoldo, Brasilien - Elisabeth Gerle funderar","robots":{"index":"index","follow":"follow","max-snippet":"max-snippet:-1","max-image-preview":"max-image-preview:large","max-video-preview":"max-video-preview:-1"},"canonical":"https:\/\/blogg.svenskakyrkan.se\/gerle\/2014\/09\/11\/ivone-gebara-hedersdoktor-i-sao-leopoldo-brasilien\/","og_locale":"sv_SE","og_type":"article","og_title":"Ivone Gebara hedersdoktor i S\u00e3o Leopoldo, Brasilien - Elisabeth Gerle funderar","og_description":"Den 10 sept 2014 blev den latinamerikanska feministteologen Ivone Gebara hedersdoktor vid EST i Brasilien. EST st\u00e5r f\u00f6r\u00a0Escola Superior de Teologia\u00a0i S\u00e3o Leopoldo.\u00a0 Ceremonin firades i samband med en internationell kongress om Religion, Media\u00a0and Culture\u00a0dit jag blivit inbjuden som huvudtalare och som medverkande i ett sympoisum. P\u00e5 onsdagskv\u00e4llen var det dags f\u00f6r prisceremonin. De ansvariga [&hellip;]","og_url":"https:\/\/blogg.svenskakyrkan.se\/gerle\/2014\/09\/11\/ivone-gebara-hedersdoktor-i-sao-leopoldo-brasilien\/","og_site_name":"Elisabeth Gerle funderar","article_published_time":"2014-09-11T02:20:58+00:00","author":"Elisabeth Gerle","twitter_card":"summary_large_image","twitter_misc":{"Skriven av":"Elisabeth Gerle","Ber\u00e4knad l\u00e4stid":"3 minuter"},"schema":{"@context":"https:\/\/schema.org","@graph":[{"@type":"Article","@id":"https:\/\/blogg.svenskakyrkan.se\/gerle\/2014\/09\/11\/ivone-gebara-hedersdoktor-i-sao-leopoldo-brasilien\/#article","isPartOf":{"@id":"https:\/\/blogg.svenskakyrkan.se\/gerle\/2014\/09\/11\/ivone-gebara-hedersdoktor-i-sao-leopoldo-brasilien\/"},"author":{"name":"Elisabeth Gerle","@id":"https:\/\/blogg.svenskakyrkan.se\/gerle\/#\/schema\/person\/785ea9fb35fb8ed3c2c9951295712d1b"},"headline":"Ivone Gebara hedersdoktor i S\u00e3o Leopoldo, Brasilien","datePublished":"2014-09-11T02:20:58+00:00","mainEntityOfPage":{"@id":"https:\/\/blogg.svenskakyrkan.se\/gerle\/2014\/09\/11\/ivone-gebara-hedersdoktor-i-sao-leopoldo-brasilien\/"},"wordCount":521,"commentCount":0,"inLanguage":"sv-SE","potentialAction":[{"@type":"CommentAction","name":"Comment","target":["https:\/\/blogg.svenskakyrkan.se\/gerle\/2014\/09\/11\/ivone-gebara-hedersdoktor-i-sao-leopoldo-brasilien\/#respond"]}]},{"@type":"WebPage","@id":"https:\/\/blogg.svenskakyrkan.se\/gerle\/2014\/09\/11\/ivone-gebara-hedersdoktor-i-sao-leopoldo-brasilien\/","url":"https:\/\/blogg.svenskakyrkan.se\/gerle\/2014\/09\/11\/ivone-gebara-hedersdoktor-i-sao-leopoldo-brasilien\/","name":"Ivone Gebara hedersdoktor i S\u00e3o Leopoldo, Brasilien - Elisabeth Gerle funderar","isPartOf":{"@id":"https:\/\/blogg.svenskakyrkan.se\/gerle\/#website"},"datePublished":"2014-09-11T02:20:58+00:00","author":{"@id":"https:\/\/blogg.svenskakyrkan.se\/gerle\/#\/schema\/person\/785ea9fb35fb8ed3c2c9951295712d1b"},"breadcrumb":{"@id":"https:\/\/blogg.svenskakyrkan.se\/gerle\/2014\/09\/11\/ivone-gebara-hedersdoktor-i-sao-leopoldo-brasilien\/#breadcrumb"},"inLanguage":"sv-SE","potentialAction":[{"@type":"ReadAction","target":["https:\/\/blogg.svenskakyrkan.se\/gerle\/2014\/09\/11\/ivone-gebara-hedersdoktor-i-sao-leopoldo-brasilien\/"]}]},{"@type":"BreadcrumbList","@id":"https:\/\/blogg.svenskakyrkan.se\/gerle\/2014\/09\/11\/ivone-gebara-hedersdoktor-i-sao-leopoldo-brasilien\/#breadcrumb","itemListElement":[{"@type":"ListItem","position":1,"name":"Hem","item":"https:\/\/blogg.svenskakyrkan.se\/gerle\/"},{"@type":"ListItem","position":2,"name":"Ivone Gebara hedersdoktor i S\u00e3o Leopoldo, Brasilien"}]},{"@type":"WebSite","@id":"https:\/\/blogg.svenskakyrkan.se\/gerle\/#website","url":"https:\/\/blogg.svenskakyrkan.se\/gerle\/","name":"Elisabeth Gerle funderar","description":"","potentialAction":[{"@type":"SearchAction","target":{"@type":"EntryPoint","urlTemplate":"https:\/\/blogg.svenskakyrkan.se\/gerle\/?s={search_term_string}"},"query-input":{"@type":"PropertyValueSpecification","valueRequired":true,"valueName":"search_term_string"}}],"inLanguage":"sv-SE"},{"@type":"Person","@id":"https:\/\/blogg.svenskakyrkan.se\/gerle\/#\/schema\/person\/785ea9fb35fb8ed3c2c9951295712d1b","name":"Elisabeth Gerle","image":{"@type":"ImageObject","inLanguage":"sv-SE","@id":"https:\/\/blogg.svenskakyrkan.se\/gerle\/#\/schema\/person\/image\/","url":"https:\/\/secure.gravatar.com\/avatar\/ae0524dd142908d7c8372401d72efaa66409cd86ee31f5e1eb23ae87edcf05e5?s=96&d=mm&r=g","contentUrl":"https:\/\/secure.gravatar.com\/avatar\/ae0524dd142908d7c8372401d72efaa66409cd86ee31f5e1eb23ae87edcf05e5?s=96&d=mm&r=g","caption":"Elisabeth Gerle"},"url":"https:\/\/blogg.svenskakyrkan.se\/gerle\/author\/gerle\/"}]}},"author_meta":{"ID":"63","user_nicename":"gerle","user_registered":"2011-05-05 12:24:01","display_name":"Elisabeth Gerle","first_name":"Elisabeth","last_name":"Gerle","avatar":"https:\/\/secure.gravatar.com\/avatar\/ae0524dd142908d7c8372401d72efaa66409cd86ee31f5e1eb23ae87edcf05e5?s=96&d=mm&r=g"},"featured_image":false,"bloginfo":{"name":"Elisabeth Gerle funderar","url":"https:\/\/blogg.svenskakyrkan.se\/gerle"},"_links":{"self":[{"href":"https:\/\/blogg.svenskakyrkan.se\/gerle\/wp-json\/wp\/v2\/posts\/446","targetHints":{"allow":["GET"]}}],"collection":[{"href":"https:\/\/blogg.svenskakyrkan.se\/gerle\/wp-json\/wp\/v2\/posts"}],"about":[{"href":"https:\/\/blogg.svenskakyrkan.se\/gerle\/wp-json\/wp\/v2\/types\/post"}],"author":[{"embeddable":true,"href":"https:\/\/blogg.svenskakyrkan.se\/gerle\/wp-json\/wp\/v2\/users\/63"}],"replies":[{"embeddable":true,"href":"https:\/\/blogg.svenskakyrkan.se\/gerle\/wp-json\/wp\/v2\/comments?post=446"}],"version-history":[{"count":9,"href":"https:\/\/blogg.svenskakyrkan.se\/gerle\/wp-json\/wp\/v2\/posts\/446\/revisions"}],"predecessor-version":[{"id":456,"href":"https:\/\/blogg.svenskakyrkan.se\/gerle\/wp-json\/wp\/v2\/posts\/446\/revisions\/456"}],"wp:attachment":[{"href":"https:\/\/blogg.svenskakyrkan.se\/gerle\/wp-json\/wp\/v2\/media?parent=446"}],"wp:term":[{"taxonomy":"category","embeddable":true,"href":"https:\/\/blogg.svenskakyrkan.se\/gerle\/wp-json\/wp\/v2\/categories?post=446"},{"taxonomy":"post_tag","embeddable":true,"href":"https:\/\/blogg.svenskakyrkan.se\/gerle\/wp-json\/wp\/v2\/tags?post=446"}],"curies":[{"name":"wp","href":"https:\/\/api.w.org\/{rel}","templated":true}]}}