{"id":457,"date":"2015-02-04T12:44:07","date_gmt":"2015-02-04T12:44:07","guid":{"rendered":"http:\/\/blogg.svenskakyrkan.se\/gerle\/?p=457"},"modified":"2015-02-04T12:45:46","modified_gmt":"2015-02-04T12:45:46","slug":"battre-att-tanda-ljus","status":"publish","type":"post","link":"https:\/\/blogg.svenskakyrkan.se\/gerle\/2015\/02\/04\/battre-att-tanda-ljus\/","title":{"rendered":"B\u00e4ttre att t\u00e4nda ljus"},"content":{"rendered":"<p>B\u00e4ttre att t\u00e4nda ljus \u00e4n att f\u00f6rbanna m\u00f6rkret.\u00a0 P\u00e5 Kyndelsm\u00e4ssodagen p\u00e5minns vi om att Gud \u00e4r ljus och att inget m\u00f6rker finns i honom.<\/p>\n<p>Lukas ber\u00e4ttar om Hanna och Symeon. De\u00a0hade v\u00e4ntat l\u00e4nge. Men n\u00e4r Josef och Maria kom med det lilla Jesusbarnet\u00a0s\u00e5 f\u00f6rstod de. H\u00e4r var det de v\u00e4ntat p\u00e5. Ett ljus som lyser f\u00f6r alla folk, b\u00e5de f\u00f6r det gamla egendomsfolket och f\u00f6r nya folkslag.<\/p>\n<p>Snart \u00e4r det dags f\u00f6r en ny teologifestival i Uppsala. Den h\u00e4r g\u00e5ngen t\u00e4nker jag f\u00f6lja samtalen kring Europas minoriteter. Det \u00e4r ett samtal som \u00e4r b\u00e5de sv\u00e5rt och n\u00f6dv\u00e4ndigt. Djupast sett handlar det om m\u00e4nniskosyn. Om hur en ny verklighet utmanar de g\u00e4nser vi dragit mellan medborgarr\u00e4tt och m\u00e4nskliga r\u00e4ttigheter. Vi beh\u00f6ver \u00f6ppna samtal och nya visioner f\u00f6r att kunna hantera det ovana.<\/p>\n<p>Jag hoppas kunna blogga om detta b\u00e5de h\u00e4r och p\u00e5 min egen hemsida. elisabethgerle.se<\/p>\n","protected":false},"excerpt":{"rendered":"<p>B\u00e4ttre att t\u00e4nda ljus \u00e4n att f\u00f6rbanna m\u00f6rkret.\u00a0 P\u00e5 Kyndelsm\u00e4ssodagen p\u00e5minns vi om att Gud \u00e4r ljus och att inget m\u00f6rker finns i honom. Lukas ber\u00e4ttar om Hanna och Symeon. De\u00a0hade v\u00e4ntat l\u00e4nge. Men n\u00e4r Josef och Maria kom med det lilla Jesusbarnet\u00a0s\u00e5 f\u00f6rstod de. H\u00e4r var det de v\u00e4ntat p\u00e5. Ett ljus som lyser [&hellip;]<\/p>\n","protected":false},"author":63,"featured_media":0,"comment_status":"open","ping_status":"open","sticky":false,"template":"","format":"standard","meta":{"_acf_changed":false,"footnotes":""},"categories":[9],"tags":[],"class_list":["post-457","post","type-post","status-publish","format-standard","hentry","category-okategoriserade"],"acf":[],"yoast_head":"<!-- This site is optimized with the Yoast SEO plugin v27.1.1 - https:\/\/yoast.com\/product\/yoast-seo-wordpress\/ -->\n<title>B\u00e4ttre att t\u00e4nda ljus - Elisabeth Gerle funderar<\/title>\n<meta name=\"robots\" content=\"index, follow, max-snippet:-1, max-image-preview:large, max-video-preview:-1\" \/>\n<link rel=\"canonical\" href=\"https:\/\/blogg.svenskakyrkan.se\/gerle\/2015\/02\/04\/battre-att-tanda-ljus\/\" \/>\n<meta property=\"og:locale\" content=\"sv_SE\" \/>\n<meta property=\"og:type\" content=\"article\" \/>\n<meta property=\"og:title\" content=\"B\u00e4ttre att t\u00e4nda ljus - Elisabeth Gerle funderar\" \/>\n<meta property=\"og:description\" content=\"B\u00e4ttre att t\u00e4nda ljus \u00e4n att f\u00f6rbanna m\u00f6rkret.\u00a0 P\u00e5 Kyndelsm\u00e4ssodagen p\u00e5minns vi om att Gud \u00e4r ljus och att inget m\u00f6rker finns i honom. Lukas ber\u00e4ttar om Hanna och Symeon. De\u00a0hade v\u00e4ntat l\u00e4nge. Men n\u00e4r Josef och Maria kom med det lilla Jesusbarnet\u00a0s\u00e5 f\u00f6rstod de. H\u00e4r var det de v\u00e4ntat p\u00e5. Ett ljus som lyser [&hellip;]\" \/>\n<meta property=\"og:url\" content=\"https:\/\/blogg.svenskakyrkan.se\/gerle\/2015\/02\/04\/battre-att-tanda-ljus\/\" \/>\n<meta property=\"og:site_name\" content=\"Elisabeth Gerle funderar\" \/>\n<meta property=\"article:published_time\" content=\"2015-02-04T12:44:07+00:00\" \/>\n<meta property=\"article:modified_time\" content=\"2015-02-04T12:45:46+00:00\" \/>\n<meta name=\"author\" content=\"Elisabeth Gerle\" \/>\n<meta name=\"twitter:card\" content=\"summary_large_image\" \/>\n<meta name=\"twitter:label1\" content=\"Skriven av\" \/>\n\t<meta name=\"twitter:data1\" content=\"Elisabeth Gerle\" \/>\n\t<meta name=\"twitter:label2\" content=\"Ber\u00e4knad l\u00e4stid\" \/>\n\t<meta name=\"twitter:data2\" content=\"1 minut\" \/>\n<script type=\"application\/ld+json\" class=\"yoast-schema-graph\">{\"@context\":\"https:\/\/schema.org\",\"@graph\":[{\"@type\":\"Article\",\"@id\":\"https:\/\/blogg.svenskakyrkan.se\/gerle\/2015\/02\/04\/battre-att-tanda-ljus\/#article\",\"isPartOf\":{\"@id\":\"https:\/\/blogg.svenskakyrkan.se\/gerle\/2015\/02\/04\/battre-att-tanda-ljus\/\"},\"author\":{\"name\":\"Elisabeth Gerle\",\"@id\":\"https:\/\/blogg.svenskakyrkan.se\/gerle\/#\/schema\/person\/785ea9fb35fb8ed3c2c9951295712d1b\"},\"headline\":\"B\u00e4ttre att t\u00e4nda ljus\",\"datePublished\":\"2015-02-04T12:44:07+00:00\",\"dateModified\":\"2015-02-04T12:45:46+00:00\",\"mainEntityOfPage\":{\"@id\":\"https:\/\/blogg.svenskakyrkan.se\/gerle\/2015\/02\/04\/battre-att-tanda-ljus\/\"},\"wordCount\":190,\"commentCount\":0,\"inLanguage\":\"sv-SE\",\"potentialAction\":[{\"@type\":\"CommentAction\",\"name\":\"Comment\",\"target\":[\"https:\/\/blogg.svenskakyrkan.se\/gerle\/2015\/02\/04\/battre-att-tanda-ljus\/#respond\"]}]},{\"@type\":\"WebPage\",\"@id\":\"https:\/\/blogg.svenskakyrkan.se\/gerle\/2015\/02\/04\/battre-att-tanda-ljus\/\",\"url\":\"https:\/\/blogg.svenskakyrkan.se\/gerle\/2015\/02\/04\/battre-att-tanda-ljus\/\",\"name\":\"B\u00e4ttre att t\u00e4nda ljus - Elisabeth Gerle funderar\",\"isPartOf\":{\"@id\":\"https:\/\/blogg.svenskakyrkan.se\/gerle\/#website\"},\"datePublished\":\"2015-02-04T12:44:07+00:00\",\"dateModified\":\"2015-02-04T12:45:46+00:00\",\"author\":{\"@id\":\"https:\/\/blogg.svenskakyrkan.se\/gerle\/#\/schema\/person\/785ea9fb35fb8ed3c2c9951295712d1b\"},\"breadcrumb\":{\"@id\":\"https:\/\/blogg.svenskakyrkan.se\/gerle\/2015\/02\/04\/battre-att-tanda-ljus\/#breadcrumb\"},\"inLanguage\":\"sv-SE\",\"potentialAction\":[{\"@type\":\"ReadAction\",\"target\":[\"https:\/\/blogg.svenskakyrkan.se\/gerle\/2015\/02\/04\/battre-att-tanda-ljus\/\"]}]},{\"@type\":\"BreadcrumbList\",\"@id\":\"https:\/\/blogg.svenskakyrkan.se\/gerle\/2015\/02\/04\/battre-att-tanda-ljus\/#breadcrumb\",\"itemListElement\":[{\"@type\":\"ListItem\",\"position\":1,\"name\":\"Hem\",\"item\":\"https:\/\/blogg.svenskakyrkan.se\/gerle\/\"},{\"@type\":\"ListItem\",\"position\":2,\"name\":\"B\u00e4ttre att t\u00e4nda ljus\"}]},{\"@type\":\"WebSite\",\"@id\":\"https:\/\/blogg.svenskakyrkan.se\/gerle\/#website\",\"url\":\"https:\/\/blogg.svenskakyrkan.se\/gerle\/\",\"name\":\"Elisabeth Gerle funderar\",\"description\":\"\",\"potentialAction\":[{\"@type\":\"SearchAction\",\"target\":{\"@type\":\"EntryPoint\",\"urlTemplate\":\"https:\/\/blogg.svenskakyrkan.se\/gerle\/?s={search_term_string}\"},\"query-input\":{\"@type\":\"PropertyValueSpecification\",\"valueRequired\":true,\"valueName\":\"search_term_string\"}}],\"inLanguage\":\"sv-SE\"},{\"@type\":\"Person\",\"@id\":\"https:\/\/blogg.svenskakyrkan.se\/gerle\/#\/schema\/person\/785ea9fb35fb8ed3c2c9951295712d1b\",\"name\":\"Elisabeth Gerle\",\"image\":{\"@type\":\"ImageObject\",\"inLanguage\":\"sv-SE\",\"@id\":\"https:\/\/blogg.svenskakyrkan.se\/gerle\/#\/schema\/person\/image\/\",\"url\":\"https:\/\/secure.gravatar.com\/avatar\/ae0524dd142908d7c8372401d72efaa66409cd86ee31f5e1eb23ae87edcf05e5?s=96&d=mm&r=g\",\"contentUrl\":\"https:\/\/secure.gravatar.com\/avatar\/ae0524dd142908d7c8372401d72efaa66409cd86ee31f5e1eb23ae87edcf05e5?s=96&d=mm&r=g\",\"caption\":\"Elisabeth Gerle\"},\"url\":\"https:\/\/blogg.svenskakyrkan.se\/gerle\/author\/gerle\/\"}]}<\/script>\n<!-- \/ Yoast SEO plugin. -->","yoast_head_json":{"title":"B\u00e4ttre att t\u00e4nda ljus - Elisabeth Gerle funderar","robots":{"index":"index","follow":"follow","max-snippet":"max-snippet:-1","max-image-preview":"max-image-preview:large","max-video-preview":"max-video-preview:-1"},"canonical":"https:\/\/blogg.svenskakyrkan.se\/gerle\/2015\/02\/04\/battre-att-tanda-ljus\/","og_locale":"sv_SE","og_type":"article","og_title":"B\u00e4ttre att t\u00e4nda ljus - Elisabeth Gerle funderar","og_description":"B\u00e4ttre att t\u00e4nda ljus \u00e4n att f\u00f6rbanna m\u00f6rkret.\u00a0 P\u00e5 Kyndelsm\u00e4ssodagen p\u00e5minns vi om att Gud \u00e4r ljus och att inget m\u00f6rker finns i honom. Lukas ber\u00e4ttar om Hanna och Symeon. De\u00a0hade v\u00e4ntat l\u00e4nge. Men n\u00e4r Josef och Maria kom med det lilla Jesusbarnet\u00a0s\u00e5 f\u00f6rstod de. H\u00e4r var det de v\u00e4ntat p\u00e5. Ett ljus som lyser [&hellip;]","og_url":"https:\/\/blogg.svenskakyrkan.se\/gerle\/2015\/02\/04\/battre-att-tanda-ljus\/","og_site_name":"Elisabeth Gerle funderar","article_published_time":"2015-02-04T12:44:07+00:00","article_modified_time":"2015-02-04T12:45:46+00:00","author":"Elisabeth Gerle","twitter_card":"summary_large_image","twitter_misc":{"Skriven av":"Elisabeth Gerle","Ber\u00e4knad l\u00e4stid":"1 minut"},"schema":{"@context":"https:\/\/schema.org","@graph":[{"@type":"Article","@id":"https:\/\/blogg.svenskakyrkan.se\/gerle\/2015\/02\/04\/battre-att-tanda-ljus\/#article","isPartOf":{"@id":"https:\/\/blogg.svenskakyrkan.se\/gerle\/2015\/02\/04\/battre-att-tanda-ljus\/"},"author":{"name":"Elisabeth Gerle","@id":"https:\/\/blogg.svenskakyrkan.se\/gerle\/#\/schema\/person\/785ea9fb35fb8ed3c2c9951295712d1b"},"headline":"B\u00e4ttre att t\u00e4nda ljus","datePublished":"2015-02-04T12:44:07+00:00","dateModified":"2015-02-04T12:45:46+00:00","mainEntityOfPage":{"@id":"https:\/\/blogg.svenskakyrkan.se\/gerle\/2015\/02\/04\/battre-att-tanda-ljus\/"},"wordCount":190,"commentCount":0,"inLanguage":"sv-SE","potentialAction":[{"@type":"CommentAction","name":"Comment","target":["https:\/\/blogg.svenskakyrkan.se\/gerle\/2015\/02\/04\/battre-att-tanda-ljus\/#respond"]}]},{"@type":"WebPage","@id":"https:\/\/blogg.svenskakyrkan.se\/gerle\/2015\/02\/04\/battre-att-tanda-ljus\/","url":"https:\/\/blogg.svenskakyrkan.se\/gerle\/2015\/02\/04\/battre-att-tanda-ljus\/","name":"B\u00e4ttre att t\u00e4nda ljus - Elisabeth Gerle funderar","isPartOf":{"@id":"https:\/\/blogg.svenskakyrkan.se\/gerle\/#website"},"datePublished":"2015-02-04T12:44:07+00:00","dateModified":"2015-02-04T12:45:46+00:00","author":{"@id":"https:\/\/blogg.svenskakyrkan.se\/gerle\/#\/schema\/person\/785ea9fb35fb8ed3c2c9951295712d1b"},"breadcrumb":{"@id":"https:\/\/blogg.svenskakyrkan.se\/gerle\/2015\/02\/04\/battre-att-tanda-ljus\/#breadcrumb"},"inLanguage":"sv-SE","potentialAction":[{"@type":"ReadAction","target":["https:\/\/blogg.svenskakyrkan.se\/gerle\/2015\/02\/04\/battre-att-tanda-ljus\/"]}]},{"@type":"BreadcrumbList","@id":"https:\/\/blogg.svenskakyrkan.se\/gerle\/2015\/02\/04\/battre-att-tanda-ljus\/#breadcrumb","itemListElement":[{"@type":"ListItem","position":1,"name":"Hem","item":"https:\/\/blogg.svenskakyrkan.se\/gerle\/"},{"@type":"ListItem","position":2,"name":"B\u00e4ttre att t\u00e4nda ljus"}]},{"@type":"WebSite","@id":"https:\/\/blogg.svenskakyrkan.se\/gerle\/#website","url":"https:\/\/blogg.svenskakyrkan.se\/gerle\/","name":"Elisabeth Gerle funderar","description":"","potentialAction":[{"@type":"SearchAction","target":{"@type":"EntryPoint","urlTemplate":"https:\/\/blogg.svenskakyrkan.se\/gerle\/?s={search_term_string}"},"query-input":{"@type":"PropertyValueSpecification","valueRequired":true,"valueName":"search_term_string"}}],"inLanguage":"sv-SE"},{"@type":"Person","@id":"https:\/\/blogg.svenskakyrkan.se\/gerle\/#\/schema\/person\/785ea9fb35fb8ed3c2c9951295712d1b","name":"Elisabeth Gerle","image":{"@type":"ImageObject","inLanguage":"sv-SE","@id":"https:\/\/blogg.svenskakyrkan.se\/gerle\/#\/schema\/person\/image\/","url":"https:\/\/secure.gravatar.com\/avatar\/ae0524dd142908d7c8372401d72efaa66409cd86ee31f5e1eb23ae87edcf05e5?s=96&d=mm&r=g","contentUrl":"https:\/\/secure.gravatar.com\/avatar\/ae0524dd142908d7c8372401d72efaa66409cd86ee31f5e1eb23ae87edcf05e5?s=96&d=mm&r=g","caption":"Elisabeth Gerle"},"url":"https:\/\/blogg.svenskakyrkan.se\/gerle\/author\/gerle\/"}]}},"author_meta":{"ID":"63","user_nicename":"gerle","user_registered":"2011-05-05 12:24:01","display_name":"Elisabeth Gerle","first_name":"Elisabeth","last_name":"Gerle","avatar":"https:\/\/secure.gravatar.com\/avatar\/ae0524dd142908d7c8372401d72efaa66409cd86ee31f5e1eb23ae87edcf05e5?s=96&d=mm&r=g"},"featured_image":false,"bloginfo":{"name":"Elisabeth Gerle funderar","url":"https:\/\/blogg.svenskakyrkan.se\/gerle"},"_links":{"self":[{"href":"https:\/\/blogg.svenskakyrkan.se\/gerle\/wp-json\/wp\/v2\/posts\/457","targetHints":{"allow":["GET"]}}],"collection":[{"href":"https:\/\/blogg.svenskakyrkan.se\/gerle\/wp-json\/wp\/v2\/posts"}],"about":[{"href":"https:\/\/blogg.svenskakyrkan.se\/gerle\/wp-json\/wp\/v2\/types\/post"}],"author":[{"embeddable":true,"href":"https:\/\/blogg.svenskakyrkan.se\/gerle\/wp-json\/wp\/v2\/users\/63"}],"replies":[{"embeddable":true,"href":"https:\/\/blogg.svenskakyrkan.se\/gerle\/wp-json\/wp\/v2\/comments?post=457"}],"version-history":[{"count":4,"href":"https:\/\/blogg.svenskakyrkan.se\/gerle\/wp-json\/wp\/v2\/posts\/457\/revisions"}],"predecessor-version":[{"id":461,"href":"https:\/\/blogg.svenskakyrkan.se\/gerle\/wp-json\/wp\/v2\/posts\/457\/revisions\/461"}],"wp:attachment":[{"href":"https:\/\/blogg.svenskakyrkan.se\/gerle\/wp-json\/wp\/v2\/media?parent=457"}],"wp:term":[{"taxonomy":"category","embeddable":true,"href":"https:\/\/blogg.svenskakyrkan.se\/gerle\/wp-json\/wp\/v2\/categories?post=457"},{"taxonomy":"post_tag","embeddable":true,"href":"https:\/\/blogg.svenskakyrkan.se\/gerle\/wp-json\/wp\/v2\/tags?post=457"}],"curies":[{"name":"wp","href":"https:\/\/api.w.org\/{rel}","templated":true}]}}