{"id":462,"date":"2015-02-17T17:26:34","date_gmt":"2015-02-17T17:26:34","guid":{"rendered":"http:\/\/blogg.svenskakyrkan.se\/gerle\/?p=462"},"modified":"2015-02-17T17:26:34","modified_gmt":"2015-02-17T17:26:34","slug":"om-fasta-och-narvaro","status":"publish","type":"post","link":"https:\/\/blogg.svenskakyrkan.se\/gerle\/2015\/02\/17\/om-fasta-och-narvaro\/","title":{"rendered":"Om fasta och n\u00e4rvaro"},"content":{"rendered":"<p>S\u00e5 h\u00e4r p\u00e5 fettisdagen frossas det i semlor. Allt f\u00f6r att \u00e4ta upp sig inf\u00f6r fastan. D\u00e5 g\u00e4ller det att avst\u00e5. Men fr\u00e5n vad? Somliga \u00e4ter inte k\u00f6tt. Andra dricker inte vin. G\u00e5r inte p\u00e5 bio, struntar i facebook och andra sociala medier. Kan s\u00e4kert vara nyttigt. Inte minst nyhetsfasta kan i dessa tider vara v\u00e4lg\u00f6rande.<\/p>\n<p>Men jag kan inte sl\u00e4ppa fr\u00e5gan, f\u00f6r vems skull?<\/p>\n<p>Det l\u00e4r v\u00e4l inte ha undg\u00e5tt n\u00e5gon att min bok om sinnlighet och Luther nu \u00e4r klar. Om inte\u00a0 se \u00a0<a href=\"http:\/\/www.svenskakyrkan.se\/default.aspx?di=646683\" target=\"_blank\" rel=\"nofollow\">http:\/\/www.svenskakyrkan.se\/default.aspx?di=646683<\/a><\/p>\n<p>Luther hade fastat mycket i sitt liv. Men han blev aldrig \u00f6vertygad om att det var bra. Varken f\u00f6r dig som m\u00e4nniska eller f\u00f6r Gud. Om en m\u00e4nniska k\u00e4nde sig ansatt av tvivel och missmod var fasta det s\u00e4msta hon kunde \u00e4gna sig \u00e5t. Det gjorde bara allting v\u00e4rre. Att s\u00f6ka upp goda v\u00e4nner var mycket b\u00e4ttre. Att \u00e4ta och dricka, sjunga och vara glad tillsammans med andra var hans r\u00e5d f\u00f6r att driva missmod och Satan p\u00e5 flykten.<\/p>\n<p>N\u00e4r han v\u00e5gade tro att han var \u00e4lskad just som han var, bejakade han en sinnlig n\u00e4rvaro.\u00a0 Vad betyder det idag? Ja \u00e4ven om Svenska kyrkan kallar\u00a0sig f\u00f6r\u00a0en evangelisk luthersk kyrka s\u00e5 betyder det inte att Martin Luther ska ha utslagsr\u00f6st f\u00f6r vad som \u00e4r r\u00e4tt eller fel. Det finns m\u00e5nga goda sk\u00e4l till att inte \u00e4ta k\u00f6tt till exempel. Ett \u00e4r att maten r\u00e4cker till m\u00e5nga fler, ett annat handlar om djurens v\u00e4l. P\u00e5 samma s\u00e4tt finns goda argument f\u00f6r att dricka mindre eller ingen alkohol. Men Luthers po\u00e4ng att detta inte har s\u00e5 mycket med Gud att g\u00f6ra st\u00e5r sig.<\/p>\n<p>Som m\u00e4nniskor beh\u00f6ver vi vara r\u00e4dda b\u00e5de om djuren och om v\u00e5ra egna kroppar.Men i Guds \u00f6gon \u00e4r du \u00e4lskad just som du \u00e4r. Fastande eller inte.\u00a0 Den stora faran som Luther varnade f\u00f6r var inkr\u00f6ktheten kring det egna. S\u00e5 kanske beh\u00f6ver vi inte fokusera s\u00e5 mycket \u00a8p\u00e5 om eller hur vi fastar. Snarare p\u00e5 att v\u00e5ga sl\u00e4ppa taget om det egna. S\u00e5 att vi uppt\u00e4cker medm\u00e4nniskan bredvid. N\u00e4ra eller l\u00e5ngt borta. Tror det \u00e4r det fasteinsamlingen handlar om. Att se medm\u00e4nniskan och det hon beh\u00f6ver.<\/p>\n","protected":false},"excerpt":{"rendered":"<p>S\u00e5 h\u00e4r p\u00e5 fettisdagen frossas det i semlor. Allt f\u00f6r att \u00e4ta upp sig inf\u00f6r fastan. D\u00e5 g\u00e4ller det att avst\u00e5. Men fr\u00e5n vad? Somliga \u00e4ter inte k\u00f6tt. Andra dricker inte vin. G\u00e5r inte p\u00e5 bio, struntar i facebook och andra sociala medier. Kan s\u00e4kert vara nyttigt. Inte minst nyhetsfasta kan i dessa tider vara [&hellip;]<\/p>\n","protected":false},"author":63,"featured_media":0,"comment_status":"open","ping_status":"open","sticky":false,"template":"","format":"standard","meta":{"_acf_changed":false,"footnotes":""},"categories":[9],"tags":[],"class_list":["post-462","post","type-post","status-publish","format-standard","hentry","category-okategoriserade"],"acf":[],"yoast_head":"<!-- This site is optimized with the Yoast SEO plugin v27.1.1 - https:\/\/yoast.com\/product\/yoast-seo-wordpress\/ -->\n<title>Om fasta och n\u00e4rvaro - Elisabeth Gerle funderar<\/title>\n<meta name=\"robots\" content=\"index, follow, max-snippet:-1, max-image-preview:large, max-video-preview:-1\" \/>\n<link rel=\"canonical\" href=\"https:\/\/blogg.svenskakyrkan.se\/gerle\/2015\/02\/17\/om-fasta-och-narvaro\/\" \/>\n<meta property=\"og:locale\" content=\"sv_SE\" \/>\n<meta property=\"og:type\" content=\"article\" \/>\n<meta property=\"og:title\" content=\"Om fasta och n\u00e4rvaro - Elisabeth Gerle funderar\" \/>\n<meta property=\"og:description\" content=\"S\u00e5 h\u00e4r p\u00e5 fettisdagen frossas det i semlor. Allt f\u00f6r att \u00e4ta upp sig inf\u00f6r fastan. D\u00e5 g\u00e4ller det att avst\u00e5. Men fr\u00e5n vad? Somliga \u00e4ter inte k\u00f6tt. Andra dricker inte vin. G\u00e5r inte p\u00e5 bio, struntar i facebook och andra sociala medier. Kan s\u00e4kert vara nyttigt. Inte minst nyhetsfasta kan i dessa tider vara [&hellip;]\" \/>\n<meta property=\"og:url\" content=\"https:\/\/blogg.svenskakyrkan.se\/gerle\/2015\/02\/17\/om-fasta-och-narvaro\/\" \/>\n<meta property=\"og:site_name\" content=\"Elisabeth Gerle funderar\" \/>\n<meta property=\"article:published_time\" content=\"2015-02-17T17:26:34+00:00\" \/>\n<meta name=\"author\" content=\"Elisabeth Gerle\" \/>\n<meta name=\"twitter:card\" content=\"summary_large_image\" \/>\n<meta name=\"twitter:label1\" content=\"Skriven av\" \/>\n\t<meta name=\"twitter:data1\" content=\"Elisabeth Gerle\" \/>\n\t<meta name=\"twitter:label2\" content=\"Ber\u00e4knad l\u00e4stid\" \/>\n\t<meta name=\"twitter:data2\" content=\"2 minuter\" \/>\n<script type=\"application\/ld+json\" class=\"yoast-schema-graph\">{\"@context\":\"https:\/\/schema.org\",\"@graph\":[{\"@type\":\"Article\",\"@id\":\"https:\/\/blogg.svenskakyrkan.se\/gerle\/2015\/02\/17\/om-fasta-och-narvaro\/#article\",\"isPartOf\":{\"@id\":\"https:\/\/blogg.svenskakyrkan.se\/gerle\/2015\/02\/17\/om-fasta-och-narvaro\/\"},\"author\":{\"name\":\"Elisabeth Gerle\",\"@id\":\"https:\/\/blogg.svenskakyrkan.se\/gerle\/#\/schema\/person\/785ea9fb35fb8ed3c2c9951295712d1b\"},\"headline\":\"Om fasta och n\u00e4rvaro\",\"datePublished\":\"2015-02-17T17:26:34+00:00\",\"mainEntityOfPage\":{\"@id\":\"https:\/\/blogg.svenskakyrkan.se\/gerle\/2015\/02\/17\/om-fasta-och-narvaro\/\"},\"wordCount\":430,\"commentCount\":0,\"inLanguage\":\"sv-SE\",\"potentialAction\":[{\"@type\":\"CommentAction\",\"name\":\"Comment\",\"target\":[\"https:\/\/blogg.svenskakyrkan.se\/gerle\/2015\/02\/17\/om-fasta-och-narvaro\/#respond\"]}]},{\"@type\":\"WebPage\",\"@id\":\"https:\/\/blogg.svenskakyrkan.se\/gerle\/2015\/02\/17\/om-fasta-och-narvaro\/\",\"url\":\"https:\/\/blogg.svenskakyrkan.se\/gerle\/2015\/02\/17\/om-fasta-och-narvaro\/\",\"name\":\"Om fasta och n\u00e4rvaro - Elisabeth Gerle funderar\",\"isPartOf\":{\"@id\":\"https:\/\/blogg.svenskakyrkan.se\/gerle\/#website\"},\"datePublished\":\"2015-02-17T17:26:34+00:00\",\"author\":{\"@id\":\"https:\/\/blogg.svenskakyrkan.se\/gerle\/#\/schema\/person\/785ea9fb35fb8ed3c2c9951295712d1b\"},\"breadcrumb\":{\"@id\":\"https:\/\/blogg.svenskakyrkan.se\/gerle\/2015\/02\/17\/om-fasta-och-narvaro\/#breadcrumb\"},\"inLanguage\":\"sv-SE\",\"potentialAction\":[{\"@type\":\"ReadAction\",\"target\":[\"https:\/\/blogg.svenskakyrkan.se\/gerle\/2015\/02\/17\/om-fasta-och-narvaro\/\"]}]},{\"@type\":\"BreadcrumbList\",\"@id\":\"https:\/\/blogg.svenskakyrkan.se\/gerle\/2015\/02\/17\/om-fasta-och-narvaro\/#breadcrumb\",\"itemListElement\":[{\"@type\":\"ListItem\",\"position\":1,\"name\":\"Hem\",\"item\":\"https:\/\/blogg.svenskakyrkan.se\/gerle\/\"},{\"@type\":\"ListItem\",\"position\":2,\"name\":\"Om fasta och n\u00e4rvaro\"}]},{\"@type\":\"WebSite\",\"@id\":\"https:\/\/blogg.svenskakyrkan.se\/gerle\/#website\",\"url\":\"https:\/\/blogg.svenskakyrkan.se\/gerle\/\",\"name\":\"Elisabeth Gerle funderar\",\"description\":\"\",\"potentialAction\":[{\"@type\":\"SearchAction\",\"target\":{\"@type\":\"EntryPoint\",\"urlTemplate\":\"https:\/\/blogg.svenskakyrkan.se\/gerle\/?s={search_term_string}\"},\"query-input\":{\"@type\":\"PropertyValueSpecification\",\"valueRequired\":true,\"valueName\":\"search_term_string\"}}],\"inLanguage\":\"sv-SE\"},{\"@type\":\"Person\",\"@id\":\"https:\/\/blogg.svenskakyrkan.se\/gerle\/#\/schema\/person\/785ea9fb35fb8ed3c2c9951295712d1b\",\"name\":\"Elisabeth Gerle\",\"image\":{\"@type\":\"ImageObject\",\"inLanguage\":\"sv-SE\",\"@id\":\"https:\/\/blogg.svenskakyrkan.se\/gerle\/#\/schema\/person\/image\/\",\"url\":\"https:\/\/secure.gravatar.com\/avatar\/ae0524dd142908d7c8372401d72efaa66409cd86ee31f5e1eb23ae87edcf05e5?s=96&d=mm&r=g\",\"contentUrl\":\"https:\/\/secure.gravatar.com\/avatar\/ae0524dd142908d7c8372401d72efaa66409cd86ee31f5e1eb23ae87edcf05e5?s=96&d=mm&r=g\",\"caption\":\"Elisabeth Gerle\"},\"url\":\"https:\/\/blogg.svenskakyrkan.se\/gerle\/author\/gerle\/\"}]}<\/script>\n<!-- \/ Yoast SEO plugin. -->","yoast_head_json":{"title":"Om fasta och n\u00e4rvaro - Elisabeth Gerle funderar","robots":{"index":"index","follow":"follow","max-snippet":"max-snippet:-1","max-image-preview":"max-image-preview:large","max-video-preview":"max-video-preview:-1"},"canonical":"https:\/\/blogg.svenskakyrkan.se\/gerle\/2015\/02\/17\/om-fasta-och-narvaro\/","og_locale":"sv_SE","og_type":"article","og_title":"Om fasta och n\u00e4rvaro - Elisabeth Gerle funderar","og_description":"S\u00e5 h\u00e4r p\u00e5 fettisdagen frossas det i semlor. Allt f\u00f6r att \u00e4ta upp sig inf\u00f6r fastan. D\u00e5 g\u00e4ller det att avst\u00e5. Men fr\u00e5n vad? Somliga \u00e4ter inte k\u00f6tt. Andra dricker inte vin. G\u00e5r inte p\u00e5 bio, struntar i facebook och andra sociala medier. Kan s\u00e4kert vara nyttigt. Inte minst nyhetsfasta kan i dessa tider vara [&hellip;]","og_url":"https:\/\/blogg.svenskakyrkan.se\/gerle\/2015\/02\/17\/om-fasta-och-narvaro\/","og_site_name":"Elisabeth Gerle funderar","article_published_time":"2015-02-17T17:26:34+00:00","author":"Elisabeth Gerle","twitter_card":"summary_large_image","twitter_misc":{"Skriven av":"Elisabeth Gerle","Ber\u00e4knad l\u00e4stid":"2 minuter"},"schema":{"@context":"https:\/\/schema.org","@graph":[{"@type":"Article","@id":"https:\/\/blogg.svenskakyrkan.se\/gerle\/2015\/02\/17\/om-fasta-och-narvaro\/#article","isPartOf":{"@id":"https:\/\/blogg.svenskakyrkan.se\/gerle\/2015\/02\/17\/om-fasta-och-narvaro\/"},"author":{"name":"Elisabeth Gerle","@id":"https:\/\/blogg.svenskakyrkan.se\/gerle\/#\/schema\/person\/785ea9fb35fb8ed3c2c9951295712d1b"},"headline":"Om fasta och n\u00e4rvaro","datePublished":"2015-02-17T17:26:34+00:00","mainEntityOfPage":{"@id":"https:\/\/blogg.svenskakyrkan.se\/gerle\/2015\/02\/17\/om-fasta-och-narvaro\/"},"wordCount":430,"commentCount":0,"inLanguage":"sv-SE","potentialAction":[{"@type":"CommentAction","name":"Comment","target":["https:\/\/blogg.svenskakyrkan.se\/gerle\/2015\/02\/17\/om-fasta-och-narvaro\/#respond"]}]},{"@type":"WebPage","@id":"https:\/\/blogg.svenskakyrkan.se\/gerle\/2015\/02\/17\/om-fasta-och-narvaro\/","url":"https:\/\/blogg.svenskakyrkan.se\/gerle\/2015\/02\/17\/om-fasta-och-narvaro\/","name":"Om fasta och n\u00e4rvaro - Elisabeth Gerle funderar","isPartOf":{"@id":"https:\/\/blogg.svenskakyrkan.se\/gerle\/#website"},"datePublished":"2015-02-17T17:26:34+00:00","author":{"@id":"https:\/\/blogg.svenskakyrkan.se\/gerle\/#\/schema\/person\/785ea9fb35fb8ed3c2c9951295712d1b"},"breadcrumb":{"@id":"https:\/\/blogg.svenskakyrkan.se\/gerle\/2015\/02\/17\/om-fasta-och-narvaro\/#breadcrumb"},"inLanguage":"sv-SE","potentialAction":[{"@type":"ReadAction","target":["https:\/\/blogg.svenskakyrkan.se\/gerle\/2015\/02\/17\/om-fasta-och-narvaro\/"]}]},{"@type":"BreadcrumbList","@id":"https:\/\/blogg.svenskakyrkan.se\/gerle\/2015\/02\/17\/om-fasta-och-narvaro\/#breadcrumb","itemListElement":[{"@type":"ListItem","position":1,"name":"Hem","item":"https:\/\/blogg.svenskakyrkan.se\/gerle\/"},{"@type":"ListItem","position":2,"name":"Om fasta och n\u00e4rvaro"}]},{"@type":"WebSite","@id":"https:\/\/blogg.svenskakyrkan.se\/gerle\/#website","url":"https:\/\/blogg.svenskakyrkan.se\/gerle\/","name":"Elisabeth Gerle funderar","description":"","potentialAction":[{"@type":"SearchAction","target":{"@type":"EntryPoint","urlTemplate":"https:\/\/blogg.svenskakyrkan.se\/gerle\/?s={search_term_string}"},"query-input":{"@type":"PropertyValueSpecification","valueRequired":true,"valueName":"search_term_string"}}],"inLanguage":"sv-SE"},{"@type":"Person","@id":"https:\/\/blogg.svenskakyrkan.se\/gerle\/#\/schema\/person\/785ea9fb35fb8ed3c2c9951295712d1b","name":"Elisabeth Gerle","image":{"@type":"ImageObject","inLanguage":"sv-SE","@id":"https:\/\/blogg.svenskakyrkan.se\/gerle\/#\/schema\/person\/image\/","url":"https:\/\/secure.gravatar.com\/avatar\/ae0524dd142908d7c8372401d72efaa66409cd86ee31f5e1eb23ae87edcf05e5?s=96&d=mm&r=g","contentUrl":"https:\/\/secure.gravatar.com\/avatar\/ae0524dd142908d7c8372401d72efaa66409cd86ee31f5e1eb23ae87edcf05e5?s=96&d=mm&r=g","caption":"Elisabeth Gerle"},"url":"https:\/\/blogg.svenskakyrkan.se\/gerle\/author\/gerle\/"}]}},"author_meta":{"ID":"63","user_nicename":"gerle","user_registered":"2011-05-05 12:24:01","display_name":"Elisabeth Gerle","first_name":"Elisabeth","last_name":"Gerle","avatar":"https:\/\/secure.gravatar.com\/avatar\/ae0524dd142908d7c8372401d72efaa66409cd86ee31f5e1eb23ae87edcf05e5?s=96&d=mm&r=g"},"featured_image":false,"bloginfo":{"name":"Elisabeth Gerle funderar","url":"https:\/\/blogg.svenskakyrkan.se\/gerle"},"_links":{"self":[{"href":"https:\/\/blogg.svenskakyrkan.se\/gerle\/wp-json\/wp\/v2\/posts\/462","targetHints":{"allow":["GET"]}}],"collection":[{"href":"https:\/\/blogg.svenskakyrkan.se\/gerle\/wp-json\/wp\/v2\/posts"}],"about":[{"href":"https:\/\/blogg.svenskakyrkan.se\/gerle\/wp-json\/wp\/v2\/types\/post"}],"author":[{"embeddable":true,"href":"https:\/\/blogg.svenskakyrkan.se\/gerle\/wp-json\/wp\/v2\/users\/63"}],"replies":[{"embeddable":true,"href":"https:\/\/blogg.svenskakyrkan.se\/gerle\/wp-json\/wp\/v2\/comments?post=462"}],"version-history":[{"count":3,"href":"https:\/\/blogg.svenskakyrkan.se\/gerle\/wp-json\/wp\/v2\/posts\/462\/revisions"}],"predecessor-version":[{"id":465,"href":"https:\/\/blogg.svenskakyrkan.se\/gerle\/wp-json\/wp\/v2\/posts\/462\/revisions\/465"}],"wp:attachment":[{"href":"https:\/\/blogg.svenskakyrkan.se\/gerle\/wp-json\/wp\/v2\/media?parent=462"}],"wp:term":[{"taxonomy":"category","embeddable":true,"href":"https:\/\/blogg.svenskakyrkan.se\/gerle\/wp-json\/wp\/v2\/categories?post=462"},{"taxonomy":"post_tag","embeddable":true,"href":"https:\/\/blogg.svenskakyrkan.se\/gerle\/wp-json\/wp\/v2\/tags?post=462"}],"curies":[{"name":"wp","href":"https:\/\/api.w.org\/{rel}","templated":true}]}}