{"id":466,"date":"2015-02-22T17:00:24","date_gmt":"2015-02-22T17:00:24","guid":{"rendered":"http:\/\/blogg.svenskakyrkan.se\/gerle\/?p=466"},"modified":"2015-02-23T14:09:39","modified_gmt":"2015-02-23T14:09:39","slug":"samhallet-blir-allt-viktigare","status":"publish","type":"post","link":"https:\/\/blogg.svenskakyrkan.se\/gerle\/2015\/02\/22\/samhallet-blir-allt-viktigare\/","title":{"rendered":"F\u00f6rest\u00e4lld gemenskap blir verklig"},"content":{"rendered":"<h1><\/h1>\n<p>M\u00e5nga har de senaste dagarna f\u00f6ljt skidspelen i Falun. Ringde en granne som sa, &#8221;jag m\u00e5ste ju ha lite koll p\u00e5 hur det g\u00e5r f\u00f6r svenskarna&#8221;. Och visst var det fantastiskt n\u00e4r Stina Nilssson kom igen p\u00e5 upploppet och tog silver. T\u00e4vlingar g\u00f6r oss alla lite nationalistiska. Vi jublar n\u00e4r\u00a0en svensk f\u00e5r medalj. \u00a0Inget ont i det. I Falun finns ocks\u00e5\u00a0ett \u201dCamp Norway\u201d. Till f\u00f6r norrm\u00e4n som \u00e4r d\u00e4r f\u00f6r at f\u00f6lja spelen. De brukar\u00a0ha en hel\u00a0del att fira!<\/p>\n<p>F\u00f6r Malm\u00f6, Lund och K\u00f6penhamn lanseras\u00a0 namnet \u201dCopenhagen Region\u201d.<\/p>\n<p>Norra Bohusl\u00e4n h\u00e5ller p\u00e5 att tas \u00f6ver av norrm\u00e4n, som under oljans guld\u00e5lder haft betydligt mer pengar att k\u00f6pa kustn\u00e4ra bost\u00e4der \u00e4n \u00e5retruntboende i kustbandet, oavsett om de levt p\u00e5 fiske, b\u00e5tbyggeri, sm\u00e5industri eller jordbruk. N\u00e4r bron mellan Malm\u00f6 och K\u00f6penhamn byggdes minns jag att jag sa att nu \u00e5tertar Danmark det f\u00f6rlorade landet. Inget fel med det s\u00e5 l\u00e4nge det sker med fredliga medel. Lite knepigt blir det f\u00f6rst\u00e5s n\u00e4r man betalar skatt i en region och har r\u00e4tt till service i ett annat.\u00a0 Men allt det d\u00e4r kan l\u00f6sas av politiker och myndigheter, bara de vill. \u00a0Det \u00e4r sv\u00e5rare att l\u00f6sa de emotionella knutarna. Vad h\u00e4nder med det stolta Storsverige om det naggas i kanterna av mindre grannl\u00e4nder med mycket st\u00f6rre nationalk\u00e4nsla?<\/p>\n<p>De flesta sk\u00e5ningar ser K\u00f6penhamn som sin storstad, knappast Stockholm, som enligt dem ligger alldeles f\u00f6r l\u00e5ngt bort.\u00a0 D\u00e4rf\u00f6r \u00e5terg\u00e5r allt till det normala ju mer \u00d6resundsregionen blir verklighet.\u00a0 Men nationalstaten utmanas, den f\u00f6rest\u00e4llda gemenskap d\u00e4r alla helst ska se ungef\u00e4r likadana ut och k\u00e4nna tillh\u00f6righet till dem som bor i detta avl\u00e5nga land. Det \u00e4r k\u00e4nslorna f\u00f6r denna Skansenidyll som Sverigedemokraterna spelar p\u00e5. \u00c4nd\u00e5 har Sverige aldrig sett ut s\u00e5. Klassgr\u00e4nser och k\u00f6n, lika v\u00e4l som regionala skillnader, har alltid haft stor betydelse f\u00f6r vilken tillh\u00f6righet en m\u00e4nniska kunnat r\u00e4kna med. D\u00e4rf\u00f6r \u00e4r det inte konstigt att ultranationalistiska partier \u00f6ver hela v\u00e4rlden v\u00e4rnar gr\u00e4nserna mellan man och kvinna samt starka territoriella gr\u00e4nser. Klass tonar dock bort till f\u00f6rm\u00e5n f\u00f6r romantiska f\u00f6rest\u00e4llningar om ett enhetligt folk, under ledaren.<\/p>\n<p>Det kostar bara en t\u00e5gbiljett eller en Brobizz f\u00f6r att ta sig fr\u00e5n Malm\u00f6 till K\u00f6penhamn.\u00a0 Vad betyder d\u00e5 nationsgr\u00e4nsen i sammanhanget? Praktiskt taget ingenting. Den f\u00f6rest\u00e4llda gemenskapen blir alltmer fiktiv, f\u00f6rest\u00e4lld. Utom n\u00e4r det h\u00e4nder n\u00e5got. Stor gl\u00e4dje eller stor sorg.<\/p>\n<p>D\u00e5 pl\u00f6tsligt blir samh\u00e4llet synligt. Det var ingen tillf\u00e4llighet att Danmarks statsminister Helle Torning Schmidt talade om ett nationellt vi efter terrord\u00e5den i K\u00f6panhamn. Hon gjorde det i den tradition d\u00e4r danskarna skyddade f\u00f6rf\u00f6ljda judar under nazitidens ockupation. Ett annat vi \u00e4n det Dansk folkeparti st\u00e4ndigt \u00e5beropar. De danska judarna ingick sj\u00e4lvklart i henens vi. Liksom muslimerna. \u00a0N\u00e4r Sveriges andre vice talman \u00a0beskriver samer, judar och muslimer som andra nationer ger han ist\u00e4llet etnisk eller religi\u00f6s tillh\u00f6righet f\u00f6retr\u00e4de framf\u00f6r en nationell gemenskap. De ses inte som riktiga svenskar. M\u00e5nga b\u00e4var idag inf\u00f6r denna om\u00e4nskliga och orimliga logik.<\/p>\n<p>I sin bok <em>Kan vi leva tillsammans? J\u00e4mlika och olika<\/em> beskriver Alain Touraine det han kallar avmodernisering. D\u00e4r kan individen inbilla sig vara totalt oberoende, av allt och alla utom marknaden. Ironiskt nog \u00e4r det i de samh\u00e4llen d\u00e4r det finns mest sv\u00e4ngrum f\u00f6r yttrandefrihet som samh\u00e4llet ocks\u00e5 skyddar den mest. Det vore kl\u00e4dsamt om de som hela tiden testa den p\u00e5 de andra ocks\u00e5 s\u00e5g det. Det \u00e4r inte l\u00e4ngre marknaden som g\u00f6r det m\u00f6jligt f\u00f6r dem att forts\u00e4tta. Det \u00e4r faktiskt r\u00e4ttssamh\u00e4llet.<\/p>\n<p>I <em>Plikten, profiten och konsten att vara m\u00e4nniska<\/em>, en bok som k\u00e4nns alltmer angel\u00e4gen, menar G\u00f6ran Rosenberg att det moderna samh\u00e4llet lyckades h\u00e5lla ihop tv\u00e5 f\u00f6rest\u00e4llningar, dels den om den fria individen, dels den om den sj\u00e4lvuppoffrande medborgaren. L\u00e4nge hoppades vi att globaliseringen skulle leda till allt vidare kretsar av samh\u00f6righet och r\u00e4ttvisa, men det blev snarare de feodala n\u00e4tverken som framtr\u00e4dde. Med avmoderniseringen f\u00f6ljde ist\u00e4llet &#8221;enklavernas r\u00e4ttvisa, sektens r\u00e4ttvisa och fr\u00e4mlingsr\u00e4dslans r\u00e4ttvisa&#8221;.<\/p>\n<p>Camp Norway och Copenhagen region \u00e4r of\u00f6rargliga f\u00f6rs\u00f6k att skapa nya gemenskaper som \u00e4r friare gentemot staten. Men det g\u00e4ller att f\u00f6rena \u00f6ppenhet med ett samh\u00e4lle som v\u00e4rnar respekt f\u00f6r b\u00e5de j\u00e4mlikhet och olikhet. Samtidigt! Det blir allt viktigare att v\u00e4rna ett medborgarskap som rymmer judar, muslimer, kristna och ateister, samer och tornedalsfinnar. Men d\u00e5 m\u00e5ste ocks\u00e5 r\u00e4ttsstaten skydda allas v\u00e5ra institutioner.<\/p>\n<p>&nbsp;<\/p>\n<p>&nbsp;<\/p>\n<p>&nbsp;<\/p>\n","protected":false},"excerpt":{"rendered":"<p>M\u00e5nga har de senaste dagarna f\u00f6ljt skidspelen i Falun. Ringde en granne som sa, &#8221;jag m\u00e5ste ju ha lite koll p\u00e5 hur det g\u00e5r f\u00f6r svenskarna&#8221;. Och visst var det fantastiskt n\u00e4r Stina Nilssson kom igen p\u00e5 upploppet och tog silver. T\u00e4vlingar g\u00f6r oss alla lite nationalistiska. Vi jublar n\u00e4r\u00a0en svensk f\u00e5r medalj. \u00a0Inget ont [&hellip;]<\/p>\n","protected":false},"author":63,"featured_media":0,"comment_status":"open","ping_status":"open","sticky":false,"template":"","format":"standard","meta":{"_acf_changed":false,"footnotes":""},"categories":[9],"tags":[],"class_list":["post-466","post","type-post","status-publish","format-standard","hentry","category-okategoriserade"],"acf":[],"yoast_head":"<!-- This site is optimized with the Yoast SEO plugin v27.1.1 - https:\/\/yoast.com\/product\/yoast-seo-wordpress\/ -->\n<title>F\u00f6rest\u00e4lld gemenskap blir verklig - Elisabeth Gerle funderar<\/title>\n<meta name=\"robots\" content=\"index, follow, max-snippet:-1, max-image-preview:large, max-video-preview:-1\" \/>\n<link rel=\"canonical\" href=\"https:\/\/blogg.svenskakyrkan.se\/gerle\/2015\/02\/22\/samhallet-blir-allt-viktigare\/\" \/>\n<meta property=\"og:locale\" content=\"sv_SE\" \/>\n<meta property=\"og:type\" content=\"article\" \/>\n<meta property=\"og:title\" content=\"F\u00f6rest\u00e4lld gemenskap blir verklig - Elisabeth Gerle funderar\" \/>\n<meta property=\"og:description\" content=\"M\u00e5nga har de senaste dagarna f\u00f6ljt skidspelen i Falun. Ringde en granne som sa, &#8221;jag m\u00e5ste ju ha lite koll p\u00e5 hur det g\u00e5r f\u00f6r svenskarna&#8221;. Och visst var det fantastiskt n\u00e4r Stina Nilssson kom igen p\u00e5 upploppet och tog silver. T\u00e4vlingar g\u00f6r oss alla lite nationalistiska. Vi jublar n\u00e4r\u00a0en svensk f\u00e5r medalj. \u00a0Inget ont [&hellip;]\" \/>\n<meta property=\"og:url\" content=\"https:\/\/blogg.svenskakyrkan.se\/gerle\/2015\/02\/22\/samhallet-blir-allt-viktigare\/\" \/>\n<meta property=\"og:site_name\" content=\"Elisabeth Gerle funderar\" \/>\n<meta property=\"article:published_time\" content=\"2015-02-22T17:00:24+00:00\" \/>\n<meta property=\"article:modified_time\" content=\"2015-02-23T14:09:39+00:00\" \/>\n<meta name=\"author\" content=\"Elisabeth Gerle\" \/>\n<meta name=\"twitter:card\" content=\"summary_large_image\" \/>\n<meta name=\"twitter:label1\" content=\"Skriven av\" \/>\n\t<meta name=\"twitter:data1\" content=\"Elisabeth Gerle\" \/>\n\t<meta name=\"twitter:label2\" content=\"Ber\u00e4knad l\u00e4stid\" \/>\n\t<meta name=\"twitter:data2\" content=\"4 minuter\" \/>\n<script type=\"application\/ld+json\" class=\"yoast-schema-graph\">{\"@context\":\"https:\/\/schema.org\",\"@graph\":[{\"@type\":\"Article\",\"@id\":\"https:\/\/blogg.svenskakyrkan.se\/gerle\/2015\/02\/22\/samhallet-blir-allt-viktigare\/#article\",\"isPartOf\":{\"@id\":\"https:\/\/blogg.svenskakyrkan.se\/gerle\/2015\/02\/22\/samhallet-blir-allt-viktigare\/\"},\"author\":{\"name\":\"Elisabeth Gerle\",\"@id\":\"https:\/\/blogg.svenskakyrkan.se\/gerle\/#\/schema\/person\/785ea9fb35fb8ed3c2c9951295712d1b\"},\"headline\":\"F\u00f6rest\u00e4lld gemenskap blir verklig\",\"datePublished\":\"2015-02-22T17:00:24+00:00\",\"dateModified\":\"2015-02-23T14:09:39+00:00\",\"mainEntityOfPage\":{\"@id\":\"https:\/\/blogg.svenskakyrkan.se\/gerle\/2015\/02\/22\/samhallet-blir-allt-viktigare\/\"},\"wordCount\":872,\"commentCount\":0,\"inLanguage\":\"sv-SE\",\"potentialAction\":[{\"@type\":\"CommentAction\",\"name\":\"Comment\",\"target\":[\"https:\/\/blogg.svenskakyrkan.se\/gerle\/2015\/02\/22\/samhallet-blir-allt-viktigare\/#respond\"]}]},{\"@type\":\"WebPage\",\"@id\":\"https:\/\/blogg.svenskakyrkan.se\/gerle\/2015\/02\/22\/samhallet-blir-allt-viktigare\/\",\"url\":\"https:\/\/blogg.svenskakyrkan.se\/gerle\/2015\/02\/22\/samhallet-blir-allt-viktigare\/\",\"name\":\"F\u00f6rest\u00e4lld gemenskap blir verklig - Elisabeth Gerle funderar\",\"isPartOf\":{\"@id\":\"https:\/\/blogg.svenskakyrkan.se\/gerle\/#website\"},\"datePublished\":\"2015-02-22T17:00:24+00:00\",\"dateModified\":\"2015-02-23T14:09:39+00:00\",\"author\":{\"@id\":\"https:\/\/blogg.svenskakyrkan.se\/gerle\/#\/schema\/person\/785ea9fb35fb8ed3c2c9951295712d1b\"},\"breadcrumb\":{\"@id\":\"https:\/\/blogg.svenskakyrkan.se\/gerle\/2015\/02\/22\/samhallet-blir-allt-viktigare\/#breadcrumb\"},\"inLanguage\":\"sv-SE\",\"potentialAction\":[{\"@type\":\"ReadAction\",\"target\":[\"https:\/\/blogg.svenskakyrkan.se\/gerle\/2015\/02\/22\/samhallet-blir-allt-viktigare\/\"]}]},{\"@type\":\"BreadcrumbList\",\"@id\":\"https:\/\/blogg.svenskakyrkan.se\/gerle\/2015\/02\/22\/samhallet-blir-allt-viktigare\/#breadcrumb\",\"itemListElement\":[{\"@type\":\"ListItem\",\"position\":1,\"name\":\"Hem\",\"item\":\"https:\/\/blogg.svenskakyrkan.se\/gerle\/\"},{\"@type\":\"ListItem\",\"position\":2,\"name\":\"F\u00f6rest\u00e4lld gemenskap blir verklig\"}]},{\"@type\":\"WebSite\",\"@id\":\"https:\/\/blogg.svenskakyrkan.se\/gerle\/#website\",\"url\":\"https:\/\/blogg.svenskakyrkan.se\/gerle\/\",\"name\":\"Elisabeth Gerle funderar\",\"description\":\"\",\"potentialAction\":[{\"@type\":\"SearchAction\",\"target\":{\"@type\":\"EntryPoint\",\"urlTemplate\":\"https:\/\/blogg.svenskakyrkan.se\/gerle\/?s={search_term_string}\"},\"query-input\":{\"@type\":\"PropertyValueSpecification\",\"valueRequired\":true,\"valueName\":\"search_term_string\"}}],\"inLanguage\":\"sv-SE\"},{\"@type\":\"Person\",\"@id\":\"https:\/\/blogg.svenskakyrkan.se\/gerle\/#\/schema\/person\/785ea9fb35fb8ed3c2c9951295712d1b\",\"name\":\"Elisabeth Gerle\",\"image\":{\"@type\":\"ImageObject\",\"inLanguage\":\"sv-SE\",\"@id\":\"https:\/\/blogg.svenskakyrkan.se\/gerle\/#\/schema\/person\/image\/\",\"url\":\"https:\/\/secure.gravatar.com\/avatar\/ae0524dd142908d7c8372401d72efaa66409cd86ee31f5e1eb23ae87edcf05e5?s=96&d=mm&r=g\",\"contentUrl\":\"https:\/\/secure.gravatar.com\/avatar\/ae0524dd142908d7c8372401d72efaa66409cd86ee31f5e1eb23ae87edcf05e5?s=96&d=mm&r=g\",\"caption\":\"Elisabeth Gerle\"},\"url\":\"https:\/\/blogg.svenskakyrkan.se\/gerle\/author\/gerle\/\"}]}<\/script>\n<!-- \/ Yoast SEO plugin. -->","yoast_head_json":{"title":"F\u00f6rest\u00e4lld gemenskap blir verklig - Elisabeth Gerle funderar","robots":{"index":"index","follow":"follow","max-snippet":"max-snippet:-1","max-image-preview":"max-image-preview:large","max-video-preview":"max-video-preview:-1"},"canonical":"https:\/\/blogg.svenskakyrkan.se\/gerle\/2015\/02\/22\/samhallet-blir-allt-viktigare\/","og_locale":"sv_SE","og_type":"article","og_title":"F\u00f6rest\u00e4lld gemenskap blir verklig - Elisabeth Gerle funderar","og_description":"M\u00e5nga har de senaste dagarna f\u00f6ljt skidspelen i Falun. Ringde en granne som sa, &#8221;jag m\u00e5ste ju ha lite koll p\u00e5 hur det g\u00e5r f\u00f6r svenskarna&#8221;. Och visst var det fantastiskt n\u00e4r Stina Nilssson kom igen p\u00e5 upploppet och tog silver. T\u00e4vlingar g\u00f6r oss alla lite nationalistiska. Vi jublar n\u00e4r\u00a0en svensk f\u00e5r medalj. \u00a0Inget ont [&hellip;]","og_url":"https:\/\/blogg.svenskakyrkan.se\/gerle\/2015\/02\/22\/samhallet-blir-allt-viktigare\/","og_site_name":"Elisabeth Gerle funderar","article_published_time":"2015-02-22T17:00:24+00:00","article_modified_time":"2015-02-23T14:09:39+00:00","author":"Elisabeth Gerle","twitter_card":"summary_large_image","twitter_misc":{"Skriven av":"Elisabeth Gerle","Ber\u00e4knad l\u00e4stid":"4 minuter"},"schema":{"@context":"https:\/\/schema.org","@graph":[{"@type":"Article","@id":"https:\/\/blogg.svenskakyrkan.se\/gerle\/2015\/02\/22\/samhallet-blir-allt-viktigare\/#article","isPartOf":{"@id":"https:\/\/blogg.svenskakyrkan.se\/gerle\/2015\/02\/22\/samhallet-blir-allt-viktigare\/"},"author":{"name":"Elisabeth Gerle","@id":"https:\/\/blogg.svenskakyrkan.se\/gerle\/#\/schema\/person\/785ea9fb35fb8ed3c2c9951295712d1b"},"headline":"F\u00f6rest\u00e4lld gemenskap blir verklig","datePublished":"2015-02-22T17:00:24+00:00","dateModified":"2015-02-23T14:09:39+00:00","mainEntityOfPage":{"@id":"https:\/\/blogg.svenskakyrkan.se\/gerle\/2015\/02\/22\/samhallet-blir-allt-viktigare\/"},"wordCount":872,"commentCount":0,"inLanguage":"sv-SE","potentialAction":[{"@type":"CommentAction","name":"Comment","target":["https:\/\/blogg.svenskakyrkan.se\/gerle\/2015\/02\/22\/samhallet-blir-allt-viktigare\/#respond"]}]},{"@type":"WebPage","@id":"https:\/\/blogg.svenskakyrkan.se\/gerle\/2015\/02\/22\/samhallet-blir-allt-viktigare\/","url":"https:\/\/blogg.svenskakyrkan.se\/gerle\/2015\/02\/22\/samhallet-blir-allt-viktigare\/","name":"F\u00f6rest\u00e4lld gemenskap blir verklig - Elisabeth Gerle funderar","isPartOf":{"@id":"https:\/\/blogg.svenskakyrkan.se\/gerle\/#website"},"datePublished":"2015-02-22T17:00:24+00:00","dateModified":"2015-02-23T14:09:39+00:00","author":{"@id":"https:\/\/blogg.svenskakyrkan.se\/gerle\/#\/schema\/person\/785ea9fb35fb8ed3c2c9951295712d1b"},"breadcrumb":{"@id":"https:\/\/blogg.svenskakyrkan.se\/gerle\/2015\/02\/22\/samhallet-blir-allt-viktigare\/#breadcrumb"},"inLanguage":"sv-SE","potentialAction":[{"@type":"ReadAction","target":["https:\/\/blogg.svenskakyrkan.se\/gerle\/2015\/02\/22\/samhallet-blir-allt-viktigare\/"]}]},{"@type":"BreadcrumbList","@id":"https:\/\/blogg.svenskakyrkan.se\/gerle\/2015\/02\/22\/samhallet-blir-allt-viktigare\/#breadcrumb","itemListElement":[{"@type":"ListItem","position":1,"name":"Hem","item":"https:\/\/blogg.svenskakyrkan.se\/gerle\/"},{"@type":"ListItem","position":2,"name":"F\u00f6rest\u00e4lld gemenskap blir verklig"}]},{"@type":"WebSite","@id":"https:\/\/blogg.svenskakyrkan.se\/gerle\/#website","url":"https:\/\/blogg.svenskakyrkan.se\/gerle\/","name":"Elisabeth Gerle funderar","description":"","potentialAction":[{"@type":"SearchAction","target":{"@type":"EntryPoint","urlTemplate":"https:\/\/blogg.svenskakyrkan.se\/gerle\/?s={search_term_string}"},"query-input":{"@type":"PropertyValueSpecification","valueRequired":true,"valueName":"search_term_string"}}],"inLanguage":"sv-SE"},{"@type":"Person","@id":"https:\/\/blogg.svenskakyrkan.se\/gerle\/#\/schema\/person\/785ea9fb35fb8ed3c2c9951295712d1b","name":"Elisabeth Gerle","image":{"@type":"ImageObject","inLanguage":"sv-SE","@id":"https:\/\/blogg.svenskakyrkan.se\/gerle\/#\/schema\/person\/image\/","url":"https:\/\/secure.gravatar.com\/avatar\/ae0524dd142908d7c8372401d72efaa66409cd86ee31f5e1eb23ae87edcf05e5?s=96&d=mm&r=g","contentUrl":"https:\/\/secure.gravatar.com\/avatar\/ae0524dd142908d7c8372401d72efaa66409cd86ee31f5e1eb23ae87edcf05e5?s=96&d=mm&r=g","caption":"Elisabeth Gerle"},"url":"https:\/\/blogg.svenskakyrkan.se\/gerle\/author\/gerle\/"}]}},"author_meta":{"ID":"63","user_nicename":"gerle","user_registered":"2011-05-05 12:24:01","display_name":"Elisabeth Gerle","first_name":"Elisabeth","last_name":"Gerle","avatar":"https:\/\/secure.gravatar.com\/avatar\/ae0524dd142908d7c8372401d72efaa66409cd86ee31f5e1eb23ae87edcf05e5?s=96&d=mm&r=g"},"featured_image":false,"bloginfo":{"name":"Elisabeth Gerle funderar","url":"https:\/\/blogg.svenskakyrkan.se\/gerle"},"_links":{"self":[{"href":"https:\/\/blogg.svenskakyrkan.se\/gerle\/wp-json\/wp\/v2\/posts\/466","targetHints":{"allow":["GET"]}}],"collection":[{"href":"https:\/\/blogg.svenskakyrkan.se\/gerle\/wp-json\/wp\/v2\/posts"}],"about":[{"href":"https:\/\/blogg.svenskakyrkan.se\/gerle\/wp-json\/wp\/v2\/types\/post"}],"author":[{"embeddable":true,"href":"https:\/\/blogg.svenskakyrkan.se\/gerle\/wp-json\/wp\/v2\/users\/63"}],"replies":[{"embeddable":true,"href":"https:\/\/blogg.svenskakyrkan.se\/gerle\/wp-json\/wp\/v2\/comments?post=466"}],"version-history":[{"count":11,"href":"https:\/\/blogg.svenskakyrkan.se\/gerle\/wp-json\/wp\/v2\/posts\/466\/revisions"}],"predecessor-version":[{"id":483,"href":"https:\/\/blogg.svenskakyrkan.se\/gerle\/wp-json\/wp\/v2\/posts\/466\/revisions\/483"}],"wp:attachment":[{"href":"https:\/\/blogg.svenskakyrkan.se\/gerle\/wp-json\/wp\/v2\/media?parent=466"}],"wp:term":[{"taxonomy":"category","embeddable":true,"href":"https:\/\/blogg.svenskakyrkan.se\/gerle\/wp-json\/wp\/v2\/categories?post=466"},{"taxonomy":"post_tag","embeddable":true,"href":"https:\/\/blogg.svenskakyrkan.se\/gerle\/wp-json\/wp\/v2\/tags?post=466"}],"curies":[{"name":"wp","href":"https:\/\/api.w.org\/{rel}","templated":true}]}}