{"id":65,"date":"2011-05-29T10:08:38","date_gmt":"2011-05-29T10:08:38","guid":{"rendered":"http:\/\/blogg.svenskakyrkan.se\/gerle\/?p=65"},"modified":"2011-05-29T10:19:18","modified_gmt":"2011-05-29T10:19:18","slug":"mors-dag-jippo-eller-tillfalle","status":"publish","type":"post","link":"https:\/\/blogg.svenskakyrkan.se\/gerle\/2011\/05\/29\/mors-dag-jippo-eller-tillfalle\/","title":{"rendered":"Mors dag- jippo eller tillf\u00e4lle?"},"content":{"rendered":"<div>Mors dag- en kommersiell grej eller ett tillf\u00e4lle att visa uppskattning? B\u00e5de och naturligtvis. Som s\u00e5 mycket!<\/div>\n<div>I\u00a0almanackan st\u00e5r b\u00e5de Mors dag och B\u00f6ns\u00f6ndagen. Och jag t\u00e4nker p\u00e5 alla mammor som ber f\u00f6r sina barn, som\u00a0\u00f6nskar att de kan hj\u00e4lpa dem i livet. Att\u00a0mata, tr\u00f6sta, tv\u00e4tta, krama, natta och <a><\/a><em>modra <\/em>ett litet barn \u00e4r underbart,\u00a0men ocks\u00e5 n\u00e5got varje\u00a0f\u00f6r\u00e4lder blir d\u00f6dstr\u00f6tt av. Vakn\u00e4tter, passning, oro\u00a0&#8230; Men de varma kramarna ger ny erergi. \u00d6gon som lyser av gl\u00e4dje och f\u00f6rv\u00e4ntan gentemot mamma eller pappa.<\/div>\n<div>Det stora barnet som \u00e4r utfluget och klarar sig sj\u00e4lvt, och \u00e4nd\u00e5&#8230; Vars bekymmer och gl\u00e4dje s\u00e5 m\u00e5nga mammor och pappor delar, \u00e4ven n\u00e4r det g\u00e4ller &#8221;stora barn&#8221;. Vanmakten \u00f6ver det man inte kan g\u00f6ra. Som blir till b\u00f6n, f\u00f6rb\u00f6n, tack f\u00f6r att detta, dessa barn finns.\u00a0\u00a0Och Gode Gud hj\u00e4lp! Om vart annat. Hela tiden, hela livet&#8230;<\/div>\n<div>\u00a0<\/div>\n<div>Ibland k\u00e4nns det som att det \u00e4r det sv\u00e5raste som finns att vara f\u00f6r\u00e4lder .\u00a0Ofta \u00a0en n\u00e5d.\u00a0 Liv. I \u00f6verfl\u00f6d. Det h\u00e4r \u00e5ret t\u00e4nker jag inte bara p\u00e5 hur det \u00e4r att ha barn eller p\u00e5 alla som ville\u00a0ha barn men inte fick n\u00e5gra, utan ocks\u00e5 p\u00e5 alla de m\u00f6drar i Bosnien som s\u00f6rjer sina s\u00f6ner.\u00a0Gripandet av Ratko Mladic kan i b\u00e4sta fall ge en k\u00e4nsla av uppr\u00e4ttelse, att r\u00e4ttvisa skipas. Men det kan inte ta bort sorgen, f\u00f6rlusten \u00f6ver att den som var deras framtid tagits ifr\u00e5n dem.<\/div>\n<div><em>\u00a0<\/em><\/div>\n<div><em>Modra <\/em>\u00e4r ett bra ord f\u00f6r den omsorg vi kan ge \u00e5t varandra och \u00e5t varandras barn. N\u00e4r jag bodde i USA, talade man ofta om att <em>modra<\/em>. En del av mina v\u00e4nner vid universitetet som hade valt att inte ha barn talade om sina doktorander som en sorts barn som de <em>modrade<\/em>. Tror det \u00e4r en fin id\u00e9. <em>Modrande <\/em>beh\u00f6vs oavsett om man har barn eller inte. Till om med mammor beh\u00f6ver nog ibland bli modrade, f\u00e5 lite omsorg och uppskattning. Inte bara en dag om \u00e5ret, men kanske \u00e4r det ett bra tillf\u00e4lle.\u00a0<\/div>\n","protected":false},"excerpt":{"rendered":"<p>Mors dag- en kommersiell grej eller ett tillf\u00e4lle att visa uppskattning? B\u00e5de och naturligtvis. Som s\u00e5 mycket! I\u00a0almanackan st\u00e5r b\u00e5de Mors dag och B\u00f6ns\u00f6ndagen. Och jag t\u00e4nker p\u00e5 alla mammor som ber f\u00f6r sina barn, som\u00a0\u00f6nskar att de kan hj\u00e4lpa dem i livet. Att\u00a0mata, tr\u00f6sta, tv\u00e4tta, krama, natta och modra ett litet barn \u00e4r underbart,\u00a0men [&hellip;]<\/p>\n","protected":false},"author":63,"featured_media":0,"comment_status":"open","ping_status":"open","sticky":false,"template":"","format":"standard","meta":{"_acf_changed":false,"footnotes":""},"categories":[9],"tags":[],"class_list":["post-65","post","type-post","status-publish","format-standard","hentry","category-okategoriserade"],"acf":[],"yoast_head":"<!-- This site is optimized with the Yoast SEO plugin v27.1.1 - https:\/\/yoast.com\/product\/yoast-seo-wordpress\/ -->\n<title>Mors dag- jippo eller tillf\u00e4lle? - Elisabeth Gerle funderar<\/title>\n<meta name=\"robots\" content=\"index, follow, max-snippet:-1, max-image-preview:large, max-video-preview:-1\" \/>\n<link rel=\"canonical\" href=\"https:\/\/blogg.svenskakyrkan.se\/gerle\/2011\/05\/29\/mors-dag-jippo-eller-tillfalle\/\" \/>\n<meta property=\"og:locale\" content=\"sv_SE\" \/>\n<meta property=\"og:type\" content=\"article\" \/>\n<meta property=\"og:title\" content=\"Mors dag- jippo eller tillf\u00e4lle? - Elisabeth Gerle funderar\" \/>\n<meta property=\"og:description\" content=\"Mors dag- en kommersiell grej eller ett tillf\u00e4lle att visa uppskattning? B\u00e5de och naturligtvis. Som s\u00e5 mycket! I\u00a0almanackan st\u00e5r b\u00e5de Mors dag och B\u00f6ns\u00f6ndagen. Och jag t\u00e4nker p\u00e5 alla mammor som ber f\u00f6r sina barn, som\u00a0\u00f6nskar att de kan hj\u00e4lpa dem i livet. Att\u00a0mata, tr\u00f6sta, tv\u00e4tta, krama, natta och modra ett litet barn \u00e4r underbart,\u00a0men [&hellip;]\" \/>\n<meta property=\"og:url\" content=\"https:\/\/blogg.svenskakyrkan.se\/gerle\/2011\/05\/29\/mors-dag-jippo-eller-tillfalle\/\" \/>\n<meta property=\"og:site_name\" content=\"Elisabeth Gerle funderar\" \/>\n<meta property=\"article:published_time\" content=\"2011-05-29T10:08:38+00:00\" \/>\n<meta property=\"article:modified_time\" content=\"2011-05-29T10:19:18+00:00\" \/>\n<meta name=\"author\" content=\"Elisabeth Gerle\" \/>\n<meta name=\"twitter:card\" content=\"summary_large_image\" \/>\n<meta name=\"twitter:label1\" content=\"Skriven av\" \/>\n\t<meta name=\"twitter:data1\" content=\"Elisabeth Gerle\" \/>\n\t<meta name=\"twitter:label2\" content=\"Ber\u00e4knad l\u00e4stid\" \/>\n\t<meta name=\"twitter:data2\" content=\"2 minuter\" \/>\n<script type=\"application\/ld+json\" class=\"yoast-schema-graph\">{\"@context\":\"https:\/\/schema.org\",\"@graph\":[{\"@type\":\"Article\",\"@id\":\"https:\/\/blogg.svenskakyrkan.se\/gerle\/2011\/05\/29\/mors-dag-jippo-eller-tillfalle\/#article\",\"isPartOf\":{\"@id\":\"https:\/\/blogg.svenskakyrkan.se\/gerle\/2011\/05\/29\/mors-dag-jippo-eller-tillfalle\/\"},\"author\":{\"name\":\"Elisabeth Gerle\",\"@id\":\"https:\/\/blogg.svenskakyrkan.se\/gerle\/#\/schema\/person\/785ea9fb35fb8ed3c2c9951295712d1b\"},\"headline\":\"Mors dag- jippo eller tillf\u00e4lle?\",\"datePublished\":\"2011-05-29T10:08:38+00:00\",\"dateModified\":\"2011-05-29T10:19:18+00:00\",\"mainEntityOfPage\":{\"@id\":\"https:\/\/blogg.svenskakyrkan.se\/gerle\/2011\/05\/29\/mors-dag-jippo-eller-tillfalle\/\"},\"wordCount\":392,\"commentCount\":0,\"inLanguage\":\"sv-SE\",\"potentialAction\":[{\"@type\":\"CommentAction\",\"name\":\"Comment\",\"target\":[\"https:\/\/blogg.svenskakyrkan.se\/gerle\/2011\/05\/29\/mors-dag-jippo-eller-tillfalle\/#respond\"]}]},{\"@type\":\"WebPage\",\"@id\":\"https:\/\/blogg.svenskakyrkan.se\/gerle\/2011\/05\/29\/mors-dag-jippo-eller-tillfalle\/\",\"url\":\"https:\/\/blogg.svenskakyrkan.se\/gerle\/2011\/05\/29\/mors-dag-jippo-eller-tillfalle\/\",\"name\":\"Mors dag- jippo eller tillf\u00e4lle? - Elisabeth Gerle funderar\",\"isPartOf\":{\"@id\":\"https:\/\/blogg.svenskakyrkan.se\/gerle\/#website\"},\"datePublished\":\"2011-05-29T10:08:38+00:00\",\"dateModified\":\"2011-05-29T10:19:18+00:00\",\"author\":{\"@id\":\"https:\/\/blogg.svenskakyrkan.se\/gerle\/#\/schema\/person\/785ea9fb35fb8ed3c2c9951295712d1b\"},\"breadcrumb\":{\"@id\":\"https:\/\/blogg.svenskakyrkan.se\/gerle\/2011\/05\/29\/mors-dag-jippo-eller-tillfalle\/#breadcrumb\"},\"inLanguage\":\"sv-SE\",\"potentialAction\":[{\"@type\":\"ReadAction\",\"target\":[\"https:\/\/blogg.svenskakyrkan.se\/gerle\/2011\/05\/29\/mors-dag-jippo-eller-tillfalle\/\"]}]},{\"@type\":\"BreadcrumbList\",\"@id\":\"https:\/\/blogg.svenskakyrkan.se\/gerle\/2011\/05\/29\/mors-dag-jippo-eller-tillfalle\/#breadcrumb\",\"itemListElement\":[{\"@type\":\"ListItem\",\"position\":1,\"name\":\"Hem\",\"item\":\"https:\/\/blogg.svenskakyrkan.se\/gerle\/\"},{\"@type\":\"ListItem\",\"position\":2,\"name\":\"Mors dag- jippo eller tillf\u00e4lle?\"}]},{\"@type\":\"WebSite\",\"@id\":\"https:\/\/blogg.svenskakyrkan.se\/gerle\/#website\",\"url\":\"https:\/\/blogg.svenskakyrkan.se\/gerle\/\",\"name\":\"Elisabeth Gerle funderar\",\"description\":\"\",\"potentialAction\":[{\"@type\":\"SearchAction\",\"target\":{\"@type\":\"EntryPoint\",\"urlTemplate\":\"https:\/\/blogg.svenskakyrkan.se\/gerle\/?s={search_term_string}\"},\"query-input\":{\"@type\":\"PropertyValueSpecification\",\"valueRequired\":true,\"valueName\":\"search_term_string\"}}],\"inLanguage\":\"sv-SE\"},{\"@type\":\"Person\",\"@id\":\"https:\/\/blogg.svenskakyrkan.se\/gerle\/#\/schema\/person\/785ea9fb35fb8ed3c2c9951295712d1b\",\"name\":\"Elisabeth Gerle\",\"image\":{\"@type\":\"ImageObject\",\"inLanguage\":\"sv-SE\",\"@id\":\"https:\/\/blogg.svenskakyrkan.se\/gerle\/#\/schema\/person\/image\/\",\"url\":\"https:\/\/secure.gravatar.com\/avatar\/ae0524dd142908d7c8372401d72efaa66409cd86ee31f5e1eb23ae87edcf05e5?s=96&d=mm&r=g\",\"contentUrl\":\"https:\/\/secure.gravatar.com\/avatar\/ae0524dd142908d7c8372401d72efaa66409cd86ee31f5e1eb23ae87edcf05e5?s=96&d=mm&r=g\",\"caption\":\"Elisabeth Gerle\"},\"url\":\"https:\/\/blogg.svenskakyrkan.se\/gerle\/author\/gerle\/\"}]}<\/script>\n<!-- \/ Yoast SEO plugin. -->","yoast_head_json":{"title":"Mors dag- jippo eller tillf\u00e4lle? - Elisabeth Gerle funderar","robots":{"index":"index","follow":"follow","max-snippet":"max-snippet:-1","max-image-preview":"max-image-preview:large","max-video-preview":"max-video-preview:-1"},"canonical":"https:\/\/blogg.svenskakyrkan.se\/gerle\/2011\/05\/29\/mors-dag-jippo-eller-tillfalle\/","og_locale":"sv_SE","og_type":"article","og_title":"Mors dag- jippo eller tillf\u00e4lle? - Elisabeth Gerle funderar","og_description":"Mors dag- en kommersiell grej eller ett tillf\u00e4lle att visa uppskattning? B\u00e5de och naturligtvis. Som s\u00e5 mycket! I\u00a0almanackan st\u00e5r b\u00e5de Mors dag och B\u00f6ns\u00f6ndagen. Och jag t\u00e4nker p\u00e5 alla mammor som ber f\u00f6r sina barn, som\u00a0\u00f6nskar att de kan hj\u00e4lpa dem i livet. Att\u00a0mata, tr\u00f6sta, tv\u00e4tta, krama, natta och modra ett litet barn \u00e4r underbart,\u00a0men [&hellip;]","og_url":"https:\/\/blogg.svenskakyrkan.se\/gerle\/2011\/05\/29\/mors-dag-jippo-eller-tillfalle\/","og_site_name":"Elisabeth Gerle funderar","article_published_time":"2011-05-29T10:08:38+00:00","article_modified_time":"2011-05-29T10:19:18+00:00","author":"Elisabeth Gerle","twitter_card":"summary_large_image","twitter_misc":{"Skriven av":"Elisabeth Gerle","Ber\u00e4knad l\u00e4stid":"2 minuter"},"schema":{"@context":"https:\/\/schema.org","@graph":[{"@type":"Article","@id":"https:\/\/blogg.svenskakyrkan.se\/gerle\/2011\/05\/29\/mors-dag-jippo-eller-tillfalle\/#article","isPartOf":{"@id":"https:\/\/blogg.svenskakyrkan.se\/gerle\/2011\/05\/29\/mors-dag-jippo-eller-tillfalle\/"},"author":{"name":"Elisabeth Gerle","@id":"https:\/\/blogg.svenskakyrkan.se\/gerle\/#\/schema\/person\/785ea9fb35fb8ed3c2c9951295712d1b"},"headline":"Mors dag- jippo eller tillf\u00e4lle?","datePublished":"2011-05-29T10:08:38+00:00","dateModified":"2011-05-29T10:19:18+00:00","mainEntityOfPage":{"@id":"https:\/\/blogg.svenskakyrkan.se\/gerle\/2011\/05\/29\/mors-dag-jippo-eller-tillfalle\/"},"wordCount":392,"commentCount":0,"inLanguage":"sv-SE","potentialAction":[{"@type":"CommentAction","name":"Comment","target":["https:\/\/blogg.svenskakyrkan.se\/gerle\/2011\/05\/29\/mors-dag-jippo-eller-tillfalle\/#respond"]}]},{"@type":"WebPage","@id":"https:\/\/blogg.svenskakyrkan.se\/gerle\/2011\/05\/29\/mors-dag-jippo-eller-tillfalle\/","url":"https:\/\/blogg.svenskakyrkan.se\/gerle\/2011\/05\/29\/mors-dag-jippo-eller-tillfalle\/","name":"Mors dag- jippo eller tillf\u00e4lle? - Elisabeth Gerle funderar","isPartOf":{"@id":"https:\/\/blogg.svenskakyrkan.se\/gerle\/#website"},"datePublished":"2011-05-29T10:08:38+00:00","dateModified":"2011-05-29T10:19:18+00:00","author":{"@id":"https:\/\/blogg.svenskakyrkan.se\/gerle\/#\/schema\/person\/785ea9fb35fb8ed3c2c9951295712d1b"},"breadcrumb":{"@id":"https:\/\/blogg.svenskakyrkan.se\/gerle\/2011\/05\/29\/mors-dag-jippo-eller-tillfalle\/#breadcrumb"},"inLanguage":"sv-SE","potentialAction":[{"@type":"ReadAction","target":["https:\/\/blogg.svenskakyrkan.se\/gerle\/2011\/05\/29\/mors-dag-jippo-eller-tillfalle\/"]}]},{"@type":"BreadcrumbList","@id":"https:\/\/blogg.svenskakyrkan.se\/gerle\/2011\/05\/29\/mors-dag-jippo-eller-tillfalle\/#breadcrumb","itemListElement":[{"@type":"ListItem","position":1,"name":"Hem","item":"https:\/\/blogg.svenskakyrkan.se\/gerle\/"},{"@type":"ListItem","position":2,"name":"Mors dag- jippo eller tillf\u00e4lle?"}]},{"@type":"WebSite","@id":"https:\/\/blogg.svenskakyrkan.se\/gerle\/#website","url":"https:\/\/blogg.svenskakyrkan.se\/gerle\/","name":"Elisabeth Gerle funderar","description":"","potentialAction":[{"@type":"SearchAction","target":{"@type":"EntryPoint","urlTemplate":"https:\/\/blogg.svenskakyrkan.se\/gerle\/?s={search_term_string}"},"query-input":{"@type":"PropertyValueSpecification","valueRequired":true,"valueName":"search_term_string"}}],"inLanguage":"sv-SE"},{"@type":"Person","@id":"https:\/\/blogg.svenskakyrkan.se\/gerle\/#\/schema\/person\/785ea9fb35fb8ed3c2c9951295712d1b","name":"Elisabeth Gerle","image":{"@type":"ImageObject","inLanguage":"sv-SE","@id":"https:\/\/blogg.svenskakyrkan.se\/gerle\/#\/schema\/person\/image\/","url":"https:\/\/secure.gravatar.com\/avatar\/ae0524dd142908d7c8372401d72efaa66409cd86ee31f5e1eb23ae87edcf05e5?s=96&d=mm&r=g","contentUrl":"https:\/\/secure.gravatar.com\/avatar\/ae0524dd142908d7c8372401d72efaa66409cd86ee31f5e1eb23ae87edcf05e5?s=96&d=mm&r=g","caption":"Elisabeth Gerle"},"url":"https:\/\/blogg.svenskakyrkan.se\/gerle\/author\/gerle\/"}]}},"author_meta":{"ID":"63","user_nicename":"gerle","user_registered":"2011-05-05 12:24:01","display_name":"Elisabeth Gerle","first_name":"Elisabeth","last_name":"Gerle","avatar":"https:\/\/secure.gravatar.com\/avatar\/ae0524dd142908d7c8372401d72efaa66409cd86ee31f5e1eb23ae87edcf05e5?s=96&d=mm&r=g"},"featured_image":false,"bloginfo":{"name":"Elisabeth Gerle funderar","url":"https:\/\/blogg.svenskakyrkan.se\/gerle"},"_links":{"self":[{"href":"https:\/\/blogg.svenskakyrkan.se\/gerle\/wp-json\/wp\/v2\/posts\/65","targetHints":{"allow":["GET"]}}],"collection":[{"href":"https:\/\/blogg.svenskakyrkan.se\/gerle\/wp-json\/wp\/v2\/posts"}],"about":[{"href":"https:\/\/blogg.svenskakyrkan.se\/gerle\/wp-json\/wp\/v2\/types\/post"}],"author":[{"embeddable":true,"href":"https:\/\/blogg.svenskakyrkan.se\/gerle\/wp-json\/wp\/v2\/users\/63"}],"replies":[{"embeddable":true,"href":"https:\/\/blogg.svenskakyrkan.se\/gerle\/wp-json\/wp\/v2\/comments?post=65"}],"version-history":[{"count":13,"href":"https:\/\/blogg.svenskakyrkan.se\/gerle\/wp-json\/wp\/v2\/posts\/65\/revisions"}],"predecessor-version":[{"id":71,"href":"https:\/\/blogg.svenskakyrkan.se\/gerle\/wp-json\/wp\/v2\/posts\/65\/revisions\/71"}],"wp:attachment":[{"href":"https:\/\/blogg.svenskakyrkan.se\/gerle\/wp-json\/wp\/v2\/media?parent=65"}],"wp:term":[{"taxonomy":"category","embeddable":true,"href":"https:\/\/blogg.svenskakyrkan.se\/gerle\/wp-json\/wp\/v2\/categories?post=65"},{"taxonomy":"post_tag","embeddable":true,"href":"https:\/\/blogg.svenskakyrkan.se\/gerle\/wp-json\/wp\/v2\/tags?post=65"}],"curies":[{"name":"wp","href":"https:\/\/api.w.org\/{rel}","templated":true}]}}