{"id":340,"date":"2012-12-06T11:16:19","date_gmt":"2012-12-06T11:16:19","guid":{"rendered":"http:\/\/blogg.svenskakyrkan.se\/hallbar\/?p=340"},"modified":"2012-12-06T11:16:19","modified_gmt":"2012-12-06T11:16:19","slug":"livet-i-bubblan","status":"publish","type":"post","link":"https:\/\/blogg.svenskakyrkan.se\/hallbar\/2012\/12\/06\/livet-i-bubblan\/","title":{"rendered":"Livet i Bubblan!"},"content":{"rendered":"<p>&nbsp;<\/p>\n<p><img loading=\"lazy\" decoding=\"async\" class=\"alignleft size-medium wp-image-341\" src=\"http:\/\/blogg.svenskakyrkan.se\/hallbar\/files\/2012\/12\/Bubblan-300x225.jpg\" alt=\"\" width=\"300\" height=\"225\" srcset=\"https:\/\/blogg.svenskakyrkan.se\/hallbar\/files\/2012\/12\/Bubblan-300x225.jpg 300w, https:\/\/blogg.svenskakyrkan.se\/hallbar\/files\/2012\/12\/Bubblan-1024x768.jpg 1024w, https:\/\/blogg.svenskakyrkan.se\/hallbar\/files\/2012\/12\/Bubblan.jpg 1280w\" sizes=\"auto, (max-width: 300px) 100vw, 300px\" \/><\/p>\n<p>I morse\u00a0p\u00e5 bussen till centret f\u00f6r f\u00f6rhandlingarna i Doha s\u00e5 l\u00e5g ett papper med ett budskap till \u201dministrar och f\u00f6rhandlare som bryr sig om folk\u00a0och klimat.\u201d\u00a0 \u00a0Sen var det en m\u00e4ngd punkter som lyftes upp som viktiga att fatta beslut om.<\/p>\n<p>Det d\u00e4r f\u00f6rekommer hela tiden. Det \u00e4r\u00a0en h\u00f6gst verklig realitet som ska sammanfattas till dokument och \u00e5taganden. Abstraktation av en h\u00f6gst verklig verklighet som \u00e4r n\u00f6dv\u00e4ndig men som ocks\u00e5 har sin risker.\u00a0Det blir l\u00e4tt som en bubbla, en spelplan f\u00f6r ett rollspel. . En bubbla d\u00e4r det \u00e4r l\u00e4tt att slukas av det fascinerande av sj\u00e4lva spelet. Det g\u00e4ller f\u00f6r alla i bubblan vare sig du \u00e4r f\u00f6retr\u00e4dare f\u00f6r regeringar eller aktivist i en milj\u00f6grupp eller arbetar i kyrkornas bist\u00e5ndsarbete.\u00a0Det kanske man kan st\u00e5 ut med tycker en del. Men det k\u00e4nns inte riktigt bra.<\/p>\n<p>Det handlar faktiskt inte om ett rollspel.\u00a0 Det handlar om att enas f\u00f6r att skapa r\u00e4ttvisa och h\u00e5llbarhet. Allt p\u00e5 samma meny. Det r\u00e4cker med att g\u00e5 till l\u00f6psedlarna p\u00e5 v\u00e4rldens tidningar idag. Tyfonen i Sydostasien som sk\u00f6rdar m\u00e4nskoliv och stor f\u00f6r\u00f6delse. N\u00e5got som \u00e4r ov\u00e4ntat stora och upptr\u00e4der p\u00e5 andra platser \u00e4n tidigare.\u00a0Extremv\u00e4der \u00f6ver Sverige som f\u00f6rlamar infrastrukturen och f\u00e5r en och annan att s\u00e4ga att det finns inget som heter global uppv\u00e4rmning. Men global uppv\u00e4rmning medf\u00f6r extremv\u00e4der av olika slag. Det \u00e4r det vi ser allt fler exempel p\u00e5. Vi bevittnar antagligen just nu de f\u00f6rsta p\u00e5tagliga effekterna av ett f\u00f6r\u00e4ndrat klimat. Katastroferna \u00e4r en sak. N\u00e4sta steg handlar om de l\u00e5ngsiktiga konsekvenserna. Som vanligt \u00e4r det de med minst kapacitet att st\u00e5 emot som drabbas f\u00f6rst och h\u00e5rdast.<\/p>\n<p>Om man inte f\u00f6rst\u00e5r allvaret n\u00e4r det g\u00e4ller ett havererat klimat eller kan inse hur or\u00e4ttvist ett f\u00f6r\u00e4ndrat klimat sl\u00e5r s\u00e5 borde de mest inkr\u00f6kta i alla fall fatta att det h\u00e4r blir dyrt. Dyrare och dyrare ju l\u00e4ngre vi v\u00e4ntar p\u00e5 att kraftig minska utsl\u00e4ppen av v\u00e4xthusgaser.\u00a0Nicolas Stern, som \u00e4r h\u00e4r, skrev i sin rapport 2006 The Economics of Climate Change att kostnaderna kommer att bli mycket stora av ett f\u00f6r\u00e4ndrat klimat. Allt fler h\u00e4ndelser ber\u00e4ttar att vi \u00e4r d\u00e4r.<\/p>\n<p>Men\u00a0f\u00f6rresten. P\u00e5 ett s\u00e4tt lever vi alla i en bubbla. Den kallas atmosf\u00e4ren och den m\u00e5ste vi alla dela p\u00e5 men f\u00f6r att f\u00f6rst\u00e5 det m\u00e5ste en hel del andra bubblor stickas h\u00e5l p\u00e5.<\/p>\n<p>&nbsp;<\/p>\n<p>&nbsp;<\/p>\n<p>&nbsp;<\/p>\n","protected":false},"excerpt":{"rendered":"<p>&nbsp; I morse\u00a0p\u00e5 bussen till centret f\u00f6r f\u00f6rhandlingarna i Doha s\u00e5 l\u00e5g ett papper med ett budskap till \u201dministrar och f\u00f6rhandlare som bryr sig om folk\u00a0och klimat.\u201d\u00a0 \u00a0Sen var det en m\u00e4ngd punkter som lyftes upp som viktiga att fatta beslut om. Det d\u00e4r f\u00f6rekommer hela tiden. Det \u00e4r\u00a0en h\u00f6gst verklig realitet som ska sammanfattas [&hellip;]<\/p>\n","protected":false},"author":12,"featured_media":0,"comment_status":"open","ping_status":"open","sticky":false,"template":"","format":"standard","meta":{"_acf_changed":false,"footnotes":""},"categories":[9],"tags":[],"class_list":["post-340","post","type-post","status-publish","format-standard","hentry","category-okategoriserade"],"acf":[],"yoast_head":"<!-- This site is optimized with the Yoast SEO plugin v27.1.1 - https:\/\/yoast.com\/product\/yoast-seo-wordpress\/ -->\n<title>Livet i Bubblan! - H\u00e5llbara tankar.<\/title>\n<meta name=\"robots\" content=\"index, follow, max-snippet:-1, max-image-preview:large, max-video-preview:-1\" \/>\n<link rel=\"canonical\" href=\"https:\/\/blogg.svenskakyrkan.se\/hallbar\/2012\/12\/06\/livet-i-bubblan\/\" \/>\n<meta property=\"og:locale\" content=\"sv_SE\" \/>\n<meta property=\"og:type\" content=\"article\" \/>\n<meta property=\"og:title\" content=\"Livet i Bubblan! - H\u00e5llbara tankar.\" \/>\n<meta property=\"og:description\" content=\"&nbsp; I morse\u00a0p\u00e5 bussen till centret f\u00f6r f\u00f6rhandlingarna i Doha s\u00e5 l\u00e5g ett papper med ett budskap till \u201dministrar och f\u00f6rhandlare som bryr sig om folk\u00a0och klimat.\u201d\u00a0 \u00a0Sen var det en m\u00e4ngd punkter som lyftes upp som viktiga att fatta beslut om. Det d\u00e4r f\u00f6rekommer hela tiden. Det \u00e4r\u00a0en h\u00f6gst verklig realitet som ska sammanfattas [&hellip;]\" \/>\n<meta property=\"og:url\" content=\"https:\/\/blogg.svenskakyrkan.se\/hallbar\/2012\/12\/06\/livet-i-bubblan\/\" \/>\n<meta property=\"og:site_name\" content=\"H\u00e5llbara tankar.\" \/>\n<meta property=\"article:published_time\" content=\"2012-12-06T11:16:19+00:00\" \/>\n<meta property=\"og:image\" content=\"http:\/\/blogg.svenskakyrkan.se\/hallbar\/files\/2012\/12\/Bubblan-300x225.jpg\" \/>\n<meta name=\"author\" content=\"Henrik Grape\" \/>\n<meta name=\"twitter:card\" content=\"summary_large_image\" \/>\n<meta name=\"twitter:label1\" content=\"Skriven av\" \/>\n\t<meta name=\"twitter:data1\" content=\"Henrik Grape\" \/>\n\t<meta name=\"twitter:label2\" content=\"Ber\u00e4knad l\u00e4stid\" \/>\n\t<meta name=\"twitter:data2\" content=\"2 minuter\" \/>\n<script type=\"application\/ld+json\" class=\"yoast-schema-graph\">{\"@context\":\"https:\/\/schema.org\",\"@graph\":[{\"@type\":\"Article\",\"@id\":\"https:\/\/blogg.svenskakyrkan.se\/hallbar\/2012\/12\/06\/livet-i-bubblan\/#article\",\"isPartOf\":{\"@id\":\"https:\/\/blogg.svenskakyrkan.se\/hallbar\/2012\/12\/06\/livet-i-bubblan\/\"},\"author\":{\"name\":\"Henrik Grape\",\"@id\":\"https:\/\/blogg.svenskakyrkan.se\/hallbar\/#\/schema\/person\/ca8950c4792224b70e92d5c3fb6d62b8\"},\"headline\":\"Livet i Bubblan!\",\"datePublished\":\"2012-12-06T11:16:19+00:00\",\"mainEntityOfPage\":{\"@id\":\"https:\/\/blogg.svenskakyrkan.se\/hallbar\/2012\/12\/06\/livet-i-bubblan\/\"},\"wordCount\":476,\"commentCount\":0,\"image\":{\"@id\":\"https:\/\/blogg.svenskakyrkan.se\/hallbar\/2012\/12\/06\/livet-i-bubblan\/#primaryimage\"},\"thumbnailUrl\":\"http:\/\/blogg.svenskakyrkan.se\/hallbar\/files\/2012\/12\/Bubblan-300x225.jpg\",\"inLanguage\":\"sv-SE\",\"potentialAction\":[{\"@type\":\"CommentAction\",\"name\":\"Comment\",\"target\":[\"https:\/\/blogg.svenskakyrkan.se\/hallbar\/2012\/12\/06\/livet-i-bubblan\/#respond\"]}]},{\"@type\":\"WebPage\",\"@id\":\"https:\/\/blogg.svenskakyrkan.se\/hallbar\/2012\/12\/06\/livet-i-bubblan\/\",\"url\":\"https:\/\/blogg.svenskakyrkan.se\/hallbar\/2012\/12\/06\/livet-i-bubblan\/\",\"name\":\"Livet i Bubblan! - H\u00e5llbara tankar.\",\"isPartOf\":{\"@id\":\"https:\/\/blogg.svenskakyrkan.se\/hallbar\/#website\"},\"primaryImageOfPage\":{\"@id\":\"https:\/\/blogg.svenskakyrkan.se\/hallbar\/2012\/12\/06\/livet-i-bubblan\/#primaryimage\"},\"image\":{\"@id\":\"https:\/\/blogg.svenskakyrkan.se\/hallbar\/2012\/12\/06\/livet-i-bubblan\/#primaryimage\"},\"thumbnailUrl\":\"http:\/\/blogg.svenskakyrkan.se\/hallbar\/files\/2012\/12\/Bubblan-300x225.jpg\",\"datePublished\":\"2012-12-06T11:16:19+00:00\",\"author\":{\"@id\":\"https:\/\/blogg.svenskakyrkan.se\/hallbar\/#\/schema\/person\/ca8950c4792224b70e92d5c3fb6d62b8\"},\"breadcrumb\":{\"@id\":\"https:\/\/blogg.svenskakyrkan.se\/hallbar\/2012\/12\/06\/livet-i-bubblan\/#breadcrumb\"},\"inLanguage\":\"sv-SE\",\"potentialAction\":[{\"@type\":\"ReadAction\",\"target\":[\"https:\/\/blogg.svenskakyrkan.se\/hallbar\/2012\/12\/06\/livet-i-bubblan\/\"]}]},{\"@type\":\"ImageObject\",\"inLanguage\":\"sv-SE\",\"@id\":\"https:\/\/blogg.svenskakyrkan.se\/hallbar\/2012\/12\/06\/livet-i-bubblan\/#primaryimage\",\"url\":\"https:\/\/blogg.svenskakyrkan.se\/hallbar\/files\/2012\/12\/Bubblan.jpg\",\"contentUrl\":\"https:\/\/blogg.svenskakyrkan.se\/hallbar\/files\/2012\/12\/Bubblan.jpg\",\"width\":\"1280\",\"height\":\"960\"},{\"@type\":\"BreadcrumbList\",\"@id\":\"https:\/\/blogg.svenskakyrkan.se\/hallbar\/2012\/12\/06\/livet-i-bubblan\/#breadcrumb\",\"itemListElement\":[{\"@type\":\"ListItem\",\"position\":1,\"name\":\"Hem\",\"item\":\"https:\/\/blogg.svenskakyrkan.se\/hallbar\/\"},{\"@type\":\"ListItem\",\"position\":2,\"name\":\"Livet i Bubblan!\"}]},{\"@type\":\"WebSite\",\"@id\":\"https:\/\/blogg.svenskakyrkan.se\/hallbar\/#website\",\"url\":\"https:\/\/blogg.svenskakyrkan.se\/hallbar\/\",\"name\":\"H\u00e5llbara tankar.\",\"description\":\"Henrik Grape tipsar om aktuella h\u00e4ndelser, informerar och kommenterar Svenska kyrkans arbete med milj\u00f6 och h\u00e5llbar utveckling.\",\"potentialAction\":[{\"@type\":\"SearchAction\",\"target\":{\"@type\":\"EntryPoint\",\"urlTemplate\":\"https:\/\/blogg.svenskakyrkan.se\/hallbar\/?s={search_term_string}\"},\"query-input\":{\"@type\":\"PropertyValueSpecification\",\"valueRequired\":true,\"valueName\":\"search_term_string\"}}],\"inLanguage\":\"sv-SE\"},{\"@type\":\"Person\",\"@id\":\"https:\/\/blogg.svenskakyrkan.se\/hallbar\/#\/schema\/person\/ca8950c4792224b70e92d5c3fb6d62b8\",\"name\":\"Henrik Grape\",\"image\":{\"@type\":\"ImageObject\",\"inLanguage\":\"sv-SE\",\"@id\":\"https:\/\/blogg.svenskakyrkan.se\/hallbar\/#\/schema\/person\/image\/\",\"url\":\"https:\/\/secure.gravatar.com\/avatar\/4ac2348180559fec8f76e69e621eec85c93580fff676df2698cf0dbf419e1137?s=96&d=mm&r=g\",\"contentUrl\":\"https:\/\/secure.gravatar.com\/avatar\/4ac2348180559fec8f76e69e621eec85c93580fff676df2698cf0dbf419e1137?s=96&d=mm&r=g\",\"caption\":\"Henrik Grape\"},\"description\":\"Handl\u00e4ggare f\u00f6r h\u00e5llbar utveckling i Kyrkokansliet Uppsala. Pr\u00e4st ocn engagerad i klimat och r\u00e4ttvisefr\u00e5gor under en l\u00e4ngre tid. Har varit p\u00e5 n\u00e5gra klimatf\u00f6rhandlingar i dryga decenniet Medlem av ECEN (European Christian Environmental Network) och leder Kyrkornas V\u00e4rldsr\u00e5ds klimat-arbetsgrupp.\",\"url\":\"https:\/\/blogg.svenskakyrkan.se\/hallbar\/author\/henrikg\/\"}]}<\/script>\n<!-- \/ Yoast SEO plugin. -->","yoast_head_json":{"title":"Livet i Bubblan! - H\u00e5llbara tankar.","robots":{"index":"index","follow":"follow","max-snippet":"max-snippet:-1","max-image-preview":"max-image-preview:large","max-video-preview":"max-video-preview:-1"},"canonical":"https:\/\/blogg.svenskakyrkan.se\/hallbar\/2012\/12\/06\/livet-i-bubblan\/","og_locale":"sv_SE","og_type":"article","og_title":"Livet i Bubblan! - H\u00e5llbara tankar.","og_description":"&nbsp; I morse\u00a0p\u00e5 bussen till centret f\u00f6r f\u00f6rhandlingarna i Doha s\u00e5 l\u00e5g ett papper med ett budskap till \u201dministrar och f\u00f6rhandlare som bryr sig om folk\u00a0och klimat.\u201d\u00a0 \u00a0Sen var det en m\u00e4ngd punkter som lyftes upp som viktiga att fatta beslut om. Det d\u00e4r f\u00f6rekommer hela tiden. Det \u00e4r\u00a0en h\u00f6gst verklig realitet som ska sammanfattas [&hellip;]","og_url":"https:\/\/blogg.svenskakyrkan.se\/hallbar\/2012\/12\/06\/livet-i-bubblan\/","og_site_name":"H\u00e5llbara tankar.","article_published_time":"2012-12-06T11:16:19+00:00","og_image":[{"url":"http:\/\/blogg.svenskakyrkan.se\/hallbar\/files\/2012\/12\/Bubblan-300x225.jpg","type":"","width":"","height":""}],"author":"Henrik Grape","twitter_card":"summary_large_image","twitter_misc":{"Skriven av":"Henrik Grape","Ber\u00e4knad l\u00e4stid":"2 minuter"},"schema":{"@context":"https:\/\/schema.org","@graph":[{"@type":"Article","@id":"https:\/\/blogg.svenskakyrkan.se\/hallbar\/2012\/12\/06\/livet-i-bubblan\/#article","isPartOf":{"@id":"https:\/\/blogg.svenskakyrkan.se\/hallbar\/2012\/12\/06\/livet-i-bubblan\/"},"author":{"name":"Henrik Grape","@id":"https:\/\/blogg.svenskakyrkan.se\/hallbar\/#\/schema\/person\/ca8950c4792224b70e92d5c3fb6d62b8"},"headline":"Livet i Bubblan!","datePublished":"2012-12-06T11:16:19+00:00","mainEntityOfPage":{"@id":"https:\/\/blogg.svenskakyrkan.se\/hallbar\/2012\/12\/06\/livet-i-bubblan\/"},"wordCount":476,"commentCount":0,"image":{"@id":"https:\/\/blogg.svenskakyrkan.se\/hallbar\/2012\/12\/06\/livet-i-bubblan\/#primaryimage"},"thumbnailUrl":"http:\/\/blogg.svenskakyrkan.se\/hallbar\/files\/2012\/12\/Bubblan-300x225.jpg","inLanguage":"sv-SE","potentialAction":[{"@type":"CommentAction","name":"Comment","target":["https:\/\/blogg.svenskakyrkan.se\/hallbar\/2012\/12\/06\/livet-i-bubblan\/#respond"]}]},{"@type":"WebPage","@id":"https:\/\/blogg.svenskakyrkan.se\/hallbar\/2012\/12\/06\/livet-i-bubblan\/","url":"https:\/\/blogg.svenskakyrkan.se\/hallbar\/2012\/12\/06\/livet-i-bubblan\/","name":"Livet i Bubblan! - H\u00e5llbara tankar.","isPartOf":{"@id":"https:\/\/blogg.svenskakyrkan.se\/hallbar\/#website"},"primaryImageOfPage":{"@id":"https:\/\/blogg.svenskakyrkan.se\/hallbar\/2012\/12\/06\/livet-i-bubblan\/#primaryimage"},"image":{"@id":"https:\/\/blogg.svenskakyrkan.se\/hallbar\/2012\/12\/06\/livet-i-bubblan\/#primaryimage"},"thumbnailUrl":"http:\/\/blogg.svenskakyrkan.se\/hallbar\/files\/2012\/12\/Bubblan-300x225.jpg","datePublished":"2012-12-06T11:16:19+00:00","author":{"@id":"https:\/\/blogg.svenskakyrkan.se\/hallbar\/#\/schema\/person\/ca8950c4792224b70e92d5c3fb6d62b8"},"breadcrumb":{"@id":"https:\/\/blogg.svenskakyrkan.se\/hallbar\/2012\/12\/06\/livet-i-bubblan\/#breadcrumb"},"inLanguage":"sv-SE","potentialAction":[{"@type":"ReadAction","target":["https:\/\/blogg.svenskakyrkan.se\/hallbar\/2012\/12\/06\/livet-i-bubblan\/"]}]},{"@type":"ImageObject","inLanguage":"sv-SE","@id":"https:\/\/blogg.svenskakyrkan.se\/hallbar\/2012\/12\/06\/livet-i-bubblan\/#primaryimage","url":"https:\/\/blogg.svenskakyrkan.se\/hallbar\/files\/2012\/12\/Bubblan.jpg","contentUrl":"https:\/\/blogg.svenskakyrkan.se\/hallbar\/files\/2012\/12\/Bubblan.jpg","width":"1280","height":"960"},{"@type":"BreadcrumbList","@id":"https:\/\/blogg.svenskakyrkan.se\/hallbar\/2012\/12\/06\/livet-i-bubblan\/#breadcrumb","itemListElement":[{"@type":"ListItem","position":1,"name":"Hem","item":"https:\/\/blogg.svenskakyrkan.se\/hallbar\/"},{"@type":"ListItem","position":2,"name":"Livet i Bubblan!"}]},{"@type":"WebSite","@id":"https:\/\/blogg.svenskakyrkan.se\/hallbar\/#website","url":"https:\/\/blogg.svenskakyrkan.se\/hallbar\/","name":"H\u00e5llbara tankar.","description":"Henrik Grape tipsar om aktuella h\u00e4ndelser, informerar och kommenterar Svenska kyrkans arbete med milj\u00f6 och h\u00e5llbar utveckling.","potentialAction":[{"@type":"SearchAction","target":{"@type":"EntryPoint","urlTemplate":"https:\/\/blogg.svenskakyrkan.se\/hallbar\/?s={search_term_string}"},"query-input":{"@type":"PropertyValueSpecification","valueRequired":true,"valueName":"search_term_string"}}],"inLanguage":"sv-SE"},{"@type":"Person","@id":"https:\/\/blogg.svenskakyrkan.se\/hallbar\/#\/schema\/person\/ca8950c4792224b70e92d5c3fb6d62b8","name":"Henrik Grape","image":{"@type":"ImageObject","inLanguage":"sv-SE","@id":"https:\/\/blogg.svenskakyrkan.se\/hallbar\/#\/schema\/person\/image\/","url":"https:\/\/secure.gravatar.com\/avatar\/4ac2348180559fec8f76e69e621eec85c93580fff676df2698cf0dbf419e1137?s=96&d=mm&r=g","contentUrl":"https:\/\/secure.gravatar.com\/avatar\/4ac2348180559fec8f76e69e621eec85c93580fff676df2698cf0dbf419e1137?s=96&d=mm&r=g","caption":"Henrik Grape"},"description":"Handl\u00e4ggare f\u00f6r h\u00e5llbar utveckling i Kyrkokansliet Uppsala. Pr\u00e4st ocn engagerad i klimat och r\u00e4ttvisefr\u00e5gor under en l\u00e4ngre tid. Har varit p\u00e5 n\u00e5gra klimatf\u00f6rhandlingar i dryga decenniet Medlem av ECEN (European Christian Environmental Network) och leder Kyrkornas V\u00e4rldsr\u00e5ds klimat-arbetsgrupp.","url":"https:\/\/blogg.svenskakyrkan.se\/hallbar\/author\/henrikg\/"}]}},"author_meta":{"ID":"12","user_nicename":"henrikg","user_registered":"2009-12-06 21:11:17","display_name":"Henrik Grape","first_name":"Henrik","last_name":"Grape","avatar":"https:\/\/secure.gravatar.com\/avatar\/4ac2348180559fec8f76e69e621eec85c93580fff676df2698cf0dbf419e1137?s=96&d=mm&r=g"},"featured_image":false,"bloginfo":{"name":"H\u00e5llbara tankar.","url":"https:\/\/blogg.svenskakyrkan.se\/hallbar"},"_links":{"self":[{"href":"https:\/\/blogg.svenskakyrkan.se\/hallbar\/wp-json\/wp\/v2\/posts\/340","targetHints":{"allow":["GET"]}}],"collection":[{"href":"https:\/\/blogg.svenskakyrkan.se\/hallbar\/wp-json\/wp\/v2\/posts"}],"about":[{"href":"https:\/\/blogg.svenskakyrkan.se\/hallbar\/wp-json\/wp\/v2\/types\/post"}],"author":[{"embeddable":true,"href":"https:\/\/blogg.svenskakyrkan.se\/hallbar\/wp-json\/wp\/v2\/users\/12"}],"replies":[{"embeddable":true,"href":"https:\/\/blogg.svenskakyrkan.se\/hallbar\/wp-json\/wp\/v2\/comments?post=340"}],"version-history":[{"count":3,"href":"https:\/\/blogg.svenskakyrkan.se\/hallbar\/wp-json\/wp\/v2\/posts\/340\/revisions"}],"predecessor-version":[{"id":344,"href":"https:\/\/blogg.svenskakyrkan.se\/hallbar\/wp-json\/wp\/v2\/posts\/340\/revisions\/344"}],"wp:attachment":[{"href":"https:\/\/blogg.svenskakyrkan.se\/hallbar\/wp-json\/wp\/v2\/media?parent=340"}],"wp:term":[{"taxonomy":"category","embeddable":true,"href":"https:\/\/blogg.svenskakyrkan.se\/hallbar\/wp-json\/wp\/v2\/categories?post=340"},{"taxonomy":"post_tag","embeddable":true,"href":"https:\/\/blogg.svenskakyrkan.se\/hallbar\/wp-json\/wp\/v2\/tags?post=340"}],"curies":[{"name":"wp","href":"https:\/\/api.w.org\/{rel}","templated":true}]}}