{"id":482,"date":"2015-12-04T15:23:04","date_gmt":"2015-12-04T15:23:04","guid":{"rendered":"http:\/\/blogg.svenskakyrkan.se\/hallbar\/?p=482"},"modified":"2015-12-04T15:24:13","modified_gmt":"2015-12-04T15:24:13","slug":"482","status":"publish","type":"post","link":"https:\/\/blogg.svenskakyrkan.se\/hallbar\/2015\/12\/04\/482\/","title":{"rendered":"Ekumeniskt klimat i Notre Dame."},"content":{"rendered":"<p><img loading=\"lazy\" decoding=\"async\" class=\"alignleft size-medium wp-image-483\" src=\"http:\/\/blogg.svenskakyrkan.se\/hallbar\/files\/2015\/12\/RS110786_20151203-210653-france-0006-lpr-300x200.jpg\" alt=\"RS110786_20151203-210653-france-0006-lpr\" width=\"300\" height=\"200\" srcset=\"https:\/\/blogg.svenskakyrkan.se\/hallbar\/files\/2015\/12\/RS110786_20151203-210653-france-0006-lpr-300x200.jpg 300w, https:\/\/blogg.svenskakyrkan.se\/hallbar\/files\/2015\/12\/RS110786_20151203-210653-france-0006-lpr-1024x684.jpg 1024w, https:\/\/blogg.svenskakyrkan.se\/hallbar\/files\/2015\/12\/RS110786_20151203-210653-france-0006-lpr.jpg 2000w\" sizes=\"auto, (max-width: 300px) 100vw, 300px\" \/>Klimat \u00e4r inte bara teknik, politik och ekonomi.\u00a0 Det nya samh\u00e4lle som vi st\u00e5r inf\u00f6r v\u00e4xer inte fram i ett vakuum. F\u00f6r\u00e4ndringar drivs av v\u00e4rderingsf\u00f6r\u00e4ndringar och av det som vi som m\u00e4nniskor uppfattar som viktigt och som r\u00e4tt. M\u00e4nniskan har varit r\u00e4tt bra p\u00e5 det d\u00e4r genom evolutionens \u00e5rtusenden. Det \u00e4r visioner och id\u00e9er som skapar kulturer. Immateriella v\u00e4rden spelar en mycket st\u00f6rre roll \u00e4n vad vi t\u00e4nker p\u00e5 i vardagen.<\/p>\n<p>Men vi tycks p\u00e5 n\u00e5t s\u00e4tt tro att samh\u00e4llsutveckling \u00e4r en ingenj\u00f6rskonst som f\u00f6ljer av slags logisk matematisk kurva. Men s\u00e5 \u00e4r det knappast. V\u00e4rden och v\u00e4rderingar styr os och de skapar framtiden. I en tid d\u00e4r ditt v\u00e4rde best\u00e4ms av det du kan konsumera s\u00e5 blir den som har mest den som har h\u00f6gst v\u00e4rde. I en tid d\u00e4r den som \u00e4r stark betraktas med v\u00f6rdnad och den som \u00e4r svag f\u00f6raktas s\u00e5 blir samh\u00e4llet ignorant inf\u00f6r fattigdom och utsatthet. Det \u00e4r inga naturlagar som styr det. Det \u00e4r v\u00e5r m\u00e4nskliga natur\u00a0 att skapa struktur. Det \u00e4r v\u00e5r m\u00e4nskliga natur att vi ocks\u00e5 kan reflektera \u00f6ver det vi t\u00e4nker och tycker.<\/p>\n<p>Religioner i alla dess former rymmer v\u00e4rdesystem som kan variera , ocks\u00e5 inom samma trosfamilj. \u00a0Men de har gemensamt att m\u00e4nsklighet inte kan reduceras till en biologisk definition. Vi lever ocks\u00e5 i relation till n\u00e5got som g\u00e5r ut\u00f6ver det vi kan med v\u00e5ra sinnen och v\u00e5r tankekraft kan greppa. Det kallas ibland Gud, ibland transcendens eller kanske ngt annat.<\/p>\n<p>Ig\u00e5r samlades vi i den storslagna katedralen Notre Dame fr\u00e5n alla kyrkofamiljer f\u00f6r att manifestera v\u00e5r gemensamma oro \u00f6ver klimatp\u00e5verkan men ocks\u00e5 v\u00e5rt gemensamma hopp om att tillsammans skapa en framtid som \u00e4r h\u00e5llbarare fredligare och r\u00e4ttvisare f\u00f6r alla. M\u00e5nga vad vi som gick i processionen. M\u00e5ngfalden rik men enheten tydlig. Och visst var det ett stort \u00f6gonblick att f\u00e5 h\u00f6ra och se \u00e4rkebiskop Antje l\u00e4sa evangeliet inf\u00f6r alla samlade kyrkoledare.\u00a0 Ekumeniken tar steg fram\u00e5t d\u00e5 vi tillsammans arbetar f\u00f6r en r\u00e4ttf\u00e4rdigare v\u00e4rld.<\/p>\n<p>Bild: World Council of Churches<\/p>\n","protected":false},"excerpt":{"rendered":"<p>Klimat \u00e4r inte bara teknik, politik och ekonomi.\u00a0 Det nya samh\u00e4lle som vi st\u00e5r inf\u00f6r v\u00e4xer inte fram i ett vakuum. F\u00f6r\u00e4ndringar drivs av v\u00e4rderingsf\u00f6r\u00e4ndringar och av det som vi som m\u00e4nniskor uppfattar som viktigt och som r\u00e4tt. M\u00e4nniskan har varit r\u00e4tt bra p\u00e5 det d\u00e4r genom evolutionens \u00e5rtusenden. Det \u00e4r visioner och id\u00e9er som [&hellip;]<\/p>\n","protected":false},"author":12,"featured_media":0,"comment_status":"open","ping_status":"open","sticky":false,"template":"","format":"standard","meta":{"_acf_changed":false,"footnotes":""},"categories":[9],"tags":[],"class_list":["post-482","post","type-post","status-publish","format-standard","hentry","category-okategoriserade"],"acf":[],"yoast_head":"<!-- This site is optimized with the Yoast SEO plugin v27.1.1 - https:\/\/yoast.com\/product\/yoast-seo-wordpress\/ -->\n<title>Ekumeniskt klimat i Notre Dame. - H\u00e5llbara tankar.<\/title>\n<meta name=\"robots\" content=\"index, follow, max-snippet:-1, max-image-preview:large, max-video-preview:-1\" \/>\n<link rel=\"canonical\" href=\"https:\/\/blogg.svenskakyrkan.se\/hallbar\/2015\/12\/04\/482\/\" \/>\n<meta property=\"og:locale\" content=\"sv_SE\" \/>\n<meta property=\"og:type\" content=\"article\" \/>\n<meta property=\"og:title\" content=\"Ekumeniskt klimat i Notre Dame. - H\u00e5llbara tankar.\" \/>\n<meta property=\"og:description\" content=\"Klimat \u00e4r inte bara teknik, politik och ekonomi.\u00a0 Det nya samh\u00e4lle som vi st\u00e5r inf\u00f6r v\u00e4xer inte fram i ett vakuum. F\u00f6r\u00e4ndringar drivs av v\u00e4rderingsf\u00f6r\u00e4ndringar och av det som vi som m\u00e4nniskor uppfattar som viktigt och som r\u00e4tt. M\u00e4nniskan har varit r\u00e4tt bra p\u00e5 det d\u00e4r genom evolutionens \u00e5rtusenden. Det \u00e4r visioner och id\u00e9er som [&hellip;]\" \/>\n<meta property=\"og:url\" content=\"https:\/\/blogg.svenskakyrkan.se\/hallbar\/2015\/12\/04\/482\/\" \/>\n<meta property=\"og:site_name\" content=\"H\u00e5llbara tankar.\" \/>\n<meta property=\"article:published_time\" content=\"2015-12-04T15:23:04+00:00\" \/>\n<meta property=\"article:modified_time\" content=\"2015-12-04T15:24:13+00:00\" \/>\n<meta property=\"og:image\" content=\"http:\/\/blogg.svenskakyrkan.se\/hallbar\/files\/2015\/12\/RS110786_20151203-210653-france-0006-lpr-300x200.jpg\" \/>\n<meta name=\"author\" content=\"Henrik Grape\" \/>\n<meta name=\"twitter:card\" content=\"summary_large_image\" \/>\n<meta name=\"twitter:label1\" content=\"Skriven av\" \/>\n\t<meta name=\"twitter:data1\" content=\"Henrik Grape\" \/>\n\t<meta name=\"twitter:label2\" content=\"Ber\u00e4knad l\u00e4stid\" \/>\n\t<meta name=\"twitter:data2\" content=\"2 minuter\" \/>\n<script type=\"application\/ld+json\" class=\"yoast-schema-graph\">{\"@context\":\"https:\/\/schema.org\",\"@graph\":[{\"@type\":\"Article\",\"@id\":\"https:\/\/blogg.svenskakyrkan.se\/hallbar\/2015\/12\/04\/482\/#article\",\"isPartOf\":{\"@id\":\"https:\/\/blogg.svenskakyrkan.se\/hallbar\/2015\/12\/04\/482\/\"},\"author\":{\"name\":\"Henrik Grape\",\"@id\":\"https:\/\/blogg.svenskakyrkan.se\/hallbar\/#\/schema\/person\/ca8950c4792224b70e92d5c3fb6d62b8\"},\"headline\":\"Ekumeniskt klimat i Notre Dame.\",\"datePublished\":\"2015-12-04T15:23:04+00:00\",\"dateModified\":\"2015-12-04T15:24:13+00:00\",\"mainEntityOfPage\":{\"@id\":\"https:\/\/blogg.svenskakyrkan.se\/hallbar\/2015\/12\/04\/482\/\"},\"wordCount\":400,\"commentCount\":0,\"image\":{\"@id\":\"https:\/\/blogg.svenskakyrkan.se\/hallbar\/2015\/12\/04\/482\/#primaryimage\"},\"thumbnailUrl\":\"http:\/\/blogg.svenskakyrkan.se\/hallbar\/files\/2015\/12\/RS110786_20151203-210653-france-0006-lpr-300x200.jpg\",\"inLanguage\":\"sv-SE\",\"potentialAction\":[{\"@type\":\"CommentAction\",\"name\":\"Comment\",\"target\":[\"https:\/\/blogg.svenskakyrkan.se\/hallbar\/2015\/12\/04\/482\/#respond\"]}]},{\"@type\":\"WebPage\",\"@id\":\"https:\/\/blogg.svenskakyrkan.se\/hallbar\/2015\/12\/04\/482\/\",\"url\":\"https:\/\/blogg.svenskakyrkan.se\/hallbar\/2015\/12\/04\/482\/\",\"name\":\"Ekumeniskt klimat i Notre Dame. - H\u00e5llbara tankar.\",\"isPartOf\":{\"@id\":\"https:\/\/blogg.svenskakyrkan.se\/hallbar\/#website\"},\"primaryImageOfPage\":{\"@id\":\"https:\/\/blogg.svenskakyrkan.se\/hallbar\/2015\/12\/04\/482\/#primaryimage\"},\"image\":{\"@id\":\"https:\/\/blogg.svenskakyrkan.se\/hallbar\/2015\/12\/04\/482\/#primaryimage\"},\"thumbnailUrl\":\"http:\/\/blogg.svenskakyrkan.se\/hallbar\/files\/2015\/12\/RS110786_20151203-210653-france-0006-lpr-300x200.jpg\",\"datePublished\":\"2015-12-04T15:23:04+00:00\",\"dateModified\":\"2015-12-04T15:24:13+00:00\",\"author\":{\"@id\":\"https:\/\/blogg.svenskakyrkan.se\/hallbar\/#\/schema\/person\/ca8950c4792224b70e92d5c3fb6d62b8\"},\"breadcrumb\":{\"@id\":\"https:\/\/blogg.svenskakyrkan.se\/hallbar\/2015\/12\/04\/482\/#breadcrumb\"},\"inLanguage\":\"sv-SE\",\"potentialAction\":[{\"@type\":\"ReadAction\",\"target\":[\"https:\/\/blogg.svenskakyrkan.se\/hallbar\/2015\/12\/04\/482\/\"]}]},{\"@type\":\"ImageObject\",\"inLanguage\":\"sv-SE\",\"@id\":\"https:\/\/blogg.svenskakyrkan.se\/hallbar\/2015\/12\/04\/482\/#primaryimage\",\"url\":\"https:\/\/blogg.svenskakyrkan.se\/hallbar\/files\/2015\/12\/RS110786_20151203-210653-france-0006-lpr.jpg\",\"contentUrl\":\"https:\/\/blogg.svenskakyrkan.se\/hallbar\/files\/2015\/12\/RS110786_20151203-210653-france-0006-lpr.jpg\",\"width\":2000,\"height\":1335},{\"@type\":\"BreadcrumbList\",\"@id\":\"https:\/\/blogg.svenskakyrkan.se\/hallbar\/2015\/12\/04\/482\/#breadcrumb\",\"itemListElement\":[{\"@type\":\"ListItem\",\"position\":1,\"name\":\"Hem\",\"item\":\"https:\/\/blogg.svenskakyrkan.se\/hallbar\/\"},{\"@type\":\"ListItem\",\"position\":2,\"name\":\"Ekumeniskt klimat i Notre Dame.\"}]},{\"@type\":\"WebSite\",\"@id\":\"https:\/\/blogg.svenskakyrkan.se\/hallbar\/#website\",\"url\":\"https:\/\/blogg.svenskakyrkan.se\/hallbar\/\",\"name\":\"H\u00e5llbara tankar.\",\"description\":\"Henrik Grape tipsar om aktuella h\u00e4ndelser, informerar och kommenterar Svenska kyrkans arbete med milj\u00f6 och h\u00e5llbar utveckling.\",\"potentialAction\":[{\"@type\":\"SearchAction\",\"target\":{\"@type\":\"EntryPoint\",\"urlTemplate\":\"https:\/\/blogg.svenskakyrkan.se\/hallbar\/?s={search_term_string}\"},\"query-input\":{\"@type\":\"PropertyValueSpecification\",\"valueRequired\":true,\"valueName\":\"search_term_string\"}}],\"inLanguage\":\"sv-SE\"},{\"@type\":\"Person\",\"@id\":\"https:\/\/blogg.svenskakyrkan.se\/hallbar\/#\/schema\/person\/ca8950c4792224b70e92d5c3fb6d62b8\",\"name\":\"Henrik Grape\",\"image\":{\"@type\":\"ImageObject\",\"inLanguage\":\"sv-SE\",\"@id\":\"https:\/\/blogg.svenskakyrkan.se\/hallbar\/#\/schema\/person\/image\/\",\"url\":\"https:\/\/secure.gravatar.com\/avatar\/4ac2348180559fec8f76e69e621eec85c93580fff676df2698cf0dbf419e1137?s=96&d=mm&r=g\",\"contentUrl\":\"https:\/\/secure.gravatar.com\/avatar\/4ac2348180559fec8f76e69e621eec85c93580fff676df2698cf0dbf419e1137?s=96&d=mm&r=g\",\"caption\":\"Henrik Grape\"},\"description\":\"Handl\u00e4ggare f\u00f6r h\u00e5llbar utveckling i Kyrkokansliet Uppsala. Pr\u00e4st ocn engagerad i klimat och r\u00e4ttvisefr\u00e5gor under en l\u00e4ngre tid. Har varit p\u00e5 n\u00e5gra klimatf\u00f6rhandlingar i dryga decenniet Medlem av ECEN (European Christian Environmental Network) och leder Kyrkornas V\u00e4rldsr\u00e5ds klimat-arbetsgrupp.\",\"url\":\"https:\/\/blogg.svenskakyrkan.se\/hallbar\/author\/henrikg\/\"}]}<\/script>\n<!-- \/ Yoast SEO plugin. -->","yoast_head_json":{"title":"Ekumeniskt klimat i Notre Dame. - H\u00e5llbara tankar.","robots":{"index":"index","follow":"follow","max-snippet":"max-snippet:-1","max-image-preview":"max-image-preview:large","max-video-preview":"max-video-preview:-1"},"canonical":"https:\/\/blogg.svenskakyrkan.se\/hallbar\/2015\/12\/04\/482\/","og_locale":"sv_SE","og_type":"article","og_title":"Ekumeniskt klimat i Notre Dame. - H\u00e5llbara tankar.","og_description":"Klimat \u00e4r inte bara teknik, politik och ekonomi.\u00a0 Det nya samh\u00e4lle som vi st\u00e5r inf\u00f6r v\u00e4xer inte fram i ett vakuum. F\u00f6r\u00e4ndringar drivs av v\u00e4rderingsf\u00f6r\u00e4ndringar och av det som vi som m\u00e4nniskor uppfattar som viktigt och som r\u00e4tt. M\u00e4nniskan har varit r\u00e4tt bra p\u00e5 det d\u00e4r genom evolutionens \u00e5rtusenden. Det \u00e4r visioner och id\u00e9er som [&hellip;]","og_url":"https:\/\/blogg.svenskakyrkan.se\/hallbar\/2015\/12\/04\/482\/","og_site_name":"H\u00e5llbara tankar.","article_published_time":"2015-12-04T15:23:04+00:00","article_modified_time":"2015-12-04T15:24:13+00:00","og_image":[{"url":"http:\/\/blogg.svenskakyrkan.se\/hallbar\/files\/2015\/12\/RS110786_20151203-210653-france-0006-lpr-300x200.jpg","type":"","width":"","height":""}],"author":"Henrik Grape","twitter_card":"summary_large_image","twitter_misc":{"Skriven av":"Henrik Grape","Ber\u00e4knad l\u00e4stid":"2 minuter"},"schema":{"@context":"https:\/\/schema.org","@graph":[{"@type":"Article","@id":"https:\/\/blogg.svenskakyrkan.se\/hallbar\/2015\/12\/04\/482\/#article","isPartOf":{"@id":"https:\/\/blogg.svenskakyrkan.se\/hallbar\/2015\/12\/04\/482\/"},"author":{"name":"Henrik Grape","@id":"https:\/\/blogg.svenskakyrkan.se\/hallbar\/#\/schema\/person\/ca8950c4792224b70e92d5c3fb6d62b8"},"headline":"Ekumeniskt klimat i Notre Dame.","datePublished":"2015-12-04T15:23:04+00:00","dateModified":"2015-12-04T15:24:13+00:00","mainEntityOfPage":{"@id":"https:\/\/blogg.svenskakyrkan.se\/hallbar\/2015\/12\/04\/482\/"},"wordCount":400,"commentCount":0,"image":{"@id":"https:\/\/blogg.svenskakyrkan.se\/hallbar\/2015\/12\/04\/482\/#primaryimage"},"thumbnailUrl":"http:\/\/blogg.svenskakyrkan.se\/hallbar\/files\/2015\/12\/RS110786_20151203-210653-france-0006-lpr-300x200.jpg","inLanguage":"sv-SE","potentialAction":[{"@type":"CommentAction","name":"Comment","target":["https:\/\/blogg.svenskakyrkan.se\/hallbar\/2015\/12\/04\/482\/#respond"]}]},{"@type":"WebPage","@id":"https:\/\/blogg.svenskakyrkan.se\/hallbar\/2015\/12\/04\/482\/","url":"https:\/\/blogg.svenskakyrkan.se\/hallbar\/2015\/12\/04\/482\/","name":"Ekumeniskt klimat i Notre Dame. - H\u00e5llbara tankar.","isPartOf":{"@id":"https:\/\/blogg.svenskakyrkan.se\/hallbar\/#website"},"primaryImageOfPage":{"@id":"https:\/\/blogg.svenskakyrkan.se\/hallbar\/2015\/12\/04\/482\/#primaryimage"},"image":{"@id":"https:\/\/blogg.svenskakyrkan.se\/hallbar\/2015\/12\/04\/482\/#primaryimage"},"thumbnailUrl":"http:\/\/blogg.svenskakyrkan.se\/hallbar\/files\/2015\/12\/RS110786_20151203-210653-france-0006-lpr-300x200.jpg","datePublished":"2015-12-04T15:23:04+00:00","dateModified":"2015-12-04T15:24:13+00:00","author":{"@id":"https:\/\/blogg.svenskakyrkan.se\/hallbar\/#\/schema\/person\/ca8950c4792224b70e92d5c3fb6d62b8"},"breadcrumb":{"@id":"https:\/\/blogg.svenskakyrkan.se\/hallbar\/2015\/12\/04\/482\/#breadcrumb"},"inLanguage":"sv-SE","potentialAction":[{"@type":"ReadAction","target":["https:\/\/blogg.svenskakyrkan.se\/hallbar\/2015\/12\/04\/482\/"]}]},{"@type":"ImageObject","inLanguage":"sv-SE","@id":"https:\/\/blogg.svenskakyrkan.se\/hallbar\/2015\/12\/04\/482\/#primaryimage","url":"https:\/\/blogg.svenskakyrkan.se\/hallbar\/files\/2015\/12\/RS110786_20151203-210653-france-0006-lpr.jpg","contentUrl":"https:\/\/blogg.svenskakyrkan.se\/hallbar\/files\/2015\/12\/RS110786_20151203-210653-france-0006-lpr.jpg","width":2000,"height":1335},{"@type":"BreadcrumbList","@id":"https:\/\/blogg.svenskakyrkan.se\/hallbar\/2015\/12\/04\/482\/#breadcrumb","itemListElement":[{"@type":"ListItem","position":1,"name":"Hem","item":"https:\/\/blogg.svenskakyrkan.se\/hallbar\/"},{"@type":"ListItem","position":2,"name":"Ekumeniskt klimat i Notre Dame."}]},{"@type":"WebSite","@id":"https:\/\/blogg.svenskakyrkan.se\/hallbar\/#website","url":"https:\/\/blogg.svenskakyrkan.se\/hallbar\/","name":"H\u00e5llbara tankar.","description":"Henrik Grape tipsar om aktuella h\u00e4ndelser, informerar och kommenterar Svenska kyrkans arbete med milj\u00f6 och h\u00e5llbar utveckling.","potentialAction":[{"@type":"SearchAction","target":{"@type":"EntryPoint","urlTemplate":"https:\/\/blogg.svenskakyrkan.se\/hallbar\/?s={search_term_string}"},"query-input":{"@type":"PropertyValueSpecification","valueRequired":true,"valueName":"search_term_string"}}],"inLanguage":"sv-SE"},{"@type":"Person","@id":"https:\/\/blogg.svenskakyrkan.se\/hallbar\/#\/schema\/person\/ca8950c4792224b70e92d5c3fb6d62b8","name":"Henrik Grape","image":{"@type":"ImageObject","inLanguage":"sv-SE","@id":"https:\/\/blogg.svenskakyrkan.se\/hallbar\/#\/schema\/person\/image\/","url":"https:\/\/secure.gravatar.com\/avatar\/4ac2348180559fec8f76e69e621eec85c93580fff676df2698cf0dbf419e1137?s=96&d=mm&r=g","contentUrl":"https:\/\/secure.gravatar.com\/avatar\/4ac2348180559fec8f76e69e621eec85c93580fff676df2698cf0dbf419e1137?s=96&d=mm&r=g","caption":"Henrik Grape"},"description":"Handl\u00e4ggare f\u00f6r h\u00e5llbar utveckling i Kyrkokansliet Uppsala. Pr\u00e4st ocn engagerad i klimat och r\u00e4ttvisefr\u00e5gor under en l\u00e4ngre tid. Har varit p\u00e5 n\u00e5gra klimatf\u00f6rhandlingar i dryga decenniet Medlem av ECEN (European Christian Environmental Network) och leder Kyrkornas V\u00e4rldsr\u00e5ds klimat-arbetsgrupp.","url":"https:\/\/blogg.svenskakyrkan.se\/hallbar\/author\/henrikg\/"}]}},"author_meta":{"ID":"12","user_nicename":"henrikg","user_registered":"2009-12-06 21:11:17","display_name":"Henrik Grape","first_name":"Henrik","last_name":"Grape","avatar":"https:\/\/secure.gravatar.com\/avatar\/4ac2348180559fec8f76e69e621eec85c93580fff676df2698cf0dbf419e1137?s=96&d=mm&r=g"},"featured_image":false,"bloginfo":{"name":"H\u00e5llbara tankar.","url":"https:\/\/blogg.svenskakyrkan.se\/hallbar"},"_links":{"self":[{"href":"https:\/\/blogg.svenskakyrkan.se\/hallbar\/wp-json\/wp\/v2\/posts\/482","targetHints":{"allow":["GET"]}}],"collection":[{"href":"https:\/\/blogg.svenskakyrkan.se\/hallbar\/wp-json\/wp\/v2\/posts"}],"about":[{"href":"https:\/\/blogg.svenskakyrkan.se\/hallbar\/wp-json\/wp\/v2\/types\/post"}],"author":[{"embeddable":true,"href":"https:\/\/blogg.svenskakyrkan.se\/hallbar\/wp-json\/wp\/v2\/users\/12"}],"replies":[{"embeddable":true,"href":"https:\/\/blogg.svenskakyrkan.se\/hallbar\/wp-json\/wp\/v2\/comments?post=482"}],"version-history":[{"count":3,"href":"https:\/\/blogg.svenskakyrkan.se\/hallbar\/wp-json\/wp\/v2\/posts\/482\/revisions"}],"predecessor-version":[{"id":486,"href":"https:\/\/blogg.svenskakyrkan.se\/hallbar\/wp-json\/wp\/v2\/posts\/482\/revisions\/486"}],"wp:attachment":[{"href":"https:\/\/blogg.svenskakyrkan.se\/hallbar\/wp-json\/wp\/v2\/media?parent=482"}],"wp:term":[{"taxonomy":"category","embeddable":true,"href":"https:\/\/blogg.svenskakyrkan.se\/hallbar\/wp-json\/wp\/v2\/categories?post=482"},{"taxonomy":"post_tag","embeddable":true,"href":"https:\/\/blogg.svenskakyrkan.se\/hallbar\/wp-json\/wp\/v2\/tags?post=482"}],"curies":[{"name":"wp","href":"https:\/\/api.w.org\/{rel}","templated":true}]}}