{"id":487,"date":"2015-12-05T18:15:08","date_gmt":"2015-12-05T18:15:08","guid":{"rendered":"http:\/\/blogg.svenskakyrkan.se\/hallbar\/?p=487"},"modified":"2015-12-05T23:42:43","modified_gmt":"2015-12-05T23:42:43","slug":"avinvestera","status":"publish","type":"post","link":"https:\/\/blogg.svenskakyrkan.se\/hallbar\/2015\/12\/05\/avinvestera\/","title":{"rendered":"Avinvestera!"},"content":{"rendered":"<p><a href=\"http:\/\/blogg.svenskakyrkan.se\/hallbar\/files\/2015\/12\/Divest.jpg\"><img loading=\"lazy\" decoding=\"async\" class=\"alignleft size-medium wp-image-488\" src=\"http:\/\/blogg.svenskakyrkan.se\/hallbar\/files\/2015\/12\/Divest-300x225.jpg\" alt=\"Divest\" width=\"300\" height=\"225\" srcset=\"https:\/\/blogg.svenskakyrkan.se\/hallbar\/files\/2015\/12\/Divest-300x225.jpg 300w, https:\/\/blogg.svenskakyrkan.se\/hallbar\/files\/2015\/12\/Divest-1024x768.jpg 1024w\" sizes=\"auto, (max-width: 300px) 100vw, 300px\" \/><\/a><\/p>\n<p>Kol. Det handlar mycket om kol h\u00e4r i Paris. Grund\u00e4mnet kol som \u00e4r grundl\u00e4ggande f\u00f6r att vi lever och existera men som ocks\u00e5\u00a0 n\u00e4r det binder sig med syre i atmosf\u00e4ren blir ett problem f\u00f6r framtiden p\u00e5 planeten. Det talas mycket om att klara sig fr\u00e5n att temperaturen inte f\u00e5r \u00f6ka mer \u00e4n tv\u00e5 grader i snitt och det \u00e4r det enda internationella beslut som vi har f\u00e5tt p\u00e5 senare tid i klimatf\u00f6rhandlingarna. Nu b\u00f6rjar allt fler s\u00e4ga att vi borde tala om 1.5 grader som max. Men det spelar egentligen ingen roll vilket m\u00e5l man st\u00e4ller om det inte finns verktyg f\u00f6r att uppn\u00e5 m\u00e5len. Det g\u00f6r att allt fler talar om decarbonisation som betyder n\u00e5got i stil med avkolifiering. Allts\u00e5 att p\u00e5 att m\u00f6jliga s\u00e4tt s\u00f6ka l\u00f6sningar d\u00e4r kolets spridning i atmosf\u00e4ren minskar. Det m\u00e5 vara att fasa ut fossila br\u00e4nsle eller plantera tr\u00e4d eller att f\u00f6r\u00e4ndra markanv\u00e4ndningen eller minska p\u00e5 k\u00f6ttproduktionen. Allts\u00e5 allt som bidrar till att kolet inte sl\u00e4pps ut i atmosf\u00e4ren och gynna metoder som binder kolet i den gr\u00f6na v\u00e4xterna.<\/p>\n<p>En v\u00e4g som skulle kunna skynda p\u00e5 processen \u00e4r att dekarbonisera ekonomin. Det inneb\u00e4r att de placeringar som akt\u00f6rer p\u00e5 finansmarknaden g\u00f6r skulle kunna styra bort investeringar ifr\u00e5n det som\u00a0 bidrar till klimatf\u00f6r\u00e4ndringar. Det talas en del om det h\u00e4r i Paris. Jag \u00e4r en novis p\u00e5 ekonomi och med all respekt,; men visst verkar det konstigt att det ska vara de mest kortsiktiga ekonomiska l\u00f6sningarna som ska f\u00e5 styra hur stark klimatp\u00e5verkan som jorden till\u00e5ts uts\u00e4ttas f\u00f6r. Men det d\u00e4r h\u00e5ller faktiskt p\u00e5 att \u00e4ndras. Redan 2008 s\u00e5 tog Svenska kyrkan beslut om att inte ha\u00a0 v\u00e4rdepapper i kol och olja. Sedan 2014 s\u00e5 finns d\u00e4r inte heller n\u00e5got i naturgas. Vi har allts\u00e5 avinvesterat , eller divesterat och blivit en fossil fri kyrka. (Om vi inte avser s\u00e5na fossiler som undertecknad!)\u00a0 Saken \u00e4r den att det har blivit det nya svarta. Allt fler b\u00f6rjar dra \u00f6ronen \u00e5t sig f\u00f6r att investeringar i fossila br\u00e4nslen b\u00f6rjar bli allt mer riskfulla. Fler och fler talar om <em>stranded assests <\/em>\u00a0allts\u00e5 att det som man trodde var tillg\u00e5ngar blir v\u00e4rdel\u00f6sa. Och det kan ju inte bli b\u00e4ttre n\u00e4r ekonomin ocks\u00e5 verkar f\u00f6r att beh\u00e5lla \u00a0fossila br\u00e4nslen under marken.<\/p>\n<p>Men n\u00e5gon kanske s\u00e4ger; Vi m\u00e5ste vara som den goda f\u00f6rvaltaren och se till att pundet f\u00f6r\u00f6kas. Jo, men om f\u00f6r\u00f6kandet av pundet medf\u00f6r att vi \u00f6del\u00e4gger framtiden f\u00f6r fattiga och n\u00e4sta generation? Det kan v\u00e4l inte vara s\u00e5 r\u00e4ttf\u00e4rdigt? Men inte ens det argumentet h\u00e5ller. Det har visat sig att de Svenska kyrkans placeringar har , utan fossila v\u00e4rdepapper, g\u00e5tt n\u00e5got b\u00e4ttre \u00e4n genomsnittet under n\u00e5gra \u00e5r i rad s\u00e5 faller ocks\u00e5 det argumentet. Och om vi dessutom l\u00e4gger investeringar i det som bidrar till att skapa en h\u00e5llbar framtid s\u00e5 blir det ju \u00e4nnu b\u00e4ttre! Troligtvis \u00e4r det s\u00e5 att de som \u00e4r snabbast med att investera i de h\u00e5llbara l\u00f6sningarna \u00e4r de som snabbast kommer ut som vinnare och de som h\u00e4nger kvar i det fossila industri komplexet kommer att ligga d\u00e4r som strandade valar.<\/p>\n<p>Allt det h\u00e4r rimmar v\u00e4ldigt gott med en teologi som dels ser till den mest utsattes behov och en som s\u00e4ger att du ska inte dyrka mammon. Penningen \u00e4r inge bra herre men en god slav, brukar Anders Wejryd s\u00e4ga, och det \u00e4r inte s\u00e5 dumt. Sj\u00e4lv s\u00e4ger jag lite mer plumpt : Put your money where your mouth is!<\/p>\n","protected":false},"excerpt":{"rendered":"<p>Kol. Det handlar mycket om kol h\u00e4r i Paris. Grund\u00e4mnet kol som \u00e4r grundl\u00e4ggande f\u00f6r att vi lever och existera men som ocks\u00e5\u00a0 n\u00e4r det binder sig med syre i atmosf\u00e4ren blir ett problem f\u00f6r framtiden p\u00e5 planeten. Det talas mycket om att klara sig fr\u00e5n att temperaturen inte f\u00e5r \u00f6ka mer \u00e4n tv\u00e5 grader [&hellip;]<\/p>\n","protected":false},"author":12,"featured_media":0,"comment_status":"open","ping_status":"open","sticky":false,"template":"","format":"standard","meta":{"_acf_changed":false,"footnotes":""},"categories":[9],"tags":[],"class_list":["post-487","post","type-post","status-publish","format-standard","hentry","category-okategoriserade"],"acf":[],"yoast_head":"<!-- This site is optimized with the Yoast SEO plugin v27.1.1 - https:\/\/yoast.com\/product\/yoast-seo-wordpress\/ -->\n<title>Avinvestera! - H\u00e5llbara tankar.<\/title>\n<meta name=\"robots\" content=\"index, follow, max-snippet:-1, max-image-preview:large, max-video-preview:-1\" \/>\n<link rel=\"canonical\" href=\"https:\/\/blogg.svenskakyrkan.se\/hallbar\/2015\/12\/05\/avinvestera\/\" \/>\n<meta property=\"og:locale\" content=\"sv_SE\" \/>\n<meta property=\"og:type\" content=\"article\" \/>\n<meta property=\"og:title\" content=\"Avinvestera! - H\u00e5llbara tankar.\" \/>\n<meta property=\"og:description\" content=\"Kol. Det handlar mycket om kol h\u00e4r i Paris. Grund\u00e4mnet kol som \u00e4r grundl\u00e4ggande f\u00f6r att vi lever och existera men som ocks\u00e5\u00a0 n\u00e4r det binder sig med syre i atmosf\u00e4ren blir ett problem f\u00f6r framtiden p\u00e5 planeten. Det talas mycket om att klara sig fr\u00e5n att temperaturen inte f\u00e5r \u00f6ka mer \u00e4n tv\u00e5 grader [&hellip;]\" \/>\n<meta property=\"og:url\" content=\"https:\/\/blogg.svenskakyrkan.se\/hallbar\/2015\/12\/05\/avinvestera\/\" \/>\n<meta property=\"og:site_name\" content=\"H\u00e5llbara tankar.\" \/>\n<meta property=\"article:published_time\" content=\"2015-12-05T18:15:08+00:00\" \/>\n<meta property=\"article:modified_time\" content=\"2015-12-05T23:42:43+00:00\" \/>\n<meta property=\"og:image\" content=\"http:\/\/blogg.svenskakyrkan.se\/hallbar\/files\/2015\/12\/Divest-300x225.jpg\" \/>\n<meta name=\"author\" content=\"Henrik Grape\" \/>\n<meta name=\"twitter:card\" content=\"summary_large_image\" \/>\n<meta name=\"twitter:label1\" content=\"Skriven av\" \/>\n\t<meta name=\"twitter:data1\" content=\"Henrik Grape\" \/>\n\t<meta name=\"twitter:label2\" content=\"Ber\u00e4knad l\u00e4stid\" \/>\n\t<meta name=\"twitter:data2\" content=\"3 minuter\" \/>\n<script type=\"application\/ld+json\" class=\"yoast-schema-graph\">{\"@context\":\"https:\/\/schema.org\",\"@graph\":[{\"@type\":\"Article\",\"@id\":\"https:\/\/blogg.svenskakyrkan.se\/hallbar\/2015\/12\/05\/avinvestera\/#article\",\"isPartOf\":{\"@id\":\"https:\/\/blogg.svenskakyrkan.se\/hallbar\/2015\/12\/05\/avinvestera\/\"},\"author\":{\"name\":\"Henrik Grape\",\"@id\":\"https:\/\/blogg.svenskakyrkan.se\/hallbar\/#\/schema\/person\/ca8950c4792224b70e92d5c3fb6d62b8\"},\"headline\":\"Avinvestera!\",\"datePublished\":\"2015-12-05T18:15:08+00:00\",\"dateModified\":\"2015-12-05T23:42:43+00:00\",\"mainEntityOfPage\":{\"@id\":\"https:\/\/blogg.svenskakyrkan.se\/hallbar\/2015\/12\/05\/avinvestera\/\"},\"wordCount\":665,\"commentCount\":0,\"image\":{\"@id\":\"https:\/\/blogg.svenskakyrkan.se\/hallbar\/2015\/12\/05\/avinvestera\/#primaryimage\"},\"thumbnailUrl\":\"http:\/\/blogg.svenskakyrkan.se\/hallbar\/files\/2015\/12\/Divest-300x225.jpg\",\"inLanguage\":\"sv-SE\",\"potentialAction\":[{\"@type\":\"CommentAction\",\"name\":\"Comment\",\"target\":[\"https:\/\/blogg.svenskakyrkan.se\/hallbar\/2015\/12\/05\/avinvestera\/#respond\"]}]},{\"@type\":\"WebPage\",\"@id\":\"https:\/\/blogg.svenskakyrkan.se\/hallbar\/2015\/12\/05\/avinvestera\/\",\"url\":\"https:\/\/blogg.svenskakyrkan.se\/hallbar\/2015\/12\/05\/avinvestera\/\",\"name\":\"Avinvestera! - H\u00e5llbara tankar.\",\"isPartOf\":{\"@id\":\"https:\/\/blogg.svenskakyrkan.se\/hallbar\/#website\"},\"primaryImageOfPage\":{\"@id\":\"https:\/\/blogg.svenskakyrkan.se\/hallbar\/2015\/12\/05\/avinvestera\/#primaryimage\"},\"image\":{\"@id\":\"https:\/\/blogg.svenskakyrkan.se\/hallbar\/2015\/12\/05\/avinvestera\/#primaryimage\"},\"thumbnailUrl\":\"http:\/\/blogg.svenskakyrkan.se\/hallbar\/files\/2015\/12\/Divest-300x225.jpg\",\"datePublished\":\"2015-12-05T18:15:08+00:00\",\"dateModified\":\"2015-12-05T23:42:43+00:00\",\"author\":{\"@id\":\"https:\/\/blogg.svenskakyrkan.se\/hallbar\/#\/schema\/person\/ca8950c4792224b70e92d5c3fb6d62b8\"},\"breadcrumb\":{\"@id\":\"https:\/\/blogg.svenskakyrkan.se\/hallbar\/2015\/12\/05\/avinvestera\/#breadcrumb\"},\"inLanguage\":\"sv-SE\",\"potentialAction\":[{\"@type\":\"ReadAction\",\"target\":[\"https:\/\/blogg.svenskakyrkan.se\/hallbar\/2015\/12\/05\/avinvestera\/\"]}]},{\"@type\":\"ImageObject\",\"inLanguage\":\"sv-SE\",\"@id\":\"https:\/\/blogg.svenskakyrkan.se\/hallbar\/2015\/12\/05\/avinvestera\/#primaryimage\",\"url\":\"https:\/\/blogg.svenskakyrkan.se\/hallbar\/files\/2015\/12\/Divest.jpg\",\"contentUrl\":\"https:\/\/blogg.svenskakyrkan.se\/hallbar\/files\/2015\/12\/Divest.jpg\",\"width\":3264,\"height\":2448},{\"@type\":\"BreadcrumbList\",\"@id\":\"https:\/\/blogg.svenskakyrkan.se\/hallbar\/2015\/12\/05\/avinvestera\/#breadcrumb\",\"itemListElement\":[{\"@type\":\"ListItem\",\"position\":1,\"name\":\"Hem\",\"item\":\"https:\/\/blogg.svenskakyrkan.se\/hallbar\/\"},{\"@type\":\"ListItem\",\"position\":2,\"name\":\"Avinvestera!\"}]},{\"@type\":\"WebSite\",\"@id\":\"https:\/\/blogg.svenskakyrkan.se\/hallbar\/#website\",\"url\":\"https:\/\/blogg.svenskakyrkan.se\/hallbar\/\",\"name\":\"H\u00e5llbara tankar.\",\"description\":\"Henrik Grape tipsar om aktuella h\u00e4ndelser, informerar och kommenterar Svenska kyrkans arbete med milj\u00f6 och h\u00e5llbar utveckling.\",\"potentialAction\":[{\"@type\":\"SearchAction\",\"target\":{\"@type\":\"EntryPoint\",\"urlTemplate\":\"https:\/\/blogg.svenskakyrkan.se\/hallbar\/?s={search_term_string}\"},\"query-input\":{\"@type\":\"PropertyValueSpecification\",\"valueRequired\":true,\"valueName\":\"search_term_string\"}}],\"inLanguage\":\"sv-SE\"},{\"@type\":\"Person\",\"@id\":\"https:\/\/blogg.svenskakyrkan.se\/hallbar\/#\/schema\/person\/ca8950c4792224b70e92d5c3fb6d62b8\",\"name\":\"Henrik Grape\",\"image\":{\"@type\":\"ImageObject\",\"inLanguage\":\"sv-SE\",\"@id\":\"https:\/\/blogg.svenskakyrkan.se\/hallbar\/#\/schema\/person\/image\/\",\"url\":\"https:\/\/secure.gravatar.com\/avatar\/4ac2348180559fec8f76e69e621eec85c93580fff676df2698cf0dbf419e1137?s=96&d=mm&r=g\",\"contentUrl\":\"https:\/\/secure.gravatar.com\/avatar\/4ac2348180559fec8f76e69e621eec85c93580fff676df2698cf0dbf419e1137?s=96&d=mm&r=g\",\"caption\":\"Henrik Grape\"},\"description\":\"Handl\u00e4ggare f\u00f6r h\u00e5llbar utveckling i Kyrkokansliet Uppsala. Pr\u00e4st ocn engagerad i klimat och r\u00e4ttvisefr\u00e5gor under en l\u00e4ngre tid. Har varit p\u00e5 n\u00e5gra klimatf\u00f6rhandlingar i dryga decenniet Medlem av ECEN (European Christian Environmental Network) och leder Kyrkornas V\u00e4rldsr\u00e5ds klimat-arbetsgrupp.\",\"url\":\"https:\/\/blogg.svenskakyrkan.se\/hallbar\/author\/henrikg\/\"}]}<\/script>\n<!-- \/ Yoast SEO plugin. -->","yoast_head_json":{"title":"Avinvestera! - H\u00e5llbara tankar.","robots":{"index":"index","follow":"follow","max-snippet":"max-snippet:-1","max-image-preview":"max-image-preview:large","max-video-preview":"max-video-preview:-1"},"canonical":"https:\/\/blogg.svenskakyrkan.se\/hallbar\/2015\/12\/05\/avinvestera\/","og_locale":"sv_SE","og_type":"article","og_title":"Avinvestera! - H\u00e5llbara tankar.","og_description":"Kol. Det handlar mycket om kol h\u00e4r i Paris. Grund\u00e4mnet kol som \u00e4r grundl\u00e4ggande f\u00f6r att vi lever och existera men som ocks\u00e5\u00a0 n\u00e4r det binder sig med syre i atmosf\u00e4ren blir ett problem f\u00f6r framtiden p\u00e5 planeten. Det talas mycket om att klara sig fr\u00e5n att temperaturen inte f\u00e5r \u00f6ka mer \u00e4n tv\u00e5 grader [&hellip;]","og_url":"https:\/\/blogg.svenskakyrkan.se\/hallbar\/2015\/12\/05\/avinvestera\/","og_site_name":"H\u00e5llbara tankar.","article_published_time":"2015-12-05T18:15:08+00:00","article_modified_time":"2015-12-05T23:42:43+00:00","og_image":[{"url":"http:\/\/blogg.svenskakyrkan.se\/hallbar\/files\/2015\/12\/Divest-300x225.jpg","type":"","width":"","height":""}],"author":"Henrik Grape","twitter_card":"summary_large_image","twitter_misc":{"Skriven av":"Henrik Grape","Ber\u00e4knad l\u00e4stid":"3 minuter"},"schema":{"@context":"https:\/\/schema.org","@graph":[{"@type":"Article","@id":"https:\/\/blogg.svenskakyrkan.se\/hallbar\/2015\/12\/05\/avinvestera\/#article","isPartOf":{"@id":"https:\/\/blogg.svenskakyrkan.se\/hallbar\/2015\/12\/05\/avinvestera\/"},"author":{"name":"Henrik Grape","@id":"https:\/\/blogg.svenskakyrkan.se\/hallbar\/#\/schema\/person\/ca8950c4792224b70e92d5c3fb6d62b8"},"headline":"Avinvestera!","datePublished":"2015-12-05T18:15:08+00:00","dateModified":"2015-12-05T23:42:43+00:00","mainEntityOfPage":{"@id":"https:\/\/blogg.svenskakyrkan.se\/hallbar\/2015\/12\/05\/avinvestera\/"},"wordCount":665,"commentCount":0,"image":{"@id":"https:\/\/blogg.svenskakyrkan.se\/hallbar\/2015\/12\/05\/avinvestera\/#primaryimage"},"thumbnailUrl":"http:\/\/blogg.svenskakyrkan.se\/hallbar\/files\/2015\/12\/Divest-300x225.jpg","inLanguage":"sv-SE","potentialAction":[{"@type":"CommentAction","name":"Comment","target":["https:\/\/blogg.svenskakyrkan.se\/hallbar\/2015\/12\/05\/avinvestera\/#respond"]}]},{"@type":"WebPage","@id":"https:\/\/blogg.svenskakyrkan.se\/hallbar\/2015\/12\/05\/avinvestera\/","url":"https:\/\/blogg.svenskakyrkan.se\/hallbar\/2015\/12\/05\/avinvestera\/","name":"Avinvestera! - H\u00e5llbara tankar.","isPartOf":{"@id":"https:\/\/blogg.svenskakyrkan.se\/hallbar\/#website"},"primaryImageOfPage":{"@id":"https:\/\/blogg.svenskakyrkan.se\/hallbar\/2015\/12\/05\/avinvestera\/#primaryimage"},"image":{"@id":"https:\/\/blogg.svenskakyrkan.se\/hallbar\/2015\/12\/05\/avinvestera\/#primaryimage"},"thumbnailUrl":"http:\/\/blogg.svenskakyrkan.se\/hallbar\/files\/2015\/12\/Divest-300x225.jpg","datePublished":"2015-12-05T18:15:08+00:00","dateModified":"2015-12-05T23:42:43+00:00","author":{"@id":"https:\/\/blogg.svenskakyrkan.se\/hallbar\/#\/schema\/person\/ca8950c4792224b70e92d5c3fb6d62b8"},"breadcrumb":{"@id":"https:\/\/blogg.svenskakyrkan.se\/hallbar\/2015\/12\/05\/avinvestera\/#breadcrumb"},"inLanguage":"sv-SE","potentialAction":[{"@type":"ReadAction","target":["https:\/\/blogg.svenskakyrkan.se\/hallbar\/2015\/12\/05\/avinvestera\/"]}]},{"@type":"ImageObject","inLanguage":"sv-SE","@id":"https:\/\/blogg.svenskakyrkan.se\/hallbar\/2015\/12\/05\/avinvestera\/#primaryimage","url":"https:\/\/blogg.svenskakyrkan.se\/hallbar\/files\/2015\/12\/Divest.jpg","contentUrl":"https:\/\/blogg.svenskakyrkan.se\/hallbar\/files\/2015\/12\/Divest.jpg","width":3264,"height":2448},{"@type":"BreadcrumbList","@id":"https:\/\/blogg.svenskakyrkan.se\/hallbar\/2015\/12\/05\/avinvestera\/#breadcrumb","itemListElement":[{"@type":"ListItem","position":1,"name":"Hem","item":"https:\/\/blogg.svenskakyrkan.se\/hallbar\/"},{"@type":"ListItem","position":2,"name":"Avinvestera!"}]},{"@type":"WebSite","@id":"https:\/\/blogg.svenskakyrkan.se\/hallbar\/#website","url":"https:\/\/blogg.svenskakyrkan.se\/hallbar\/","name":"H\u00e5llbara tankar.","description":"Henrik Grape tipsar om aktuella h\u00e4ndelser, informerar och kommenterar Svenska kyrkans arbete med milj\u00f6 och h\u00e5llbar utveckling.","potentialAction":[{"@type":"SearchAction","target":{"@type":"EntryPoint","urlTemplate":"https:\/\/blogg.svenskakyrkan.se\/hallbar\/?s={search_term_string}"},"query-input":{"@type":"PropertyValueSpecification","valueRequired":true,"valueName":"search_term_string"}}],"inLanguage":"sv-SE"},{"@type":"Person","@id":"https:\/\/blogg.svenskakyrkan.se\/hallbar\/#\/schema\/person\/ca8950c4792224b70e92d5c3fb6d62b8","name":"Henrik Grape","image":{"@type":"ImageObject","inLanguage":"sv-SE","@id":"https:\/\/blogg.svenskakyrkan.se\/hallbar\/#\/schema\/person\/image\/","url":"https:\/\/secure.gravatar.com\/avatar\/4ac2348180559fec8f76e69e621eec85c93580fff676df2698cf0dbf419e1137?s=96&d=mm&r=g","contentUrl":"https:\/\/secure.gravatar.com\/avatar\/4ac2348180559fec8f76e69e621eec85c93580fff676df2698cf0dbf419e1137?s=96&d=mm&r=g","caption":"Henrik Grape"},"description":"Handl\u00e4ggare f\u00f6r h\u00e5llbar utveckling i Kyrkokansliet Uppsala. Pr\u00e4st ocn engagerad i klimat och r\u00e4ttvisefr\u00e5gor under en l\u00e4ngre tid. Har varit p\u00e5 n\u00e5gra klimatf\u00f6rhandlingar i dryga decenniet Medlem av ECEN (European Christian Environmental Network) och leder Kyrkornas V\u00e4rldsr\u00e5ds klimat-arbetsgrupp.","url":"https:\/\/blogg.svenskakyrkan.se\/hallbar\/author\/henrikg\/"}]}},"author_meta":{"ID":"12","user_nicename":"henrikg","user_registered":"2009-12-06 21:11:17","display_name":"Henrik Grape","first_name":"Henrik","last_name":"Grape","avatar":"https:\/\/secure.gravatar.com\/avatar\/4ac2348180559fec8f76e69e621eec85c93580fff676df2698cf0dbf419e1137?s=96&d=mm&r=g"},"featured_image":false,"bloginfo":{"name":"H\u00e5llbara tankar.","url":"https:\/\/blogg.svenskakyrkan.se\/hallbar"},"_links":{"self":[{"href":"https:\/\/blogg.svenskakyrkan.se\/hallbar\/wp-json\/wp\/v2\/posts\/487","targetHints":{"allow":["GET"]}}],"collection":[{"href":"https:\/\/blogg.svenskakyrkan.se\/hallbar\/wp-json\/wp\/v2\/posts"}],"about":[{"href":"https:\/\/blogg.svenskakyrkan.se\/hallbar\/wp-json\/wp\/v2\/types\/post"}],"author":[{"embeddable":true,"href":"https:\/\/blogg.svenskakyrkan.se\/hallbar\/wp-json\/wp\/v2\/users\/12"}],"replies":[{"embeddable":true,"href":"https:\/\/blogg.svenskakyrkan.se\/hallbar\/wp-json\/wp\/v2\/comments?post=487"}],"version-history":[{"count":3,"href":"https:\/\/blogg.svenskakyrkan.se\/hallbar\/wp-json\/wp\/v2\/posts\/487\/revisions"}],"predecessor-version":[{"id":491,"href":"https:\/\/blogg.svenskakyrkan.se\/hallbar\/wp-json\/wp\/v2\/posts\/487\/revisions\/491"}],"wp:attachment":[{"href":"https:\/\/blogg.svenskakyrkan.se\/hallbar\/wp-json\/wp\/v2\/media?parent=487"}],"wp:term":[{"taxonomy":"category","embeddable":true,"href":"https:\/\/blogg.svenskakyrkan.se\/hallbar\/wp-json\/wp\/v2\/categories?post=487"},{"taxonomy":"post_tag","embeddable":true,"href":"https:\/\/blogg.svenskakyrkan.se\/hallbar\/wp-json\/wp\/v2\/tags?post=487"}],"curies":[{"name":"wp","href":"https:\/\/api.w.org\/{rel}","templated":true}]}}