{"id":321,"date":"2023-03-23T07:13:48","date_gmt":"2023-03-23T06:13:48","guid":{"rendered":"https:\/\/blogg.svenskakyrkan.se\/handeriundersvik\/?p=321"},"modified":"2023-06-01T10:26:49","modified_gmt":"2023-06-01T08:26:49","slug":"arets-comeback","status":"publish","type":"post","link":"https:\/\/blogg.svenskakyrkan.se\/handeriundersvik\/2023\/03\/23\/arets-comeback\/","title":{"rendered":"\u00c5rets comeback!"},"content":{"rendered":"\n\n\n<p>Kyrkoherdekonferens 2023 h\u00f6lls p\u00e5 stiftsg\u00e5rden i Undersvik. Det var ett k\u00e4rt \u00e5terseende f\u00f6r m\u00e5nga efter n\u00e4rmare tre \u00e5rs v\u00e4ntan.<\/p>\n\n\n\n<p><\/p>\n\n\n\n<figure class=\"wp-block-image size-large\"><img loading=\"lazy\" decoding=\"async\" width=\"461\" height=\"1024\" src=\"https:\/\/blogg.svenskakyrkan.se\/handeriundersvik\/files\/2023\/03\/20-mars-Erik-461x1024.jpg\" alt=\"\" class=\"wp-image-322\" srcset=\"https:\/\/blogg.svenskakyrkan.se\/handeriundersvik\/files\/2023\/03\/20-mars-Erik-461x1024.jpg 461w, https:\/\/blogg.svenskakyrkan.se\/handeriundersvik\/files\/2023\/03\/20-mars-Erik-135x300.jpg 135w, https:\/\/blogg.svenskakyrkan.se\/handeriundersvik\/files\/2023\/03\/20-mars-Erik-768x1706.jpg 768w, https:\/\/blogg.svenskakyrkan.se\/handeriundersvik\/files\/2023\/03\/20-mars-Erik-692x1536.jpg 692w, https:\/\/blogg.svenskakyrkan.se\/handeriundersvik\/files\/2023\/03\/20-mars-Erik.jpg 922w\" sizes=\"auto, (max-width: 461px) 100vw, 461px\" \/><figcaption class=\"wp-element-caption\">Biskopsadjunkt Erik Berggren \u00f6nskar deltagarna v\u00e4lkomna tillbaka till stiftsg\u00e5rden<\/figcaption><\/figure>\n\n\n\n<figure class=\"wp-block-image size-large\"><img loading=\"lazy\" decoding=\"async\" width=\"1024\" height=\"461\" src=\"https:\/\/blogg.svenskakyrkan.se\/handeriundersvik\/files\/2023\/03\/20-mars-STF-1024x461.jpg\" alt=\"\" class=\"wp-image-323\" srcset=\"https:\/\/blogg.svenskakyrkan.se\/handeriundersvik\/files\/2023\/03\/20-mars-STF-1024x461.jpg 1024w, https:\/\/blogg.svenskakyrkan.se\/handeriundersvik\/files\/2023\/03\/20-mars-STF-300x135.jpg 300w, https:\/\/blogg.svenskakyrkan.se\/handeriundersvik\/files\/2023\/03\/20-mars-STF-768x346.jpg 768w, https:\/\/blogg.svenskakyrkan.se\/handeriundersvik\/files\/2023\/03\/20-mars-STF-1536x692.jpg 1536w, https:\/\/blogg.svenskakyrkan.se\/handeriundersvik\/files\/2023\/03\/20-mars-STF-1200x540.jpg 1200w, https:\/\/blogg.svenskakyrkan.se\/handeriundersvik\/files\/2023\/03\/20-mars-STF.jpg 2048w\" sizes=\"auto, (max-width: 1024px) 100vw, 1024px\" \/><figcaption class=\"wp-element-caption\">Svenska Turistf\u00f6reningen var p\u00e5 plats och uttryckte hur glada de \u00e4r \u00f6ver att f\u00e5 driva verksamhet p\u00e5 g\u00e5rden. Fr\u00e5n v\u00e4nster: Ingrid (allt-i-allo), Sofie (receptionschef), Charlotta (platschef), Niclas (projektledare), Maria (generaldirekt\u00f6r), Peter (f\u00f6rs\u00e4ljningschef)<\/figcaption><\/figure>\n\n\n\n<figure class=\"wp-block-image size-large\"><img loading=\"lazy\" decoding=\"async\" width=\"1024\" height=\"461\" src=\"https:\/\/blogg.svenskakyrkan.se\/handeriundersvik\/files\/2023\/03\/20-mars-reception-1024x461.jpg\" alt=\"\" class=\"wp-image-324\" srcset=\"https:\/\/blogg.svenskakyrkan.se\/handeriundersvik\/files\/2023\/03\/20-mars-reception-1024x461.jpg 1024w, https:\/\/blogg.svenskakyrkan.se\/handeriundersvik\/files\/2023\/03\/20-mars-reception-300x135.jpg 300w, https:\/\/blogg.svenskakyrkan.se\/handeriundersvik\/files\/2023\/03\/20-mars-reception-768x346.jpg 768w, https:\/\/blogg.svenskakyrkan.se\/handeriundersvik\/files\/2023\/03\/20-mars-reception-1536x692.jpg 1536w, https:\/\/blogg.svenskakyrkan.se\/handeriundersvik\/files\/2023\/03\/20-mars-reception-1200x540.jpg 1200w, https:\/\/blogg.svenskakyrkan.se\/handeriundersvik\/files\/2023\/03\/20-mars-reception.jpg 2048w\" sizes=\"auto, (max-width: 1024px) 100vw, 1024px\" \/><figcaption class=\"wp-element-caption\">Den nya receptionen med STF bakom disken<\/figcaption><\/figure>\n\n\n\n<figure class=\"wp-block-image size-large\"><img loading=\"lazy\" decoding=\"async\" width=\"1024\" height=\"461\" src=\"https:\/\/blogg.svenskakyrkan.se\/handeriundersvik\/files\/2023\/03\/20-mars-Lena-1024x461.jpg\" alt=\"\" class=\"wp-image-325\" srcset=\"https:\/\/blogg.svenskakyrkan.se\/handeriundersvik\/files\/2023\/03\/20-mars-Lena-1024x461.jpg 1024w, https:\/\/blogg.svenskakyrkan.se\/handeriundersvik\/files\/2023\/03\/20-mars-Lena-300x135.jpg 300w, https:\/\/blogg.svenskakyrkan.se\/handeriundersvik\/files\/2023\/03\/20-mars-Lena-768x346.jpg 768w, https:\/\/blogg.svenskakyrkan.se\/handeriundersvik\/files\/2023\/03\/20-mars-Lena-1536x692.jpg 1536w, https:\/\/blogg.svenskakyrkan.se\/handeriundersvik\/files\/2023\/03\/20-mars-Lena-1200x540.jpg 1200w, https:\/\/blogg.svenskakyrkan.se\/handeriundersvik\/files\/2023\/03\/20-mars-Lena.jpg 2048w\" sizes=\"auto, (max-width: 1024px) 100vw, 1024px\" \/><figcaption class=\"wp-element-caption\">Lena Aune, verksamhetsutvecklare Uppsala stift, \u00e4r j\u00e4tteglad att g\u00e5rden \u00e4ntligen befolkas igen<\/figcaption><\/figure>\n\n\n\n<figure class=\"wp-block-image size-large\"><img loading=\"lazy\" decoding=\"async\" width=\"1024\" height=\"461\" src=\"https:\/\/blogg.svenskakyrkan.se\/handeriundersvik\/files\/2023\/03\/20-mars-Ingrid-1024x461.jpg\" alt=\"\" class=\"wp-image-326\" srcset=\"https:\/\/blogg.svenskakyrkan.se\/handeriundersvik\/files\/2023\/03\/20-mars-Ingrid-1024x461.jpg 1024w, https:\/\/blogg.svenskakyrkan.se\/handeriundersvik\/files\/2023\/03\/20-mars-Ingrid-300x135.jpg 300w, https:\/\/blogg.svenskakyrkan.se\/handeriundersvik\/files\/2023\/03\/20-mars-Ingrid-768x346.jpg 768w, https:\/\/blogg.svenskakyrkan.se\/handeriundersvik\/files\/2023\/03\/20-mars-Ingrid-1536x692.jpg 1536w, https:\/\/blogg.svenskakyrkan.se\/handeriundersvik\/files\/2023\/03\/20-mars-Ingrid-1200x540.jpg 1200w, https:\/\/blogg.svenskakyrkan.se\/handeriundersvik\/files\/2023\/03\/20-mars-Ingrid.jpg 2048w\" sizes=\"auto, (max-width: 1024px) 100vw, 1024px\" \/><figcaption class=\"wp-element-caption\">Ingrid Olofsson \u00e4r \u00e5ter p\u00e5 plats p\u00e5 g\u00e5rden, nu som STF-anst\u00e4lld. &#8221;Det \u00e4r h\u00e4r jag h\u00f6r hemma&#8221;, s\u00e4ger hon.<\/figcaption><\/figure>\n\n\n\n<p><\/p>\n","protected":false},"excerpt":{"rendered":"<p>Kyrkoherdekonferens 2023 h\u00f6lls p\u00e5 stiftsg\u00e5rden i Undersvik. Det var ett k\u00e4rt \u00e5terseende f\u00f6r m\u00e5nga efter n\u00e4rmare tre \u00e5rs v\u00e4ntan.<\/p>\n","protected":false},"author":786,"featured_media":323,"comment_status":"open","ping_status":"open","sticky":false,"template":"","format":"standard","meta":{"_acf_changed":false,"footnotes":""},"categories":[1],"tags":[],"class_list":["post-321","post","type-post","status-publish","format-standard","has-post-thumbnail","hentry","category-okategoriserade"],"acf":[],"yoast_head":"<!-- This site is optimized with the Yoast SEO plugin v27.1.1 - https:\/\/yoast.com\/product\/yoast-seo-wordpress\/ -->\n<title>\u00c5rets comeback! - H\u00e4nder i Undersvik<\/title>\n<meta name=\"robots\" content=\"index, follow, max-snippet:-1, max-image-preview:large, max-video-preview:-1\" \/>\n<link rel=\"canonical\" href=\"https:\/\/blogg.svenskakyrkan.se\/handeriundersvik\/2023\/03\/23\/arets-comeback\/\" \/>\n<meta property=\"og:locale\" content=\"sv_SE\" \/>\n<meta property=\"og:type\" content=\"article\" \/>\n<meta property=\"og:title\" content=\"\u00c5rets comeback! - H\u00e4nder i Undersvik\" \/>\n<meta property=\"og:description\" content=\"Kyrkoherdekonferens 2023 h\u00f6lls p\u00e5 stiftsg\u00e5rden i Undersvik. Det var ett k\u00e4rt \u00e5terseende f\u00f6r m\u00e5nga efter n\u00e4rmare tre \u00e5rs v\u00e4ntan.\" \/>\n<meta property=\"og:url\" content=\"https:\/\/blogg.svenskakyrkan.se\/handeriundersvik\/2023\/03\/23\/arets-comeback\/\" \/>\n<meta property=\"og:site_name\" content=\"H\u00e4nder i Undersvik\" \/>\n<meta property=\"article:published_time\" content=\"2023-03-23T06:13:48+00:00\" \/>\n<meta property=\"article:modified_time\" content=\"2023-06-01T08:26:49+00:00\" \/>\n<meta property=\"og:image\" content=\"https:\/\/blogg.svenskakyrkan.se\/handeriundersvik\/files\/2023\/03\/20-mars-STF.jpg\" \/>\n\t<meta property=\"og:image:width\" content=\"2048\" \/>\n\t<meta property=\"og:image:height\" content=\"922\" \/>\n\t<meta property=\"og:image:type\" content=\"image\/jpeg\" \/>\n<meta name=\"author\" content=\"handeriundersvik\" \/>\n<meta name=\"twitter:card\" content=\"summary_large_image\" \/>\n<meta name=\"twitter:label1\" content=\"Skriven av\" \/>\n\t<meta name=\"twitter:data1\" content=\"handeriundersvik\" \/>\n\t<meta name=\"twitter:label2\" content=\"Ber\u00e4knad l\u00e4stid\" \/>\n\t<meta name=\"twitter:data2\" content=\"1 minut\" \/>\n<script type=\"application\/ld+json\" class=\"yoast-schema-graph\">{\"@context\":\"https:\/\/schema.org\",\"@graph\":[{\"@type\":\"Article\",\"@id\":\"https:\/\/blogg.svenskakyrkan.se\/handeriundersvik\/2023\/03\/23\/arets-comeback\/#article\",\"isPartOf\":{\"@id\":\"https:\/\/blogg.svenskakyrkan.se\/handeriundersvik\/2023\/03\/23\/arets-comeback\/\"},\"author\":{\"name\":\"handeriundersvik\",\"@id\":\"https:\/\/blogg.svenskakyrkan.se\/handeriundersvik\/#\/schema\/person\/bfa4c511a07dc434f8df2ff92e03a9ad\"},\"headline\":\"\u00c5rets comeback!\",\"datePublished\":\"2023-03-23T06:13:48+00:00\",\"dateModified\":\"2023-06-01T08:26:49+00:00\",\"mainEntityOfPage\":{\"@id\":\"https:\/\/blogg.svenskakyrkan.se\/handeriundersvik\/2023\/03\/23\/arets-comeback\/\"},\"wordCount\":122,\"commentCount\":0,\"image\":{\"@id\":\"https:\/\/blogg.svenskakyrkan.se\/handeriundersvik\/2023\/03\/23\/arets-comeback\/#primaryimage\"},\"thumbnailUrl\":\"https:\/\/blogg.svenskakyrkan.se\/handeriundersvik\/files\/2023\/03\/20-mars-STF.jpg\",\"inLanguage\":\"sv-SE\",\"potentialAction\":[{\"@type\":\"CommentAction\",\"name\":\"Comment\",\"target\":[\"https:\/\/blogg.svenskakyrkan.se\/handeriundersvik\/2023\/03\/23\/arets-comeback\/#respond\"]}]},{\"@type\":\"WebPage\",\"@id\":\"https:\/\/blogg.svenskakyrkan.se\/handeriundersvik\/2023\/03\/23\/arets-comeback\/\",\"url\":\"https:\/\/blogg.svenskakyrkan.se\/handeriundersvik\/2023\/03\/23\/arets-comeback\/\",\"name\":\"\u00c5rets comeback! - H\u00e4nder i Undersvik\",\"isPartOf\":{\"@id\":\"https:\/\/blogg.svenskakyrkan.se\/handeriundersvik\/#website\"},\"primaryImageOfPage\":{\"@id\":\"https:\/\/blogg.svenskakyrkan.se\/handeriundersvik\/2023\/03\/23\/arets-comeback\/#primaryimage\"},\"image\":{\"@id\":\"https:\/\/blogg.svenskakyrkan.se\/handeriundersvik\/2023\/03\/23\/arets-comeback\/#primaryimage\"},\"thumbnailUrl\":\"https:\/\/blogg.svenskakyrkan.se\/handeriundersvik\/files\/2023\/03\/20-mars-STF.jpg\",\"datePublished\":\"2023-03-23T06:13:48+00:00\",\"dateModified\":\"2023-06-01T08:26:49+00:00\",\"author\":{\"@id\":\"https:\/\/blogg.svenskakyrkan.se\/handeriundersvik\/#\/schema\/person\/bfa4c511a07dc434f8df2ff92e03a9ad\"},\"breadcrumb\":{\"@id\":\"https:\/\/blogg.svenskakyrkan.se\/handeriundersvik\/2023\/03\/23\/arets-comeback\/#breadcrumb\"},\"inLanguage\":\"sv-SE\",\"potentialAction\":[{\"@type\":\"ReadAction\",\"target\":[\"https:\/\/blogg.svenskakyrkan.se\/handeriundersvik\/2023\/03\/23\/arets-comeback\/\"]}]},{\"@type\":\"ImageObject\",\"inLanguage\":\"sv-SE\",\"@id\":\"https:\/\/blogg.svenskakyrkan.se\/handeriundersvik\/2023\/03\/23\/arets-comeback\/#primaryimage\",\"url\":\"https:\/\/blogg.svenskakyrkan.se\/handeriundersvik\/files\/2023\/03\/20-mars-STF.jpg\",\"contentUrl\":\"https:\/\/blogg.svenskakyrkan.se\/handeriundersvik\/files\/2023\/03\/20-mars-STF.jpg\",\"width\":2048,\"height\":922},{\"@type\":\"BreadcrumbList\",\"@id\":\"https:\/\/blogg.svenskakyrkan.se\/handeriundersvik\/2023\/03\/23\/arets-comeback\/#breadcrumb\",\"itemListElement\":[{\"@type\":\"ListItem\",\"position\":1,\"name\":\"Hem\",\"item\":\"https:\/\/blogg.svenskakyrkan.se\/handeriundersvik\/\"},{\"@type\":\"ListItem\",\"position\":2,\"name\":\"\u00c5rets comeback!\"}]},{\"@type\":\"WebSite\",\"@id\":\"https:\/\/blogg.svenskakyrkan.se\/handeriundersvik\/#website\",\"url\":\"https:\/\/blogg.svenskakyrkan.se\/handeriundersvik\/\",\"name\":\"H\u00e4nder i Undersvik\",\"description\":\"H\u00e4r f\u00e5r du en inblick i kyrkans aktiviteter p\u00e5 g\u00e5rden\",\"potentialAction\":[{\"@type\":\"SearchAction\",\"target\":{\"@type\":\"EntryPoint\",\"urlTemplate\":\"https:\/\/blogg.svenskakyrkan.se\/handeriundersvik\/?s={search_term_string}\"},\"query-input\":{\"@type\":\"PropertyValueSpecification\",\"valueRequired\":true,\"valueName\":\"search_term_string\"}}],\"inLanguage\":\"sv-SE\"},{\"@type\":\"Person\",\"@id\":\"https:\/\/blogg.svenskakyrkan.se\/handeriundersvik\/#\/schema\/person\/bfa4c511a07dc434f8df2ff92e03a9ad\",\"name\":\"handeriundersvik\",\"image\":{\"@type\":\"ImageObject\",\"inLanguage\":\"sv-SE\",\"@id\":\"https:\/\/blogg.svenskakyrkan.se\/handeriundersvik\/#\/schema\/person\/image\/\",\"url\":\"https:\/\/secure.gravatar.com\/avatar\/4af42726d63daf9ccf8b9e727917883e86206fc1388401b56137cc7c0271ffa8?s=96&d=mm&r=g\",\"contentUrl\":\"https:\/\/secure.gravatar.com\/avatar\/4af42726d63daf9ccf8b9e727917883e86206fc1388401b56137cc7c0271ffa8?s=96&d=mm&r=g\",\"caption\":\"handeriundersvik\"},\"url\":\"https:\/\/blogg.svenskakyrkan.se\/handeriundersvik\/author\/handeriundersvik\/\"}]}<\/script>\n<!-- \/ Yoast SEO plugin. -->","yoast_head_json":{"title":"\u00c5rets comeback! - H\u00e4nder i Undersvik","robots":{"index":"index","follow":"follow","max-snippet":"max-snippet:-1","max-image-preview":"max-image-preview:large","max-video-preview":"max-video-preview:-1"},"canonical":"https:\/\/blogg.svenskakyrkan.se\/handeriundersvik\/2023\/03\/23\/arets-comeback\/","og_locale":"sv_SE","og_type":"article","og_title":"\u00c5rets comeback! - H\u00e4nder i Undersvik","og_description":"Kyrkoherdekonferens 2023 h\u00f6lls p\u00e5 stiftsg\u00e5rden i Undersvik. Det var ett k\u00e4rt \u00e5terseende f\u00f6r m\u00e5nga efter n\u00e4rmare tre \u00e5rs v\u00e4ntan.","og_url":"https:\/\/blogg.svenskakyrkan.se\/handeriundersvik\/2023\/03\/23\/arets-comeback\/","og_site_name":"H\u00e4nder i Undersvik","article_published_time":"2023-03-23T06:13:48+00:00","article_modified_time":"2023-06-01T08:26:49+00:00","og_image":[{"width":2048,"height":922,"url":"https:\/\/blogg.svenskakyrkan.se\/handeriundersvik\/files\/2023\/03\/20-mars-STF.jpg","type":"image\/jpeg"}],"author":"handeriundersvik","twitter_card":"summary_large_image","twitter_misc":{"Skriven av":"handeriundersvik","Ber\u00e4knad l\u00e4stid":"1 minut"},"schema":{"@context":"https:\/\/schema.org","@graph":[{"@type":"Article","@id":"https:\/\/blogg.svenskakyrkan.se\/handeriundersvik\/2023\/03\/23\/arets-comeback\/#article","isPartOf":{"@id":"https:\/\/blogg.svenskakyrkan.se\/handeriundersvik\/2023\/03\/23\/arets-comeback\/"},"author":{"name":"handeriundersvik","@id":"https:\/\/blogg.svenskakyrkan.se\/handeriundersvik\/#\/schema\/person\/bfa4c511a07dc434f8df2ff92e03a9ad"},"headline":"\u00c5rets comeback!","datePublished":"2023-03-23T06:13:48+00:00","dateModified":"2023-06-01T08:26:49+00:00","mainEntityOfPage":{"@id":"https:\/\/blogg.svenskakyrkan.se\/handeriundersvik\/2023\/03\/23\/arets-comeback\/"},"wordCount":122,"commentCount":0,"image":{"@id":"https:\/\/blogg.svenskakyrkan.se\/handeriundersvik\/2023\/03\/23\/arets-comeback\/#primaryimage"},"thumbnailUrl":"https:\/\/blogg.svenskakyrkan.se\/handeriundersvik\/files\/2023\/03\/20-mars-STF.jpg","inLanguage":"sv-SE","potentialAction":[{"@type":"CommentAction","name":"Comment","target":["https:\/\/blogg.svenskakyrkan.se\/handeriundersvik\/2023\/03\/23\/arets-comeback\/#respond"]}]},{"@type":"WebPage","@id":"https:\/\/blogg.svenskakyrkan.se\/handeriundersvik\/2023\/03\/23\/arets-comeback\/","url":"https:\/\/blogg.svenskakyrkan.se\/handeriundersvik\/2023\/03\/23\/arets-comeback\/","name":"\u00c5rets comeback! - H\u00e4nder i Undersvik","isPartOf":{"@id":"https:\/\/blogg.svenskakyrkan.se\/handeriundersvik\/#website"},"primaryImageOfPage":{"@id":"https:\/\/blogg.svenskakyrkan.se\/handeriundersvik\/2023\/03\/23\/arets-comeback\/#primaryimage"},"image":{"@id":"https:\/\/blogg.svenskakyrkan.se\/handeriundersvik\/2023\/03\/23\/arets-comeback\/#primaryimage"},"thumbnailUrl":"https:\/\/blogg.svenskakyrkan.se\/handeriundersvik\/files\/2023\/03\/20-mars-STF.jpg","datePublished":"2023-03-23T06:13:48+00:00","dateModified":"2023-06-01T08:26:49+00:00","author":{"@id":"https:\/\/blogg.svenskakyrkan.se\/handeriundersvik\/#\/schema\/person\/bfa4c511a07dc434f8df2ff92e03a9ad"},"breadcrumb":{"@id":"https:\/\/blogg.svenskakyrkan.se\/handeriundersvik\/2023\/03\/23\/arets-comeback\/#breadcrumb"},"inLanguage":"sv-SE","potentialAction":[{"@type":"ReadAction","target":["https:\/\/blogg.svenskakyrkan.se\/handeriundersvik\/2023\/03\/23\/arets-comeback\/"]}]},{"@type":"ImageObject","inLanguage":"sv-SE","@id":"https:\/\/blogg.svenskakyrkan.se\/handeriundersvik\/2023\/03\/23\/arets-comeback\/#primaryimage","url":"https:\/\/blogg.svenskakyrkan.se\/handeriundersvik\/files\/2023\/03\/20-mars-STF.jpg","contentUrl":"https:\/\/blogg.svenskakyrkan.se\/handeriundersvik\/files\/2023\/03\/20-mars-STF.jpg","width":2048,"height":922},{"@type":"BreadcrumbList","@id":"https:\/\/blogg.svenskakyrkan.se\/handeriundersvik\/2023\/03\/23\/arets-comeback\/#breadcrumb","itemListElement":[{"@type":"ListItem","position":1,"name":"Hem","item":"https:\/\/blogg.svenskakyrkan.se\/handeriundersvik\/"},{"@type":"ListItem","position":2,"name":"\u00c5rets comeback!"}]},{"@type":"WebSite","@id":"https:\/\/blogg.svenskakyrkan.se\/handeriundersvik\/#website","url":"https:\/\/blogg.svenskakyrkan.se\/handeriundersvik\/","name":"H\u00e4nder i Undersvik","description":"H\u00e4r f\u00e5r du en inblick i kyrkans aktiviteter p\u00e5 g\u00e5rden","potentialAction":[{"@type":"SearchAction","target":{"@type":"EntryPoint","urlTemplate":"https:\/\/blogg.svenskakyrkan.se\/handeriundersvik\/?s={search_term_string}"},"query-input":{"@type":"PropertyValueSpecification","valueRequired":true,"valueName":"search_term_string"}}],"inLanguage":"sv-SE"},{"@type":"Person","@id":"https:\/\/blogg.svenskakyrkan.se\/handeriundersvik\/#\/schema\/person\/bfa4c511a07dc434f8df2ff92e03a9ad","name":"handeriundersvik","image":{"@type":"ImageObject","inLanguage":"sv-SE","@id":"https:\/\/blogg.svenskakyrkan.se\/handeriundersvik\/#\/schema\/person\/image\/","url":"https:\/\/secure.gravatar.com\/avatar\/4af42726d63daf9ccf8b9e727917883e86206fc1388401b56137cc7c0271ffa8?s=96&d=mm&r=g","contentUrl":"https:\/\/secure.gravatar.com\/avatar\/4af42726d63daf9ccf8b9e727917883e86206fc1388401b56137cc7c0271ffa8?s=96&d=mm&r=g","caption":"handeriundersvik"},"url":"https:\/\/blogg.svenskakyrkan.se\/handeriundersvik\/author\/handeriundersvik\/"}]}},"author_meta":{"ID":"786","user_nicename":"handeriundersvik","user_registered":"2021-03-26 06:19:38","display_name":"handeriundersvik","avatar":"https:\/\/secure.gravatar.com\/avatar\/4af42726d63daf9ccf8b9e727917883e86206fc1388401b56137cc7c0271ffa8?s=96&d=mm&r=g"},"featured_image":["https:\/\/blogg.svenskakyrkan.se\/handeriundersvik\/files\/2023\/03\/20-mars-STF-1024x461.jpg",1024,461,true],"bloginfo":{"name":"H\u00e4nder i Undersvik","url":"https:\/\/blogg.svenskakyrkan.se\/handeriundersvik"},"_links":{"self":[{"href":"https:\/\/blogg.svenskakyrkan.se\/handeriundersvik\/wp-json\/wp\/v2\/posts\/321","targetHints":{"allow":["GET"]}}],"collection":[{"href":"https:\/\/blogg.svenskakyrkan.se\/handeriundersvik\/wp-json\/wp\/v2\/posts"}],"about":[{"href":"https:\/\/blogg.svenskakyrkan.se\/handeriundersvik\/wp-json\/wp\/v2\/types\/post"}],"author":[{"embeddable":true,"href":"https:\/\/blogg.svenskakyrkan.se\/handeriundersvik\/wp-json\/wp\/v2\/users\/786"}],"replies":[{"embeddable":true,"href":"https:\/\/blogg.svenskakyrkan.se\/handeriundersvik\/wp-json\/wp\/v2\/comments?post=321"}],"version-history":[{"count":1,"href":"https:\/\/blogg.svenskakyrkan.se\/handeriundersvik\/wp-json\/wp\/v2\/posts\/321\/revisions"}],"predecessor-version":[{"id":327,"href":"https:\/\/blogg.svenskakyrkan.se\/handeriundersvik\/wp-json\/wp\/v2\/posts\/321\/revisions\/327"}],"wp:featuredmedia":[{"embeddable":true,"href":"https:\/\/blogg.svenskakyrkan.se\/handeriundersvik\/wp-json\/wp\/v2\/media\/323"}],"wp:attachment":[{"href":"https:\/\/blogg.svenskakyrkan.se\/handeriundersvik\/wp-json\/wp\/v2\/media?parent=321"}],"wp:term":[{"taxonomy":"category","embeddable":true,"href":"https:\/\/blogg.svenskakyrkan.se\/handeriundersvik\/wp-json\/wp\/v2\/categories?post=321"},{"taxonomy":"post_tag","embeddable":true,"href":"https:\/\/blogg.svenskakyrkan.se\/handeriundersvik\/wp-json\/wp\/v2\/tags?post=321"}],"curies":[{"name":"wp","href":"https:\/\/api.w.org\/{rel}","templated":true}]}}