{"id":407,"date":"2023-08-22T09:57:06","date_gmt":"2023-08-22T07:57:06","guid":{"rendered":"https:\/\/blogg.svenskakyrkan.se\/handeriundersvik\/?p=407"},"modified":"2023-08-29T16:18:47","modified_gmt":"2023-08-29T14:18:47","slug":"invigning-av-undersvik","status":"publish","type":"post","link":"https:\/\/blogg.svenskakyrkan.se\/handeriundersvik\/2023\/08\/22\/invigning-av-undersvik\/","title":{"rendered":"Invigning av Undersvik"},"content":{"rendered":"\n\n\n<figure class=\"wp-block-image size-large is-resized\"><img loading=\"lazy\" decoding=\"async\" src=\"https:\/\/blogg.svenskakyrkan.se\/handeriundersvik\/files\/2023\/08\/qt2uktu2-1024x457.png\" alt=\"\" class=\"wp-image-412\" width=\"840\" height=\"374\" srcset=\"https:\/\/blogg.svenskakyrkan.se\/handeriundersvik\/files\/2023\/08\/qt2uktu2-1024x457.png 1024w, https:\/\/blogg.svenskakyrkan.se\/handeriundersvik\/files\/2023\/08\/qt2uktu2-300x134.png 300w, https:\/\/blogg.svenskakyrkan.se\/handeriundersvik\/files\/2023\/08\/qt2uktu2-768x342.png 768w, https:\/\/blogg.svenskakyrkan.se\/handeriundersvik\/files\/2023\/08\/qt2uktu2.png 1200w\" sizes=\"auto, (max-width: 840px) 100vw, 840px\" \/><figcaption class=\"wp-element-caption\"><em>Foto: Lilla produktionsbolaget<\/em><\/figcaption><\/figure>\n\n\n\n<p>M\u00e4ssa firas kl 14 p\u00e5 temat \u201dBege er hit\u201d. Biskop Karin leder och representanter fr\u00e5n Svenska Kyrkans Unga och Bolln\u00e4s pastorat medverkar.<\/p>\n\n\n\n<p>Invigningsceremonin inleds kl 15 med att Biskop Karin \u00f6verl\u00e4mnar till STF:s generalsekreterare Maria Ros Hjelm. D\u00e4refter f\u00f6ljer invigningstal av STF, musik och rundvandring. STF bjuder p\u00e5 enklare plockmat och snacks.<\/p>\n\n\n\n<p>Buss fr\u00e5n Uppsala stift avg\u00e5r fr\u00e5n stiftskansliet kl 10.00 och stannar i G\u00e4vle Bro kl 11:15. Anm\u00e4lan till bussf\u00e4rden g\u00f6rs till&nbsp;<a href=\"mailto:mats.lagergren@svenskakyrkan.se\">mats.lagergren@svenskakyrkan.se<\/a>. Anm\u00e4l senast den&nbsp;<strong>11 september.<\/strong><br>Bussen hem fr\u00e5n Undersvik avg\u00e5r senast kl 17:00.<\/p>\n\n\n\n<p>Lunch serveras p\u00e5 g\u00e5rden till en kostnad om 115 kr. Best\u00e4ll lunchen via&nbsp;<a href=\"mailto:undersvik@stfturist.se\">undersvik@stfturist.se<\/a>, kom ih\u00e5g att ange ev. specialkost. Anm\u00e4l senast den&nbsp;<strong>18 september.<\/strong><\/p>\n\n\n\n<p>Om ni kommer senare under dagen finns m\u00f6jlighet att k\u00f6pa middag, kontakta&nbsp;<a href=\"mailto:undersvik@stfturist.se\">undersvik@stfturist.se<\/a>&nbsp;f\u00f6r meny och kostnad.<\/p>\n\n\n\n<p>G\u00e5rden \u00e4r \u00f6ppen till kl 20.00.<\/p>\n\n\n\n<p>Alla i f\u00f6rsamlingar och pastorat h\u00e4lsas v\u00e4lkomna!<\/p>\n","protected":false},"excerpt":{"rendered":"<p>M\u00e4ssa firas kl 14 p\u00e5 temat \u201dBege er hit\u201d. Biskop Karin leder och representanter fr\u00e5n Svenska Kyrkans Unga och Bolln\u00e4s pastorat medverkar. Invigningsceremonin inleds kl 15 med att Biskop Karin \u00f6verl\u00e4mnar till STF:s generalsekreterare Maria Ros Hjelm. D\u00e4refter f\u00f6ljer invigningstal av STF, musik och rundvandring. STF bjuder p\u00e5 enklare plockmat och snacks. Buss fr\u00e5n Uppsala [&hellip;]<\/p>\n","protected":false},"author":786,"featured_media":0,"comment_status":"open","ping_status":"open","sticky":false,"template":"","format":"standard","meta":{"_acf_changed":false,"footnotes":""},"categories":[1],"tags":[],"class_list":["post-407","post","type-post","status-publish","format-standard","hentry","category-okategoriserade"],"acf":[],"yoast_head":"<!-- This site is optimized with the Yoast SEO plugin v27.1.1 - https:\/\/yoast.com\/product\/yoast-seo-wordpress\/ -->\n<title>Invigning av Undersvik - H\u00e4nder i Undersvik<\/title>\n<meta name=\"robots\" content=\"index, follow, max-snippet:-1, max-image-preview:large, max-video-preview:-1\" \/>\n<link rel=\"canonical\" href=\"https:\/\/blogg.svenskakyrkan.se\/handeriundersvik\/2023\/08\/22\/invigning-av-undersvik\/\" \/>\n<meta property=\"og:locale\" content=\"sv_SE\" \/>\n<meta property=\"og:type\" content=\"article\" \/>\n<meta property=\"og:title\" content=\"Invigning av Undersvik - H\u00e4nder i Undersvik\" \/>\n<meta property=\"og:description\" content=\"M\u00e4ssa firas kl 14 p\u00e5 temat \u201dBege er hit\u201d. Biskop Karin leder och representanter fr\u00e5n Svenska Kyrkans Unga och Bolln\u00e4s pastorat medverkar. Invigningsceremonin inleds kl 15 med att Biskop Karin \u00f6verl\u00e4mnar till STF:s generalsekreterare Maria Ros Hjelm. D\u00e4refter f\u00f6ljer invigningstal av STF, musik och rundvandring. STF bjuder p\u00e5 enklare plockmat och snacks. Buss fr\u00e5n Uppsala [&hellip;]\" \/>\n<meta property=\"og:url\" content=\"https:\/\/blogg.svenskakyrkan.se\/handeriundersvik\/2023\/08\/22\/invigning-av-undersvik\/\" \/>\n<meta property=\"og:site_name\" content=\"H\u00e4nder i Undersvik\" \/>\n<meta property=\"article:published_time\" content=\"2023-08-22T07:57:06+00:00\" \/>\n<meta property=\"article:modified_time\" content=\"2023-08-29T14:18:47+00:00\" \/>\n<meta property=\"og:image\" content=\"https:\/\/blogg.svenskakyrkan.se\/handeriundersvik\/files\/2023\/08\/qt2uktu2.png\" \/>\n\t<meta property=\"og:image:width\" content=\"1200\" \/>\n\t<meta property=\"og:image:height\" content=\"535\" \/>\n\t<meta property=\"og:image:type\" content=\"image\/png\" \/>\n<meta name=\"author\" content=\"handeriundersvik\" \/>\n<meta name=\"twitter:card\" content=\"summary_large_image\" \/>\n<meta name=\"twitter:label1\" content=\"Skriven av\" \/>\n\t<meta name=\"twitter:data1\" content=\"handeriundersvik\" \/>\n\t<meta name=\"twitter:label2\" content=\"Ber\u00e4knad l\u00e4stid\" \/>\n\t<meta name=\"twitter:data2\" content=\"1 minut\" \/>\n<script type=\"application\/ld+json\" class=\"yoast-schema-graph\">{\"@context\":\"https:\/\/schema.org\",\"@graph\":[{\"@type\":\"Article\",\"@id\":\"https:\/\/blogg.svenskakyrkan.se\/handeriundersvik\/2023\/08\/22\/invigning-av-undersvik\/#article\",\"isPartOf\":{\"@id\":\"https:\/\/blogg.svenskakyrkan.se\/handeriundersvik\/2023\/08\/22\/invigning-av-undersvik\/\"},\"author\":{\"name\":\"handeriundersvik\",\"@id\":\"https:\/\/blogg.svenskakyrkan.se\/handeriundersvik\/#\/schema\/person\/bfa4c511a07dc434f8df2ff92e03a9ad\"},\"headline\":\"Invigning av Undersvik\",\"datePublished\":\"2023-08-22T07:57:06+00:00\",\"dateModified\":\"2023-08-29T14:18:47+00:00\",\"mainEntityOfPage\":{\"@id\":\"https:\/\/blogg.svenskakyrkan.se\/handeriundersvik\/2023\/08\/22\/invigning-av-undersvik\/\"},\"wordCount\":180,\"commentCount\":0,\"image\":{\"@id\":\"https:\/\/blogg.svenskakyrkan.se\/handeriundersvik\/2023\/08\/22\/invigning-av-undersvik\/#primaryimage\"},\"thumbnailUrl\":\"https:\/\/blogg.svenskakyrkan.se\/handeriundersvik\/files\/2023\/08\/qt2uktu2-1024x457.png\",\"inLanguage\":\"sv-SE\",\"potentialAction\":[{\"@type\":\"CommentAction\",\"name\":\"Comment\",\"target\":[\"https:\/\/blogg.svenskakyrkan.se\/handeriundersvik\/2023\/08\/22\/invigning-av-undersvik\/#respond\"]}]},{\"@type\":\"WebPage\",\"@id\":\"https:\/\/blogg.svenskakyrkan.se\/handeriundersvik\/2023\/08\/22\/invigning-av-undersvik\/\",\"url\":\"https:\/\/blogg.svenskakyrkan.se\/handeriundersvik\/2023\/08\/22\/invigning-av-undersvik\/\",\"name\":\"Invigning av Undersvik - H\u00e4nder i Undersvik\",\"isPartOf\":{\"@id\":\"https:\/\/blogg.svenskakyrkan.se\/handeriundersvik\/#website\"},\"primaryImageOfPage\":{\"@id\":\"https:\/\/blogg.svenskakyrkan.se\/handeriundersvik\/2023\/08\/22\/invigning-av-undersvik\/#primaryimage\"},\"image\":{\"@id\":\"https:\/\/blogg.svenskakyrkan.se\/handeriundersvik\/2023\/08\/22\/invigning-av-undersvik\/#primaryimage\"},\"thumbnailUrl\":\"https:\/\/blogg.svenskakyrkan.se\/handeriundersvik\/files\/2023\/08\/qt2uktu2-1024x457.png\",\"datePublished\":\"2023-08-22T07:57:06+00:00\",\"dateModified\":\"2023-08-29T14:18:47+00:00\",\"author\":{\"@id\":\"https:\/\/blogg.svenskakyrkan.se\/handeriundersvik\/#\/schema\/person\/bfa4c511a07dc434f8df2ff92e03a9ad\"},\"breadcrumb\":{\"@id\":\"https:\/\/blogg.svenskakyrkan.se\/handeriundersvik\/2023\/08\/22\/invigning-av-undersvik\/#breadcrumb\"},\"inLanguage\":\"sv-SE\",\"potentialAction\":[{\"@type\":\"ReadAction\",\"target\":[\"https:\/\/blogg.svenskakyrkan.se\/handeriundersvik\/2023\/08\/22\/invigning-av-undersvik\/\"]}]},{\"@type\":\"ImageObject\",\"inLanguage\":\"sv-SE\",\"@id\":\"https:\/\/blogg.svenskakyrkan.se\/handeriundersvik\/2023\/08\/22\/invigning-av-undersvik\/#primaryimage\",\"url\":\"https:\/\/blogg.svenskakyrkan.se\/handeriundersvik\/files\/2023\/08\/qt2uktu2.png\",\"contentUrl\":\"https:\/\/blogg.svenskakyrkan.se\/handeriundersvik\/files\/2023\/08\/qt2uktu2.png\",\"width\":1200,\"height\":535},{\"@type\":\"BreadcrumbList\",\"@id\":\"https:\/\/blogg.svenskakyrkan.se\/handeriundersvik\/2023\/08\/22\/invigning-av-undersvik\/#breadcrumb\",\"itemListElement\":[{\"@type\":\"ListItem\",\"position\":1,\"name\":\"Hem\",\"item\":\"https:\/\/blogg.svenskakyrkan.se\/handeriundersvik\/\"},{\"@type\":\"ListItem\",\"position\":2,\"name\":\"Invigning av Undersvik\"}]},{\"@type\":\"WebSite\",\"@id\":\"https:\/\/blogg.svenskakyrkan.se\/handeriundersvik\/#website\",\"url\":\"https:\/\/blogg.svenskakyrkan.se\/handeriundersvik\/\",\"name\":\"H\u00e4nder i Undersvik\",\"description\":\"H\u00e4r f\u00e5r du en inblick i kyrkans aktiviteter p\u00e5 g\u00e5rden\",\"potentialAction\":[{\"@type\":\"SearchAction\",\"target\":{\"@type\":\"EntryPoint\",\"urlTemplate\":\"https:\/\/blogg.svenskakyrkan.se\/handeriundersvik\/?s={search_term_string}\"},\"query-input\":{\"@type\":\"PropertyValueSpecification\",\"valueRequired\":true,\"valueName\":\"search_term_string\"}}],\"inLanguage\":\"sv-SE\"},{\"@type\":\"Person\",\"@id\":\"https:\/\/blogg.svenskakyrkan.se\/handeriundersvik\/#\/schema\/person\/bfa4c511a07dc434f8df2ff92e03a9ad\",\"name\":\"handeriundersvik\",\"image\":{\"@type\":\"ImageObject\",\"inLanguage\":\"sv-SE\",\"@id\":\"https:\/\/blogg.svenskakyrkan.se\/handeriundersvik\/#\/schema\/person\/image\/\",\"url\":\"https:\/\/secure.gravatar.com\/avatar\/4af42726d63daf9ccf8b9e727917883e86206fc1388401b56137cc7c0271ffa8?s=96&d=mm&r=g\",\"contentUrl\":\"https:\/\/secure.gravatar.com\/avatar\/4af42726d63daf9ccf8b9e727917883e86206fc1388401b56137cc7c0271ffa8?s=96&d=mm&r=g\",\"caption\":\"handeriundersvik\"},\"url\":\"https:\/\/blogg.svenskakyrkan.se\/handeriundersvik\/author\/handeriundersvik\/\"}]}<\/script>\n<!-- \/ Yoast SEO plugin. -->","yoast_head_json":{"title":"Invigning av Undersvik - H\u00e4nder i Undersvik","robots":{"index":"index","follow":"follow","max-snippet":"max-snippet:-1","max-image-preview":"max-image-preview:large","max-video-preview":"max-video-preview:-1"},"canonical":"https:\/\/blogg.svenskakyrkan.se\/handeriundersvik\/2023\/08\/22\/invigning-av-undersvik\/","og_locale":"sv_SE","og_type":"article","og_title":"Invigning av Undersvik - H\u00e4nder i Undersvik","og_description":"M\u00e4ssa firas kl 14 p\u00e5 temat \u201dBege er hit\u201d. Biskop Karin leder och representanter fr\u00e5n Svenska Kyrkans Unga och Bolln\u00e4s pastorat medverkar. Invigningsceremonin inleds kl 15 med att Biskop Karin \u00f6verl\u00e4mnar till STF:s generalsekreterare Maria Ros Hjelm. D\u00e4refter f\u00f6ljer invigningstal av STF, musik och rundvandring. STF bjuder p\u00e5 enklare plockmat och snacks. Buss fr\u00e5n Uppsala [&hellip;]","og_url":"https:\/\/blogg.svenskakyrkan.se\/handeriundersvik\/2023\/08\/22\/invigning-av-undersvik\/","og_site_name":"H\u00e4nder i Undersvik","article_published_time":"2023-08-22T07:57:06+00:00","article_modified_time":"2023-08-29T14:18:47+00:00","og_image":[{"width":1200,"height":535,"url":"https:\/\/blogg.svenskakyrkan.se\/handeriundersvik\/files\/2023\/08\/qt2uktu2.png","type":"image\/png"}],"author":"handeriundersvik","twitter_card":"summary_large_image","twitter_misc":{"Skriven av":"handeriundersvik","Ber\u00e4knad l\u00e4stid":"1 minut"},"schema":{"@context":"https:\/\/schema.org","@graph":[{"@type":"Article","@id":"https:\/\/blogg.svenskakyrkan.se\/handeriundersvik\/2023\/08\/22\/invigning-av-undersvik\/#article","isPartOf":{"@id":"https:\/\/blogg.svenskakyrkan.se\/handeriundersvik\/2023\/08\/22\/invigning-av-undersvik\/"},"author":{"name":"handeriundersvik","@id":"https:\/\/blogg.svenskakyrkan.se\/handeriundersvik\/#\/schema\/person\/bfa4c511a07dc434f8df2ff92e03a9ad"},"headline":"Invigning av Undersvik","datePublished":"2023-08-22T07:57:06+00:00","dateModified":"2023-08-29T14:18:47+00:00","mainEntityOfPage":{"@id":"https:\/\/blogg.svenskakyrkan.se\/handeriundersvik\/2023\/08\/22\/invigning-av-undersvik\/"},"wordCount":180,"commentCount":0,"image":{"@id":"https:\/\/blogg.svenskakyrkan.se\/handeriundersvik\/2023\/08\/22\/invigning-av-undersvik\/#primaryimage"},"thumbnailUrl":"https:\/\/blogg.svenskakyrkan.se\/handeriundersvik\/files\/2023\/08\/qt2uktu2-1024x457.png","inLanguage":"sv-SE","potentialAction":[{"@type":"CommentAction","name":"Comment","target":["https:\/\/blogg.svenskakyrkan.se\/handeriundersvik\/2023\/08\/22\/invigning-av-undersvik\/#respond"]}]},{"@type":"WebPage","@id":"https:\/\/blogg.svenskakyrkan.se\/handeriundersvik\/2023\/08\/22\/invigning-av-undersvik\/","url":"https:\/\/blogg.svenskakyrkan.se\/handeriundersvik\/2023\/08\/22\/invigning-av-undersvik\/","name":"Invigning av Undersvik - H\u00e4nder i Undersvik","isPartOf":{"@id":"https:\/\/blogg.svenskakyrkan.se\/handeriundersvik\/#website"},"primaryImageOfPage":{"@id":"https:\/\/blogg.svenskakyrkan.se\/handeriundersvik\/2023\/08\/22\/invigning-av-undersvik\/#primaryimage"},"image":{"@id":"https:\/\/blogg.svenskakyrkan.se\/handeriundersvik\/2023\/08\/22\/invigning-av-undersvik\/#primaryimage"},"thumbnailUrl":"https:\/\/blogg.svenskakyrkan.se\/handeriundersvik\/files\/2023\/08\/qt2uktu2-1024x457.png","datePublished":"2023-08-22T07:57:06+00:00","dateModified":"2023-08-29T14:18:47+00:00","author":{"@id":"https:\/\/blogg.svenskakyrkan.se\/handeriundersvik\/#\/schema\/person\/bfa4c511a07dc434f8df2ff92e03a9ad"},"breadcrumb":{"@id":"https:\/\/blogg.svenskakyrkan.se\/handeriundersvik\/2023\/08\/22\/invigning-av-undersvik\/#breadcrumb"},"inLanguage":"sv-SE","potentialAction":[{"@type":"ReadAction","target":["https:\/\/blogg.svenskakyrkan.se\/handeriundersvik\/2023\/08\/22\/invigning-av-undersvik\/"]}]},{"@type":"ImageObject","inLanguage":"sv-SE","@id":"https:\/\/blogg.svenskakyrkan.se\/handeriundersvik\/2023\/08\/22\/invigning-av-undersvik\/#primaryimage","url":"https:\/\/blogg.svenskakyrkan.se\/handeriundersvik\/files\/2023\/08\/qt2uktu2.png","contentUrl":"https:\/\/blogg.svenskakyrkan.se\/handeriundersvik\/files\/2023\/08\/qt2uktu2.png","width":1200,"height":535},{"@type":"BreadcrumbList","@id":"https:\/\/blogg.svenskakyrkan.se\/handeriundersvik\/2023\/08\/22\/invigning-av-undersvik\/#breadcrumb","itemListElement":[{"@type":"ListItem","position":1,"name":"Hem","item":"https:\/\/blogg.svenskakyrkan.se\/handeriundersvik\/"},{"@type":"ListItem","position":2,"name":"Invigning av Undersvik"}]},{"@type":"WebSite","@id":"https:\/\/blogg.svenskakyrkan.se\/handeriundersvik\/#website","url":"https:\/\/blogg.svenskakyrkan.se\/handeriundersvik\/","name":"H\u00e4nder i Undersvik","description":"H\u00e4r f\u00e5r du en inblick i kyrkans aktiviteter p\u00e5 g\u00e5rden","potentialAction":[{"@type":"SearchAction","target":{"@type":"EntryPoint","urlTemplate":"https:\/\/blogg.svenskakyrkan.se\/handeriundersvik\/?s={search_term_string}"},"query-input":{"@type":"PropertyValueSpecification","valueRequired":true,"valueName":"search_term_string"}}],"inLanguage":"sv-SE"},{"@type":"Person","@id":"https:\/\/blogg.svenskakyrkan.se\/handeriundersvik\/#\/schema\/person\/bfa4c511a07dc434f8df2ff92e03a9ad","name":"handeriundersvik","image":{"@type":"ImageObject","inLanguage":"sv-SE","@id":"https:\/\/blogg.svenskakyrkan.se\/handeriundersvik\/#\/schema\/person\/image\/","url":"https:\/\/secure.gravatar.com\/avatar\/4af42726d63daf9ccf8b9e727917883e86206fc1388401b56137cc7c0271ffa8?s=96&d=mm&r=g","contentUrl":"https:\/\/secure.gravatar.com\/avatar\/4af42726d63daf9ccf8b9e727917883e86206fc1388401b56137cc7c0271ffa8?s=96&d=mm&r=g","caption":"handeriundersvik"},"url":"https:\/\/blogg.svenskakyrkan.se\/handeriundersvik\/author\/handeriundersvik\/"}]}},"author_meta":{"ID":"786","user_nicename":"handeriundersvik","user_registered":"2021-03-26 06:19:38","display_name":"handeriundersvik","avatar":"https:\/\/secure.gravatar.com\/avatar\/4af42726d63daf9ccf8b9e727917883e86206fc1388401b56137cc7c0271ffa8?s=96&d=mm&r=g"},"featured_image":false,"bloginfo":{"name":"H\u00e4nder i Undersvik","url":"https:\/\/blogg.svenskakyrkan.se\/handeriundersvik"},"_links":{"self":[{"href":"https:\/\/blogg.svenskakyrkan.se\/handeriundersvik\/wp-json\/wp\/v2\/posts\/407","targetHints":{"allow":["GET"]}}],"collection":[{"href":"https:\/\/blogg.svenskakyrkan.se\/handeriundersvik\/wp-json\/wp\/v2\/posts"}],"about":[{"href":"https:\/\/blogg.svenskakyrkan.se\/handeriundersvik\/wp-json\/wp\/v2\/types\/post"}],"author":[{"embeddable":true,"href":"https:\/\/blogg.svenskakyrkan.se\/handeriundersvik\/wp-json\/wp\/v2\/users\/786"}],"replies":[{"embeddable":true,"href":"https:\/\/blogg.svenskakyrkan.se\/handeriundersvik\/wp-json\/wp\/v2\/comments?post=407"}],"version-history":[{"count":19,"href":"https:\/\/blogg.svenskakyrkan.se\/handeriundersvik\/wp-json\/wp\/v2\/posts\/407\/revisions"}],"predecessor-version":[{"id":429,"href":"https:\/\/blogg.svenskakyrkan.se\/handeriundersvik\/wp-json\/wp\/v2\/posts\/407\/revisions\/429"}],"wp:attachment":[{"href":"https:\/\/blogg.svenskakyrkan.se\/handeriundersvik\/wp-json\/wp\/v2\/media?parent=407"}],"wp:term":[{"taxonomy":"category","embeddable":true,"href":"https:\/\/blogg.svenskakyrkan.se\/handeriundersvik\/wp-json\/wp\/v2\/categories?post=407"},{"taxonomy":"post_tag","embeddable":true,"href":"https:\/\/blogg.svenskakyrkan.se\/handeriundersvik\/wp-json\/wp\/v2\/tags?post=407"}],"curies":[{"name":"wp","href":"https:\/\/api.w.org\/{rel}","templated":true}]}}