{"id":1,"date":"2013-05-23T11:12:52","date_gmt":"2013-05-23T09:12:52","guid":{"rendered":"http:\/\/blogg.svenskakyrkan.se\/harhjartatslutatsla\/?p=1"},"modified":"2013-09-23T21:45:21","modified_gmt":"2013-09-23T19:45:21","slug":"svenska-kyrkans-kulturstipendium","status":"publish","type":"post","link":"https:\/\/blogg.svenskakyrkan.se\/harhjartatslutatsla\/svenska-kyrkans-kulturstipendium\/","title":{"rendered":"Svenska kyrkans kulturstipendium!"},"content":{"rendered":"<p>Jag st\u00e5r p\u00e5 dagis och ska h\u00e4mta barn, n\u00e4r mobilen ringer.<\/p>\n<p>&#8211; Hej, har du tid en stund? Jag har gl\u00e4djen att meddela att du f\u00e5tt Svenska kyrkans kulturstipendium.<\/p>\n<p>Barnen stojar, det \u00e4r september 2012 och luften klar och h\u00f6g &#8211; vad finns det f\u00f6r ord som beskriver de d\u00e4r \u00f6gonblicken n\u00e4r man blir h\u00f6g av gl\u00e4dje och klar i tanken av m\u00e5lmedvetenhet? Stipendiet ger mig tid till ett projekt som jag burit p\u00e5 l\u00e4nge. Mitt bland de levande barnen p\u00e5 dagis blir jag lycklig \u00f6ver att f\u00e5 skildra det motsatta &#8211; tomheten efter ett barn som dog.<\/p>\n<p>Jag fick Svenska kyrkans kulturstipendium f\u00f6r att g\u00f6ra\u00a0en musikf\u00f6rest\u00e4llning om att f\u00f6rlora barn. Sissel Lifs autentiska texter \u00e4r grunden, jag bearbetar dem och skriver musiken. Sissel skriver ber\u00e4ttarmanus.<\/p>\n<p>Nu \u00e4r det maj 2013 och sjumannaensemblen har m\u00f6tts f\u00f6r f\u00f6rsta g\u00e5ngen f\u00f6r att b\u00f6rja repetera. Det var tv\u00e5 dagar av intensivt arbete f\u00f6r att f\u00e5 en k\u00e4nsla f\u00f6r f\u00f6rest\u00e4llningens form. En av oss har sj\u00e4lv f\u00f6rlorat ett barn, n\u00e5gon av oss har vandrat med n\u00e5gon n\u00e4rst\u00e5ende i sorgen. Men repetitionerna pr\u00e4glas av ett starkt ljus.<\/p>\n<p>Om mindre \u00e4n ett halv\u00e5r \u00e4r det premi\u00e4r p\u00e5 Teater Brunnsgatan 4, i Stockholm. Jag och ensemblen t\u00e4nkte blogga under resan dit. Det blir ocks\u00e5 inl\u00e4gg fr\u00e5n personer som p\u00e5 olika s\u00e4tt har erfarenhet av att f\u00f6rlora barn.<\/p>\n<p>F\u00f6lj oss. Dela med dig av dina tankar, om du vill.<\/p>\n<p>\/Helena Andersson Bromander<\/p>\n","protected":false},"excerpt":{"rendered":"<p>Jag st\u00e5r p\u00e5 dagis och ska h\u00e4mta barn, n\u00e4r mobilen ringer. &#8211; Hej, har du tid en stund? Jag har gl\u00e4djen att meddela att du f\u00e5tt Svenska kyrkans kulturstipendium. Barnen stojar, det \u00e4r september 2012 och luften klar och h\u00f6g &#8211; vad finns det f\u00f6r ord som beskriver de d\u00e4r \u00f6gonblicken n\u00e4r man blir h\u00f6g [&hellip;]<\/p>\n","protected":false},"author":281,"featured_media":0,"comment_status":"open","ping_status":"open","sticky":false,"template":"","format":"standard","meta":{"_acf_changed":false,"footnotes":""},"categories":[50184,44452,44459],"tags":[8266,43627],"class_list":["post-1","post","type-post","status-publish","format-standard","hentry","category-forestallningen-har-hjartat-slutat-slar","category-helena-andersson-bromander","category-skapa-musik","tag-musik","tag-svenska-kyrkans-kulturstipendium"],"acf":[],"yoast_head":"<!-- This site is optimized with the Yoast SEO plugin v27.1.1 - https:\/\/yoast.com\/product\/yoast-seo-wordpress\/ -->\n<title>Svenska kyrkans kulturstipendium! - Har hj\u00e4rtat slutat sl\u00e5?<\/title>\n<meta name=\"robots\" content=\"index, follow, max-snippet:-1, max-image-preview:large, max-video-preview:-1\" \/>\n<link rel=\"canonical\" href=\"https:\/\/blogg.svenskakyrkan.se\/harhjartatslutatsla\/svenska-kyrkans-kulturstipendium\/\" \/>\n<meta property=\"og:locale\" content=\"sv_SE\" \/>\n<meta property=\"og:type\" content=\"article\" \/>\n<meta property=\"og:title\" content=\"Svenska kyrkans kulturstipendium! - Har hj\u00e4rtat slutat sl\u00e5?\" \/>\n<meta property=\"og:description\" content=\"Jag st\u00e5r p\u00e5 dagis och ska h\u00e4mta barn, n\u00e4r mobilen ringer. &#8211; Hej, har du tid en stund? Jag har gl\u00e4djen att meddela att du f\u00e5tt Svenska kyrkans kulturstipendium. Barnen stojar, det \u00e4r september 2012 och luften klar och h\u00f6g &#8211; vad finns det f\u00f6r ord som beskriver de d\u00e4r \u00f6gonblicken n\u00e4r man blir h\u00f6g [&hellip;]\" \/>\n<meta property=\"og:url\" content=\"https:\/\/blogg.svenskakyrkan.se\/harhjartatslutatsla\/svenska-kyrkans-kulturstipendium\/\" \/>\n<meta property=\"og:site_name\" content=\"Har hj\u00e4rtat slutat sl\u00e5?\" \/>\n<meta property=\"article:published_time\" content=\"2013-05-23T09:12:52+00:00\" \/>\n<meta property=\"article:modified_time\" content=\"2013-09-23T19:45:21+00:00\" \/>\n<meta name=\"author\" content=\"admin\" \/>\n<meta name=\"twitter:card\" content=\"summary_large_image\" \/>\n<meta name=\"twitter:label1\" content=\"Skriven av\" \/>\n\t<meta name=\"twitter:data1\" content=\"admin\" \/>\n\t<meta name=\"twitter:label2\" content=\"Ber\u00e4knad l\u00e4stid\" \/>\n\t<meta name=\"twitter:data2\" content=\"1 minut\" \/>\n<script type=\"application\/ld+json\" class=\"yoast-schema-graph\">{\"@context\":\"https:\/\/schema.org\",\"@graph\":[{\"@type\":\"Article\",\"@id\":\"https:\/\/blogg.svenskakyrkan.se\/harhjartatslutatsla\/svenska-kyrkans-kulturstipendium\/#article\",\"isPartOf\":{\"@id\":\"https:\/\/blogg.svenskakyrkan.se\/harhjartatslutatsla\/svenska-kyrkans-kulturstipendium\/\"},\"author\":{\"name\":\"admin\",\"@id\":\"https:\/\/blogg.svenskakyrkan.se\/harhjartatslutatsla\/#\/schema\/person\/d4424e6b5c14e38a71e398f44994f567\"},\"headline\":\"Svenska kyrkans kulturstipendium!\",\"datePublished\":\"2013-05-23T09:12:52+00:00\",\"dateModified\":\"2013-09-23T19:45:21+00:00\",\"mainEntityOfPage\":{\"@id\":\"https:\/\/blogg.svenskakyrkan.se\/harhjartatslutatsla\/svenska-kyrkans-kulturstipendium\/\"},\"wordCount\":280,\"commentCount\":0,\"keywords\":[\"Musik\",\"Svenska kyrkans kulturstipendium\"],\"articleSection\":[\"F\u00f6rest\u00e4llningen Har hj\u00e4rtat slutat sl\u00e5?\",\"Helena Andersson Bromander\",\"Skapa musik\"],\"inLanguage\":\"sv-SE\",\"potentialAction\":[{\"@type\":\"CommentAction\",\"name\":\"Comment\",\"target\":[\"https:\/\/blogg.svenskakyrkan.se\/harhjartatslutatsla\/svenska-kyrkans-kulturstipendium\/#respond\"]}]},{\"@type\":\"WebPage\",\"@id\":\"https:\/\/blogg.svenskakyrkan.se\/harhjartatslutatsla\/svenska-kyrkans-kulturstipendium\/\",\"url\":\"https:\/\/blogg.svenskakyrkan.se\/harhjartatslutatsla\/svenska-kyrkans-kulturstipendium\/\",\"name\":\"Svenska kyrkans kulturstipendium! - Har hj\u00e4rtat slutat sl\u00e5?\",\"isPartOf\":{\"@id\":\"https:\/\/blogg.svenskakyrkan.se\/harhjartatslutatsla\/#website\"},\"datePublished\":\"2013-05-23T09:12:52+00:00\",\"dateModified\":\"2013-09-23T19:45:21+00:00\",\"author\":{\"@id\":\"https:\/\/blogg.svenskakyrkan.se\/harhjartatslutatsla\/#\/schema\/person\/d4424e6b5c14e38a71e398f44994f567\"},\"breadcrumb\":{\"@id\":\"https:\/\/blogg.svenskakyrkan.se\/harhjartatslutatsla\/svenska-kyrkans-kulturstipendium\/#breadcrumb\"},\"inLanguage\":\"sv-SE\",\"potentialAction\":[{\"@type\":\"ReadAction\",\"target\":[\"https:\/\/blogg.svenskakyrkan.se\/harhjartatslutatsla\/svenska-kyrkans-kulturstipendium\/\"]}]},{\"@type\":\"BreadcrumbList\",\"@id\":\"https:\/\/blogg.svenskakyrkan.se\/harhjartatslutatsla\/svenska-kyrkans-kulturstipendium\/#breadcrumb\",\"itemListElement\":[{\"@type\":\"ListItem\",\"position\":1,\"name\":\"Hem\",\"item\":\"https:\/\/blogg.svenskakyrkan.se\/harhjartatslutatsla\/\"},{\"@type\":\"ListItem\",\"position\":2,\"name\":\"Svenska kyrkans kulturstipendium!\"}]},{\"@type\":\"WebSite\",\"@id\":\"https:\/\/blogg.svenskakyrkan.se\/harhjartatslutatsla\/#website\",\"url\":\"https:\/\/blogg.svenskakyrkan.se\/harhjartatslutatsla\/\",\"name\":\"Har hj\u00e4rtat slutat sl\u00e5?\",\"description\":\"En musikber\u00e4ttelse om att f\u00f6rlora barn.\",\"potentialAction\":[{\"@type\":\"SearchAction\",\"target\":{\"@type\":\"EntryPoint\",\"urlTemplate\":\"https:\/\/blogg.svenskakyrkan.se\/harhjartatslutatsla\/?s={search_term_string}\"},\"query-input\":{\"@type\":\"PropertyValueSpecification\",\"valueRequired\":true,\"valueName\":\"search_term_string\"}}],\"inLanguage\":\"sv-SE\"},{\"@type\":\"Person\",\"@id\":\"https:\/\/blogg.svenskakyrkan.se\/harhjartatslutatsla\/#\/schema\/person\/d4424e6b5c14e38a71e398f44994f567\",\"name\":\"admin\",\"image\":{\"@type\":\"ImageObject\",\"inLanguage\":\"sv-SE\",\"@id\":\"https:\/\/blogg.svenskakyrkan.se\/harhjartatslutatsla\/#\/schema\/person\/image\/\",\"url\":\"https:\/\/secure.gravatar.com\/avatar\/3c6e76acab0bbea7ed45bf023e2bf8a2aeeb59b1b8aaafe88a4345a469d8886f?s=96&d=mm&r=g\",\"contentUrl\":\"https:\/\/secure.gravatar.com\/avatar\/3c6e76acab0bbea7ed45bf023e2bf8a2aeeb59b1b8aaafe88a4345a469d8886f?s=96&d=mm&r=g\",\"caption\":\"admin\"},\"url\":\"https:\/\/blogg.svenskakyrkan.se\/harhjartatslutatsla\/author\/harhjartatslutatsla\/\"}]}<\/script>\n<!-- \/ Yoast SEO plugin. -->","yoast_head_json":{"title":"Svenska kyrkans kulturstipendium! - Har hj\u00e4rtat slutat sl\u00e5?","robots":{"index":"index","follow":"follow","max-snippet":"max-snippet:-1","max-image-preview":"max-image-preview:large","max-video-preview":"max-video-preview:-1"},"canonical":"https:\/\/blogg.svenskakyrkan.se\/harhjartatslutatsla\/svenska-kyrkans-kulturstipendium\/","og_locale":"sv_SE","og_type":"article","og_title":"Svenska kyrkans kulturstipendium! - Har hj\u00e4rtat slutat sl\u00e5?","og_description":"Jag st\u00e5r p\u00e5 dagis och ska h\u00e4mta barn, n\u00e4r mobilen ringer. &#8211; Hej, har du tid en stund? Jag har gl\u00e4djen att meddela att du f\u00e5tt Svenska kyrkans kulturstipendium. Barnen stojar, det \u00e4r september 2012 och luften klar och h\u00f6g &#8211; vad finns det f\u00f6r ord som beskriver de d\u00e4r \u00f6gonblicken n\u00e4r man blir h\u00f6g [&hellip;]","og_url":"https:\/\/blogg.svenskakyrkan.se\/harhjartatslutatsla\/svenska-kyrkans-kulturstipendium\/","og_site_name":"Har hj\u00e4rtat slutat sl\u00e5?","article_published_time":"2013-05-23T09:12:52+00:00","article_modified_time":"2013-09-23T19:45:21+00:00","author":"admin","twitter_card":"summary_large_image","twitter_misc":{"Skriven av":"admin","Ber\u00e4knad l\u00e4stid":"1 minut"},"schema":{"@context":"https:\/\/schema.org","@graph":[{"@type":"Article","@id":"https:\/\/blogg.svenskakyrkan.se\/harhjartatslutatsla\/svenska-kyrkans-kulturstipendium\/#article","isPartOf":{"@id":"https:\/\/blogg.svenskakyrkan.se\/harhjartatslutatsla\/svenska-kyrkans-kulturstipendium\/"},"author":{"name":"admin","@id":"https:\/\/blogg.svenskakyrkan.se\/harhjartatslutatsla\/#\/schema\/person\/d4424e6b5c14e38a71e398f44994f567"},"headline":"Svenska kyrkans kulturstipendium!","datePublished":"2013-05-23T09:12:52+00:00","dateModified":"2013-09-23T19:45:21+00:00","mainEntityOfPage":{"@id":"https:\/\/blogg.svenskakyrkan.se\/harhjartatslutatsla\/svenska-kyrkans-kulturstipendium\/"},"wordCount":280,"commentCount":0,"keywords":["Musik","Svenska kyrkans kulturstipendium"],"articleSection":["F\u00f6rest\u00e4llningen Har hj\u00e4rtat slutat sl\u00e5?","Helena Andersson Bromander","Skapa musik"],"inLanguage":"sv-SE","potentialAction":[{"@type":"CommentAction","name":"Comment","target":["https:\/\/blogg.svenskakyrkan.se\/harhjartatslutatsla\/svenska-kyrkans-kulturstipendium\/#respond"]}]},{"@type":"WebPage","@id":"https:\/\/blogg.svenskakyrkan.se\/harhjartatslutatsla\/svenska-kyrkans-kulturstipendium\/","url":"https:\/\/blogg.svenskakyrkan.se\/harhjartatslutatsla\/svenska-kyrkans-kulturstipendium\/","name":"Svenska kyrkans kulturstipendium! - Har hj\u00e4rtat slutat sl\u00e5?","isPartOf":{"@id":"https:\/\/blogg.svenskakyrkan.se\/harhjartatslutatsla\/#website"},"datePublished":"2013-05-23T09:12:52+00:00","dateModified":"2013-09-23T19:45:21+00:00","author":{"@id":"https:\/\/blogg.svenskakyrkan.se\/harhjartatslutatsla\/#\/schema\/person\/d4424e6b5c14e38a71e398f44994f567"},"breadcrumb":{"@id":"https:\/\/blogg.svenskakyrkan.se\/harhjartatslutatsla\/svenska-kyrkans-kulturstipendium\/#breadcrumb"},"inLanguage":"sv-SE","potentialAction":[{"@type":"ReadAction","target":["https:\/\/blogg.svenskakyrkan.se\/harhjartatslutatsla\/svenska-kyrkans-kulturstipendium\/"]}]},{"@type":"BreadcrumbList","@id":"https:\/\/blogg.svenskakyrkan.se\/harhjartatslutatsla\/svenska-kyrkans-kulturstipendium\/#breadcrumb","itemListElement":[{"@type":"ListItem","position":1,"name":"Hem","item":"https:\/\/blogg.svenskakyrkan.se\/harhjartatslutatsla\/"},{"@type":"ListItem","position":2,"name":"Svenska kyrkans kulturstipendium!"}]},{"@type":"WebSite","@id":"https:\/\/blogg.svenskakyrkan.se\/harhjartatslutatsla\/#website","url":"https:\/\/blogg.svenskakyrkan.se\/harhjartatslutatsla\/","name":"Har hj\u00e4rtat slutat sl\u00e5?","description":"En musikber\u00e4ttelse om att f\u00f6rlora barn.","potentialAction":[{"@type":"SearchAction","target":{"@type":"EntryPoint","urlTemplate":"https:\/\/blogg.svenskakyrkan.se\/harhjartatslutatsla\/?s={search_term_string}"},"query-input":{"@type":"PropertyValueSpecification","valueRequired":true,"valueName":"search_term_string"}}],"inLanguage":"sv-SE"},{"@type":"Person","@id":"https:\/\/blogg.svenskakyrkan.se\/harhjartatslutatsla\/#\/schema\/person\/d4424e6b5c14e38a71e398f44994f567","name":"admin","image":{"@type":"ImageObject","inLanguage":"sv-SE","@id":"https:\/\/blogg.svenskakyrkan.se\/harhjartatslutatsla\/#\/schema\/person\/image\/","url":"https:\/\/secure.gravatar.com\/avatar\/3c6e76acab0bbea7ed45bf023e2bf8a2aeeb59b1b8aaafe88a4345a469d8886f?s=96&d=mm&r=g","contentUrl":"https:\/\/secure.gravatar.com\/avatar\/3c6e76acab0bbea7ed45bf023e2bf8a2aeeb59b1b8aaafe88a4345a469d8886f?s=96&d=mm&r=g","caption":"admin"},"url":"https:\/\/blogg.svenskakyrkan.se\/harhjartatslutatsla\/author\/harhjartatslutatsla\/"}]}},"author_meta":{"ID":"281","user_nicename":"harhjartatslutatsla","user_registered":"2013-05-23 11:12:50","display_name":"admin","avatar":"https:\/\/secure.gravatar.com\/avatar\/3c6e76acab0bbea7ed45bf023e2bf8a2aeeb59b1b8aaafe88a4345a469d8886f?s=96&d=mm&r=g"},"featured_image":false,"bloginfo":{"name":"Har hj\u00e4rtat slutat sl\u00e5?","url":"https:\/\/blogg.svenskakyrkan.se\/harhjartatslutatsla"},"_links":{"self":[{"href":"https:\/\/blogg.svenskakyrkan.se\/harhjartatslutatsla\/wp-json\/wp\/v2\/posts\/1","targetHints":{"allow":["GET"]}}],"collection":[{"href":"https:\/\/blogg.svenskakyrkan.se\/harhjartatslutatsla\/wp-json\/wp\/v2\/posts"}],"about":[{"href":"https:\/\/blogg.svenskakyrkan.se\/harhjartatslutatsla\/wp-json\/wp\/v2\/types\/post"}],"author":[{"embeddable":true,"href":"https:\/\/blogg.svenskakyrkan.se\/harhjartatslutatsla\/wp-json\/wp\/v2\/users\/281"}],"replies":[{"embeddable":true,"href":"https:\/\/blogg.svenskakyrkan.se\/harhjartatslutatsla\/wp-json\/wp\/v2\/comments?post=1"}],"version-history":[{"count":12,"href":"https:\/\/blogg.svenskakyrkan.se\/harhjartatslutatsla\/wp-json\/wp\/v2\/posts\/1\/revisions"}],"predecessor-version":[{"id":133,"href":"https:\/\/blogg.svenskakyrkan.se\/harhjartatslutatsla\/wp-json\/wp\/v2\/posts\/1\/revisions\/133"}],"wp:attachment":[{"href":"https:\/\/blogg.svenskakyrkan.se\/harhjartatslutatsla\/wp-json\/wp\/v2\/media?parent=1"}],"wp:term":[{"taxonomy":"category","embeddable":true,"href":"https:\/\/blogg.svenskakyrkan.se\/harhjartatslutatsla\/wp-json\/wp\/v2\/categories?post=1"},{"taxonomy":"post_tag","embeddable":true,"href":"https:\/\/blogg.svenskakyrkan.se\/harhjartatslutatsla\/wp-json\/wp\/v2\/tags?post=1"}],"curies":[{"name":"wp","href":"https:\/\/api.w.org\/{rel}","templated":true}]}}