{"id":16,"date":"2013-06-19T13:50:43","date_gmt":"2013-06-19T11:50:43","guid":{"rendered":"http:\/\/blogg.svenskakyrkan.se\/harhjartatslutatsla\/?p=16"},"modified":"2013-09-23T21:37:39","modified_gmt":"2013-09-23T19:37:39","slug":"vill-du-gora-musik-av-min-historia","status":"publish","type":"post","link":"https:\/\/blogg.svenskakyrkan.se\/harhjartatslutatsla\/vill-du-gora-musik-av-min-historia\/","title":{"rendered":"Vill du g\u00f6ra musik av min historia?"},"content":{"rendered":"<p>Tillbakablick.<\/p>\n<p>Jag ser p\u00e5 henne. Sissel har kontaktat mig. Hon har f\u00f6rlorat sitt barn, har skrivit en massa texter om d\u00f6den,\u00a0livet. De\u00a0ligger i en skrivbok och i digitala filer och v\u00e4ntar p\u00e5 att bli delade med andra. Sissel s\u00e4ger att hon tycker om min musik, undrar om jag vill tons\u00e4tta hennes texter. Vill jag tons\u00e4tta en ber\u00e4ttelse om vad som h\u00e4nde n\u00e4r hennes barn dog?<\/p>\n<p>B\u00e5de hedrad och tyngd av det f\u00f6rtroende fr\u00e5gan inneb\u00e4r, och smickrad (!) svarar jag: &#8221;Vilken fin fr\u00e5ga. Visst. Jag skriver g\u00e4rna.&#8221;<\/p>\n<p>Det skulle dr\u00f6ja n\u00e5gra \u00e5r innan vi verkligen b\u00f6rjade jobba, men nu \u00e4r vi h\u00e4r.<\/p>\n<p>\/Helena<\/p>\n<p>&nbsp;<\/p>\n","protected":false},"excerpt":{"rendered":"<p>Tillbakablick. Jag ser p\u00e5 henne. Sissel har kontaktat mig. Hon har f\u00f6rlorat sitt barn, har skrivit en massa texter om d\u00f6den,\u00a0livet. De\u00a0ligger i en skrivbok och i digitala filer och v\u00e4ntar p\u00e5 att bli delade med andra. Sissel s\u00e4ger att hon tycker om min musik, undrar om jag vill tons\u00e4tta hennes texter. Vill jag tons\u00e4tta [&hellip;]<\/p>\n","protected":false},"author":281,"featured_media":0,"comment_status":"open","ping_status":"open","sticky":false,"template":"","format":"standard","meta":{"_acf_changed":false,"footnotes":""},"categories":[50184,44452,44459,50176],"tags":[8267,32141,43627],"class_list":["post-16","post","type-post","status-publish","format-standard","hentry","category-forestallningen-har-hjartat-slutat-slar","category-helena-andersson-bromander","category-skapa-musik","category-tankar-om-liv-och-dod","tag-barn","tag-sorg","tag-svenska-kyrkans-kulturstipendium"],"acf":[],"yoast_head":"<!-- This site is optimized with the Yoast SEO plugin v27.1.1 - https:\/\/yoast.com\/product\/yoast-seo-wordpress\/ -->\n<title>Vill du g\u00f6ra musik av min historia? - Har hj\u00e4rtat slutat sl\u00e5?<\/title>\n<meta name=\"robots\" content=\"index, follow, max-snippet:-1, max-image-preview:large, max-video-preview:-1\" \/>\n<link rel=\"canonical\" href=\"https:\/\/blogg.svenskakyrkan.se\/harhjartatslutatsla\/vill-du-gora-musik-av-min-historia\/\" \/>\n<meta property=\"og:locale\" content=\"sv_SE\" \/>\n<meta property=\"og:type\" content=\"article\" \/>\n<meta property=\"og:title\" content=\"Vill du g\u00f6ra musik av min historia? - Har hj\u00e4rtat slutat sl\u00e5?\" \/>\n<meta property=\"og:description\" content=\"Tillbakablick. Jag ser p\u00e5 henne. Sissel har kontaktat mig. Hon har f\u00f6rlorat sitt barn, har skrivit en massa texter om d\u00f6den,\u00a0livet. De\u00a0ligger i en skrivbok och i digitala filer och v\u00e4ntar p\u00e5 att bli delade med andra. Sissel s\u00e4ger att hon tycker om min musik, undrar om jag vill tons\u00e4tta hennes texter. Vill jag tons\u00e4tta [&hellip;]\" \/>\n<meta property=\"og:url\" content=\"https:\/\/blogg.svenskakyrkan.se\/harhjartatslutatsla\/vill-du-gora-musik-av-min-historia\/\" \/>\n<meta property=\"og:site_name\" content=\"Har hj\u00e4rtat slutat sl\u00e5?\" \/>\n<meta property=\"article:published_time\" content=\"2013-06-19T11:50:43+00:00\" \/>\n<meta property=\"article:modified_time\" content=\"2013-09-23T19:37:39+00:00\" \/>\n<meta name=\"author\" content=\"admin\" \/>\n<meta name=\"twitter:card\" content=\"summary_large_image\" \/>\n<meta name=\"twitter:label1\" content=\"Skriven av\" \/>\n\t<meta name=\"twitter:data1\" content=\"admin\" \/>\n\t<meta name=\"twitter:label2\" content=\"Ber\u00e4knad l\u00e4stid\" \/>\n\t<meta name=\"twitter:data2\" content=\"1 minut\" \/>\n<script type=\"application\/ld+json\" class=\"yoast-schema-graph\">{\"@context\":\"https:\/\/schema.org\",\"@graph\":[{\"@type\":\"Article\",\"@id\":\"https:\/\/blogg.svenskakyrkan.se\/harhjartatslutatsla\/vill-du-gora-musik-av-min-historia\/#article\",\"isPartOf\":{\"@id\":\"https:\/\/blogg.svenskakyrkan.se\/harhjartatslutatsla\/vill-du-gora-musik-av-min-historia\/\"},\"author\":{\"name\":\"admin\",\"@id\":\"https:\/\/blogg.svenskakyrkan.se\/harhjartatslutatsla\/#\/schema\/person\/d4424e6b5c14e38a71e398f44994f567\"},\"headline\":\"Vill du g\u00f6ra musik av min historia?\",\"datePublished\":\"2013-06-19T11:50:43+00:00\",\"dateModified\":\"2013-09-23T19:37:39+00:00\",\"mainEntityOfPage\":{\"@id\":\"https:\/\/blogg.svenskakyrkan.se\/harhjartatslutatsla\/vill-du-gora-musik-av-min-historia\/\"},\"wordCount\":131,\"commentCount\":0,\"keywords\":[\"Barn\",\"Sorg\",\"Svenska kyrkans kulturstipendium\"],\"articleSection\":[\"F\u00f6rest\u00e4llningen Har hj\u00e4rtat slutat sl\u00e5?\",\"Helena Andersson Bromander\",\"Skapa musik\",\"Tankar om liv och d\u00f6d\"],\"inLanguage\":\"sv-SE\",\"potentialAction\":[{\"@type\":\"CommentAction\",\"name\":\"Comment\",\"target\":[\"https:\/\/blogg.svenskakyrkan.se\/harhjartatslutatsla\/vill-du-gora-musik-av-min-historia\/#respond\"]}]},{\"@type\":\"WebPage\",\"@id\":\"https:\/\/blogg.svenskakyrkan.se\/harhjartatslutatsla\/vill-du-gora-musik-av-min-historia\/\",\"url\":\"https:\/\/blogg.svenskakyrkan.se\/harhjartatslutatsla\/vill-du-gora-musik-av-min-historia\/\",\"name\":\"Vill du g\u00f6ra musik av min historia? - Har hj\u00e4rtat slutat sl\u00e5?\",\"isPartOf\":{\"@id\":\"https:\/\/blogg.svenskakyrkan.se\/harhjartatslutatsla\/#website\"},\"datePublished\":\"2013-06-19T11:50:43+00:00\",\"dateModified\":\"2013-09-23T19:37:39+00:00\",\"author\":{\"@id\":\"https:\/\/blogg.svenskakyrkan.se\/harhjartatslutatsla\/#\/schema\/person\/d4424e6b5c14e38a71e398f44994f567\"},\"breadcrumb\":{\"@id\":\"https:\/\/blogg.svenskakyrkan.se\/harhjartatslutatsla\/vill-du-gora-musik-av-min-historia\/#breadcrumb\"},\"inLanguage\":\"sv-SE\",\"potentialAction\":[{\"@type\":\"ReadAction\",\"target\":[\"https:\/\/blogg.svenskakyrkan.se\/harhjartatslutatsla\/vill-du-gora-musik-av-min-historia\/\"]}]},{\"@type\":\"BreadcrumbList\",\"@id\":\"https:\/\/blogg.svenskakyrkan.se\/harhjartatslutatsla\/vill-du-gora-musik-av-min-historia\/#breadcrumb\",\"itemListElement\":[{\"@type\":\"ListItem\",\"position\":1,\"name\":\"Hem\",\"item\":\"https:\/\/blogg.svenskakyrkan.se\/harhjartatslutatsla\/\"},{\"@type\":\"ListItem\",\"position\":2,\"name\":\"Vill du g\u00f6ra musik av min historia?\"}]},{\"@type\":\"WebSite\",\"@id\":\"https:\/\/blogg.svenskakyrkan.se\/harhjartatslutatsla\/#website\",\"url\":\"https:\/\/blogg.svenskakyrkan.se\/harhjartatslutatsla\/\",\"name\":\"Har hj\u00e4rtat slutat sl\u00e5?\",\"description\":\"En musikber\u00e4ttelse om att f\u00f6rlora barn.\",\"potentialAction\":[{\"@type\":\"SearchAction\",\"target\":{\"@type\":\"EntryPoint\",\"urlTemplate\":\"https:\/\/blogg.svenskakyrkan.se\/harhjartatslutatsla\/?s={search_term_string}\"},\"query-input\":{\"@type\":\"PropertyValueSpecification\",\"valueRequired\":true,\"valueName\":\"search_term_string\"}}],\"inLanguage\":\"sv-SE\"},{\"@type\":\"Person\",\"@id\":\"https:\/\/blogg.svenskakyrkan.se\/harhjartatslutatsla\/#\/schema\/person\/d4424e6b5c14e38a71e398f44994f567\",\"name\":\"admin\",\"image\":{\"@type\":\"ImageObject\",\"inLanguage\":\"sv-SE\",\"@id\":\"https:\/\/blogg.svenskakyrkan.se\/harhjartatslutatsla\/#\/schema\/person\/image\/\",\"url\":\"https:\/\/secure.gravatar.com\/avatar\/3c6e76acab0bbea7ed45bf023e2bf8a2aeeb59b1b8aaafe88a4345a469d8886f?s=96&d=mm&r=g\",\"contentUrl\":\"https:\/\/secure.gravatar.com\/avatar\/3c6e76acab0bbea7ed45bf023e2bf8a2aeeb59b1b8aaafe88a4345a469d8886f?s=96&d=mm&r=g\",\"caption\":\"admin\"},\"url\":\"https:\/\/blogg.svenskakyrkan.se\/harhjartatslutatsla\/author\/harhjartatslutatsla\/\"}]}<\/script>\n<!-- \/ Yoast SEO plugin. -->","yoast_head_json":{"title":"Vill du g\u00f6ra musik av min historia? - Har hj\u00e4rtat slutat sl\u00e5?","robots":{"index":"index","follow":"follow","max-snippet":"max-snippet:-1","max-image-preview":"max-image-preview:large","max-video-preview":"max-video-preview:-1"},"canonical":"https:\/\/blogg.svenskakyrkan.se\/harhjartatslutatsla\/vill-du-gora-musik-av-min-historia\/","og_locale":"sv_SE","og_type":"article","og_title":"Vill du g\u00f6ra musik av min historia? - Har hj\u00e4rtat slutat sl\u00e5?","og_description":"Tillbakablick. Jag ser p\u00e5 henne. Sissel har kontaktat mig. Hon har f\u00f6rlorat sitt barn, har skrivit en massa texter om d\u00f6den,\u00a0livet. De\u00a0ligger i en skrivbok och i digitala filer och v\u00e4ntar p\u00e5 att bli delade med andra. Sissel s\u00e4ger att hon tycker om min musik, undrar om jag vill tons\u00e4tta hennes texter. Vill jag tons\u00e4tta [&hellip;]","og_url":"https:\/\/blogg.svenskakyrkan.se\/harhjartatslutatsla\/vill-du-gora-musik-av-min-historia\/","og_site_name":"Har hj\u00e4rtat slutat sl\u00e5?","article_published_time":"2013-06-19T11:50:43+00:00","article_modified_time":"2013-09-23T19:37:39+00:00","author":"admin","twitter_card":"summary_large_image","twitter_misc":{"Skriven av":"admin","Ber\u00e4knad l\u00e4stid":"1 minut"},"schema":{"@context":"https:\/\/schema.org","@graph":[{"@type":"Article","@id":"https:\/\/blogg.svenskakyrkan.se\/harhjartatslutatsla\/vill-du-gora-musik-av-min-historia\/#article","isPartOf":{"@id":"https:\/\/blogg.svenskakyrkan.se\/harhjartatslutatsla\/vill-du-gora-musik-av-min-historia\/"},"author":{"name":"admin","@id":"https:\/\/blogg.svenskakyrkan.se\/harhjartatslutatsla\/#\/schema\/person\/d4424e6b5c14e38a71e398f44994f567"},"headline":"Vill du g\u00f6ra musik av min historia?","datePublished":"2013-06-19T11:50:43+00:00","dateModified":"2013-09-23T19:37:39+00:00","mainEntityOfPage":{"@id":"https:\/\/blogg.svenskakyrkan.se\/harhjartatslutatsla\/vill-du-gora-musik-av-min-historia\/"},"wordCount":131,"commentCount":0,"keywords":["Barn","Sorg","Svenska kyrkans kulturstipendium"],"articleSection":["F\u00f6rest\u00e4llningen Har hj\u00e4rtat slutat sl\u00e5?","Helena Andersson Bromander","Skapa musik","Tankar om liv och d\u00f6d"],"inLanguage":"sv-SE","potentialAction":[{"@type":"CommentAction","name":"Comment","target":["https:\/\/blogg.svenskakyrkan.se\/harhjartatslutatsla\/vill-du-gora-musik-av-min-historia\/#respond"]}]},{"@type":"WebPage","@id":"https:\/\/blogg.svenskakyrkan.se\/harhjartatslutatsla\/vill-du-gora-musik-av-min-historia\/","url":"https:\/\/blogg.svenskakyrkan.se\/harhjartatslutatsla\/vill-du-gora-musik-av-min-historia\/","name":"Vill du g\u00f6ra musik av min historia? - Har hj\u00e4rtat slutat sl\u00e5?","isPartOf":{"@id":"https:\/\/blogg.svenskakyrkan.se\/harhjartatslutatsla\/#website"},"datePublished":"2013-06-19T11:50:43+00:00","dateModified":"2013-09-23T19:37:39+00:00","author":{"@id":"https:\/\/blogg.svenskakyrkan.se\/harhjartatslutatsla\/#\/schema\/person\/d4424e6b5c14e38a71e398f44994f567"},"breadcrumb":{"@id":"https:\/\/blogg.svenskakyrkan.se\/harhjartatslutatsla\/vill-du-gora-musik-av-min-historia\/#breadcrumb"},"inLanguage":"sv-SE","potentialAction":[{"@type":"ReadAction","target":["https:\/\/blogg.svenskakyrkan.se\/harhjartatslutatsla\/vill-du-gora-musik-av-min-historia\/"]}]},{"@type":"BreadcrumbList","@id":"https:\/\/blogg.svenskakyrkan.se\/harhjartatslutatsla\/vill-du-gora-musik-av-min-historia\/#breadcrumb","itemListElement":[{"@type":"ListItem","position":1,"name":"Hem","item":"https:\/\/blogg.svenskakyrkan.se\/harhjartatslutatsla\/"},{"@type":"ListItem","position":2,"name":"Vill du g\u00f6ra musik av min historia?"}]},{"@type":"WebSite","@id":"https:\/\/blogg.svenskakyrkan.se\/harhjartatslutatsla\/#website","url":"https:\/\/blogg.svenskakyrkan.se\/harhjartatslutatsla\/","name":"Har hj\u00e4rtat slutat sl\u00e5?","description":"En musikber\u00e4ttelse om att f\u00f6rlora barn.","potentialAction":[{"@type":"SearchAction","target":{"@type":"EntryPoint","urlTemplate":"https:\/\/blogg.svenskakyrkan.se\/harhjartatslutatsla\/?s={search_term_string}"},"query-input":{"@type":"PropertyValueSpecification","valueRequired":true,"valueName":"search_term_string"}}],"inLanguage":"sv-SE"},{"@type":"Person","@id":"https:\/\/blogg.svenskakyrkan.se\/harhjartatslutatsla\/#\/schema\/person\/d4424e6b5c14e38a71e398f44994f567","name":"admin","image":{"@type":"ImageObject","inLanguage":"sv-SE","@id":"https:\/\/blogg.svenskakyrkan.se\/harhjartatslutatsla\/#\/schema\/person\/image\/","url":"https:\/\/secure.gravatar.com\/avatar\/3c6e76acab0bbea7ed45bf023e2bf8a2aeeb59b1b8aaafe88a4345a469d8886f?s=96&d=mm&r=g","contentUrl":"https:\/\/secure.gravatar.com\/avatar\/3c6e76acab0bbea7ed45bf023e2bf8a2aeeb59b1b8aaafe88a4345a469d8886f?s=96&d=mm&r=g","caption":"admin"},"url":"https:\/\/blogg.svenskakyrkan.se\/harhjartatslutatsla\/author\/harhjartatslutatsla\/"}]}},"author_meta":{"ID":"281","user_nicename":"harhjartatslutatsla","user_registered":"2013-05-23 11:12:50","display_name":"admin","avatar":"https:\/\/secure.gravatar.com\/avatar\/3c6e76acab0bbea7ed45bf023e2bf8a2aeeb59b1b8aaafe88a4345a469d8886f?s=96&d=mm&r=g"},"featured_image":false,"bloginfo":{"name":"Har hj\u00e4rtat slutat sl\u00e5?","url":"https:\/\/blogg.svenskakyrkan.se\/harhjartatslutatsla"},"_links":{"self":[{"href":"https:\/\/blogg.svenskakyrkan.se\/harhjartatslutatsla\/wp-json\/wp\/v2\/posts\/16","targetHints":{"allow":["GET"]}}],"collection":[{"href":"https:\/\/blogg.svenskakyrkan.se\/harhjartatslutatsla\/wp-json\/wp\/v2\/posts"}],"about":[{"href":"https:\/\/blogg.svenskakyrkan.se\/harhjartatslutatsla\/wp-json\/wp\/v2\/types\/post"}],"author":[{"embeddable":true,"href":"https:\/\/blogg.svenskakyrkan.se\/harhjartatslutatsla\/wp-json\/wp\/v2\/users\/281"}],"replies":[{"embeddable":true,"href":"https:\/\/blogg.svenskakyrkan.se\/harhjartatslutatsla\/wp-json\/wp\/v2\/comments?post=16"}],"version-history":[{"count":10,"href":"https:\/\/blogg.svenskakyrkan.se\/harhjartatslutatsla\/wp-json\/wp\/v2\/posts\/16\/revisions"}],"predecessor-version":[{"id":125,"href":"https:\/\/blogg.svenskakyrkan.se\/harhjartatslutatsla\/wp-json\/wp\/v2\/posts\/16\/revisions\/125"}],"wp:attachment":[{"href":"https:\/\/blogg.svenskakyrkan.se\/harhjartatslutatsla\/wp-json\/wp\/v2\/media?parent=16"}],"wp:term":[{"taxonomy":"category","embeddable":true,"href":"https:\/\/blogg.svenskakyrkan.se\/harhjartatslutatsla\/wp-json\/wp\/v2\/categories?post=16"},{"taxonomy":"post_tag","embeddable":true,"href":"https:\/\/blogg.svenskakyrkan.se\/harhjartatslutatsla\/wp-json\/wp\/v2\/tags?post=16"}],"curies":[{"name":"wp","href":"https:\/\/api.w.org\/{rel}","templated":true}]}}