{"id":178,"date":"2013-09-30T13:14:05","date_gmt":"2013-09-30T11:14:05","guid":{"rendered":"http:\/\/blogg.svenskakyrkan.se\/harhjartatslutatsla\/?p=178"},"modified":"2013-09-30T13:14:05","modified_gmt":"2013-09-30T11:14:05","slug":"forestallningar-och-biljetter","status":"publish","type":"post","link":"https:\/\/blogg.svenskakyrkan.se\/harhjartatslutatsla\/forestallningar-och-biljetter\/","title":{"rendered":"F\u00f6rest\u00e4llningar och biljetter"},"content":{"rendered":"<p>H\u00e4r \u00e4r spelplanen f\u00f6r f\u00f6rest\u00e4llningen Har hj\u00e4rtat slutat sl\u00e5? premi\u00e4rveckan i november 2013.<\/p>\n<p><strong>Onsdag 13 november kl 19.30 <a href=\"http:\/\/www.immanuel.se\" target=\"_blank\">Immanuelskyrkan<\/a><\/strong> (genrep). Efter f\u00f6rest\u00e4llningen st\u00e5r kapellet i\u00a0kyrkan\u00a0\u00f6ppet f\u00f6r stillhet eller\u00a0ljust\u00e4ndning. Det finns n\u00e5gon att samtala med. <strong><a href=\"http:\/\/www.ticnet.se\/event\/har-hjartat-slutat-sla-en-musikberattelse-om-sorg-biljetter\/290289\" target=\"_blank\">Boka biljetter till genrepet<\/a>.<\/strong><\/p>\n<p><strong>Fredag 15 november kl 19.30 <a href=\"http:\/\/brunnsgatanfyra.se\/\" target=\"_blank\">Teater Brunnsgatan Fyra<\/a><\/strong> (pemi\u00e4r) Efter f\u00f6rest\u00e4llningen st\u00e5r Immanuelskyrkan p\u00e5 Kungstensgatan 17\u00a0\u00f6ppen till kl 23. Drick en kopp te, t\u00e4nd ett ljus eller samtala med n\u00e5gon. <strong><a href=\"http:\/\/www.ticnet.se\/event\/har-hjartat-slutat-sla-biljetter\/288661\" target=\"_blank\">Boka biljetter till premi\u00e4ren.<\/a><\/strong><\/p>\n<p><strong>L\u00f6rdag 16 november kl 19.30 <a href=\"http:\/\/brunnsgatanfyra.se\/\" target=\"_blank\">Teater Brunnsgatan Fyra<\/a><\/strong>. Efter f\u00f6rest\u00e4llningen st\u00e5r S:t Johannes kyrka p\u00e5 Johannesgatan 21 \u00f6ppen till kl 23. Drick en kopp te, t\u00e4nd ett ljus eller samtala med n\u00e5gon.\u00a0<strong><a href=\"http:\/\/www.ticnet.se\/event\/har-hjartat-slutat-sla-biljetter\/288675\" target=\"_blank\">Boka biljetter till f\u00f6rest\u00e4llningen.<\/a><\/strong><\/p>\n<p>I samband med f\u00f6rest\u00e4llningen h\u00e5ller <a href=\"http:\/\/www.svenskakyrkan.se\/johannes\" target=\"_blank\">S:t Johannes f\u00f6rsamling <\/a>gudstj\u00e4nster p\u00e5 temat sorg och f\u00f6rlust.<\/p>\n<p><strong>Torsdag 14 november kl 19.00.<\/strong> Till-dig-m\u00e4ssa i\u00a0S:t Johannes kyrka, Johannesgatan 21, Stockholm. Musik ur &#8221;Har hj\u00e4rtat slutat sl\u00e5?&#8221;.<\/p>\n<p><strong>S\u00f6ndag 17 november kl 17.45.<\/strong> Stefansm\u00e4ssa i Stefanskyrkan, Frejgatan 20 B, Stockholm\u00a0(Vanadislunden, korsningen av Sveav\u00e4gen och Frejgatan). Inleds med musik ur &#8221;Har hj\u00e4rtat slutat sl\u00e5?&#8221;.<\/p>\n<p>V\u00e4lkommen.<\/p>\n<p>Helena<\/p>\n","protected":false},"excerpt":{"rendered":"<p>H\u00e4r \u00e4r spelplanen f\u00f6r f\u00f6rest\u00e4llningen Har hj\u00e4rtat slutat sl\u00e5? premi\u00e4rveckan i november 2013. Onsdag 13 november kl 19.30 Immanuelskyrkan (genrep). Efter f\u00f6rest\u00e4llningen st\u00e5r kapellet i\u00a0kyrkan\u00a0\u00f6ppet f\u00f6r stillhet eller\u00a0ljust\u00e4ndning. Det finns n\u00e5gon att samtala med. Boka biljetter till genrepet. Fredag 15 november kl 19.30 Teater Brunnsgatan Fyra (pemi\u00e4r) Efter f\u00f6rest\u00e4llningen st\u00e5r Immanuelskyrkan p\u00e5 Kungstensgatan 17\u00a0\u00f6ppen till [&hellip;]<\/p>\n","protected":false},"author":281,"featured_media":0,"comment_status":"open","ping_status":"open","sticky":false,"template":"","format":"standard","meta":{"_acf_changed":false,"footnotes":""},"categories":[44460,50184,44452],"tags":[44506,44504,44481,44508,44505,44503,44507],"class_list":["post-178","post","type-post","status-publish","format-standard","hentry","category-ensemblen","category-forestallningen-har-hjartat-slutat-slar","category-helena-andersson-bromander","tag-biljetter","tag-forestallningar","tag-nagon-att-tala-med","tag-oppen-kyrka","tag-speldatum","tag-spelplan","tag-ticnet"],"acf":[],"yoast_head":"<!-- This site is optimized with the Yoast SEO plugin v27.1.1 - https:\/\/yoast.com\/product\/yoast-seo-wordpress\/ -->\n<title>F\u00f6rest\u00e4llningar och biljetter - Har hj\u00e4rtat slutat sl\u00e5?<\/title>\n<meta name=\"robots\" content=\"index, follow, max-snippet:-1, max-image-preview:large, max-video-preview:-1\" \/>\n<link rel=\"canonical\" href=\"https:\/\/blogg.svenskakyrkan.se\/harhjartatslutatsla\/forestallningar-och-biljetter\/\" \/>\n<meta property=\"og:locale\" content=\"sv_SE\" \/>\n<meta property=\"og:type\" content=\"article\" \/>\n<meta property=\"og:title\" content=\"F\u00f6rest\u00e4llningar och biljetter - Har hj\u00e4rtat slutat sl\u00e5?\" \/>\n<meta property=\"og:description\" content=\"H\u00e4r \u00e4r spelplanen f\u00f6r f\u00f6rest\u00e4llningen Har hj\u00e4rtat slutat sl\u00e5? premi\u00e4rveckan i november 2013. Onsdag 13 november kl 19.30 Immanuelskyrkan (genrep). Efter f\u00f6rest\u00e4llningen st\u00e5r kapellet i\u00a0kyrkan\u00a0\u00f6ppet f\u00f6r stillhet eller\u00a0ljust\u00e4ndning. Det finns n\u00e5gon att samtala med. Boka biljetter till genrepet. Fredag 15 november kl 19.30 Teater Brunnsgatan Fyra (pemi\u00e4r) Efter f\u00f6rest\u00e4llningen st\u00e5r Immanuelskyrkan p\u00e5 Kungstensgatan 17\u00a0\u00f6ppen till [&hellip;]\" \/>\n<meta property=\"og:url\" content=\"https:\/\/blogg.svenskakyrkan.se\/harhjartatslutatsla\/forestallningar-och-biljetter\/\" \/>\n<meta property=\"og:site_name\" content=\"Har hj\u00e4rtat slutat sl\u00e5?\" \/>\n<meta property=\"article:published_time\" content=\"2013-09-30T11:14:05+00:00\" \/>\n<meta name=\"author\" content=\"admin\" \/>\n<meta name=\"twitter:card\" content=\"summary_large_image\" \/>\n<meta name=\"twitter:label1\" content=\"Skriven av\" \/>\n\t<meta name=\"twitter:data1\" content=\"admin\" \/>\n\t<meta name=\"twitter:label2\" content=\"Ber\u00e4knad l\u00e4stid\" \/>\n\t<meta name=\"twitter:data2\" content=\"1 minut\" \/>\n<script type=\"application\/ld+json\" class=\"yoast-schema-graph\">{\"@context\":\"https:\/\/schema.org\",\"@graph\":[{\"@type\":\"Article\",\"@id\":\"https:\/\/blogg.svenskakyrkan.se\/harhjartatslutatsla\/forestallningar-och-biljetter\/#article\",\"isPartOf\":{\"@id\":\"https:\/\/blogg.svenskakyrkan.se\/harhjartatslutatsla\/forestallningar-och-biljetter\/\"},\"author\":{\"name\":\"admin\",\"@id\":\"https:\/\/blogg.svenskakyrkan.se\/harhjartatslutatsla\/#\/schema\/person\/d4424e6b5c14e38a71e398f44994f567\"},\"headline\":\"F\u00f6rest\u00e4llningar och biljetter\",\"datePublished\":\"2013-09-30T11:14:05+00:00\",\"mainEntityOfPage\":{\"@id\":\"https:\/\/blogg.svenskakyrkan.se\/harhjartatslutatsla\/forestallningar-och-biljetter\/\"},\"wordCount\":204,\"commentCount\":0,\"keywords\":[\"biljetter\",\"f\u00f6rest\u00e4llningar\",\"N\u00e5gon att tala med\",\"\u00f6ppen kyrka\",\"speldatum\",\"spelplan\",\"ticnet\"],\"articleSection\":[\"Ensemblen\",\"F\u00f6rest\u00e4llningen Har hj\u00e4rtat slutat sl\u00e5?\",\"Helena Andersson Bromander\"],\"inLanguage\":\"sv-SE\",\"potentialAction\":[{\"@type\":\"CommentAction\",\"name\":\"Comment\",\"target\":[\"https:\/\/blogg.svenskakyrkan.se\/harhjartatslutatsla\/forestallningar-och-biljetter\/#respond\"]}]},{\"@type\":\"WebPage\",\"@id\":\"https:\/\/blogg.svenskakyrkan.se\/harhjartatslutatsla\/forestallningar-och-biljetter\/\",\"url\":\"https:\/\/blogg.svenskakyrkan.se\/harhjartatslutatsla\/forestallningar-och-biljetter\/\",\"name\":\"F\u00f6rest\u00e4llningar och biljetter - Har hj\u00e4rtat slutat sl\u00e5?\",\"isPartOf\":{\"@id\":\"https:\/\/blogg.svenskakyrkan.se\/harhjartatslutatsla\/#website\"},\"datePublished\":\"2013-09-30T11:14:05+00:00\",\"author\":{\"@id\":\"https:\/\/blogg.svenskakyrkan.se\/harhjartatslutatsla\/#\/schema\/person\/d4424e6b5c14e38a71e398f44994f567\"},\"breadcrumb\":{\"@id\":\"https:\/\/blogg.svenskakyrkan.se\/harhjartatslutatsla\/forestallningar-och-biljetter\/#breadcrumb\"},\"inLanguage\":\"sv-SE\",\"potentialAction\":[{\"@type\":\"ReadAction\",\"target\":[\"https:\/\/blogg.svenskakyrkan.se\/harhjartatslutatsla\/forestallningar-och-biljetter\/\"]}]},{\"@type\":\"BreadcrumbList\",\"@id\":\"https:\/\/blogg.svenskakyrkan.se\/harhjartatslutatsla\/forestallningar-och-biljetter\/#breadcrumb\",\"itemListElement\":[{\"@type\":\"ListItem\",\"position\":1,\"name\":\"Hem\",\"item\":\"https:\/\/blogg.svenskakyrkan.se\/harhjartatslutatsla\/\"},{\"@type\":\"ListItem\",\"position\":2,\"name\":\"F\u00f6rest\u00e4llningar och biljetter\"}]},{\"@type\":\"WebSite\",\"@id\":\"https:\/\/blogg.svenskakyrkan.se\/harhjartatslutatsla\/#website\",\"url\":\"https:\/\/blogg.svenskakyrkan.se\/harhjartatslutatsla\/\",\"name\":\"Har hj\u00e4rtat slutat sl\u00e5?\",\"description\":\"En musikber\u00e4ttelse om att f\u00f6rlora barn.\",\"potentialAction\":[{\"@type\":\"SearchAction\",\"target\":{\"@type\":\"EntryPoint\",\"urlTemplate\":\"https:\/\/blogg.svenskakyrkan.se\/harhjartatslutatsla\/?s={search_term_string}\"},\"query-input\":{\"@type\":\"PropertyValueSpecification\",\"valueRequired\":true,\"valueName\":\"search_term_string\"}}],\"inLanguage\":\"sv-SE\"},{\"@type\":\"Person\",\"@id\":\"https:\/\/blogg.svenskakyrkan.se\/harhjartatslutatsla\/#\/schema\/person\/d4424e6b5c14e38a71e398f44994f567\",\"name\":\"admin\",\"image\":{\"@type\":\"ImageObject\",\"inLanguage\":\"sv-SE\",\"@id\":\"https:\/\/blogg.svenskakyrkan.se\/harhjartatslutatsla\/#\/schema\/person\/image\/\",\"url\":\"https:\/\/secure.gravatar.com\/avatar\/3c6e76acab0bbea7ed45bf023e2bf8a2aeeb59b1b8aaafe88a4345a469d8886f?s=96&d=mm&r=g\",\"contentUrl\":\"https:\/\/secure.gravatar.com\/avatar\/3c6e76acab0bbea7ed45bf023e2bf8a2aeeb59b1b8aaafe88a4345a469d8886f?s=96&d=mm&r=g\",\"caption\":\"admin\"},\"url\":\"https:\/\/blogg.svenskakyrkan.se\/harhjartatslutatsla\/author\/harhjartatslutatsla\/\"}]}<\/script>\n<!-- \/ Yoast SEO plugin. -->","yoast_head_json":{"title":"F\u00f6rest\u00e4llningar och biljetter - Har hj\u00e4rtat slutat sl\u00e5?","robots":{"index":"index","follow":"follow","max-snippet":"max-snippet:-1","max-image-preview":"max-image-preview:large","max-video-preview":"max-video-preview:-1"},"canonical":"https:\/\/blogg.svenskakyrkan.se\/harhjartatslutatsla\/forestallningar-och-biljetter\/","og_locale":"sv_SE","og_type":"article","og_title":"F\u00f6rest\u00e4llningar och biljetter - Har hj\u00e4rtat slutat sl\u00e5?","og_description":"H\u00e4r \u00e4r spelplanen f\u00f6r f\u00f6rest\u00e4llningen Har hj\u00e4rtat slutat sl\u00e5? premi\u00e4rveckan i november 2013. Onsdag 13 november kl 19.30 Immanuelskyrkan (genrep). Efter f\u00f6rest\u00e4llningen st\u00e5r kapellet i\u00a0kyrkan\u00a0\u00f6ppet f\u00f6r stillhet eller\u00a0ljust\u00e4ndning. Det finns n\u00e5gon att samtala med. Boka biljetter till genrepet. Fredag 15 november kl 19.30 Teater Brunnsgatan Fyra (pemi\u00e4r) Efter f\u00f6rest\u00e4llningen st\u00e5r Immanuelskyrkan p\u00e5 Kungstensgatan 17\u00a0\u00f6ppen till [&hellip;]","og_url":"https:\/\/blogg.svenskakyrkan.se\/harhjartatslutatsla\/forestallningar-och-biljetter\/","og_site_name":"Har hj\u00e4rtat slutat sl\u00e5?","article_published_time":"2013-09-30T11:14:05+00:00","author":"admin","twitter_card":"summary_large_image","twitter_misc":{"Skriven av":"admin","Ber\u00e4knad l\u00e4stid":"1 minut"},"schema":{"@context":"https:\/\/schema.org","@graph":[{"@type":"Article","@id":"https:\/\/blogg.svenskakyrkan.se\/harhjartatslutatsla\/forestallningar-och-biljetter\/#article","isPartOf":{"@id":"https:\/\/blogg.svenskakyrkan.se\/harhjartatslutatsla\/forestallningar-och-biljetter\/"},"author":{"name":"admin","@id":"https:\/\/blogg.svenskakyrkan.se\/harhjartatslutatsla\/#\/schema\/person\/d4424e6b5c14e38a71e398f44994f567"},"headline":"F\u00f6rest\u00e4llningar och biljetter","datePublished":"2013-09-30T11:14:05+00:00","mainEntityOfPage":{"@id":"https:\/\/blogg.svenskakyrkan.se\/harhjartatslutatsla\/forestallningar-och-biljetter\/"},"wordCount":204,"commentCount":0,"keywords":["biljetter","f\u00f6rest\u00e4llningar","N\u00e5gon att tala med","\u00f6ppen kyrka","speldatum","spelplan","ticnet"],"articleSection":["Ensemblen","F\u00f6rest\u00e4llningen Har hj\u00e4rtat slutat sl\u00e5?","Helena Andersson Bromander"],"inLanguage":"sv-SE","potentialAction":[{"@type":"CommentAction","name":"Comment","target":["https:\/\/blogg.svenskakyrkan.se\/harhjartatslutatsla\/forestallningar-och-biljetter\/#respond"]}]},{"@type":"WebPage","@id":"https:\/\/blogg.svenskakyrkan.se\/harhjartatslutatsla\/forestallningar-och-biljetter\/","url":"https:\/\/blogg.svenskakyrkan.se\/harhjartatslutatsla\/forestallningar-och-biljetter\/","name":"F\u00f6rest\u00e4llningar och biljetter - Har hj\u00e4rtat slutat sl\u00e5?","isPartOf":{"@id":"https:\/\/blogg.svenskakyrkan.se\/harhjartatslutatsla\/#website"},"datePublished":"2013-09-30T11:14:05+00:00","author":{"@id":"https:\/\/blogg.svenskakyrkan.se\/harhjartatslutatsla\/#\/schema\/person\/d4424e6b5c14e38a71e398f44994f567"},"breadcrumb":{"@id":"https:\/\/blogg.svenskakyrkan.se\/harhjartatslutatsla\/forestallningar-och-biljetter\/#breadcrumb"},"inLanguage":"sv-SE","potentialAction":[{"@type":"ReadAction","target":["https:\/\/blogg.svenskakyrkan.se\/harhjartatslutatsla\/forestallningar-och-biljetter\/"]}]},{"@type":"BreadcrumbList","@id":"https:\/\/blogg.svenskakyrkan.se\/harhjartatslutatsla\/forestallningar-och-biljetter\/#breadcrumb","itemListElement":[{"@type":"ListItem","position":1,"name":"Hem","item":"https:\/\/blogg.svenskakyrkan.se\/harhjartatslutatsla\/"},{"@type":"ListItem","position":2,"name":"F\u00f6rest\u00e4llningar och biljetter"}]},{"@type":"WebSite","@id":"https:\/\/blogg.svenskakyrkan.se\/harhjartatslutatsla\/#website","url":"https:\/\/blogg.svenskakyrkan.se\/harhjartatslutatsla\/","name":"Har hj\u00e4rtat slutat sl\u00e5?","description":"En musikber\u00e4ttelse om att f\u00f6rlora barn.","potentialAction":[{"@type":"SearchAction","target":{"@type":"EntryPoint","urlTemplate":"https:\/\/blogg.svenskakyrkan.se\/harhjartatslutatsla\/?s={search_term_string}"},"query-input":{"@type":"PropertyValueSpecification","valueRequired":true,"valueName":"search_term_string"}}],"inLanguage":"sv-SE"},{"@type":"Person","@id":"https:\/\/blogg.svenskakyrkan.se\/harhjartatslutatsla\/#\/schema\/person\/d4424e6b5c14e38a71e398f44994f567","name":"admin","image":{"@type":"ImageObject","inLanguage":"sv-SE","@id":"https:\/\/blogg.svenskakyrkan.se\/harhjartatslutatsla\/#\/schema\/person\/image\/","url":"https:\/\/secure.gravatar.com\/avatar\/3c6e76acab0bbea7ed45bf023e2bf8a2aeeb59b1b8aaafe88a4345a469d8886f?s=96&d=mm&r=g","contentUrl":"https:\/\/secure.gravatar.com\/avatar\/3c6e76acab0bbea7ed45bf023e2bf8a2aeeb59b1b8aaafe88a4345a469d8886f?s=96&d=mm&r=g","caption":"admin"},"url":"https:\/\/blogg.svenskakyrkan.se\/harhjartatslutatsla\/author\/harhjartatslutatsla\/"}]}},"author_meta":{"ID":"281","user_nicename":"harhjartatslutatsla","user_registered":"2013-05-23 11:12:50","display_name":"admin","avatar":"https:\/\/secure.gravatar.com\/avatar\/3c6e76acab0bbea7ed45bf023e2bf8a2aeeb59b1b8aaafe88a4345a469d8886f?s=96&d=mm&r=g"},"featured_image":false,"bloginfo":{"name":"Har hj\u00e4rtat slutat sl\u00e5?","url":"https:\/\/blogg.svenskakyrkan.se\/harhjartatslutatsla"},"_links":{"self":[{"href":"https:\/\/blogg.svenskakyrkan.se\/harhjartatslutatsla\/wp-json\/wp\/v2\/posts\/178","targetHints":{"allow":["GET"]}}],"collection":[{"href":"https:\/\/blogg.svenskakyrkan.se\/harhjartatslutatsla\/wp-json\/wp\/v2\/posts"}],"about":[{"href":"https:\/\/blogg.svenskakyrkan.se\/harhjartatslutatsla\/wp-json\/wp\/v2\/types\/post"}],"author":[{"embeddable":true,"href":"https:\/\/blogg.svenskakyrkan.se\/harhjartatslutatsla\/wp-json\/wp\/v2\/users\/281"}],"replies":[{"embeddable":true,"href":"https:\/\/blogg.svenskakyrkan.se\/harhjartatslutatsla\/wp-json\/wp\/v2\/comments?post=178"}],"version-history":[{"count":1,"href":"https:\/\/blogg.svenskakyrkan.se\/harhjartatslutatsla\/wp-json\/wp\/v2\/posts\/178\/revisions"}],"predecessor-version":[{"id":179,"href":"https:\/\/blogg.svenskakyrkan.se\/harhjartatslutatsla\/wp-json\/wp\/v2\/posts\/178\/revisions\/179"}],"wp:attachment":[{"href":"https:\/\/blogg.svenskakyrkan.se\/harhjartatslutatsla\/wp-json\/wp\/v2\/media?parent=178"}],"wp:term":[{"taxonomy":"category","embeddable":true,"href":"https:\/\/blogg.svenskakyrkan.se\/harhjartatslutatsla\/wp-json\/wp\/v2\/categories?post=178"},{"taxonomy":"post_tag","embeddable":true,"href":"https:\/\/blogg.svenskakyrkan.se\/harhjartatslutatsla\/wp-json\/wp\/v2\/tags?post=178"}],"curies":[{"name":"wp","href":"https:\/\/api.w.org\/{rel}","templated":true}]}}