{"id":242,"date":"2013-10-14T01:57:12","date_gmt":"2013-10-13T23:57:12","guid":{"rendered":"http:\/\/blogg.svenskakyrkan.se\/harhjartatslutatsla\/?p=242"},"modified":"2021-02-09T20:08:14","modified_gmt":"2021-02-09T19:08:14","slug":"gladje-vid-en-kista","status":"publish","type":"post","link":"https:\/\/blogg.svenskakyrkan.se\/harhjartatslutatsla\/gladje-vid-en-kista\/","title":{"rendered":"Gl\u00e4dje vid en kista"},"content":{"rendered":"<p>Dimman l\u00e5g gr\u00e5 och t\u00e4t \u00f6ver staden den morgon v\u00e5rt barn skulle begravas. Vi drack te och plockade ned de saker vi skulle ha till graven. Tungt att andas. Armar som bly. Nallen, en barnvagnsmobil i tr\u00e4 med glada f\u00e4rger, och en vit sten fr\u00e5n Albir. S\u00e5 for vi till sjukhuset.\u00a0Vi skulle f\u00e5 h\u00e4mta honom 8:30, men vi var d\u00e4r redan strax efter 8.<\/p>\n<p>Vi ringde p\u00e5 och en man i kirurggr\u00f6na byxor och vit rock \u00f6ppnade d\u00f6rren. Ja, vi kunde st\u00e5 kvar. Han skulle h\u00e4mta honom. Vinden svepte runt v\u00e5ra kroppar och yrde upp sn\u00f6n i d\u00f6rr\u00f6ppningen. Det m\u00e5ste ha uppst\u00e5tt drag. Vi stod kn\u00e4pptysta, pl\u00f6tsligt f\u00f6rv\u00e4ntansfulla och n\u00e4r l\u00e4karen r\u00e4ckte \u00f6ver den lilla vita kistan str\u00e4ckte vi oss ivrigt fram. Ett str\u00e5k av lycka. \u201dH\u00e4r st\u00e5r vi och h\u00e5ller i v\u00e5r son!\u201d En pirrig, ordl\u00f6s gl\u00e4dje \u00f6ver att f\u00e5 vara s\u00e5 n\u00e4ra v\u00e5r lille \u00e4lskade unge igen.<\/p>\n<p>Vi var tillbaka f\u00f6re nio och tog kistan och gick in. Vi st\u00e4llde den p\u00e5 matbordet och gjorde kaffe. Ingen av oss sa n\u00e5gonting. Jag skrev hans namn p\u00e5 locket och klistrade dit ett hj\u00e4rta.\u00a0N\u00e4r vi kom ut igen var det str\u00e5lande sol och vi \u00e5kte till kyrkog\u00e5rden och begravde sj\u00e4lva v\u00e5r son. Vi \u00f6ste spadtag efter spadtag med jord tills den lilla vita kistan l\u00e5ngt d\u00e4r nere inte l\u00e4ngre syntes.<\/p>\n<p>Vi har aldrig talat om det. Jag bara vet att vi b\u00e5da \u00e4r glada \u00f6ver att han fick komma hem, att vi fick ha honom hos oss, ganska n\u00e4ra f\u00f6r en liten stund.<\/p>\n<p>\/Magdalena<\/p>\n","protected":false},"excerpt":{"rendered":"<p>Dimman l\u00e5g gr\u00e5 och t\u00e4t \u00f6ver staden den morgon v\u00e5rt barn skulle begravas. Vi drack te och plockade ned de saker vi skulle ha till graven. Tungt att andas. Armar som bly. Nallen, en barnvagnsmobil i tr\u00e4 med glada f\u00e4rger, och en vit sten fr\u00e5n Albir. S\u00e5 for vi till sjukhuset.\u00a0Vi skulle f\u00e5 h\u00e4mta honom [&hellip;]<\/p>\n","protected":false},"author":281,"featured_media":0,"comment_status":"open","ping_status":"open","sticky":false,"template":"","format":"standard","meta":{"_acf_changed":false,"footnotes":""},"categories":[50176],"tags":[43959,50197,32141,50196],"class_list":["post-242","post","type-post","status-publish","format-standard","hentry","category-tankar-om-liv-och-dod","tag-gladje","tag-kista","tag-sorg","tag-tyst-overenskommelse"],"acf":[],"yoast_head":"<!-- This site is optimized with the Yoast SEO plugin v27.1.1 - https:\/\/yoast.com\/product\/yoast-seo-wordpress\/ -->\n<title>Gl\u00e4dje vid en kista - Har hj\u00e4rtat slutat sl\u00e5?<\/title>\n<meta name=\"robots\" content=\"index, follow, max-snippet:-1, max-image-preview:large, max-video-preview:-1\" \/>\n<link rel=\"canonical\" href=\"https:\/\/blogg.svenskakyrkan.se\/harhjartatslutatsla\/gladje-vid-en-kista\/\" \/>\n<meta property=\"og:locale\" content=\"sv_SE\" \/>\n<meta property=\"og:type\" content=\"article\" \/>\n<meta property=\"og:title\" content=\"Gl\u00e4dje vid en kista - Har hj\u00e4rtat slutat sl\u00e5?\" \/>\n<meta property=\"og:description\" content=\"Dimman l\u00e5g gr\u00e5 och t\u00e4t \u00f6ver staden den morgon v\u00e5rt barn skulle begravas. Vi drack te och plockade ned de saker vi skulle ha till graven. Tungt att andas. Armar som bly. Nallen, en barnvagnsmobil i tr\u00e4 med glada f\u00e4rger, och en vit sten fr\u00e5n Albir. S\u00e5 for vi till sjukhuset.\u00a0Vi skulle f\u00e5 h\u00e4mta honom [&hellip;]\" \/>\n<meta property=\"og:url\" content=\"https:\/\/blogg.svenskakyrkan.se\/harhjartatslutatsla\/gladje-vid-en-kista\/\" \/>\n<meta property=\"og:site_name\" content=\"Har hj\u00e4rtat slutat sl\u00e5?\" \/>\n<meta property=\"article:published_time\" content=\"2013-10-13T23:57:12+00:00\" \/>\n<meta property=\"article:modified_time\" content=\"2021-02-09T19:08:14+00:00\" \/>\n<meta name=\"author\" content=\"admin\" \/>\n<meta name=\"twitter:card\" content=\"summary_large_image\" \/>\n<meta name=\"twitter:label1\" content=\"Skriven av\" \/>\n\t<meta name=\"twitter:data1\" content=\"admin\" \/>\n\t<meta name=\"twitter:label2\" content=\"Ber\u00e4knad l\u00e4stid\" \/>\n\t<meta name=\"twitter:data2\" content=\"2 minuter\" \/>\n<script type=\"application\/ld+json\" class=\"yoast-schema-graph\">{\"@context\":\"https:\/\/schema.org\",\"@graph\":[{\"@type\":\"Article\",\"@id\":\"https:\/\/blogg.svenskakyrkan.se\/harhjartatslutatsla\/gladje-vid-en-kista\/#article\",\"isPartOf\":{\"@id\":\"https:\/\/blogg.svenskakyrkan.se\/harhjartatslutatsla\/gladje-vid-en-kista\/\"},\"author\":{\"name\":\"admin\",\"@id\":\"https:\/\/blogg.svenskakyrkan.se\/harhjartatslutatsla\/#\/schema\/person\/d4424e6b5c14e38a71e398f44994f567\"},\"headline\":\"Gl\u00e4dje vid en kista\",\"datePublished\":\"2013-10-13T23:57:12+00:00\",\"dateModified\":\"2021-02-09T19:08:14+00:00\",\"mainEntityOfPage\":{\"@id\":\"https:\/\/blogg.svenskakyrkan.se\/harhjartatslutatsla\/gladje-vid-en-kista\/\"},\"wordCount\":307,\"commentCount\":2,\"keywords\":[\"Gl\u00e4dje\",\"kista\",\"Sorg\",\"tyst \u00f6verenskommelse\"],\"articleSection\":[\"Tankar om liv och d\u00f6d\"],\"inLanguage\":\"sv-SE\",\"potentialAction\":[{\"@type\":\"CommentAction\",\"name\":\"Comment\",\"target\":[\"https:\/\/blogg.svenskakyrkan.se\/harhjartatslutatsla\/gladje-vid-en-kista\/#respond\"]}]},{\"@type\":\"WebPage\",\"@id\":\"https:\/\/blogg.svenskakyrkan.se\/harhjartatslutatsla\/gladje-vid-en-kista\/\",\"url\":\"https:\/\/blogg.svenskakyrkan.se\/harhjartatslutatsla\/gladje-vid-en-kista\/\",\"name\":\"Gl\u00e4dje vid en kista - Har hj\u00e4rtat slutat sl\u00e5?\",\"isPartOf\":{\"@id\":\"https:\/\/blogg.svenskakyrkan.se\/harhjartatslutatsla\/#website\"},\"datePublished\":\"2013-10-13T23:57:12+00:00\",\"dateModified\":\"2021-02-09T19:08:14+00:00\",\"author\":{\"@id\":\"https:\/\/blogg.svenskakyrkan.se\/harhjartatslutatsla\/#\/schema\/person\/d4424e6b5c14e38a71e398f44994f567\"},\"breadcrumb\":{\"@id\":\"https:\/\/blogg.svenskakyrkan.se\/harhjartatslutatsla\/gladje-vid-en-kista\/#breadcrumb\"},\"inLanguage\":\"sv-SE\",\"potentialAction\":[{\"@type\":\"ReadAction\",\"target\":[\"https:\/\/blogg.svenskakyrkan.se\/harhjartatslutatsla\/gladje-vid-en-kista\/\"]}]},{\"@type\":\"BreadcrumbList\",\"@id\":\"https:\/\/blogg.svenskakyrkan.se\/harhjartatslutatsla\/gladje-vid-en-kista\/#breadcrumb\",\"itemListElement\":[{\"@type\":\"ListItem\",\"position\":1,\"name\":\"Hem\",\"item\":\"https:\/\/blogg.svenskakyrkan.se\/harhjartatslutatsla\/\"},{\"@type\":\"ListItem\",\"position\":2,\"name\":\"Gl\u00e4dje vid en kista\"}]},{\"@type\":\"WebSite\",\"@id\":\"https:\/\/blogg.svenskakyrkan.se\/harhjartatslutatsla\/#website\",\"url\":\"https:\/\/blogg.svenskakyrkan.se\/harhjartatslutatsla\/\",\"name\":\"Har hj\u00e4rtat slutat sl\u00e5?\",\"description\":\"En musikber\u00e4ttelse om att f\u00f6rlora barn.\",\"potentialAction\":[{\"@type\":\"SearchAction\",\"target\":{\"@type\":\"EntryPoint\",\"urlTemplate\":\"https:\/\/blogg.svenskakyrkan.se\/harhjartatslutatsla\/?s={search_term_string}\"},\"query-input\":{\"@type\":\"PropertyValueSpecification\",\"valueRequired\":true,\"valueName\":\"search_term_string\"}}],\"inLanguage\":\"sv-SE\"},{\"@type\":\"Person\",\"@id\":\"https:\/\/blogg.svenskakyrkan.se\/harhjartatslutatsla\/#\/schema\/person\/d4424e6b5c14e38a71e398f44994f567\",\"name\":\"admin\",\"image\":{\"@type\":\"ImageObject\",\"inLanguage\":\"sv-SE\",\"@id\":\"https:\/\/blogg.svenskakyrkan.se\/harhjartatslutatsla\/#\/schema\/person\/image\/\",\"url\":\"https:\/\/secure.gravatar.com\/avatar\/3c6e76acab0bbea7ed45bf023e2bf8a2aeeb59b1b8aaafe88a4345a469d8886f?s=96&d=mm&r=g\",\"contentUrl\":\"https:\/\/secure.gravatar.com\/avatar\/3c6e76acab0bbea7ed45bf023e2bf8a2aeeb59b1b8aaafe88a4345a469d8886f?s=96&d=mm&r=g\",\"caption\":\"admin\"},\"url\":\"https:\/\/blogg.svenskakyrkan.se\/harhjartatslutatsla\/author\/harhjartatslutatsla\/\"}]}<\/script>\n<!-- \/ Yoast SEO plugin. -->","yoast_head_json":{"title":"Gl\u00e4dje vid en kista - Har hj\u00e4rtat slutat sl\u00e5?","robots":{"index":"index","follow":"follow","max-snippet":"max-snippet:-1","max-image-preview":"max-image-preview:large","max-video-preview":"max-video-preview:-1"},"canonical":"https:\/\/blogg.svenskakyrkan.se\/harhjartatslutatsla\/gladje-vid-en-kista\/","og_locale":"sv_SE","og_type":"article","og_title":"Gl\u00e4dje vid en kista - Har hj\u00e4rtat slutat sl\u00e5?","og_description":"Dimman l\u00e5g gr\u00e5 och t\u00e4t \u00f6ver staden den morgon v\u00e5rt barn skulle begravas. Vi drack te och plockade ned de saker vi skulle ha till graven. Tungt att andas. Armar som bly. Nallen, en barnvagnsmobil i tr\u00e4 med glada f\u00e4rger, och en vit sten fr\u00e5n Albir. S\u00e5 for vi till sjukhuset.\u00a0Vi skulle f\u00e5 h\u00e4mta honom [&hellip;]","og_url":"https:\/\/blogg.svenskakyrkan.se\/harhjartatslutatsla\/gladje-vid-en-kista\/","og_site_name":"Har hj\u00e4rtat slutat sl\u00e5?","article_published_time":"2013-10-13T23:57:12+00:00","article_modified_time":"2021-02-09T19:08:14+00:00","author":"admin","twitter_card":"summary_large_image","twitter_misc":{"Skriven av":"admin","Ber\u00e4knad l\u00e4stid":"2 minuter"},"schema":{"@context":"https:\/\/schema.org","@graph":[{"@type":"Article","@id":"https:\/\/blogg.svenskakyrkan.se\/harhjartatslutatsla\/gladje-vid-en-kista\/#article","isPartOf":{"@id":"https:\/\/blogg.svenskakyrkan.se\/harhjartatslutatsla\/gladje-vid-en-kista\/"},"author":{"name":"admin","@id":"https:\/\/blogg.svenskakyrkan.se\/harhjartatslutatsla\/#\/schema\/person\/d4424e6b5c14e38a71e398f44994f567"},"headline":"Gl\u00e4dje vid en kista","datePublished":"2013-10-13T23:57:12+00:00","dateModified":"2021-02-09T19:08:14+00:00","mainEntityOfPage":{"@id":"https:\/\/blogg.svenskakyrkan.se\/harhjartatslutatsla\/gladje-vid-en-kista\/"},"wordCount":307,"commentCount":2,"keywords":["Gl\u00e4dje","kista","Sorg","tyst \u00f6verenskommelse"],"articleSection":["Tankar om liv och d\u00f6d"],"inLanguage":"sv-SE","potentialAction":[{"@type":"CommentAction","name":"Comment","target":["https:\/\/blogg.svenskakyrkan.se\/harhjartatslutatsla\/gladje-vid-en-kista\/#respond"]}]},{"@type":"WebPage","@id":"https:\/\/blogg.svenskakyrkan.se\/harhjartatslutatsla\/gladje-vid-en-kista\/","url":"https:\/\/blogg.svenskakyrkan.se\/harhjartatslutatsla\/gladje-vid-en-kista\/","name":"Gl\u00e4dje vid en kista - Har hj\u00e4rtat slutat sl\u00e5?","isPartOf":{"@id":"https:\/\/blogg.svenskakyrkan.se\/harhjartatslutatsla\/#website"},"datePublished":"2013-10-13T23:57:12+00:00","dateModified":"2021-02-09T19:08:14+00:00","author":{"@id":"https:\/\/blogg.svenskakyrkan.se\/harhjartatslutatsla\/#\/schema\/person\/d4424e6b5c14e38a71e398f44994f567"},"breadcrumb":{"@id":"https:\/\/blogg.svenskakyrkan.se\/harhjartatslutatsla\/gladje-vid-en-kista\/#breadcrumb"},"inLanguage":"sv-SE","potentialAction":[{"@type":"ReadAction","target":["https:\/\/blogg.svenskakyrkan.se\/harhjartatslutatsla\/gladje-vid-en-kista\/"]}]},{"@type":"BreadcrumbList","@id":"https:\/\/blogg.svenskakyrkan.se\/harhjartatslutatsla\/gladje-vid-en-kista\/#breadcrumb","itemListElement":[{"@type":"ListItem","position":1,"name":"Hem","item":"https:\/\/blogg.svenskakyrkan.se\/harhjartatslutatsla\/"},{"@type":"ListItem","position":2,"name":"Gl\u00e4dje vid en kista"}]},{"@type":"WebSite","@id":"https:\/\/blogg.svenskakyrkan.se\/harhjartatslutatsla\/#website","url":"https:\/\/blogg.svenskakyrkan.se\/harhjartatslutatsla\/","name":"Har hj\u00e4rtat slutat sl\u00e5?","description":"En musikber\u00e4ttelse om att f\u00f6rlora barn.","potentialAction":[{"@type":"SearchAction","target":{"@type":"EntryPoint","urlTemplate":"https:\/\/blogg.svenskakyrkan.se\/harhjartatslutatsla\/?s={search_term_string}"},"query-input":{"@type":"PropertyValueSpecification","valueRequired":true,"valueName":"search_term_string"}}],"inLanguage":"sv-SE"},{"@type":"Person","@id":"https:\/\/blogg.svenskakyrkan.se\/harhjartatslutatsla\/#\/schema\/person\/d4424e6b5c14e38a71e398f44994f567","name":"admin","image":{"@type":"ImageObject","inLanguage":"sv-SE","@id":"https:\/\/blogg.svenskakyrkan.se\/harhjartatslutatsla\/#\/schema\/person\/image\/","url":"https:\/\/secure.gravatar.com\/avatar\/3c6e76acab0bbea7ed45bf023e2bf8a2aeeb59b1b8aaafe88a4345a469d8886f?s=96&d=mm&r=g","contentUrl":"https:\/\/secure.gravatar.com\/avatar\/3c6e76acab0bbea7ed45bf023e2bf8a2aeeb59b1b8aaafe88a4345a469d8886f?s=96&d=mm&r=g","caption":"admin"},"url":"https:\/\/blogg.svenskakyrkan.se\/harhjartatslutatsla\/author\/harhjartatslutatsla\/"}]}},"author_meta":{"ID":"281","user_nicename":"harhjartatslutatsla","user_registered":"2013-05-23 11:12:50","display_name":"admin","avatar":"https:\/\/secure.gravatar.com\/avatar\/3c6e76acab0bbea7ed45bf023e2bf8a2aeeb59b1b8aaafe88a4345a469d8886f?s=96&d=mm&r=g"},"featured_image":false,"bloginfo":{"name":"Har hj\u00e4rtat slutat sl\u00e5?","url":"https:\/\/blogg.svenskakyrkan.se\/harhjartatslutatsla"},"_links":{"self":[{"href":"https:\/\/blogg.svenskakyrkan.se\/harhjartatslutatsla\/wp-json\/wp\/v2\/posts\/242","targetHints":{"allow":["GET"]}}],"collection":[{"href":"https:\/\/blogg.svenskakyrkan.se\/harhjartatslutatsla\/wp-json\/wp\/v2\/posts"}],"about":[{"href":"https:\/\/blogg.svenskakyrkan.se\/harhjartatslutatsla\/wp-json\/wp\/v2\/types\/post"}],"author":[{"embeddable":true,"href":"https:\/\/blogg.svenskakyrkan.se\/harhjartatslutatsla\/wp-json\/wp\/v2\/users\/281"}],"replies":[{"embeddable":true,"href":"https:\/\/blogg.svenskakyrkan.se\/harhjartatslutatsla\/wp-json\/wp\/v2\/comments?post=242"}],"version-history":[{"count":9,"href":"https:\/\/blogg.svenskakyrkan.se\/harhjartatslutatsla\/wp-json\/wp\/v2\/posts\/242\/revisions"}],"predecessor-version":[{"id":592,"href":"https:\/\/blogg.svenskakyrkan.se\/harhjartatslutatsla\/wp-json\/wp\/v2\/posts\/242\/revisions\/592"}],"wp:attachment":[{"href":"https:\/\/blogg.svenskakyrkan.se\/harhjartatslutatsla\/wp-json\/wp\/v2\/media?parent=242"}],"wp:term":[{"taxonomy":"category","embeddable":true,"href":"https:\/\/blogg.svenskakyrkan.se\/harhjartatslutatsla\/wp-json\/wp\/v2\/categories?post=242"},{"taxonomy":"post_tag","embeddable":true,"href":"https:\/\/blogg.svenskakyrkan.se\/harhjartatslutatsla\/wp-json\/wp\/v2\/tags?post=242"}],"curies":[{"name":"wp","href":"https:\/\/api.w.org\/{rel}","templated":true}]}}