{"id":244,"date":"2013-10-24T11:23:15","date_gmt":"2013-10-24T09:23:15","guid":{"rendered":"http:\/\/blogg.svenskakyrkan.se\/harhjartatslutatsla\/?p=244"},"modified":"2021-02-09T20:11:01","modified_gmt":"2021-02-09T19:11:01","slug":"nu-har-han-allt-som-en-dod-behover","status":"publish","type":"post","link":"https:\/\/blogg.svenskakyrkan.se\/harhjartatslutatsla\/nu-har-han-allt-som-en-dod-behover\/","title":{"rendered":"&#8221;Nu har han allt som en d\u00f6d beh\u00f6ver&#8221;"},"content":{"rendered":"<p>Jag skulle ha varit f\u00f6r\u00e4ldraledig hela v\u00e5ren och hade bokat en resa \u00a0f\u00f6r att h\u00e4lsa p\u00e5 farmor och farfar i Amirs hemland. Vi reste i alla fall och v\u00e4rmde oss av deras k\u00e4rlek och omsorg. I bagaget hem hade vi med oss en sten till graven:<\/p>\n<p>&#8221; I utkanten av stan ligger stenhuggerierna p\u00e5 rad. Vi \u00e5kte dit och gick f\u00f6rst hela gatan och sneglade i \u00f6gonvr\u00e5n p\u00e5 stenhuggarna och stenarna. I slutet av gatan ligger en begravningsplats. Vi gick in d\u00e4r en stund. Jag minns det vita ljuset. Het sol \u00f6ver vita stenar. Vid ing\u00e5ngen ett enormt tr\u00e4d vid en stenarkad som s\u00e5g ut som en l\u00e4mning fr\u00e5n romarna\u00a0och en dricksfont\u00e4n med porlande vatten i skuggan.<\/p>\n<p>Vi har en tyst \u00f6verenskommelse n\u00e4r det g\u00e4ller Isac: vi vill g\u00f6ra s\u00e5 mycket som m\u00f6jligt sj\u00e4lva. Vi har inte uttalat det, men jag vet att det \u00e4r s\u00e5. Samtidigt \u00e4r det obeskrivligt anstr\u00e4ngande f\u00f6r oss att ta i de praktiska uppgifterna. En inre konflikt att \u00e5 ena sidan vilja g\u00f6ra klart och g\u00f6ra det b\u00e4sta vi kan f\u00f6r v\u00e5rt d\u00f6da barn, och \u00e5 andra sidan inte vilja befatta oss med detta \u00f6ver huvud taget.<\/p>\n<p>Men nu stod vi d\u00e4r framf\u00f6r de \u00f6ppna stenhuggerierna. Vi blev s\u00e5 v\u00e4l bem\u00f6tta. Skickliga yrkesm\u00e4n som visade oss stenar, olika s\u00e4tt att g\u00f6ra inskriptionen och typsnitt att v\u00e4lja p\u00e5. Vi ville ha en den varma, n\u00e4stan gula stenen. Kanske \u00e4r det sandsten? Vi vet inte. Vi diskuterade s\u00e4kert en timma. N\u00e4r det kom till att best\u00e4mma vad det skulle st\u00e5 p\u00e5 stenen kunde vi \u00e4nd\u00e5 inte besluta oss. Vi bad om att f\u00e5 komma tillbaka efter en stund.<\/p>\n<p>Vi gick till ber\u00e4ttarkaf\u00e9et d\u00e4r historierna v\u00e4vs p\u00e5 kv\u00e4llarna f\u00f6r en tedrickande publik, satte oss p\u00e5 uteserveringen och best\u00e4llde. En konstn\u00e4r slog sig ned hos oss och b\u00f6rjade ber\u00e4tta om sina bilder och b\u00f6cker. En fin man. Vi bad att f\u00e5 l\u00e5na en penna och ett papper av honom. Jag skissade p\u00e5 inskriptionen och n\u00e4r han s\u00e5g namnet Isac sa han med en blick \u00e5t Amir: Isac, du hette v\u00e4l Amir? Amir kunde inte svara. Mannen beh\u00f6vde inget annat svar, han drog sig respektfullt undan.<\/p>\n<p>Vi \u00e4r s\u00e5 glada f\u00f6r stenen. Vi tycker att den blev s\u00e5 fin och att det k\u00e4nns s\u00e5 bra att f\u00e5 l\u00e4gga stenen fr\u00e5n Mellan\u00f6stern p\u00e5 svensk jord. \u201dNu har han allt som en d\u00f6d beh\u00f6ver\u201d, som Amir sa. \u00c5, andra sidan tycker jag att det k\u00e4nns fattigt att beh\u00f6va gl\u00e4dja sig \u00e5t en gravsten. \u00c4r en grav allt jag f\u00e5r v\u00e5rda och l\u00e4gga mina moderliga omsorger p\u00e5? Det tycks s\u00e5.&#8221;<\/p>\n<p>\/Magdalena<\/p>\n","protected":false},"excerpt":{"rendered":"<p>Jag skulle ha varit f\u00f6r\u00e4ldraledig hela v\u00e5ren och hade bokat en resa \u00a0f\u00f6r att h\u00e4lsa p\u00e5 farmor och farfar i Amirs hemland. Vi reste i alla fall och v\u00e4rmde oss av deras k\u00e4rlek och omsorg. I bagaget hem hade vi med oss en sten till graven: &#8221; I utkanten av stan ligger stenhuggerierna p\u00e5 rad. [&hellip;]<\/p>\n","protected":false},"author":281,"featured_media":0,"comment_status":"open","ping_status":"open","sticky":false,"template":"","format":"standard","meta":{"_acf_changed":false,"footnotes":""},"categories":[50176],"tags":[52053],"class_list":["post-244","post","type-post","status-publish","format-standard","hentry","category-tankar-om-liv-och-dod","tag-gravsten-sissel-minnen"],"acf":[],"yoast_head":"<!-- This site is optimized with the Yoast SEO plugin v27.1.1 - https:\/\/yoast.com\/product\/yoast-seo-wordpress\/ -->\n<title>&quot;Nu har han allt som en d\u00f6d beh\u00f6ver&quot; - Har hj\u00e4rtat slutat sl\u00e5?<\/title>\n<meta name=\"robots\" content=\"index, follow, max-snippet:-1, max-image-preview:large, max-video-preview:-1\" \/>\n<link rel=\"canonical\" href=\"https:\/\/blogg.svenskakyrkan.se\/harhjartatslutatsla\/nu-har-han-allt-som-en-dod-behover\/\" \/>\n<meta property=\"og:locale\" content=\"sv_SE\" \/>\n<meta property=\"og:type\" content=\"article\" \/>\n<meta property=\"og:title\" content=\"&quot;Nu har han allt som en d\u00f6d beh\u00f6ver&quot; - Har hj\u00e4rtat slutat sl\u00e5?\" \/>\n<meta property=\"og:description\" content=\"Jag skulle ha varit f\u00f6r\u00e4ldraledig hela v\u00e5ren och hade bokat en resa \u00a0f\u00f6r att h\u00e4lsa p\u00e5 farmor och farfar i Amirs hemland. Vi reste i alla fall och v\u00e4rmde oss av deras k\u00e4rlek och omsorg. I bagaget hem hade vi med oss en sten till graven: &#8221; I utkanten av stan ligger stenhuggerierna p\u00e5 rad. [&hellip;]\" \/>\n<meta property=\"og:url\" content=\"https:\/\/blogg.svenskakyrkan.se\/harhjartatslutatsla\/nu-har-han-allt-som-en-dod-behover\/\" \/>\n<meta property=\"og:site_name\" content=\"Har hj\u00e4rtat slutat sl\u00e5?\" \/>\n<meta property=\"article:published_time\" content=\"2013-10-24T09:23:15+00:00\" \/>\n<meta property=\"article:modified_time\" content=\"2021-02-09T19:11:01+00:00\" \/>\n<meta name=\"author\" content=\"admin\" \/>\n<meta name=\"twitter:card\" content=\"summary_large_image\" \/>\n<meta name=\"twitter:label1\" content=\"Skriven av\" \/>\n\t<meta name=\"twitter:data1\" content=\"admin\" \/>\n\t<meta name=\"twitter:label2\" content=\"Ber\u00e4knad l\u00e4stid\" \/>\n\t<meta name=\"twitter:data2\" content=\"2 minuter\" \/>\n<script type=\"application\/ld+json\" class=\"yoast-schema-graph\">{\"@context\":\"https:\/\/schema.org\",\"@graph\":[{\"@type\":\"Article\",\"@id\":\"https:\/\/blogg.svenskakyrkan.se\/harhjartatslutatsla\/nu-har-han-allt-som-en-dod-behover\/#article\",\"isPartOf\":{\"@id\":\"https:\/\/blogg.svenskakyrkan.se\/harhjartatslutatsla\/nu-har-han-allt-som-en-dod-behover\/\"},\"author\":{\"name\":\"admin\",\"@id\":\"https:\/\/blogg.svenskakyrkan.se\/harhjartatslutatsla\/#\/schema\/person\/d4424e6b5c14e38a71e398f44994f567\"},\"headline\":\"&#8221;Nu har han allt som en d\u00f6d beh\u00f6ver&#8221;\",\"datePublished\":\"2013-10-24T09:23:15+00:00\",\"dateModified\":\"2021-02-09T19:11:01+00:00\",\"mainEntityOfPage\":{\"@id\":\"https:\/\/blogg.svenskakyrkan.se\/harhjartatslutatsla\/nu-har-han-allt-som-en-dod-behover\/\"},\"wordCount\":505,\"commentCount\":0,\"keywords\":[\"gravsten; Sissel; minnen\"],\"articleSection\":[\"Tankar om liv och d\u00f6d\"],\"inLanguage\":\"sv-SE\",\"potentialAction\":[{\"@type\":\"CommentAction\",\"name\":\"Comment\",\"target\":[\"https:\/\/blogg.svenskakyrkan.se\/harhjartatslutatsla\/nu-har-han-allt-som-en-dod-behover\/#respond\"]}]},{\"@type\":\"WebPage\",\"@id\":\"https:\/\/blogg.svenskakyrkan.se\/harhjartatslutatsla\/nu-har-han-allt-som-en-dod-behover\/\",\"url\":\"https:\/\/blogg.svenskakyrkan.se\/harhjartatslutatsla\/nu-har-han-allt-som-en-dod-behover\/\",\"name\":\"\\\"Nu har han allt som en d\u00f6d beh\u00f6ver\\\" - Har hj\u00e4rtat slutat sl\u00e5?\",\"isPartOf\":{\"@id\":\"https:\/\/blogg.svenskakyrkan.se\/harhjartatslutatsla\/#website\"},\"datePublished\":\"2013-10-24T09:23:15+00:00\",\"dateModified\":\"2021-02-09T19:11:01+00:00\",\"author\":{\"@id\":\"https:\/\/blogg.svenskakyrkan.se\/harhjartatslutatsla\/#\/schema\/person\/d4424e6b5c14e38a71e398f44994f567\"},\"breadcrumb\":{\"@id\":\"https:\/\/blogg.svenskakyrkan.se\/harhjartatslutatsla\/nu-har-han-allt-som-en-dod-behover\/#breadcrumb\"},\"inLanguage\":\"sv-SE\",\"potentialAction\":[{\"@type\":\"ReadAction\",\"target\":[\"https:\/\/blogg.svenskakyrkan.se\/harhjartatslutatsla\/nu-har-han-allt-som-en-dod-behover\/\"]}]},{\"@type\":\"BreadcrumbList\",\"@id\":\"https:\/\/blogg.svenskakyrkan.se\/harhjartatslutatsla\/nu-har-han-allt-som-en-dod-behover\/#breadcrumb\",\"itemListElement\":[{\"@type\":\"ListItem\",\"position\":1,\"name\":\"Hem\",\"item\":\"https:\/\/blogg.svenskakyrkan.se\/harhjartatslutatsla\/\"},{\"@type\":\"ListItem\",\"position\":2,\"name\":\"&#8221;Nu har han allt som en d\u00f6d beh\u00f6ver&#8221;\"}]},{\"@type\":\"WebSite\",\"@id\":\"https:\/\/blogg.svenskakyrkan.se\/harhjartatslutatsla\/#website\",\"url\":\"https:\/\/blogg.svenskakyrkan.se\/harhjartatslutatsla\/\",\"name\":\"Har hj\u00e4rtat slutat sl\u00e5?\",\"description\":\"En musikber\u00e4ttelse om att f\u00f6rlora barn.\",\"potentialAction\":[{\"@type\":\"SearchAction\",\"target\":{\"@type\":\"EntryPoint\",\"urlTemplate\":\"https:\/\/blogg.svenskakyrkan.se\/harhjartatslutatsla\/?s={search_term_string}\"},\"query-input\":{\"@type\":\"PropertyValueSpecification\",\"valueRequired\":true,\"valueName\":\"search_term_string\"}}],\"inLanguage\":\"sv-SE\"},{\"@type\":\"Person\",\"@id\":\"https:\/\/blogg.svenskakyrkan.se\/harhjartatslutatsla\/#\/schema\/person\/d4424e6b5c14e38a71e398f44994f567\",\"name\":\"admin\",\"image\":{\"@type\":\"ImageObject\",\"inLanguage\":\"sv-SE\",\"@id\":\"https:\/\/blogg.svenskakyrkan.se\/harhjartatslutatsla\/#\/schema\/person\/image\/\",\"url\":\"https:\/\/secure.gravatar.com\/avatar\/3c6e76acab0bbea7ed45bf023e2bf8a2aeeb59b1b8aaafe88a4345a469d8886f?s=96&d=mm&r=g\",\"contentUrl\":\"https:\/\/secure.gravatar.com\/avatar\/3c6e76acab0bbea7ed45bf023e2bf8a2aeeb59b1b8aaafe88a4345a469d8886f?s=96&d=mm&r=g\",\"caption\":\"admin\"},\"url\":\"https:\/\/blogg.svenskakyrkan.se\/harhjartatslutatsla\/author\/harhjartatslutatsla\/\"}]}<\/script>\n<!-- \/ Yoast SEO plugin. -->","yoast_head_json":{"title":"\"Nu har han allt som en d\u00f6d beh\u00f6ver\" - Har hj\u00e4rtat slutat sl\u00e5?","robots":{"index":"index","follow":"follow","max-snippet":"max-snippet:-1","max-image-preview":"max-image-preview:large","max-video-preview":"max-video-preview:-1"},"canonical":"https:\/\/blogg.svenskakyrkan.se\/harhjartatslutatsla\/nu-har-han-allt-som-en-dod-behover\/","og_locale":"sv_SE","og_type":"article","og_title":"\"Nu har han allt som en d\u00f6d beh\u00f6ver\" - Har hj\u00e4rtat slutat sl\u00e5?","og_description":"Jag skulle ha varit f\u00f6r\u00e4ldraledig hela v\u00e5ren och hade bokat en resa \u00a0f\u00f6r att h\u00e4lsa p\u00e5 farmor och farfar i Amirs hemland. Vi reste i alla fall och v\u00e4rmde oss av deras k\u00e4rlek och omsorg. I bagaget hem hade vi med oss en sten till graven: &#8221; I utkanten av stan ligger stenhuggerierna p\u00e5 rad. [&hellip;]","og_url":"https:\/\/blogg.svenskakyrkan.se\/harhjartatslutatsla\/nu-har-han-allt-som-en-dod-behover\/","og_site_name":"Har hj\u00e4rtat slutat sl\u00e5?","article_published_time":"2013-10-24T09:23:15+00:00","article_modified_time":"2021-02-09T19:11:01+00:00","author":"admin","twitter_card":"summary_large_image","twitter_misc":{"Skriven av":"admin","Ber\u00e4knad l\u00e4stid":"2 minuter"},"schema":{"@context":"https:\/\/schema.org","@graph":[{"@type":"Article","@id":"https:\/\/blogg.svenskakyrkan.se\/harhjartatslutatsla\/nu-har-han-allt-som-en-dod-behover\/#article","isPartOf":{"@id":"https:\/\/blogg.svenskakyrkan.se\/harhjartatslutatsla\/nu-har-han-allt-som-en-dod-behover\/"},"author":{"name":"admin","@id":"https:\/\/blogg.svenskakyrkan.se\/harhjartatslutatsla\/#\/schema\/person\/d4424e6b5c14e38a71e398f44994f567"},"headline":"&#8221;Nu har han allt som en d\u00f6d beh\u00f6ver&#8221;","datePublished":"2013-10-24T09:23:15+00:00","dateModified":"2021-02-09T19:11:01+00:00","mainEntityOfPage":{"@id":"https:\/\/blogg.svenskakyrkan.se\/harhjartatslutatsla\/nu-har-han-allt-som-en-dod-behover\/"},"wordCount":505,"commentCount":0,"keywords":["gravsten; Sissel; minnen"],"articleSection":["Tankar om liv och d\u00f6d"],"inLanguage":"sv-SE","potentialAction":[{"@type":"CommentAction","name":"Comment","target":["https:\/\/blogg.svenskakyrkan.se\/harhjartatslutatsla\/nu-har-han-allt-som-en-dod-behover\/#respond"]}]},{"@type":"WebPage","@id":"https:\/\/blogg.svenskakyrkan.se\/harhjartatslutatsla\/nu-har-han-allt-som-en-dod-behover\/","url":"https:\/\/blogg.svenskakyrkan.se\/harhjartatslutatsla\/nu-har-han-allt-som-en-dod-behover\/","name":"\"Nu har han allt som en d\u00f6d beh\u00f6ver\" - Har hj\u00e4rtat slutat sl\u00e5?","isPartOf":{"@id":"https:\/\/blogg.svenskakyrkan.se\/harhjartatslutatsla\/#website"},"datePublished":"2013-10-24T09:23:15+00:00","dateModified":"2021-02-09T19:11:01+00:00","author":{"@id":"https:\/\/blogg.svenskakyrkan.se\/harhjartatslutatsla\/#\/schema\/person\/d4424e6b5c14e38a71e398f44994f567"},"breadcrumb":{"@id":"https:\/\/blogg.svenskakyrkan.se\/harhjartatslutatsla\/nu-har-han-allt-som-en-dod-behover\/#breadcrumb"},"inLanguage":"sv-SE","potentialAction":[{"@type":"ReadAction","target":["https:\/\/blogg.svenskakyrkan.se\/harhjartatslutatsla\/nu-har-han-allt-som-en-dod-behover\/"]}]},{"@type":"BreadcrumbList","@id":"https:\/\/blogg.svenskakyrkan.se\/harhjartatslutatsla\/nu-har-han-allt-som-en-dod-behover\/#breadcrumb","itemListElement":[{"@type":"ListItem","position":1,"name":"Hem","item":"https:\/\/blogg.svenskakyrkan.se\/harhjartatslutatsla\/"},{"@type":"ListItem","position":2,"name":"&#8221;Nu har han allt som en d\u00f6d beh\u00f6ver&#8221;"}]},{"@type":"WebSite","@id":"https:\/\/blogg.svenskakyrkan.se\/harhjartatslutatsla\/#website","url":"https:\/\/blogg.svenskakyrkan.se\/harhjartatslutatsla\/","name":"Har hj\u00e4rtat slutat sl\u00e5?","description":"En musikber\u00e4ttelse om att f\u00f6rlora barn.","potentialAction":[{"@type":"SearchAction","target":{"@type":"EntryPoint","urlTemplate":"https:\/\/blogg.svenskakyrkan.se\/harhjartatslutatsla\/?s={search_term_string}"},"query-input":{"@type":"PropertyValueSpecification","valueRequired":true,"valueName":"search_term_string"}}],"inLanguage":"sv-SE"},{"@type":"Person","@id":"https:\/\/blogg.svenskakyrkan.se\/harhjartatslutatsla\/#\/schema\/person\/d4424e6b5c14e38a71e398f44994f567","name":"admin","image":{"@type":"ImageObject","inLanguage":"sv-SE","@id":"https:\/\/blogg.svenskakyrkan.se\/harhjartatslutatsla\/#\/schema\/person\/image\/","url":"https:\/\/secure.gravatar.com\/avatar\/3c6e76acab0bbea7ed45bf023e2bf8a2aeeb59b1b8aaafe88a4345a469d8886f?s=96&d=mm&r=g","contentUrl":"https:\/\/secure.gravatar.com\/avatar\/3c6e76acab0bbea7ed45bf023e2bf8a2aeeb59b1b8aaafe88a4345a469d8886f?s=96&d=mm&r=g","caption":"admin"},"url":"https:\/\/blogg.svenskakyrkan.se\/harhjartatslutatsla\/author\/harhjartatslutatsla\/"}]}},"author_meta":{"ID":"281","user_nicename":"harhjartatslutatsla","user_registered":"2013-05-23 11:12:50","display_name":"admin","avatar":"https:\/\/secure.gravatar.com\/avatar\/3c6e76acab0bbea7ed45bf023e2bf8a2aeeb59b1b8aaafe88a4345a469d8886f?s=96&d=mm&r=g"},"featured_image":false,"bloginfo":{"name":"Har hj\u00e4rtat slutat sl\u00e5?","url":"https:\/\/blogg.svenskakyrkan.se\/harhjartatslutatsla"},"_links":{"self":[{"href":"https:\/\/blogg.svenskakyrkan.se\/harhjartatslutatsla\/wp-json\/wp\/v2\/posts\/244","targetHints":{"allow":["GET"]}}],"collection":[{"href":"https:\/\/blogg.svenskakyrkan.se\/harhjartatslutatsla\/wp-json\/wp\/v2\/posts"}],"about":[{"href":"https:\/\/blogg.svenskakyrkan.se\/harhjartatslutatsla\/wp-json\/wp\/v2\/types\/post"}],"author":[{"embeddable":true,"href":"https:\/\/blogg.svenskakyrkan.se\/harhjartatslutatsla\/wp-json\/wp\/v2\/users\/281"}],"replies":[{"embeddable":true,"href":"https:\/\/blogg.svenskakyrkan.se\/harhjartatslutatsla\/wp-json\/wp\/v2\/comments?post=244"}],"version-history":[{"count":10,"href":"https:\/\/blogg.svenskakyrkan.se\/harhjartatslutatsla\/wp-json\/wp\/v2\/posts\/244\/revisions"}],"predecessor-version":[{"id":597,"href":"https:\/\/blogg.svenskakyrkan.se\/harhjartatslutatsla\/wp-json\/wp\/v2\/posts\/244\/revisions\/597"}],"wp:attachment":[{"href":"https:\/\/blogg.svenskakyrkan.se\/harhjartatslutatsla\/wp-json\/wp\/v2\/media?parent=244"}],"wp:term":[{"taxonomy":"category","embeddable":true,"href":"https:\/\/blogg.svenskakyrkan.se\/harhjartatslutatsla\/wp-json\/wp\/v2\/categories?post=244"},{"taxonomy":"post_tag","embeddable":true,"href":"https:\/\/blogg.svenskakyrkan.se\/harhjartatslutatsla\/wp-json\/wp\/v2\/tags?post=244"}],"curies":[{"name":"wp","href":"https:\/\/api.w.org\/{rel}","templated":true}]}}