{"id":249,"date":"2013-10-28T17:19:59","date_gmt":"2013-10-28T16:19:59","guid":{"rendered":"http:\/\/blogg.svenskakyrkan.se\/harhjartatslutatsla\/?p=249"},"modified":"2021-02-09T19:53:58","modified_gmt":"2021-02-09T18:53:58","slug":"vad-hade-jag-for-val","status":"publish","type":"post","link":"https:\/\/blogg.svenskakyrkan.se\/harhjartatslutatsla\/vad-hade-jag-for-val\/","title":{"rendered":"Vad hade jag f\u00f6r val?"},"content":{"rendered":"<p>Jag skriver om gl\u00e4djen i d\u00f6dens n\u00e4rhet.<\/p>\n<p>Det kanske k\u00e4nns opassande. Som att man inte riktigt tar d\u00f6den p\u00e5 allvar, eller som att man inte riktigt f\u00f6rst\u00e5tt. Men vad hade jag f\u00f6r val n\u00e4r \u00e5ngesten stod och v\u00e4ntade varje morgon jag vaknade?<\/p>\n<p>Ja, vad hade jag f\u00f6r val? F\u00f6r mig stod det\u00a0mellan bitterheten och tacksamheten. Bitterheten\u00a0\u00f6ver att ha f\u00f6rlorat ett liv eller\u00a0tacksamheten \u00f6ver att ha f\u00e5tt uppleva det.<\/p>\n<p>Jag h\u00f6r sj\u00e4lv att det l\u00e5ter pretenti\u00f6st. Men tacksamheten var en ren \u00f6verlevnadsstrategi. Jag tyckte ocks\u00e5 att mitt barn var v\u00e4rd den. Det han hade gett mig kunde inte ens d\u00f6den ta ifr\u00e5n mig.<\/p>\n<p>\/Magdalena<\/p>\n","protected":false},"excerpt":{"rendered":"<p>Jag skriver om gl\u00e4djen i d\u00f6dens n\u00e4rhet. Det kanske k\u00e4nns opassande. Som att man inte riktigt tar d\u00f6den p\u00e5 allvar, eller som att man inte riktigt f\u00f6rst\u00e5tt. Men vad hade jag f\u00f6r val n\u00e4r \u00e5ngesten stod och v\u00e4ntade varje morgon jag vaknade? Ja, vad hade jag f\u00f6r val? F\u00f6r mig stod det\u00a0mellan bitterheten och tacksamheten. [&hellip;]<\/p>\n","protected":false},"author":281,"featured_media":0,"comment_status":"open","ping_status":"open","sticky":false,"template":"","format":"standard","meta":{"_acf_changed":false,"footnotes":""},"categories":[50176],"tags":[52054,59234,45884],"class_list":["post-249","post","type-post","status-publish","format-standard","hentry","category-tankar-om-liv-och-dod","tag-bitterhet","tag-sissel","tag-tacksamhet"],"acf":[],"yoast_head":"<!-- This site is optimized with the Yoast SEO plugin v27.1.1 - https:\/\/yoast.com\/product\/yoast-seo-wordpress\/ -->\n<title>Vad hade jag f\u00f6r val? - Har hj\u00e4rtat slutat sl\u00e5?<\/title>\n<meta name=\"robots\" content=\"index, follow, max-snippet:-1, max-image-preview:large, max-video-preview:-1\" \/>\n<link rel=\"canonical\" href=\"https:\/\/blogg.svenskakyrkan.se\/harhjartatslutatsla\/vad-hade-jag-for-val\/\" \/>\n<meta property=\"og:locale\" content=\"sv_SE\" \/>\n<meta property=\"og:type\" content=\"article\" \/>\n<meta property=\"og:title\" content=\"Vad hade jag f\u00f6r val? - Har hj\u00e4rtat slutat sl\u00e5?\" \/>\n<meta property=\"og:description\" content=\"Jag skriver om gl\u00e4djen i d\u00f6dens n\u00e4rhet. Det kanske k\u00e4nns opassande. Som att man inte riktigt tar d\u00f6den p\u00e5 allvar, eller som att man inte riktigt f\u00f6rst\u00e5tt. Men vad hade jag f\u00f6r val n\u00e4r \u00e5ngesten stod och v\u00e4ntade varje morgon jag vaknade? Ja, vad hade jag f\u00f6r val? F\u00f6r mig stod det\u00a0mellan bitterheten och tacksamheten. [&hellip;]\" \/>\n<meta property=\"og:url\" content=\"https:\/\/blogg.svenskakyrkan.se\/harhjartatslutatsla\/vad-hade-jag-for-val\/\" \/>\n<meta property=\"og:site_name\" content=\"Har hj\u00e4rtat slutat sl\u00e5?\" \/>\n<meta property=\"article:published_time\" content=\"2013-10-28T16:19:59+00:00\" \/>\n<meta property=\"article:modified_time\" content=\"2021-02-09T18:53:58+00:00\" \/>\n<meta name=\"author\" content=\"admin\" \/>\n<meta name=\"twitter:card\" content=\"summary_large_image\" \/>\n<meta name=\"twitter:label1\" content=\"Skriven av\" \/>\n\t<meta name=\"twitter:data1\" content=\"admin\" \/>\n\t<meta name=\"twitter:label2\" content=\"Ber\u00e4knad l\u00e4stid\" \/>\n\t<meta name=\"twitter:data2\" content=\"1 minut\" \/>\n<script type=\"application\/ld+json\" class=\"yoast-schema-graph\">{\"@context\":\"https:\/\/schema.org\",\"@graph\":[{\"@type\":\"Article\",\"@id\":\"https:\/\/blogg.svenskakyrkan.se\/harhjartatslutatsla\/vad-hade-jag-for-val\/#article\",\"isPartOf\":{\"@id\":\"https:\/\/blogg.svenskakyrkan.se\/harhjartatslutatsla\/vad-hade-jag-for-val\/\"},\"author\":{\"name\":\"admin\",\"@id\":\"https:\/\/blogg.svenskakyrkan.se\/harhjartatslutatsla\/#\/schema\/person\/d4424e6b5c14e38a71e398f44994f567\"},\"headline\":\"Vad hade jag f\u00f6r val?\",\"datePublished\":\"2013-10-28T16:19:59+00:00\",\"dateModified\":\"2021-02-09T18:53:58+00:00\",\"mainEntityOfPage\":{\"@id\":\"https:\/\/blogg.svenskakyrkan.se\/harhjartatslutatsla\/vad-hade-jag-for-val\/\"},\"wordCount\":133,\"commentCount\":0,\"keywords\":[\"Bitterhet\",\"Sissel\",\"Tacksamhet\"],\"articleSection\":[\"Tankar om liv och d\u00f6d\"],\"inLanguage\":\"sv-SE\",\"potentialAction\":[{\"@type\":\"CommentAction\",\"name\":\"Comment\",\"target\":[\"https:\/\/blogg.svenskakyrkan.se\/harhjartatslutatsla\/vad-hade-jag-for-val\/#respond\"]}]},{\"@type\":\"WebPage\",\"@id\":\"https:\/\/blogg.svenskakyrkan.se\/harhjartatslutatsla\/vad-hade-jag-for-val\/\",\"url\":\"https:\/\/blogg.svenskakyrkan.se\/harhjartatslutatsla\/vad-hade-jag-for-val\/\",\"name\":\"Vad hade jag f\u00f6r val? - Har hj\u00e4rtat slutat sl\u00e5?\",\"isPartOf\":{\"@id\":\"https:\/\/blogg.svenskakyrkan.se\/harhjartatslutatsla\/#website\"},\"datePublished\":\"2013-10-28T16:19:59+00:00\",\"dateModified\":\"2021-02-09T18:53:58+00:00\",\"author\":{\"@id\":\"https:\/\/blogg.svenskakyrkan.se\/harhjartatslutatsla\/#\/schema\/person\/d4424e6b5c14e38a71e398f44994f567\"},\"breadcrumb\":{\"@id\":\"https:\/\/blogg.svenskakyrkan.se\/harhjartatslutatsla\/vad-hade-jag-for-val\/#breadcrumb\"},\"inLanguage\":\"sv-SE\",\"potentialAction\":[{\"@type\":\"ReadAction\",\"target\":[\"https:\/\/blogg.svenskakyrkan.se\/harhjartatslutatsla\/vad-hade-jag-for-val\/\"]}]},{\"@type\":\"BreadcrumbList\",\"@id\":\"https:\/\/blogg.svenskakyrkan.se\/harhjartatslutatsla\/vad-hade-jag-for-val\/#breadcrumb\",\"itemListElement\":[{\"@type\":\"ListItem\",\"position\":1,\"name\":\"Hem\",\"item\":\"https:\/\/blogg.svenskakyrkan.se\/harhjartatslutatsla\/\"},{\"@type\":\"ListItem\",\"position\":2,\"name\":\"Vad hade jag f\u00f6r val?\"}]},{\"@type\":\"WebSite\",\"@id\":\"https:\/\/blogg.svenskakyrkan.se\/harhjartatslutatsla\/#website\",\"url\":\"https:\/\/blogg.svenskakyrkan.se\/harhjartatslutatsla\/\",\"name\":\"Har hj\u00e4rtat slutat sl\u00e5?\",\"description\":\"En musikber\u00e4ttelse om att f\u00f6rlora barn.\",\"potentialAction\":[{\"@type\":\"SearchAction\",\"target\":{\"@type\":\"EntryPoint\",\"urlTemplate\":\"https:\/\/blogg.svenskakyrkan.se\/harhjartatslutatsla\/?s={search_term_string}\"},\"query-input\":{\"@type\":\"PropertyValueSpecification\",\"valueRequired\":true,\"valueName\":\"search_term_string\"}}],\"inLanguage\":\"sv-SE\"},{\"@type\":\"Person\",\"@id\":\"https:\/\/blogg.svenskakyrkan.se\/harhjartatslutatsla\/#\/schema\/person\/d4424e6b5c14e38a71e398f44994f567\",\"name\":\"admin\",\"image\":{\"@type\":\"ImageObject\",\"inLanguage\":\"sv-SE\",\"@id\":\"https:\/\/blogg.svenskakyrkan.se\/harhjartatslutatsla\/#\/schema\/person\/image\/\",\"url\":\"https:\/\/secure.gravatar.com\/avatar\/3c6e76acab0bbea7ed45bf023e2bf8a2aeeb59b1b8aaafe88a4345a469d8886f?s=96&d=mm&r=g\",\"contentUrl\":\"https:\/\/secure.gravatar.com\/avatar\/3c6e76acab0bbea7ed45bf023e2bf8a2aeeb59b1b8aaafe88a4345a469d8886f?s=96&d=mm&r=g\",\"caption\":\"admin\"},\"url\":\"https:\/\/blogg.svenskakyrkan.se\/harhjartatslutatsla\/author\/harhjartatslutatsla\/\"}]}<\/script>\n<!-- \/ Yoast SEO plugin. -->","yoast_head_json":{"title":"Vad hade jag f\u00f6r val? - Har hj\u00e4rtat slutat sl\u00e5?","robots":{"index":"index","follow":"follow","max-snippet":"max-snippet:-1","max-image-preview":"max-image-preview:large","max-video-preview":"max-video-preview:-1"},"canonical":"https:\/\/blogg.svenskakyrkan.se\/harhjartatslutatsla\/vad-hade-jag-for-val\/","og_locale":"sv_SE","og_type":"article","og_title":"Vad hade jag f\u00f6r val? - Har hj\u00e4rtat slutat sl\u00e5?","og_description":"Jag skriver om gl\u00e4djen i d\u00f6dens n\u00e4rhet. Det kanske k\u00e4nns opassande. Som att man inte riktigt tar d\u00f6den p\u00e5 allvar, eller som att man inte riktigt f\u00f6rst\u00e5tt. Men vad hade jag f\u00f6r val n\u00e4r \u00e5ngesten stod och v\u00e4ntade varje morgon jag vaknade? Ja, vad hade jag f\u00f6r val? F\u00f6r mig stod det\u00a0mellan bitterheten och tacksamheten. [&hellip;]","og_url":"https:\/\/blogg.svenskakyrkan.se\/harhjartatslutatsla\/vad-hade-jag-for-val\/","og_site_name":"Har hj\u00e4rtat slutat sl\u00e5?","article_published_time":"2013-10-28T16:19:59+00:00","article_modified_time":"2021-02-09T18:53:58+00:00","author":"admin","twitter_card":"summary_large_image","twitter_misc":{"Skriven av":"admin","Ber\u00e4knad l\u00e4stid":"1 minut"},"schema":{"@context":"https:\/\/schema.org","@graph":[{"@type":"Article","@id":"https:\/\/blogg.svenskakyrkan.se\/harhjartatslutatsla\/vad-hade-jag-for-val\/#article","isPartOf":{"@id":"https:\/\/blogg.svenskakyrkan.se\/harhjartatslutatsla\/vad-hade-jag-for-val\/"},"author":{"name":"admin","@id":"https:\/\/blogg.svenskakyrkan.se\/harhjartatslutatsla\/#\/schema\/person\/d4424e6b5c14e38a71e398f44994f567"},"headline":"Vad hade jag f\u00f6r val?","datePublished":"2013-10-28T16:19:59+00:00","dateModified":"2021-02-09T18:53:58+00:00","mainEntityOfPage":{"@id":"https:\/\/blogg.svenskakyrkan.se\/harhjartatslutatsla\/vad-hade-jag-for-val\/"},"wordCount":133,"commentCount":0,"keywords":["Bitterhet","Sissel","Tacksamhet"],"articleSection":["Tankar om liv och d\u00f6d"],"inLanguage":"sv-SE","potentialAction":[{"@type":"CommentAction","name":"Comment","target":["https:\/\/blogg.svenskakyrkan.se\/harhjartatslutatsla\/vad-hade-jag-for-val\/#respond"]}]},{"@type":"WebPage","@id":"https:\/\/blogg.svenskakyrkan.se\/harhjartatslutatsla\/vad-hade-jag-for-val\/","url":"https:\/\/blogg.svenskakyrkan.se\/harhjartatslutatsla\/vad-hade-jag-for-val\/","name":"Vad hade jag f\u00f6r val? - Har hj\u00e4rtat slutat sl\u00e5?","isPartOf":{"@id":"https:\/\/blogg.svenskakyrkan.se\/harhjartatslutatsla\/#website"},"datePublished":"2013-10-28T16:19:59+00:00","dateModified":"2021-02-09T18:53:58+00:00","author":{"@id":"https:\/\/blogg.svenskakyrkan.se\/harhjartatslutatsla\/#\/schema\/person\/d4424e6b5c14e38a71e398f44994f567"},"breadcrumb":{"@id":"https:\/\/blogg.svenskakyrkan.se\/harhjartatslutatsla\/vad-hade-jag-for-val\/#breadcrumb"},"inLanguage":"sv-SE","potentialAction":[{"@type":"ReadAction","target":["https:\/\/blogg.svenskakyrkan.se\/harhjartatslutatsla\/vad-hade-jag-for-val\/"]}]},{"@type":"BreadcrumbList","@id":"https:\/\/blogg.svenskakyrkan.se\/harhjartatslutatsla\/vad-hade-jag-for-val\/#breadcrumb","itemListElement":[{"@type":"ListItem","position":1,"name":"Hem","item":"https:\/\/blogg.svenskakyrkan.se\/harhjartatslutatsla\/"},{"@type":"ListItem","position":2,"name":"Vad hade jag f\u00f6r val?"}]},{"@type":"WebSite","@id":"https:\/\/blogg.svenskakyrkan.se\/harhjartatslutatsla\/#website","url":"https:\/\/blogg.svenskakyrkan.se\/harhjartatslutatsla\/","name":"Har hj\u00e4rtat slutat sl\u00e5?","description":"En musikber\u00e4ttelse om att f\u00f6rlora barn.","potentialAction":[{"@type":"SearchAction","target":{"@type":"EntryPoint","urlTemplate":"https:\/\/blogg.svenskakyrkan.se\/harhjartatslutatsla\/?s={search_term_string}"},"query-input":{"@type":"PropertyValueSpecification","valueRequired":true,"valueName":"search_term_string"}}],"inLanguage":"sv-SE"},{"@type":"Person","@id":"https:\/\/blogg.svenskakyrkan.se\/harhjartatslutatsla\/#\/schema\/person\/d4424e6b5c14e38a71e398f44994f567","name":"admin","image":{"@type":"ImageObject","inLanguage":"sv-SE","@id":"https:\/\/blogg.svenskakyrkan.se\/harhjartatslutatsla\/#\/schema\/person\/image\/","url":"https:\/\/secure.gravatar.com\/avatar\/3c6e76acab0bbea7ed45bf023e2bf8a2aeeb59b1b8aaafe88a4345a469d8886f?s=96&d=mm&r=g","contentUrl":"https:\/\/secure.gravatar.com\/avatar\/3c6e76acab0bbea7ed45bf023e2bf8a2aeeb59b1b8aaafe88a4345a469d8886f?s=96&d=mm&r=g","caption":"admin"},"url":"https:\/\/blogg.svenskakyrkan.se\/harhjartatslutatsla\/author\/harhjartatslutatsla\/"}]}},"author_meta":{"ID":"281","user_nicename":"harhjartatslutatsla","user_registered":"2013-05-23 11:12:50","display_name":"admin","avatar":"https:\/\/secure.gravatar.com\/avatar\/3c6e76acab0bbea7ed45bf023e2bf8a2aeeb59b1b8aaafe88a4345a469d8886f?s=96&d=mm&r=g"},"featured_image":false,"bloginfo":{"name":"Har hj\u00e4rtat slutat sl\u00e5?","url":"https:\/\/blogg.svenskakyrkan.se\/harhjartatslutatsla"},"_links":{"self":[{"href":"https:\/\/blogg.svenskakyrkan.se\/harhjartatslutatsla\/wp-json\/wp\/v2\/posts\/249","targetHints":{"allow":["GET"]}}],"collection":[{"href":"https:\/\/blogg.svenskakyrkan.se\/harhjartatslutatsla\/wp-json\/wp\/v2\/posts"}],"about":[{"href":"https:\/\/blogg.svenskakyrkan.se\/harhjartatslutatsla\/wp-json\/wp\/v2\/types\/post"}],"author":[{"embeddable":true,"href":"https:\/\/blogg.svenskakyrkan.se\/harhjartatslutatsla\/wp-json\/wp\/v2\/users\/281"}],"replies":[{"embeddable":true,"href":"https:\/\/blogg.svenskakyrkan.se\/harhjartatslutatsla\/wp-json\/wp\/v2\/comments?post=249"}],"version-history":[{"count":11,"href":"https:\/\/blogg.svenskakyrkan.se\/harhjartatslutatsla\/wp-json\/wp\/v2\/posts\/249\/revisions"}],"predecessor-version":[{"id":587,"href":"https:\/\/blogg.svenskakyrkan.se\/harhjartatslutatsla\/wp-json\/wp\/v2\/posts\/249\/revisions\/587"}],"wp:attachment":[{"href":"https:\/\/blogg.svenskakyrkan.se\/harhjartatslutatsla\/wp-json\/wp\/v2\/media?parent=249"}],"wp:term":[{"taxonomy":"category","embeddable":true,"href":"https:\/\/blogg.svenskakyrkan.se\/harhjartatslutatsla\/wp-json\/wp\/v2\/categories?post=249"},{"taxonomy":"post_tag","embeddable":true,"href":"https:\/\/blogg.svenskakyrkan.se\/harhjartatslutatsla\/wp-json\/wp\/v2\/tags?post=249"}],"curies":[{"name":"wp","href":"https:\/\/api.w.org\/{rel}","templated":true}]}}