{"id":340,"date":"2013-11-03T14:46:02","date_gmt":"2013-11-03T13:46:02","guid":{"rendered":"http:\/\/blogg.svenskakyrkan.se\/harhjartatslutatsla\/?p=340"},"modified":"2021-02-09T19:51:45","modified_gmt":"2021-02-09T18:51:45","slug":"tillsammans-ar-man-mindre-ensam","status":"publish","type":"post","link":"https:\/\/blogg.svenskakyrkan.se\/harhjartatslutatsla\/tillsammans-ar-man-mindre-ensam\/","title":{"rendered":"Tillsammans \u00e4r man mindre ensam"},"content":{"rendered":"<p>Ig\u00e5r n\u00e4r jag stod ensam vid Isacs grav k\u00e4nde jag just s\u00e5; k\u00e4nde mig mindre ensam tillsammans med alla andra som kommit f\u00f6r att bes\u00f6ka sina gravar samtidigt som jag bes\u00f6kte min.<\/p>\n<p>Jag hade gl\u00f6mt t\u00e4ndstickorna och fick hj\u00e4lp av en pappa som var d\u00e4r med fru och barn. Omt\u00e4nksamt s\u00e5g han till att l\u00e5gorna tog sig ordentligt innan han l\u00e4mnade tillbaka ljusen:<br \/>\n&#8211; De sl\u00e4cks ju s\u00e5 l\u00e4tt i vinden.<br \/>\n&#8211; Ja. Tack.<\/p>\n<p>Vi st\u00e5r d\u00e4r vi v\u00e5ra gravar och vid minneslundarna och vet inte historien bakom varandras n\u00e4rvaro. Har hennes pappa g\u00e5tt bort? Har hans fru d\u00f6tt? Bes\u00f6ker de sin morfars grav? \u00c4r det ett barn?<\/p>\n<p>Vi vet inte. Men vi \u00e4r d\u00e4r tillsammans. P\u00e5 respektfullt avst\u00e5nd, s\u00e5 att man kan f\u00e5 gr\u00e5ta en stund ifred, trots att det g\u00e5tt s\u00e5 m\u00e5nga \u00e5r sedan det h\u00e4nde, snyta sig och lyfta blicken. Njuta av alla ljus, all m\u00e4nsklig r\u00f6relse.<\/p>\n<p>Sen dricker vi en kopp kaffe i pr\u00e4stg\u00e5rden, eller \u00e5ker vi direkt hem. De flesta av oss lite mindre ensamma.<\/p>\n<p>\/Magdalena<\/p>\n","protected":false},"excerpt":{"rendered":"<p>Ig\u00e5r n\u00e4r jag stod ensam vid Isacs grav k\u00e4nde jag just s\u00e5; k\u00e4nde mig mindre ensam tillsammans med alla andra som kommit f\u00f6r att bes\u00f6ka sina gravar samtidigt som jag bes\u00f6kte min. Jag hade gl\u00f6mt t\u00e4ndstickorna och fick hj\u00e4lp av en pappa som var d\u00e4r med fru och barn. Omt\u00e4nksamt s\u00e5g han till att l\u00e5gorna [&hellip;]<\/p>\n","protected":false},"author":281,"featured_media":0,"comment_status":"open","ping_status":"open","sticky":false,"template":"","format":"standard","meta":{"_acf_changed":false,"footnotes":""},"categories":[50176],"tags":[8351,52064,20652,59234,16032],"class_list":["post-340","post","type-post","status-publish","format-standard","hentry","category-tankar-om-liv-och-dod","tag-allhelgona","tag-ensam","tag-ljus","tag-sissel","tag-tillsammans"],"acf":[],"yoast_head":"<!-- This site is optimized with the Yoast SEO plugin v27.1.1 - https:\/\/yoast.com\/product\/yoast-seo-wordpress\/ -->\n<title>Tillsammans \u00e4r man mindre ensam - Har hj\u00e4rtat slutat sl\u00e5?<\/title>\n<meta name=\"robots\" content=\"index, follow, max-snippet:-1, max-image-preview:large, max-video-preview:-1\" \/>\n<link rel=\"canonical\" href=\"https:\/\/blogg.svenskakyrkan.se\/harhjartatslutatsla\/tillsammans-ar-man-mindre-ensam\/\" \/>\n<meta property=\"og:locale\" content=\"sv_SE\" \/>\n<meta property=\"og:type\" content=\"article\" \/>\n<meta property=\"og:title\" content=\"Tillsammans \u00e4r man mindre ensam - Har hj\u00e4rtat slutat sl\u00e5?\" \/>\n<meta property=\"og:description\" content=\"Ig\u00e5r n\u00e4r jag stod ensam vid Isacs grav k\u00e4nde jag just s\u00e5; k\u00e4nde mig mindre ensam tillsammans med alla andra som kommit f\u00f6r att bes\u00f6ka sina gravar samtidigt som jag bes\u00f6kte min. Jag hade gl\u00f6mt t\u00e4ndstickorna och fick hj\u00e4lp av en pappa som var d\u00e4r med fru och barn. Omt\u00e4nksamt s\u00e5g han till att l\u00e5gorna [&hellip;]\" \/>\n<meta property=\"og:url\" content=\"https:\/\/blogg.svenskakyrkan.se\/harhjartatslutatsla\/tillsammans-ar-man-mindre-ensam\/\" \/>\n<meta property=\"og:site_name\" content=\"Har hj\u00e4rtat slutat sl\u00e5?\" \/>\n<meta property=\"article:published_time\" content=\"2013-11-03T13:46:02+00:00\" \/>\n<meta property=\"article:modified_time\" content=\"2021-02-09T18:51:45+00:00\" \/>\n<meta name=\"author\" content=\"admin\" \/>\n<meta name=\"twitter:card\" content=\"summary_large_image\" \/>\n<meta name=\"twitter:label1\" content=\"Skriven av\" \/>\n\t<meta name=\"twitter:data1\" content=\"admin\" \/>\n\t<meta name=\"twitter:label2\" content=\"Ber\u00e4knad l\u00e4stid\" \/>\n\t<meta name=\"twitter:data2\" content=\"1 minut\" \/>\n<script type=\"application\/ld+json\" class=\"yoast-schema-graph\">{\"@context\":\"https:\/\/schema.org\",\"@graph\":[{\"@type\":\"Article\",\"@id\":\"https:\/\/blogg.svenskakyrkan.se\/harhjartatslutatsla\/tillsammans-ar-man-mindre-ensam\/#article\",\"isPartOf\":{\"@id\":\"https:\/\/blogg.svenskakyrkan.se\/harhjartatslutatsla\/tillsammans-ar-man-mindre-ensam\/\"},\"author\":{\"name\":\"admin\",\"@id\":\"https:\/\/blogg.svenskakyrkan.se\/harhjartatslutatsla\/#\/schema\/person\/d4424e6b5c14e38a71e398f44994f567\"},\"headline\":\"Tillsammans \u00e4r man mindre ensam\",\"datePublished\":\"2013-11-03T13:46:02+00:00\",\"dateModified\":\"2021-02-09T18:51:45+00:00\",\"mainEntityOfPage\":{\"@id\":\"https:\/\/blogg.svenskakyrkan.se\/harhjartatslutatsla\/tillsammans-ar-man-mindre-ensam\/\"},\"wordCount\":210,\"commentCount\":0,\"keywords\":[\"Allhelgona\",\"ensam\",\"ljus\",\"Sissel\",\"tillsammans\"],\"articleSection\":[\"Tankar om liv och d\u00f6d\"],\"inLanguage\":\"sv-SE\",\"potentialAction\":[{\"@type\":\"CommentAction\",\"name\":\"Comment\",\"target\":[\"https:\/\/blogg.svenskakyrkan.se\/harhjartatslutatsla\/tillsammans-ar-man-mindre-ensam\/#respond\"]}]},{\"@type\":\"WebPage\",\"@id\":\"https:\/\/blogg.svenskakyrkan.se\/harhjartatslutatsla\/tillsammans-ar-man-mindre-ensam\/\",\"url\":\"https:\/\/blogg.svenskakyrkan.se\/harhjartatslutatsla\/tillsammans-ar-man-mindre-ensam\/\",\"name\":\"Tillsammans \u00e4r man mindre ensam - Har hj\u00e4rtat slutat sl\u00e5?\",\"isPartOf\":{\"@id\":\"https:\/\/blogg.svenskakyrkan.se\/harhjartatslutatsla\/#website\"},\"datePublished\":\"2013-11-03T13:46:02+00:00\",\"dateModified\":\"2021-02-09T18:51:45+00:00\",\"author\":{\"@id\":\"https:\/\/blogg.svenskakyrkan.se\/harhjartatslutatsla\/#\/schema\/person\/d4424e6b5c14e38a71e398f44994f567\"},\"breadcrumb\":{\"@id\":\"https:\/\/blogg.svenskakyrkan.se\/harhjartatslutatsla\/tillsammans-ar-man-mindre-ensam\/#breadcrumb\"},\"inLanguage\":\"sv-SE\",\"potentialAction\":[{\"@type\":\"ReadAction\",\"target\":[\"https:\/\/blogg.svenskakyrkan.se\/harhjartatslutatsla\/tillsammans-ar-man-mindre-ensam\/\"]}]},{\"@type\":\"BreadcrumbList\",\"@id\":\"https:\/\/blogg.svenskakyrkan.se\/harhjartatslutatsla\/tillsammans-ar-man-mindre-ensam\/#breadcrumb\",\"itemListElement\":[{\"@type\":\"ListItem\",\"position\":1,\"name\":\"Hem\",\"item\":\"https:\/\/blogg.svenskakyrkan.se\/harhjartatslutatsla\/\"},{\"@type\":\"ListItem\",\"position\":2,\"name\":\"Tillsammans \u00e4r man mindre ensam\"}]},{\"@type\":\"WebSite\",\"@id\":\"https:\/\/blogg.svenskakyrkan.se\/harhjartatslutatsla\/#website\",\"url\":\"https:\/\/blogg.svenskakyrkan.se\/harhjartatslutatsla\/\",\"name\":\"Har hj\u00e4rtat slutat sl\u00e5?\",\"description\":\"En musikber\u00e4ttelse om att f\u00f6rlora barn.\",\"potentialAction\":[{\"@type\":\"SearchAction\",\"target\":{\"@type\":\"EntryPoint\",\"urlTemplate\":\"https:\/\/blogg.svenskakyrkan.se\/harhjartatslutatsla\/?s={search_term_string}\"},\"query-input\":{\"@type\":\"PropertyValueSpecification\",\"valueRequired\":true,\"valueName\":\"search_term_string\"}}],\"inLanguage\":\"sv-SE\"},{\"@type\":\"Person\",\"@id\":\"https:\/\/blogg.svenskakyrkan.se\/harhjartatslutatsla\/#\/schema\/person\/d4424e6b5c14e38a71e398f44994f567\",\"name\":\"admin\",\"image\":{\"@type\":\"ImageObject\",\"inLanguage\":\"sv-SE\",\"@id\":\"https:\/\/blogg.svenskakyrkan.se\/harhjartatslutatsla\/#\/schema\/person\/image\/\",\"url\":\"https:\/\/secure.gravatar.com\/avatar\/3c6e76acab0bbea7ed45bf023e2bf8a2aeeb59b1b8aaafe88a4345a469d8886f?s=96&d=mm&r=g\",\"contentUrl\":\"https:\/\/secure.gravatar.com\/avatar\/3c6e76acab0bbea7ed45bf023e2bf8a2aeeb59b1b8aaafe88a4345a469d8886f?s=96&d=mm&r=g\",\"caption\":\"admin\"},\"url\":\"https:\/\/blogg.svenskakyrkan.se\/harhjartatslutatsla\/author\/harhjartatslutatsla\/\"}]}<\/script>\n<!-- \/ Yoast SEO plugin. -->","yoast_head_json":{"title":"Tillsammans \u00e4r man mindre ensam - Har hj\u00e4rtat slutat sl\u00e5?","robots":{"index":"index","follow":"follow","max-snippet":"max-snippet:-1","max-image-preview":"max-image-preview:large","max-video-preview":"max-video-preview:-1"},"canonical":"https:\/\/blogg.svenskakyrkan.se\/harhjartatslutatsla\/tillsammans-ar-man-mindre-ensam\/","og_locale":"sv_SE","og_type":"article","og_title":"Tillsammans \u00e4r man mindre ensam - Har hj\u00e4rtat slutat sl\u00e5?","og_description":"Ig\u00e5r n\u00e4r jag stod ensam vid Isacs grav k\u00e4nde jag just s\u00e5; k\u00e4nde mig mindre ensam tillsammans med alla andra som kommit f\u00f6r att bes\u00f6ka sina gravar samtidigt som jag bes\u00f6kte min. Jag hade gl\u00f6mt t\u00e4ndstickorna och fick hj\u00e4lp av en pappa som var d\u00e4r med fru och barn. Omt\u00e4nksamt s\u00e5g han till att l\u00e5gorna [&hellip;]","og_url":"https:\/\/blogg.svenskakyrkan.se\/harhjartatslutatsla\/tillsammans-ar-man-mindre-ensam\/","og_site_name":"Har hj\u00e4rtat slutat sl\u00e5?","article_published_time":"2013-11-03T13:46:02+00:00","article_modified_time":"2021-02-09T18:51:45+00:00","author":"admin","twitter_card":"summary_large_image","twitter_misc":{"Skriven av":"admin","Ber\u00e4knad l\u00e4stid":"1 minut"},"schema":{"@context":"https:\/\/schema.org","@graph":[{"@type":"Article","@id":"https:\/\/blogg.svenskakyrkan.se\/harhjartatslutatsla\/tillsammans-ar-man-mindre-ensam\/#article","isPartOf":{"@id":"https:\/\/blogg.svenskakyrkan.se\/harhjartatslutatsla\/tillsammans-ar-man-mindre-ensam\/"},"author":{"name":"admin","@id":"https:\/\/blogg.svenskakyrkan.se\/harhjartatslutatsla\/#\/schema\/person\/d4424e6b5c14e38a71e398f44994f567"},"headline":"Tillsammans \u00e4r man mindre ensam","datePublished":"2013-11-03T13:46:02+00:00","dateModified":"2021-02-09T18:51:45+00:00","mainEntityOfPage":{"@id":"https:\/\/blogg.svenskakyrkan.se\/harhjartatslutatsla\/tillsammans-ar-man-mindre-ensam\/"},"wordCount":210,"commentCount":0,"keywords":["Allhelgona","ensam","ljus","Sissel","tillsammans"],"articleSection":["Tankar om liv och d\u00f6d"],"inLanguage":"sv-SE","potentialAction":[{"@type":"CommentAction","name":"Comment","target":["https:\/\/blogg.svenskakyrkan.se\/harhjartatslutatsla\/tillsammans-ar-man-mindre-ensam\/#respond"]}]},{"@type":"WebPage","@id":"https:\/\/blogg.svenskakyrkan.se\/harhjartatslutatsla\/tillsammans-ar-man-mindre-ensam\/","url":"https:\/\/blogg.svenskakyrkan.se\/harhjartatslutatsla\/tillsammans-ar-man-mindre-ensam\/","name":"Tillsammans \u00e4r man mindre ensam - Har hj\u00e4rtat slutat sl\u00e5?","isPartOf":{"@id":"https:\/\/blogg.svenskakyrkan.se\/harhjartatslutatsla\/#website"},"datePublished":"2013-11-03T13:46:02+00:00","dateModified":"2021-02-09T18:51:45+00:00","author":{"@id":"https:\/\/blogg.svenskakyrkan.se\/harhjartatslutatsla\/#\/schema\/person\/d4424e6b5c14e38a71e398f44994f567"},"breadcrumb":{"@id":"https:\/\/blogg.svenskakyrkan.se\/harhjartatslutatsla\/tillsammans-ar-man-mindre-ensam\/#breadcrumb"},"inLanguage":"sv-SE","potentialAction":[{"@type":"ReadAction","target":["https:\/\/blogg.svenskakyrkan.se\/harhjartatslutatsla\/tillsammans-ar-man-mindre-ensam\/"]}]},{"@type":"BreadcrumbList","@id":"https:\/\/blogg.svenskakyrkan.se\/harhjartatslutatsla\/tillsammans-ar-man-mindre-ensam\/#breadcrumb","itemListElement":[{"@type":"ListItem","position":1,"name":"Hem","item":"https:\/\/blogg.svenskakyrkan.se\/harhjartatslutatsla\/"},{"@type":"ListItem","position":2,"name":"Tillsammans \u00e4r man mindre ensam"}]},{"@type":"WebSite","@id":"https:\/\/blogg.svenskakyrkan.se\/harhjartatslutatsla\/#website","url":"https:\/\/blogg.svenskakyrkan.se\/harhjartatslutatsla\/","name":"Har hj\u00e4rtat slutat sl\u00e5?","description":"En musikber\u00e4ttelse om att f\u00f6rlora barn.","potentialAction":[{"@type":"SearchAction","target":{"@type":"EntryPoint","urlTemplate":"https:\/\/blogg.svenskakyrkan.se\/harhjartatslutatsla\/?s={search_term_string}"},"query-input":{"@type":"PropertyValueSpecification","valueRequired":true,"valueName":"search_term_string"}}],"inLanguage":"sv-SE"},{"@type":"Person","@id":"https:\/\/blogg.svenskakyrkan.se\/harhjartatslutatsla\/#\/schema\/person\/d4424e6b5c14e38a71e398f44994f567","name":"admin","image":{"@type":"ImageObject","inLanguage":"sv-SE","@id":"https:\/\/blogg.svenskakyrkan.se\/harhjartatslutatsla\/#\/schema\/person\/image\/","url":"https:\/\/secure.gravatar.com\/avatar\/3c6e76acab0bbea7ed45bf023e2bf8a2aeeb59b1b8aaafe88a4345a469d8886f?s=96&d=mm&r=g","contentUrl":"https:\/\/secure.gravatar.com\/avatar\/3c6e76acab0bbea7ed45bf023e2bf8a2aeeb59b1b8aaafe88a4345a469d8886f?s=96&d=mm&r=g","caption":"admin"},"url":"https:\/\/blogg.svenskakyrkan.se\/harhjartatslutatsla\/author\/harhjartatslutatsla\/"}]}},"author_meta":{"ID":"281","user_nicename":"harhjartatslutatsla","user_registered":"2013-05-23 11:12:50","display_name":"admin","avatar":"https:\/\/secure.gravatar.com\/avatar\/3c6e76acab0bbea7ed45bf023e2bf8a2aeeb59b1b8aaafe88a4345a469d8886f?s=96&d=mm&r=g"},"featured_image":false,"bloginfo":{"name":"Har hj\u00e4rtat slutat sl\u00e5?","url":"https:\/\/blogg.svenskakyrkan.se\/harhjartatslutatsla"},"_links":{"self":[{"href":"https:\/\/blogg.svenskakyrkan.se\/harhjartatslutatsla\/wp-json\/wp\/v2\/posts\/340","targetHints":{"allow":["GET"]}}],"collection":[{"href":"https:\/\/blogg.svenskakyrkan.se\/harhjartatslutatsla\/wp-json\/wp\/v2\/posts"}],"about":[{"href":"https:\/\/blogg.svenskakyrkan.se\/harhjartatslutatsla\/wp-json\/wp\/v2\/types\/post"}],"author":[{"embeddable":true,"href":"https:\/\/blogg.svenskakyrkan.se\/harhjartatslutatsla\/wp-json\/wp\/v2\/users\/281"}],"replies":[{"embeddable":true,"href":"https:\/\/blogg.svenskakyrkan.se\/harhjartatslutatsla\/wp-json\/wp\/v2\/comments?post=340"}],"version-history":[{"count":4,"href":"https:\/\/blogg.svenskakyrkan.se\/harhjartatslutatsla\/wp-json\/wp\/v2\/posts\/340\/revisions"}],"predecessor-version":[{"id":586,"href":"https:\/\/blogg.svenskakyrkan.se\/harhjartatslutatsla\/wp-json\/wp\/v2\/posts\/340\/revisions\/586"}],"wp:attachment":[{"href":"https:\/\/blogg.svenskakyrkan.se\/harhjartatslutatsla\/wp-json\/wp\/v2\/media?parent=340"}],"wp:term":[{"taxonomy":"category","embeddable":true,"href":"https:\/\/blogg.svenskakyrkan.se\/harhjartatslutatsla\/wp-json\/wp\/v2\/categories?post=340"},{"taxonomy":"post_tag","embeddable":true,"href":"https:\/\/blogg.svenskakyrkan.se\/harhjartatslutatsla\/wp-json\/wp\/v2\/tags?post=340"}],"curies":[{"name":"wp","href":"https:\/\/api.w.org\/{rel}","templated":true}]}}