{"id":352,"date":"2013-11-04T10:50:07","date_gmt":"2013-11-04T09:50:07","guid":{"rendered":"http:\/\/blogg.svenskakyrkan.se\/harhjartatslutatsla\/?p=352"},"modified":"2013-11-04T10:51:48","modified_gmt":"2013-11-04T09:51:48","slug":"jag-kunde-inte-skydda-dig","status":"publish","type":"post","link":"https:\/\/blogg.svenskakyrkan.se\/harhjartatslutatsla\/jag-kunde-inte-skydda-dig\/","title":{"rendered":"Jag kunde inte skydda dig"},"content":{"rendered":"<p>Jag g\u00e5r p\u00e5 trottoaren med mitt barn och hans kompis framf\u00f6r mig p\u00e5 sparkcyklar. Jag b\u00e4r p\u00e5 kassar med \u00e5tervinning och killarna har n\u00e4stan hunnit fram. Pl\u00f6tsligt k\u00f6r en stor sk\u00e5pbil upp p\u00e5 trottoaren framf\u00f6r killarna och b\u00f6rjar backa.<\/p>\n<p>Jag sl\u00e4pper kassarna, rusar fram\u00e5t och vr\u00e5lar: Stanna! Du har BARN bakom dig!<\/p>\n<p>Han stannar och sticker ut huvudet och glor p\u00e5 mig: Jag visste det, s\u00e4ger han och vevar upp rutan.<\/p>\n<p>\u201dVa du skrek, mamma\u201d, s\u00e4ger sonen. Jag \u00e4r hes resten av dagen.<\/p>\n<p>Alla som har barn vet vilka beskyddarinstinkter som slog till. Tigerhonan och tigerhannen i oss som visar t\u00e4nderna och g\u00e5r till motattack. Jag ska skydda dig. Ingenting ska h\u00e4nda dig s\u00e5 l\u00e4nge jag \u00e4r h\u00e4r. \u00d6ver min d\u00f6da kropp.<\/p>\n<p>Men n\u00e4r det inte g\u00e5r. N\u00e4r man st\u00e5r maktl\u00f6s inf\u00f6r det som h\u00e4nt. Den \u00e4lskade skyddslingen skadar sig, f\u00e5r men f\u00f6r livet eller d\u00f6r. Vad g\u00f6r man d\u00e5? Vad g\u00f6r man med skulden?\u00a0 Vag g\u00f6r man n\u00e4r det inte hj\u00e4lper att f\u00e5 h\u00f6ra att man inte hade n\u00e5gon del i det som h\u00e4nde?<\/p>\n<p>Jag t\u00e4nker p\u00e5 mitt f\u00f6rsta barn, mitt barn\u00a0som dog och jag viskar: Jag kunde inte skydda dig.<\/p>\n","protected":false},"excerpt":{"rendered":"<p>Jag g\u00e5r p\u00e5 trottoaren med mitt barn och hans kompis framf\u00f6r mig p\u00e5 sparkcyklar. Jag b\u00e4r p\u00e5 kassar med \u00e5tervinning och killarna har n\u00e4stan hunnit fram. Pl\u00f6tsligt k\u00f6r en stor sk\u00e5pbil upp p\u00e5 trottoaren framf\u00f6r killarna och b\u00f6rjar backa. Jag sl\u00e4pper kassarna, rusar fram\u00e5t och vr\u00e5lar: Stanna! Du har BARN bakom dig! Han stannar och [&hellip;]<\/p>\n","protected":false},"author":281,"featured_media":0,"comment_status":"open","ping_status":"open","sticky":false,"template":"","format":"standard","meta":{"_acf_changed":false,"footnotes":""},"categories":[50176],"tags":[8267,52068,59234,52066,52067],"class_list":["post-352","post","type-post","status-publish","format-standard","hentry","category-tankar-om-liv-och-dod","tag-barn","tag-beskyddarinstikter","tag-sissel","tag-skuld","tag-tigerhona"],"acf":[],"yoast_head":"<!-- This site is optimized with the Yoast SEO plugin v27.1.1 - https:\/\/yoast.com\/product\/yoast-seo-wordpress\/ -->\n<title>Jag kunde inte skydda dig - Har hj\u00e4rtat slutat sl\u00e5?<\/title>\n<meta name=\"robots\" content=\"index, follow, max-snippet:-1, max-image-preview:large, max-video-preview:-1\" \/>\n<link rel=\"canonical\" href=\"https:\/\/blogg.svenskakyrkan.se\/harhjartatslutatsla\/jag-kunde-inte-skydda-dig\/\" \/>\n<meta property=\"og:locale\" content=\"sv_SE\" \/>\n<meta property=\"og:type\" content=\"article\" \/>\n<meta property=\"og:title\" content=\"Jag kunde inte skydda dig - Har hj\u00e4rtat slutat sl\u00e5?\" \/>\n<meta property=\"og:description\" content=\"Jag g\u00e5r p\u00e5 trottoaren med mitt barn och hans kompis framf\u00f6r mig p\u00e5 sparkcyklar. Jag b\u00e4r p\u00e5 kassar med \u00e5tervinning och killarna har n\u00e4stan hunnit fram. Pl\u00f6tsligt k\u00f6r en stor sk\u00e5pbil upp p\u00e5 trottoaren framf\u00f6r killarna och b\u00f6rjar backa. Jag sl\u00e4pper kassarna, rusar fram\u00e5t och vr\u00e5lar: Stanna! Du har BARN bakom dig! Han stannar och [&hellip;]\" \/>\n<meta property=\"og:url\" content=\"https:\/\/blogg.svenskakyrkan.se\/harhjartatslutatsla\/jag-kunde-inte-skydda-dig\/\" \/>\n<meta property=\"og:site_name\" content=\"Har hj\u00e4rtat slutat sl\u00e5?\" \/>\n<meta property=\"article:published_time\" content=\"2013-11-04T09:50:07+00:00\" \/>\n<meta property=\"article:modified_time\" content=\"2013-11-04T09:51:48+00:00\" \/>\n<meta name=\"author\" content=\"admin\" \/>\n<meta name=\"twitter:card\" content=\"summary_large_image\" \/>\n<meta name=\"twitter:label1\" content=\"Skriven av\" \/>\n\t<meta name=\"twitter:data1\" content=\"admin\" \/>\n\t<meta name=\"twitter:label2\" content=\"Ber\u00e4knad l\u00e4stid\" \/>\n\t<meta name=\"twitter:data2\" content=\"1 minut\" \/>\n<script type=\"application\/ld+json\" class=\"yoast-schema-graph\">{\"@context\":\"https:\/\/schema.org\",\"@graph\":[{\"@type\":\"Article\",\"@id\":\"https:\/\/blogg.svenskakyrkan.se\/harhjartatslutatsla\/jag-kunde-inte-skydda-dig\/#article\",\"isPartOf\":{\"@id\":\"https:\/\/blogg.svenskakyrkan.se\/harhjartatslutatsla\/jag-kunde-inte-skydda-dig\/\"},\"author\":{\"name\":\"admin\",\"@id\":\"https:\/\/blogg.svenskakyrkan.se\/harhjartatslutatsla\/#\/schema\/person\/d4424e6b5c14e38a71e398f44994f567\"},\"headline\":\"Jag kunde inte skydda dig\",\"datePublished\":\"2013-11-04T09:50:07+00:00\",\"dateModified\":\"2013-11-04T09:51:48+00:00\",\"mainEntityOfPage\":{\"@id\":\"https:\/\/blogg.svenskakyrkan.se\/harhjartatslutatsla\/jag-kunde-inte-skydda-dig\/\"},\"wordCount\":238,\"commentCount\":0,\"keywords\":[\"Barn\",\"beskyddarinstikter\",\"Sissel\",\"skuld\",\"tigerhona\"],\"articleSection\":[\"Tankar om liv och d\u00f6d\"],\"inLanguage\":\"sv-SE\",\"potentialAction\":[{\"@type\":\"CommentAction\",\"name\":\"Comment\",\"target\":[\"https:\/\/blogg.svenskakyrkan.se\/harhjartatslutatsla\/jag-kunde-inte-skydda-dig\/#respond\"]}]},{\"@type\":\"WebPage\",\"@id\":\"https:\/\/blogg.svenskakyrkan.se\/harhjartatslutatsla\/jag-kunde-inte-skydda-dig\/\",\"url\":\"https:\/\/blogg.svenskakyrkan.se\/harhjartatslutatsla\/jag-kunde-inte-skydda-dig\/\",\"name\":\"Jag kunde inte skydda dig - Har hj\u00e4rtat slutat sl\u00e5?\",\"isPartOf\":{\"@id\":\"https:\/\/blogg.svenskakyrkan.se\/harhjartatslutatsla\/#website\"},\"datePublished\":\"2013-11-04T09:50:07+00:00\",\"dateModified\":\"2013-11-04T09:51:48+00:00\",\"author\":{\"@id\":\"https:\/\/blogg.svenskakyrkan.se\/harhjartatslutatsla\/#\/schema\/person\/d4424e6b5c14e38a71e398f44994f567\"},\"breadcrumb\":{\"@id\":\"https:\/\/blogg.svenskakyrkan.se\/harhjartatslutatsla\/jag-kunde-inte-skydda-dig\/#breadcrumb\"},\"inLanguage\":\"sv-SE\",\"potentialAction\":[{\"@type\":\"ReadAction\",\"target\":[\"https:\/\/blogg.svenskakyrkan.se\/harhjartatslutatsla\/jag-kunde-inte-skydda-dig\/\"]}]},{\"@type\":\"BreadcrumbList\",\"@id\":\"https:\/\/blogg.svenskakyrkan.se\/harhjartatslutatsla\/jag-kunde-inte-skydda-dig\/#breadcrumb\",\"itemListElement\":[{\"@type\":\"ListItem\",\"position\":1,\"name\":\"Hem\",\"item\":\"https:\/\/blogg.svenskakyrkan.se\/harhjartatslutatsla\/\"},{\"@type\":\"ListItem\",\"position\":2,\"name\":\"Jag kunde inte skydda dig\"}]},{\"@type\":\"WebSite\",\"@id\":\"https:\/\/blogg.svenskakyrkan.se\/harhjartatslutatsla\/#website\",\"url\":\"https:\/\/blogg.svenskakyrkan.se\/harhjartatslutatsla\/\",\"name\":\"Har hj\u00e4rtat slutat sl\u00e5?\",\"description\":\"En musikber\u00e4ttelse om att f\u00f6rlora barn.\",\"potentialAction\":[{\"@type\":\"SearchAction\",\"target\":{\"@type\":\"EntryPoint\",\"urlTemplate\":\"https:\/\/blogg.svenskakyrkan.se\/harhjartatslutatsla\/?s={search_term_string}\"},\"query-input\":{\"@type\":\"PropertyValueSpecification\",\"valueRequired\":true,\"valueName\":\"search_term_string\"}}],\"inLanguage\":\"sv-SE\"},{\"@type\":\"Person\",\"@id\":\"https:\/\/blogg.svenskakyrkan.se\/harhjartatslutatsla\/#\/schema\/person\/d4424e6b5c14e38a71e398f44994f567\",\"name\":\"admin\",\"image\":{\"@type\":\"ImageObject\",\"inLanguage\":\"sv-SE\",\"@id\":\"https:\/\/blogg.svenskakyrkan.se\/harhjartatslutatsla\/#\/schema\/person\/image\/\",\"url\":\"https:\/\/secure.gravatar.com\/avatar\/3c6e76acab0bbea7ed45bf023e2bf8a2aeeb59b1b8aaafe88a4345a469d8886f?s=96&d=mm&r=g\",\"contentUrl\":\"https:\/\/secure.gravatar.com\/avatar\/3c6e76acab0bbea7ed45bf023e2bf8a2aeeb59b1b8aaafe88a4345a469d8886f?s=96&d=mm&r=g\",\"caption\":\"admin\"},\"url\":\"https:\/\/blogg.svenskakyrkan.se\/harhjartatslutatsla\/author\/harhjartatslutatsla\/\"}]}<\/script>\n<!-- \/ Yoast SEO plugin. -->","yoast_head_json":{"title":"Jag kunde inte skydda dig - Har hj\u00e4rtat slutat sl\u00e5?","robots":{"index":"index","follow":"follow","max-snippet":"max-snippet:-1","max-image-preview":"max-image-preview:large","max-video-preview":"max-video-preview:-1"},"canonical":"https:\/\/blogg.svenskakyrkan.se\/harhjartatslutatsla\/jag-kunde-inte-skydda-dig\/","og_locale":"sv_SE","og_type":"article","og_title":"Jag kunde inte skydda dig - Har hj\u00e4rtat slutat sl\u00e5?","og_description":"Jag g\u00e5r p\u00e5 trottoaren med mitt barn och hans kompis framf\u00f6r mig p\u00e5 sparkcyklar. Jag b\u00e4r p\u00e5 kassar med \u00e5tervinning och killarna har n\u00e4stan hunnit fram. Pl\u00f6tsligt k\u00f6r en stor sk\u00e5pbil upp p\u00e5 trottoaren framf\u00f6r killarna och b\u00f6rjar backa. Jag sl\u00e4pper kassarna, rusar fram\u00e5t och vr\u00e5lar: Stanna! Du har BARN bakom dig! Han stannar och [&hellip;]","og_url":"https:\/\/blogg.svenskakyrkan.se\/harhjartatslutatsla\/jag-kunde-inte-skydda-dig\/","og_site_name":"Har hj\u00e4rtat slutat sl\u00e5?","article_published_time":"2013-11-04T09:50:07+00:00","article_modified_time":"2013-11-04T09:51:48+00:00","author":"admin","twitter_card":"summary_large_image","twitter_misc":{"Skriven av":"admin","Ber\u00e4knad l\u00e4stid":"1 minut"},"schema":{"@context":"https:\/\/schema.org","@graph":[{"@type":"Article","@id":"https:\/\/blogg.svenskakyrkan.se\/harhjartatslutatsla\/jag-kunde-inte-skydda-dig\/#article","isPartOf":{"@id":"https:\/\/blogg.svenskakyrkan.se\/harhjartatslutatsla\/jag-kunde-inte-skydda-dig\/"},"author":{"name":"admin","@id":"https:\/\/blogg.svenskakyrkan.se\/harhjartatslutatsla\/#\/schema\/person\/d4424e6b5c14e38a71e398f44994f567"},"headline":"Jag kunde inte skydda dig","datePublished":"2013-11-04T09:50:07+00:00","dateModified":"2013-11-04T09:51:48+00:00","mainEntityOfPage":{"@id":"https:\/\/blogg.svenskakyrkan.se\/harhjartatslutatsla\/jag-kunde-inte-skydda-dig\/"},"wordCount":238,"commentCount":0,"keywords":["Barn","beskyddarinstikter","Sissel","skuld","tigerhona"],"articleSection":["Tankar om liv och d\u00f6d"],"inLanguage":"sv-SE","potentialAction":[{"@type":"CommentAction","name":"Comment","target":["https:\/\/blogg.svenskakyrkan.se\/harhjartatslutatsla\/jag-kunde-inte-skydda-dig\/#respond"]}]},{"@type":"WebPage","@id":"https:\/\/blogg.svenskakyrkan.se\/harhjartatslutatsla\/jag-kunde-inte-skydda-dig\/","url":"https:\/\/blogg.svenskakyrkan.se\/harhjartatslutatsla\/jag-kunde-inte-skydda-dig\/","name":"Jag kunde inte skydda dig - Har hj\u00e4rtat slutat sl\u00e5?","isPartOf":{"@id":"https:\/\/blogg.svenskakyrkan.se\/harhjartatslutatsla\/#website"},"datePublished":"2013-11-04T09:50:07+00:00","dateModified":"2013-11-04T09:51:48+00:00","author":{"@id":"https:\/\/blogg.svenskakyrkan.se\/harhjartatslutatsla\/#\/schema\/person\/d4424e6b5c14e38a71e398f44994f567"},"breadcrumb":{"@id":"https:\/\/blogg.svenskakyrkan.se\/harhjartatslutatsla\/jag-kunde-inte-skydda-dig\/#breadcrumb"},"inLanguage":"sv-SE","potentialAction":[{"@type":"ReadAction","target":["https:\/\/blogg.svenskakyrkan.se\/harhjartatslutatsla\/jag-kunde-inte-skydda-dig\/"]}]},{"@type":"BreadcrumbList","@id":"https:\/\/blogg.svenskakyrkan.se\/harhjartatslutatsla\/jag-kunde-inte-skydda-dig\/#breadcrumb","itemListElement":[{"@type":"ListItem","position":1,"name":"Hem","item":"https:\/\/blogg.svenskakyrkan.se\/harhjartatslutatsla\/"},{"@type":"ListItem","position":2,"name":"Jag kunde inte skydda dig"}]},{"@type":"WebSite","@id":"https:\/\/blogg.svenskakyrkan.se\/harhjartatslutatsla\/#website","url":"https:\/\/blogg.svenskakyrkan.se\/harhjartatslutatsla\/","name":"Har hj\u00e4rtat slutat sl\u00e5?","description":"En musikber\u00e4ttelse om att f\u00f6rlora barn.","potentialAction":[{"@type":"SearchAction","target":{"@type":"EntryPoint","urlTemplate":"https:\/\/blogg.svenskakyrkan.se\/harhjartatslutatsla\/?s={search_term_string}"},"query-input":{"@type":"PropertyValueSpecification","valueRequired":true,"valueName":"search_term_string"}}],"inLanguage":"sv-SE"},{"@type":"Person","@id":"https:\/\/blogg.svenskakyrkan.se\/harhjartatslutatsla\/#\/schema\/person\/d4424e6b5c14e38a71e398f44994f567","name":"admin","image":{"@type":"ImageObject","inLanguage":"sv-SE","@id":"https:\/\/blogg.svenskakyrkan.se\/harhjartatslutatsla\/#\/schema\/person\/image\/","url":"https:\/\/secure.gravatar.com\/avatar\/3c6e76acab0bbea7ed45bf023e2bf8a2aeeb59b1b8aaafe88a4345a469d8886f?s=96&d=mm&r=g","contentUrl":"https:\/\/secure.gravatar.com\/avatar\/3c6e76acab0bbea7ed45bf023e2bf8a2aeeb59b1b8aaafe88a4345a469d8886f?s=96&d=mm&r=g","caption":"admin"},"url":"https:\/\/blogg.svenskakyrkan.se\/harhjartatslutatsla\/author\/harhjartatslutatsla\/"}]}},"author_meta":{"ID":"281","user_nicename":"harhjartatslutatsla","user_registered":"2013-05-23 11:12:50","display_name":"admin","avatar":"https:\/\/secure.gravatar.com\/avatar\/3c6e76acab0bbea7ed45bf023e2bf8a2aeeb59b1b8aaafe88a4345a469d8886f?s=96&d=mm&r=g"},"featured_image":false,"bloginfo":{"name":"Har hj\u00e4rtat slutat sl\u00e5?","url":"https:\/\/blogg.svenskakyrkan.se\/harhjartatslutatsla"},"_links":{"self":[{"href":"https:\/\/blogg.svenskakyrkan.se\/harhjartatslutatsla\/wp-json\/wp\/v2\/posts\/352","targetHints":{"allow":["GET"]}}],"collection":[{"href":"https:\/\/blogg.svenskakyrkan.se\/harhjartatslutatsla\/wp-json\/wp\/v2\/posts"}],"about":[{"href":"https:\/\/blogg.svenskakyrkan.se\/harhjartatslutatsla\/wp-json\/wp\/v2\/types\/post"}],"author":[{"embeddable":true,"href":"https:\/\/blogg.svenskakyrkan.se\/harhjartatslutatsla\/wp-json\/wp\/v2\/users\/281"}],"replies":[{"embeddable":true,"href":"https:\/\/blogg.svenskakyrkan.se\/harhjartatslutatsla\/wp-json\/wp\/v2\/comments?post=352"}],"version-history":[{"count":3,"href":"https:\/\/blogg.svenskakyrkan.se\/harhjartatslutatsla\/wp-json\/wp\/v2\/posts\/352\/revisions"}],"predecessor-version":[{"id":354,"href":"https:\/\/blogg.svenskakyrkan.se\/harhjartatslutatsla\/wp-json\/wp\/v2\/posts\/352\/revisions\/354"}],"wp:attachment":[{"href":"https:\/\/blogg.svenskakyrkan.se\/harhjartatslutatsla\/wp-json\/wp\/v2\/media?parent=352"}],"wp:term":[{"taxonomy":"category","embeddable":true,"href":"https:\/\/blogg.svenskakyrkan.se\/harhjartatslutatsla\/wp-json\/wp\/v2\/categories?post=352"},{"taxonomy":"post_tag","embeddable":true,"href":"https:\/\/blogg.svenskakyrkan.se\/harhjartatslutatsla\/wp-json\/wp\/v2\/tags?post=352"}],"curies":[{"name":"wp","href":"https:\/\/api.w.org\/{rel}","templated":true}]}}