{"id":370,"date":"2013-11-11T08:15:27","date_gmt":"2013-11-11T07:15:27","guid":{"rendered":"http:\/\/blogg.svenskakyrkan.se\/harhjartatslutatsla\/?p=370"},"modified":"2021-02-09T19:46:50","modified_gmt":"2021-02-09T18:46:50","slug":"hur-manga-barn-har-du","status":"publish","type":"post","link":"https:\/\/blogg.svenskakyrkan.se\/harhjartatslutatsla\/hur-manga-barn-har-du\/","title":{"rendered":"Hur m\u00e5nga barn har du?"},"content":{"rendered":"<p>Man sm\u00e5pratar lite med n\u00e5gon p\u00e5 en fest. Halkar in p\u00e5 barnen. Ber\u00e4ttar n\u00e5got om skolan. Och s\u00e5 kommer fr\u00e5gan, s\u00e5 d\u00e4r i f\u00f6rbifarten: &#8221;Hur m\u00e5nga barn har du?&#8221;<\/p>\n<p>Det fanns en tid n\u00e4r jag b\u00f6rjade stamma och inte visste vad jag skulle svara. S\u00e4ger man tv\u00e5 kan det komma f\u00f6ljdfr\u00e5gor som g\u00f6r att man trasslar in sig och m\u00e5ste ber\u00e4tta. Och det \u00e4r inte alltid l\u00e4ge att ber\u00e4tta att man har ett barn som dog. Den enkla vardagsfr\u00e5gan \u00e4r oftast inte t\u00e4nkt att \u00f6ppna upp ett existentiellt samtal om liv och d\u00f6d. Speciellt inte n\u00e4r man minglar p\u00e5 en glittrig fest.<\/p>\n<p>S\u00e5 numer svarar jag alltid: ett, jag har ett barn. Jag s\u00e4ger det utan att tveka och det \u00e4r inte l\u00e4ngre k\u00e4nsligt. Men hela sanningen \u00e4r det inte. Undrar du hur ofta jag t\u00e4nker p\u00e5 mitt barn som dog? Varje dag.<\/p>\n<p>Det \u00e4r oftast inte sm\u00e4rtsamt. Det \u00e4r mer alldagliga tankar. Jag t\u00e4nker p\u00e5 hur han hade sett ut nu.\u00a0Jag v\u00e4cker lillebror och ser varje g\u00e5ng att han liknar storebror \u00f6ver munnen n\u00e4r han sover. T\u00e4nker p\u00e5 att jag beh\u00f6ver rensa vid graven. S\u00e5nt.<\/p>\n<p>&#8221;Faktiskt mamma till tv\u00e5!&#8221; \u00e4r alias f\u00f6r en annan mamma som f\u00f6rlorat ett barn. N\u00e5gon annan skriver &#8221;Mamma till Vilma, Ingrid och \u00e4ngeln Sara&#8221;. En annan mamma kallar sig f\u00f6r &#8221;Mamma hela tiden&#8221;. Hennes barn lever i allra h\u00f6gsta grad, men flickan bor i bland hos mamma och ibland hos sin pappa. Men mamma \u00e4r man och barn har man. Dygnet runt. Fr\u00e5n det att barnet blir till och in i evigheten.<\/p>\n<p>\/Magdalena<\/p>\n","protected":false},"excerpt":{"rendered":"<p>Man sm\u00e5pratar lite med n\u00e5gon p\u00e5 en fest. Halkar in p\u00e5 barnen. Ber\u00e4ttar n\u00e5got om skolan. Och s\u00e5 kommer fr\u00e5gan, s\u00e5 d\u00e4r i f\u00f6rbifarten: &#8221;Hur m\u00e5nga barn har du?&#8221; Det fanns en tid n\u00e4r jag b\u00f6rjade stamma och inte visste vad jag skulle svara. S\u00e4ger man tv\u00e5 kan det komma f\u00f6ljdfr\u00e5gor som g\u00f6r att man [&hellip;]<\/p>\n","protected":false},"author":281,"featured_media":0,"comment_status":"open","ping_status":"open","sticky":false,"template":"","format":"standard","meta":{"_acf_changed":false,"footnotes":""},"categories":[50176],"tags":[8267,54060,53480,53909],"class_list":["post-370","post","type-post","status-publish","format-standard","hentry","category-tankar-om-liv-och-dod","tag-barn","tag-existentiella-samtal","tag-mamma","tag-mingel"],"acf":[],"yoast_head":"<!-- This site is optimized with the Yoast SEO plugin v27.1.1 - https:\/\/yoast.com\/product\/yoast-seo-wordpress\/ -->\n<title>Hur m\u00e5nga barn har du? - Har hj\u00e4rtat slutat sl\u00e5?<\/title>\n<meta name=\"robots\" content=\"index, follow, max-snippet:-1, max-image-preview:large, max-video-preview:-1\" \/>\n<link rel=\"canonical\" href=\"https:\/\/blogg.svenskakyrkan.se\/harhjartatslutatsla\/hur-manga-barn-har-du\/\" \/>\n<meta property=\"og:locale\" content=\"sv_SE\" \/>\n<meta property=\"og:type\" content=\"article\" \/>\n<meta property=\"og:title\" content=\"Hur m\u00e5nga barn har du? - Har hj\u00e4rtat slutat sl\u00e5?\" \/>\n<meta property=\"og:description\" content=\"Man sm\u00e5pratar lite med n\u00e5gon p\u00e5 en fest. Halkar in p\u00e5 barnen. Ber\u00e4ttar n\u00e5got om skolan. Och s\u00e5 kommer fr\u00e5gan, s\u00e5 d\u00e4r i f\u00f6rbifarten: &#8221;Hur m\u00e5nga barn har du?&#8221; Det fanns en tid n\u00e4r jag b\u00f6rjade stamma och inte visste vad jag skulle svara. S\u00e4ger man tv\u00e5 kan det komma f\u00f6ljdfr\u00e5gor som g\u00f6r att man [&hellip;]\" \/>\n<meta property=\"og:url\" content=\"https:\/\/blogg.svenskakyrkan.se\/harhjartatslutatsla\/hur-manga-barn-har-du\/\" \/>\n<meta property=\"og:site_name\" content=\"Har hj\u00e4rtat slutat sl\u00e5?\" \/>\n<meta property=\"article:published_time\" content=\"2013-11-11T07:15:27+00:00\" \/>\n<meta property=\"article:modified_time\" content=\"2021-02-09T18:46:50+00:00\" \/>\n<meta name=\"author\" content=\"admin\" \/>\n<meta name=\"twitter:card\" content=\"summary_large_image\" \/>\n<meta name=\"twitter:label1\" content=\"Skriven av\" \/>\n\t<meta name=\"twitter:data1\" content=\"admin\" \/>\n\t<meta name=\"twitter:label2\" content=\"Ber\u00e4knad l\u00e4stid\" \/>\n\t<meta name=\"twitter:data2\" content=\"2 minuter\" \/>\n<script type=\"application\/ld+json\" class=\"yoast-schema-graph\">{\"@context\":\"https:\/\/schema.org\",\"@graph\":[{\"@type\":\"Article\",\"@id\":\"https:\/\/blogg.svenskakyrkan.se\/harhjartatslutatsla\/hur-manga-barn-har-du\/#article\",\"isPartOf\":{\"@id\":\"https:\/\/blogg.svenskakyrkan.se\/harhjartatslutatsla\/hur-manga-barn-har-du\/\"},\"author\":{\"name\":\"admin\",\"@id\":\"https:\/\/blogg.svenskakyrkan.se\/harhjartatslutatsla\/#\/schema\/person\/d4424e6b5c14e38a71e398f44994f567\"},\"headline\":\"Hur m\u00e5nga barn har du?\",\"datePublished\":\"2013-11-11T07:15:27+00:00\",\"dateModified\":\"2021-02-09T18:46:50+00:00\",\"mainEntityOfPage\":{\"@id\":\"https:\/\/blogg.svenskakyrkan.se\/harhjartatslutatsla\/hur-manga-barn-har-du\/\"},\"wordCount\":306,\"commentCount\":4,\"keywords\":[\"Barn\",\"existentiella samtal\",\"mamma\",\"mingel\"],\"articleSection\":[\"Tankar om liv och d\u00f6d\"],\"inLanguage\":\"sv-SE\",\"potentialAction\":[{\"@type\":\"CommentAction\",\"name\":\"Comment\",\"target\":[\"https:\/\/blogg.svenskakyrkan.se\/harhjartatslutatsla\/hur-manga-barn-har-du\/#respond\"]}]},{\"@type\":\"WebPage\",\"@id\":\"https:\/\/blogg.svenskakyrkan.se\/harhjartatslutatsla\/hur-manga-barn-har-du\/\",\"url\":\"https:\/\/blogg.svenskakyrkan.se\/harhjartatslutatsla\/hur-manga-barn-har-du\/\",\"name\":\"Hur m\u00e5nga barn har du? - Har hj\u00e4rtat slutat sl\u00e5?\",\"isPartOf\":{\"@id\":\"https:\/\/blogg.svenskakyrkan.se\/harhjartatslutatsla\/#website\"},\"datePublished\":\"2013-11-11T07:15:27+00:00\",\"dateModified\":\"2021-02-09T18:46:50+00:00\",\"author\":{\"@id\":\"https:\/\/blogg.svenskakyrkan.se\/harhjartatslutatsla\/#\/schema\/person\/d4424e6b5c14e38a71e398f44994f567\"},\"breadcrumb\":{\"@id\":\"https:\/\/blogg.svenskakyrkan.se\/harhjartatslutatsla\/hur-manga-barn-har-du\/#breadcrumb\"},\"inLanguage\":\"sv-SE\",\"potentialAction\":[{\"@type\":\"ReadAction\",\"target\":[\"https:\/\/blogg.svenskakyrkan.se\/harhjartatslutatsla\/hur-manga-barn-har-du\/\"]}]},{\"@type\":\"BreadcrumbList\",\"@id\":\"https:\/\/blogg.svenskakyrkan.se\/harhjartatslutatsla\/hur-manga-barn-har-du\/#breadcrumb\",\"itemListElement\":[{\"@type\":\"ListItem\",\"position\":1,\"name\":\"Hem\",\"item\":\"https:\/\/blogg.svenskakyrkan.se\/harhjartatslutatsla\/\"},{\"@type\":\"ListItem\",\"position\":2,\"name\":\"Hur m\u00e5nga barn har du?\"}]},{\"@type\":\"WebSite\",\"@id\":\"https:\/\/blogg.svenskakyrkan.se\/harhjartatslutatsla\/#website\",\"url\":\"https:\/\/blogg.svenskakyrkan.se\/harhjartatslutatsla\/\",\"name\":\"Har hj\u00e4rtat slutat sl\u00e5?\",\"description\":\"En musikber\u00e4ttelse om att f\u00f6rlora barn.\",\"potentialAction\":[{\"@type\":\"SearchAction\",\"target\":{\"@type\":\"EntryPoint\",\"urlTemplate\":\"https:\/\/blogg.svenskakyrkan.se\/harhjartatslutatsla\/?s={search_term_string}\"},\"query-input\":{\"@type\":\"PropertyValueSpecification\",\"valueRequired\":true,\"valueName\":\"search_term_string\"}}],\"inLanguage\":\"sv-SE\"},{\"@type\":\"Person\",\"@id\":\"https:\/\/blogg.svenskakyrkan.se\/harhjartatslutatsla\/#\/schema\/person\/d4424e6b5c14e38a71e398f44994f567\",\"name\":\"admin\",\"image\":{\"@type\":\"ImageObject\",\"inLanguage\":\"sv-SE\",\"@id\":\"https:\/\/blogg.svenskakyrkan.se\/harhjartatslutatsla\/#\/schema\/person\/image\/\",\"url\":\"https:\/\/secure.gravatar.com\/avatar\/3c6e76acab0bbea7ed45bf023e2bf8a2aeeb59b1b8aaafe88a4345a469d8886f?s=96&d=mm&r=g\",\"contentUrl\":\"https:\/\/secure.gravatar.com\/avatar\/3c6e76acab0bbea7ed45bf023e2bf8a2aeeb59b1b8aaafe88a4345a469d8886f?s=96&d=mm&r=g\",\"caption\":\"admin\"},\"url\":\"https:\/\/blogg.svenskakyrkan.se\/harhjartatslutatsla\/author\/harhjartatslutatsla\/\"}]}<\/script>\n<!-- \/ Yoast SEO plugin. -->","yoast_head_json":{"title":"Hur m\u00e5nga barn har du? - Har hj\u00e4rtat slutat sl\u00e5?","robots":{"index":"index","follow":"follow","max-snippet":"max-snippet:-1","max-image-preview":"max-image-preview:large","max-video-preview":"max-video-preview:-1"},"canonical":"https:\/\/blogg.svenskakyrkan.se\/harhjartatslutatsla\/hur-manga-barn-har-du\/","og_locale":"sv_SE","og_type":"article","og_title":"Hur m\u00e5nga barn har du? - Har hj\u00e4rtat slutat sl\u00e5?","og_description":"Man sm\u00e5pratar lite med n\u00e5gon p\u00e5 en fest. Halkar in p\u00e5 barnen. Ber\u00e4ttar n\u00e5got om skolan. Och s\u00e5 kommer fr\u00e5gan, s\u00e5 d\u00e4r i f\u00f6rbifarten: &#8221;Hur m\u00e5nga barn har du?&#8221; Det fanns en tid n\u00e4r jag b\u00f6rjade stamma och inte visste vad jag skulle svara. S\u00e4ger man tv\u00e5 kan det komma f\u00f6ljdfr\u00e5gor som g\u00f6r att man [&hellip;]","og_url":"https:\/\/blogg.svenskakyrkan.se\/harhjartatslutatsla\/hur-manga-barn-har-du\/","og_site_name":"Har hj\u00e4rtat slutat sl\u00e5?","article_published_time":"2013-11-11T07:15:27+00:00","article_modified_time":"2021-02-09T18:46:50+00:00","author":"admin","twitter_card":"summary_large_image","twitter_misc":{"Skriven av":"admin","Ber\u00e4knad l\u00e4stid":"2 minuter"},"schema":{"@context":"https:\/\/schema.org","@graph":[{"@type":"Article","@id":"https:\/\/blogg.svenskakyrkan.se\/harhjartatslutatsla\/hur-manga-barn-har-du\/#article","isPartOf":{"@id":"https:\/\/blogg.svenskakyrkan.se\/harhjartatslutatsla\/hur-manga-barn-har-du\/"},"author":{"name":"admin","@id":"https:\/\/blogg.svenskakyrkan.se\/harhjartatslutatsla\/#\/schema\/person\/d4424e6b5c14e38a71e398f44994f567"},"headline":"Hur m\u00e5nga barn har du?","datePublished":"2013-11-11T07:15:27+00:00","dateModified":"2021-02-09T18:46:50+00:00","mainEntityOfPage":{"@id":"https:\/\/blogg.svenskakyrkan.se\/harhjartatslutatsla\/hur-manga-barn-har-du\/"},"wordCount":306,"commentCount":4,"keywords":["Barn","existentiella samtal","mamma","mingel"],"articleSection":["Tankar om liv och d\u00f6d"],"inLanguage":"sv-SE","potentialAction":[{"@type":"CommentAction","name":"Comment","target":["https:\/\/blogg.svenskakyrkan.se\/harhjartatslutatsla\/hur-manga-barn-har-du\/#respond"]}]},{"@type":"WebPage","@id":"https:\/\/blogg.svenskakyrkan.se\/harhjartatslutatsla\/hur-manga-barn-har-du\/","url":"https:\/\/blogg.svenskakyrkan.se\/harhjartatslutatsla\/hur-manga-barn-har-du\/","name":"Hur m\u00e5nga barn har du? - Har hj\u00e4rtat slutat sl\u00e5?","isPartOf":{"@id":"https:\/\/blogg.svenskakyrkan.se\/harhjartatslutatsla\/#website"},"datePublished":"2013-11-11T07:15:27+00:00","dateModified":"2021-02-09T18:46:50+00:00","author":{"@id":"https:\/\/blogg.svenskakyrkan.se\/harhjartatslutatsla\/#\/schema\/person\/d4424e6b5c14e38a71e398f44994f567"},"breadcrumb":{"@id":"https:\/\/blogg.svenskakyrkan.se\/harhjartatslutatsla\/hur-manga-barn-har-du\/#breadcrumb"},"inLanguage":"sv-SE","potentialAction":[{"@type":"ReadAction","target":["https:\/\/blogg.svenskakyrkan.se\/harhjartatslutatsla\/hur-manga-barn-har-du\/"]}]},{"@type":"BreadcrumbList","@id":"https:\/\/blogg.svenskakyrkan.se\/harhjartatslutatsla\/hur-manga-barn-har-du\/#breadcrumb","itemListElement":[{"@type":"ListItem","position":1,"name":"Hem","item":"https:\/\/blogg.svenskakyrkan.se\/harhjartatslutatsla\/"},{"@type":"ListItem","position":2,"name":"Hur m\u00e5nga barn har du?"}]},{"@type":"WebSite","@id":"https:\/\/blogg.svenskakyrkan.se\/harhjartatslutatsla\/#website","url":"https:\/\/blogg.svenskakyrkan.se\/harhjartatslutatsla\/","name":"Har hj\u00e4rtat slutat sl\u00e5?","description":"En musikber\u00e4ttelse om att f\u00f6rlora barn.","potentialAction":[{"@type":"SearchAction","target":{"@type":"EntryPoint","urlTemplate":"https:\/\/blogg.svenskakyrkan.se\/harhjartatslutatsla\/?s={search_term_string}"},"query-input":{"@type":"PropertyValueSpecification","valueRequired":true,"valueName":"search_term_string"}}],"inLanguage":"sv-SE"},{"@type":"Person","@id":"https:\/\/blogg.svenskakyrkan.se\/harhjartatslutatsla\/#\/schema\/person\/d4424e6b5c14e38a71e398f44994f567","name":"admin","image":{"@type":"ImageObject","inLanguage":"sv-SE","@id":"https:\/\/blogg.svenskakyrkan.se\/harhjartatslutatsla\/#\/schema\/person\/image\/","url":"https:\/\/secure.gravatar.com\/avatar\/3c6e76acab0bbea7ed45bf023e2bf8a2aeeb59b1b8aaafe88a4345a469d8886f?s=96&d=mm&r=g","contentUrl":"https:\/\/secure.gravatar.com\/avatar\/3c6e76acab0bbea7ed45bf023e2bf8a2aeeb59b1b8aaafe88a4345a469d8886f?s=96&d=mm&r=g","caption":"admin"},"url":"https:\/\/blogg.svenskakyrkan.se\/harhjartatslutatsla\/author\/harhjartatslutatsla\/"}]}},"author_meta":{"ID":"281","user_nicename":"harhjartatslutatsla","user_registered":"2013-05-23 11:12:50","display_name":"admin","avatar":"https:\/\/secure.gravatar.com\/avatar\/3c6e76acab0bbea7ed45bf023e2bf8a2aeeb59b1b8aaafe88a4345a469d8886f?s=96&d=mm&r=g"},"featured_image":false,"bloginfo":{"name":"Har hj\u00e4rtat slutat sl\u00e5?","url":"https:\/\/blogg.svenskakyrkan.se\/harhjartatslutatsla"},"_links":{"self":[{"href":"https:\/\/blogg.svenskakyrkan.se\/harhjartatslutatsla\/wp-json\/wp\/v2\/posts\/370","targetHints":{"allow":["GET"]}}],"collection":[{"href":"https:\/\/blogg.svenskakyrkan.se\/harhjartatslutatsla\/wp-json\/wp\/v2\/posts"}],"about":[{"href":"https:\/\/blogg.svenskakyrkan.se\/harhjartatslutatsla\/wp-json\/wp\/v2\/types\/post"}],"author":[{"embeddable":true,"href":"https:\/\/blogg.svenskakyrkan.se\/harhjartatslutatsla\/wp-json\/wp\/v2\/users\/281"}],"replies":[{"embeddable":true,"href":"https:\/\/blogg.svenskakyrkan.se\/harhjartatslutatsla\/wp-json\/wp\/v2\/comments?post=370"}],"version-history":[{"count":8,"href":"https:\/\/blogg.svenskakyrkan.se\/harhjartatslutatsla\/wp-json\/wp\/v2\/posts\/370\/revisions"}],"predecessor-version":[{"id":585,"href":"https:\/\/blogg.svenskakyrkan.se\/harhjartatslutatsla\/wp-json\/wp\/v2\/posts\/370\/revisions\/585"}],"wp:attachment":[{"href":"https:\/\/blogg.svenskakyrkan.se\/harhjartatslutatsla\/wp-json\/wp\/v2\/media?parent=370"}],"wp:term":[{"taxonomy":"category","embeddable":true,"href":"https:\/\/blogg.svenskakyrkan.se\/harhjartatslutatsla\/wp-json\/wp\/v2\/categories?post=370"},{"taxonomy":"post_tag","embeddable":true,"href":"https:\/\/blogg.svenskakyrkan.se\/harhjartatslutatsla\/wp-json\/wp\/v2\/tags?post=370"}],"curies":[{"name":"wp","href":"https:\/\/api.w.org\/{rel}","templated":true}]}}